{"id":9478,"date":"2019-05-14T11:06:13","date_gmt":"2019-05-14T11:06:13","guid":{"rendered":"http:\/\/teamsters.ca\/?p=9478"},"modified":"2019-07-31T10:42:50","modified_gmt":"2019-07-31T14:42:50","slug":"des-solution-pour-regler-les-problemes-dans-les-chsld-et-les-residences-privees-pour-aines","status":"publish","type":"post","link":"https:\/\/teamsters.ca\/fr\/blog\/2019\/05\/14\/des-solution-pour-regler-les-problemes-dans-les-chsld-et-les-residences-privees-pour-aines\/","title":{"rendered":"Des solutions pour r\u00e9gler les probl\u00e8mes dans les CHSLD et les r\u00e9sidences priv\u00e9es pour a\u00een\u00e9s"},"content":{"rendered":"<p>Qu\u00e9bec, 14 mai 2019 \u2014 L\u2019adoption d\u2019un d\u00e9cret est devenue incontournable dans les CHSLD et les r\u00e9sidences priv\u00e9es pour a\u00een\u00e9s. C\u2019est la conclusion \u00e0 laquelle en est venu le syndicat des Teamsters qui b\u00e9n\u00e9ficie de l\u2019appui des porte-parole en mati\u00e8re d\u2019a\u00een\u00e9s et de proches aidants de Qu\u00e9bec solidaire et du Parti qu\u00e9b\u00e9cois, Catherine Dorion et Harold Lebel.<\/p>\n<p>Un d\u00e9cret permettrait d\u2019assurer les m\u00eames conditions de travail aux salari\u00e9s-\u00e9es des secteurs public et priv\u00e9 et garantirait une saine concurrence entre les entreprises qui sont propri\u00e9taires des \u00e9tablissements d\u2019h\u00e9bergement et de soins pour personnes \u00e2g\u00e9es. De plus, une telle mesure gouvernementale contribuerait \u00e0 limiter le manque de main-d\u2019\u0153uvre dans cette industrie puisqu\u2019elle instaurerait une \u00e9quit\u00e9 salariale pour l\u2019ensemble des travailleuses et des travailleurs sur le territoire.<\/p>\n<p>De plus, la mise en place d\u2019un ratio travailleurs\/r\u00e9sidents plus raisonnable permettrait de garantir des services de qualit\u00e9 aux a\u00een\u00e9s.<\/p>\n<blockquote><p>\u00ab Nous sommes heureux que les partis d\u2019opposition appuient notre initiative, se r\u00e9jouit le pr\u00e9sident de la Section locale 106 des Teamsters, Jean Chartrand. J\u2019ai personnellement pu observer le d\u00e9vouement des travailleurs et des travailleuses de ce secteur d\u2019activit\u00e9 dans les derni\u00e8res ann\u00e9es de vie de mon p\u00e8re. Je peux vous certifier qu\u2019ils et elles m\u00e9ritent plus et mieux, justement pour assurer des services de qualit\u00e9 aux a\u00een\u00e9s. \u00bb<\/p><\/blockquote>\n<p><strong>Disparit\u00e9s salariales<\/strong><\/p>\n<p>Par exemple, m\u00eame s\u2019ils font exactement le m\u00eame travail, les pr\u00e9pos\u00e9s-es aux b\u00e9n\u00e9ficiaires dans le secteur priv\u00e9 sont pay\u00e9s jusqu\u2019\u00e0 5 $ de l\u2019heure de moins que ceux qui sont dans le public. Cela contribue \u00e0 rendre le secteur priv\u00e9 moins attrayant et favorise une p\u00e9nurie de main-d\u2019oeuvre.<\/p>\n<p>Il va sans dire que le manque de personnel fait en sorte qu\u2019il y a moins de paires de bras pour nourrir, soigner, ou laver les a\u00een\u00e9s. Parce que les travailleurs-euses ne sont pas assez nombreux et ne suffisent pas \u00e0 la demande, les personnes \u00e2g\u00e9es ne peuvent donc pas b\u00e9n\u00e9ficier de tous les soins auxquels ils auraient droit.<\/p>\n<blockquote><p>\u00ab Les conditions difficiles du personnel soignant refl\u00e8tent toute l\u2019absurdit\u00e9 d\u2019un monde o\u00f9 l\u2019on n\u2019ose plus demander leur juste part aux grandes entreprises et aux ultra-riches, et o\u00f9 \u00e0 la place, on ne cesse de pousser les travailleuses et les travailleurs dans le dos pour \u00e9conomiser des bouts de chandelles. On rend malades ceux et celles qui prennent soin de nous. C\u2019est une violence institutionnelle qui saute aux yeux. Il est temps qu\u2019on la nomme comme telle et qu\u2019on la combatte \u00bb, a d\u00e9clar\u00e9 la d\u00e9put\u00e9e de Taschereau et responsable pour Qu\u00e9bec solidaire en mati\u00e8re de solidarit\u00e9 interg\u00e9n\u00e9rationnelle, Catherine Dorion.<\/p>\n<p>\u00ab Dans le contexte actuel d\u2019une population vieillissante, les pr\u00e9pos\u00e9s aux b\u00e9n\u00e9ficiaires deviennent des acteurs vitaux du bien-\u00eatre de nos a\u00een\u00e9s, a ajout\u00e9 Harold Lebel, d\u00e9put\u00e9 de Rimouski du Parti qu\u00e9b\u00e9cois. Il faut qu\u2019on adapte les conditions de travail de ces personnes qui se donnent corps et \u00e2me pour la profession, surtout dans un moment o\u00f9 le nombre de pr\u00e9pos\u00e9s est appel\u00e9 \u00e0 grandir. Il en va du fonctionnement de notre soci\u00e9t\u00e9, de la qualit\u00e9 de vie de nos a\u00een\u00e9s et de l\u2019efficacit\u00e9 de notre syst\u00e8me de sant\u00e9. Ce n\u2019est pas que les pr\u00e9pos\u00e9s qui profiteront de meilleures conditions de travail, mais bien l\u2019ensemble de la soci\u00e9t\u00e9.\u00bb<\/p><\/blockquote>\n<p><strong>En tourn\u00e9e aupr\u00e8s des \u00e9lus<\/strong><\/p>\n<p>Au cours des derniers mois, les Teamsters ont men\u00e9 une tourn\u00e9e aupr\u00e8s des \u00e9lus provinciaux afin de faire conna\u00eetre leurs positions sur ces enjeux. Chantal Cardinal, Denis Ouellette et Yanick Chartrand, permanents syndicaux de la Section locale 106, ont particip\u00e9 \u00e0 cette tourn\u00e9e qui les m\u00e8ne aujourd\u2019hui \u00e0 l\u2019Assembl\u00e9e nationale du Qu\u00e9bec. Ils seront accompagn\u00e9s de membres qui oeuvrent dans les \u00e9tablissements d\u2019h\u00e9bergement priv\u00e9s pour a\u00een\u00e9s.<\/p>\n<p>Puisque les d\u00e9put\u00e9s Catherine Dorion et Harold Lebel ont accept\u00e9 de soutenir les revendications des Teamsters, une conf\u00e9rence de presse a eu lieu ce matin \u00e0 l\u2019Assembl\u00e9e nationale devant les journalistes de la tribune parlementaire. Le but \u00e9tant de lancer un message clair \u00e0 la ministre responsable des A\u00een\u00e9s et des Proches aidants, Marguerite Blais : le temps des discussions, des commissions parlementaires et des op\u00e9rations de relations publiques dans les \u00e9tablissements pour a\u00een\u00e9s est termin\u00e9.<\/p>\n<p><span style=\"color: #ff0000;\"><strong>Le gouvernement doit passer \u00e0 l\u2019action d\u00e8s maintenant.<\/strong><\/span><\/p>\n<p><em>Le syndicat des Teamsters repr\u00e9sente les int\u00e9r\u00eats de plus de 1000 travailleurs-euses dans les CHSLD et les r\u00e9sidences priv\u00e9es pour a\u00een\u00e9s. Teamsters Canada et ses 125 000 membres sont affili\u00e9s \u00e0 la Fraternit\u00e9 internationale des Teamsters, dont l\u2019effectif syndical est de 1,4 million de membres en Am\u00e9rique du Nord.<\/em><\/p>\n<p style=\"text-align: center;\">-30-<\/p>\n<p><strong>Renseignements :<\/strong><br \/>\nSt\u00e9phane Lacroix, directeur des Communications et des Affaires publiques (Qu\u00e9bec)<br \/>\nPortable : 514 609-5101<br \/>\n<a href=\"mailto:slacroix@teamsters.ca\" target=\"_blank\" rel=\"noopener noreferrer\">slacroix@teamsters.ca<\/a><\/p>\n","protected":false},"excerpt":{"rendered":"<p>L\u2019adoption d\u2019un d\u00e9cret est devenue incontournable dans les CHSLD et les r\u00e9sidences priv\u00e9es pour a\u00een\u00e9s. C\u2019est la conclusion \u00e0 laquelle en est venu le syndicat des Teamsters qui b\u00e9n\u00e9ficie de l\u2019appui des porte-parole en mati\u00e8re d\u2019a\u00een\u00e9s et de proches aidants de Qu\u00e9bec solidaire et du Parti qu\u00e9b\u00e9cois, Catherine Dorion et Harold Lebel.<\/p>\n","protected":false},"author":8,"featured_media":9480,"comment_status":"closed","ping_status":"closed","sticky":false,"template":"","format":"standard","meta":{"ngg_post_thumbnail":0,"mc4wp_mailchimp_campaign":[],"footnotes":""},"categories":[1140,1402,1114,1145,1137],"tags":[393,662,401,664,405,953,665,737,490,666,528,667,286,568,668,656,588,954],"class_list":{"0":"post-9478","1":"post","2":"type-post","3":"status-publish","4":"format-standard","5":"has-post-thumbnail","7":"category-canada-region-fr","8":"category-lobbyisme","9":"category-nouvelles","10":"category-quebec-fr","11":"category-region-fr","12":"tag-caregivers","13":"tag-catherine-dorion","14":"tag-chantal-cardinal","15":"tag-chsld","16":"tag-chslds","17":"tag-denis-ouellette","18":"tag-harold-lebel","19":"tag-jean-chartrand","20":"tag-local-union-106","21":"tag-marguerite-blais","22":"tag-national-assembly","23":"tag-parti-quebecois","24":"tag-personnes-agees","25":"tag-private-retirement-homes","26":"tag-quebec-solidaire","27":"tag-section-locale-106","28":"tag-seniors","29":"tag-yanick-chartrand"},"yoast_head":"<!-- This site is optimized with the Yoast SEO Premium plugin v25.5 (Yoast SEO v25.5) - https:\/\/yoast.com\/wordpress\/plugins\/seo\/ -->\n<title>Des solutions pour r\u00e9gler les probl\u00e8mes dans les CHSLD et les r\u00e9sidences priv\u00e9es pour a\u00een\u00e9s | Teamsters Canada<\/title>\n<meta name=\"robots\" content=\"index, follow, max-snippet:-1, max-image-preview:large, max-video-preview:-1\" \/>\n<link rel=\"canonical\" href=\"https:\/\/teamsters.ca\/fr\/blog\/2019\/05\/14\/des-solution-pour-regler-les-problemes-dans-les-chsld-et-les-residences-privees-pour-aines\/\" \/>\n<meta property=\"og:locale\" content=\"fr_CA\" \/>\n<meta property=\"og:type\" content=\"article\" \/>\n<meta property=\"og:title\" content=\"Des solutions pour r\u00e9gler les probl\u00e8mes dans les CHSLD et les r\u00e9sidences priv\u00e9es pour a\u00een\u00e9s\" \/>\n<meta property=\"og:description\" content=\"L\u2019adoption d\u2019un d\u00e9cret est devenue incontournable dans les CHSLD et les r\u00e9sidences priv\u00e9es pour a\u00een\u00e9s. C\u2019est la conclusion \u00e0 laquelle en est venu le syndicat des Teamsters qui b\u00e9n\u00e9ficie de l\u2019appui des porte-parole en mati\u00e8re d\u2019a\u00een\u00e9s et de proches aidants de Qu\u00e9bec solidaire et du Parti qu\u00e9b\u00e9cois, Catherine Dorion et Harold Lebel.\" \/>\n<meta property=\"og:url\" content=\"https:\/\/teamsters.ca\/fr\/blog\/2019\/05\/14\/des-solution-pour-regler-les-problemes-dans-les-chsld-et-les-residences-privees-pour-aines\/\" \/>\n<meta property=\"og:site_name\" content=\"Teamsters Canada\" \/>\n<meta property=\"article:publisher\" content=\"https:\/\/www.facebook.com\/Teamsterscanada\/\" \/>\n<meta property=\"article:published_time\" content=\"2019-05-14T11:06:13+00:00\" \/>\n<meta property=\"article:modified_time\" content=\"2019-07-31T14:42:50+00:00\" \/>\n<meta property=\"og:image\" content=\"https:\/\/teamsters.ca\/wp-content\/uploads\/2019\/05\/residence1111.jpg\" \/>\n\t<meta property=\"og:image:width\" content=\"1166\" \/>\n\t<meta property=\"og:image:height\" content=\"768\" \/>\n\t<meta property=\"og:image:type\" content=\"image\/jpeg\" \/>\n<meta name=\"author\" content=\"St\u00e9phanie Meunier\" \/>\n<meta name=\"twitter:card\" content=\"summary_large_image\" \/>\n<meta name=\"twitter:creator\" content=\"@TeamstersCanada\" \/>\n<meta name=\"twitter:site\" content=\"@TeamstersCanada\" \/>\n<meta name=\"twitter:label1\" content=\"\u00c9crit par\" \/>\n\t<meta name=\"twitter:data1\" content=\"St\u00e9phanie Meunier\" \/>\n\t<meta name=\"twitter:label2\" content=\"Estimation du temps de lecture\" \/>\n\t<meta name=\"twitter:data2\" content=\"4 minutes\" \/>\n<script type=\"application\/ld+json\" class=\"yoast-schema-graph\">{\"@context\":\"https:\/\/schema.org\",\"@graph\":[{\"@type\":\"Article\",\"@id\":\"https:\/\/teamsters.ca\/fr\/blog\/2019\/05\/14\/des-solution-pour-regler-les-problemes-dans-les-chsld-et-les-residences-privees-pour-aines\/#article\",\"isPartOf\":{\"@id\":\"https:\/\/teamsters.ca\/fr\/blog\/2019\/05\/14\/des-solution-pour-regler-les-problemes-dans-les-chsld-et-les-residences-privees-pour-aines\/\"},\"author\":{\"name\":\"St\u00e9phanie Meunier\",\"@id\":\"https:\/\/teamsters.ca\/fr\/#\/schema\/person\/3e6ffefc39fe2f212400b7d8d0a4a0c1\"},\"headline\":\"Des solutions pour r\u00e9gler les probl\u00e8mes dans les CHSLD et les r\u00e9sidences priv\u00e9es pour a\u00een\u00e9s\",\"datePublished\":\"2019-05-14T11:06:13+00:00\",\"dateModified\":\"2019-07-31T14:42:50+00:00\",\"mainEntityOfPage\":{\"@id\":\"https:\/\/teamsters.ca\/fr\/blog\/2019\/05\/14\/des-solution-pour-regler-les-problemes-dans-les-chsld-et-les-residences-privees-pour-aines\/\"},\"wordCount\":890,\"publisher\":{\"@id\":\"https:\/\/teamsters.ca\/fr\/#organization\"},\"image\":{\"@id\":\"https:\/\/teamsters.ca\/fr\/blog\/2019\/05\/14\/des-solution-pour-regler-les-problemes-dans-les-chsld-et-les-residences-privees-pour-aines\/#primaryimage\"},\"thumbnailUrl\":\"https:\/\/teamsters.ca\/wp-content\/uploads\/2019\/05\/residence1111.jpg\",\"keywords\":[\"caregivers\",\"Catherine Dorion\",\"Chantal Cardinal\",\"CHSLD\",\"CHSLDs\",\"Denis Ouellette\",\"Harold Lebel\",\"Jean Chartrand\",\"Local Union 106\",\"Marguerite Blais\",\"National Assembly\",\"Parti qu\u00e9b\u00e9cois\",\"Personnes \u00e2g\u00e9es\",\"private retirement homes\",\"Qu\u00e9bec solidaire\",\"Section locale 106\",\"seniors\",\"Yanick Chartrand\"],\"articleSection\":[\"Canada\",\"Lobbyisme\",\"Nouvelles\",\"Qu\u00e9bec\",\"R\u00e9gion\"],\"inLanguage\":\"fr-CA\"},{\"@type\":\"WebPage\",\"@id\":\"https:\/\/teamsters.ca\/fr\/blog\/2019\/05\/14\/des-solution-pour-regler-les-problemes-dans-les-chsld-et-les-residences-privees-pour-aines\/\",\"url\":\"https:\/\/teamsters.ca\/fr\/blog\/2019\/05\/14\/des-solution-pour-regler-les-problemes-dans-les-chsld-et-les-residences-privees-pour-aines\/\",\"name\":\"Des solutions pour r\u00e9gler les probl\u00e8mes dans les CHSLD et les r\u00e9sidences priv\u00e9es pour a\u00een\u00e9s | Teamsters Canada\",\"isPartOf\":{\"@id\":\"https:\/\/teamsters.ca\/fr\/#website\"},\"primaryImageOfPage\":{\"@id\":\"https:\/\/teamsters.ca\/fr\/blog\/2019\/05\/14\/des-solution-pour-regler-les-problemes-dans-les-chsld-et-les-residences-privees-pour-aines\/#primaryimage\"},\"image\":{\"@id\":\"https:\/\/teamsters.ca\/fr\/blog\/2019\/05\/14\/des-solution-pour-regler-les-problemes-dans-les-chsld-et-les-residences-privees-pour-aines\/#primaryimage\"},\"thumbnailUrl\":\"https:\/\/teamsters.ca\/wp-content\/uploads\/2019\/05\/residence1111.jpg\",\"datePublished\":\"2019-05-14T11:06:13+00:00\",\"dateModified\":\"2019-07-31T14:42:50+00:00\",\"breadcrumb\":{\"@id\":\"https:\/\/teamsters.ca\/fr\/blog\/2019\/05\/14\/des-solution-pour-regler-les-problemes-dans-les-chsld-et-les-residences-privees-pour-aines\/#breadcrumb\"},\"inLanguage\":\"fr-CA\",\"potentialAction\":[{\"@type\":\"ReadAction\",\"target\":[\"https:\/\/teamsters.ca\/fr\/blog\/2019\/05\/14\/des-solution-pour-regler-les-problemes-dans-les-chsld-et-les-residences-privees-pour-aines\/\"]}]},{\"@type\":\"ImageObject\",\"inLanguage\":\"fr-CA\",\"@id\":\"https:\/\/teamsters.ca\/fr\/blog\/2019\/05\/14\/des-solution-pour-regler-les-problemes-dans-les-chsld-et-les-residences-privees-pour-aines\/#primaryimage\",\"url\":\"https:\/\/teamsters.ca\/wp-content\/uploads\/2019\/05\/residence1111.jpg\",\"contentUrl\":\"https:\/\/teamsters.ca\/wp-content\/uploads\/2019\/05\/residence1111.jpg\",\"width\":1166,\"height\":768},{\"@type\":\"BreadcrumbList\",\"@id\":\"https:\/\/teamsters.ca\/fr\/blog\/2019\/05\/14\/des-solution-pour-regler-les-problemes-dans-les-chsld-et-les-residences-privees-pour-aines\/#breadcrumb\",\"itemListElement\":[{\"@type\":\"ListItem\",\"position\":1,\"name\":\"Home\",\"item\":\"https:\/\/teamsters.ca\/fr\/\"},{\"@type\":\"ListItem\",\"position\":2,\"name\":\"Des solutions pour r\u00e9gler les probl\u00e8mes dans les CHSLD et les r\u00e9sidences priv\u00e9es pour a\u00een\u00e9s\"}]},{\"@type\":\"WebSite\",\"@id\":\"https:\/\/teamsters.ca\/fr\/#website\",\"url\":\"https:\/\/teamsters.ca\/fr\/\",\"name\":\"Teamsters Canada\",\"description\":\"A Canadian union representing over 125 000 members\",\"publisher\":{\"@id\":\"https:\/\/teamsters.ca\/fr\/#organization\"},\"potentialAction\":[{\"@type\":\"SearchAction\",\"target\":{\"@type\":\"EntryPoint\",\"urlTemplate\":\"https:\/\/teamsters.ca\/fr\/?s={search_term_string}\"},\"query-input\":{\"@type\":\"PropertyValueSpecification\",\"valueRequired\":true,\"valueName\":\"search_term_string\"}}],\"inLanguage\":\"fr-CA\"},{\"@type\":\"Organization\",\"@id\":\"https:\/\/teamsters.ca\/fr\/#organization\",\"name\":\"Teamsters Canada\",\"url\":\"https:\/\/teamsters.ca\/fr\/\",\"logo\":{\"@type\":\"ImageObject\",\"inLanguage\":\"fr-CA\",\"@id\":\"https:\/\/teamsters.ca\/fr\/#\/schema\/logo\/image\/\",\"url\":\"https:\/\/teamsters.ca\/wp-content\/uploads\/2019\/08\/TeamstersCanada.png\",\"contentUrl\":\"https:\/\/teamsters.ca\/wp-content\/uploads\/2019\/08\/TeamstersCanada.png\",\"width\":545,\"height\":181,\"caption\":\"Teamsters Canada\"},\"image\":{\"@id\":\"https:\/\/teamsters.ca\/fr\/#\/schema\/logo\/image\/\"},\"sameAs\":[\"https:\/\/www.facebook.com\/Teamsterscanada\/\",\"https:\/\/x.com\/TeamstersCanada\"]},{\"@type\":\"Person\",\"@id\":\"https:\/\/teamsters.ca\/fr\/#\/schema\/person\/3e6ffefc39fe2f212400b7d8d0a4a0c1\",\"name\":\"St\u00e9phanie Meunier\",\"image\":{\"@type\":\"ImageObject\",\"inLanguage\":\"fr-CA\",\"@id\":\"https:\/\/teamsters.ca\/fr\/#\/schema\/person\/image\/\",\"url\":\"https:\/\/secure.gravatar.com\/avatar\/e4e8404e91ed71cb473fa2708849669810cf083c89825a3d2dd0d47dd6b2be77?s=96&d=mm&r=g\",\"contentUrl\":\"https:\/\/secure.gravatar.com\/avatar\/e4e8404e91ed71cb473fa2708849669810cf083c89825a3d2dd0d47dd6b2be77?s=96&d=mm&r=g\",\"caption\":\"St\u00e9phanie Meunier\"},\"url\":\"https:\/\/teamsters.ca\/fr\/blog\/author\/smeunier\/\"}]}<\/script>\n<!-- \/ Yoast SEO Premium plugin. -->","yoast_head_json":{"title":"Des solutions pour r\u00e9gler les probl\u00e8mes dans les CHSLD et les r\u00e9sidences priv\u00e9es pour a\u00een\u00e9s | Teamsters Canada","robots":{"index":"index","follow":"follow","max-snippet":"max-snippet:-1","max-image-preview":"max-image-preview:large","max-video-preview":"max-video-preview:-1"},"canonical":"https:\/\/teamsters.ca\/fr\/blog\/2019\/05\/14\/des-solution-pour-regler-les-problemes-dans-les-chsld-et-les-residences-privees-pour-aines\/","og_locale":"fr_CA","og_type":"article","og_title":"Des solutions pour r\u00e9gler les probl\u00e8mes dans les CHSLD et les r\u00e9sidences priv\u00e9es pour a\u00een\u00e9s","og_description":"L\u2019adoption d\u2019un d\u00e9cret est devenue incontournable dans les CHSLD et les r\u00e9sidences priv\u00e9es pour a\u00een\u00e9s. C\u2019est la conclusion \u00e0 laquelle en est venu le syndicat des Teamsters qui b\u00e9n\u00e9ficie de l\u2019appui des porte-parole en mati\u00e8re d\u2019a\u00een\u00e9s et de proches aidants de Qu\u00e9bec solidaire et du Parti qu\u00e9b\u00e9cois, Catherine Dorion et Harold Lebel.","og_url":"https:\/\/teamsters.ca\/fr\/blog\/2019\/05\/14\/des-solution-pour-regler-les-problemes-dans-les-chsld-et-les-residences-privees-pour-aines\/","og_site_name":"Teamsters Canada","article_publisher":"https:\/\/www.facebook.com\/Teamsterscanada\/","article_published_time":"2019-05-14T11:06:13+00:00","article_modified_time":"2019-07-31T14:42:50+00:00","og_image":[{"width":1166,"height":768,"url":"https:\/\/teamsters.ca\/wp-content\/uploads\/2019\/05\/residence1111.jpg","type":"image\/jpeg"}],"author":"St\u00e9phanie Meunier","twitter_card":"summary_large_image","twitter_creator":"@TeamstersCanada","twitter_site":"@TeamstersCanada","twitter_misc":{"\u00c9crit par":"St\u00e9phanie Meunier","Estimation du temps de lecture":"4 minutes"},"schema":{"@context":"https:\/\/schema.org","@graph":[{"@type":"Article","@id":"https:\/\/teamsters.ca\/fr\/blog\/2019\/05\/14\/des-solution-pour-regler-les-problemes-dans-les-chsld-et-les-residences-privees-pour-aines\/#article","isPartOf":{"@id":"https:\/\/teamsters.ca\/fr\/blog\/2019\/05\/14\/des-solution-pour-regler-les-problemes-dans-les-chsld-et-les-residences-privees-pour-aines\/"},"author":{"name":"St\u00e9phanie Meunier","@id":"https:\/\/teamsters.ca\/fr\/#\/schema\/person\/3e6ffefc39fe2f212400b7d8d0a4a0c1"},"headline":"Des solutions pour r\u00e9gler les probl\u00e8mes dans les CHSLD et les r\u00e9sidences priv\u00e9es pour a\u00een\u00e9s","datePublished":"2019-05-14T11:06:13+00:00","dateModified":"2019-07-31T14:42:50+00:00","mainEntityOfPage":{"@id":"https:\/\/teamsters.ca\/fr\/blog\/2019\/05\/14\/des-solution-pour-regler-les-problemes-dans-les-chsld-et-les-residences-privees-pour-aines\/"},"wordCount":890,"publisher":{"@id":"https:\/\/teamsters.ca\/fr\/#organization"},"image":{"@id":"https:\/\/teamsters.ca\/fr\/blog\/2019\/05\/14\/des-solution-pour-regler-les-problemes-dans-les-chsld-et-les-residences-privees-pour-aines\/#primaryimage"},"thumbnailUrl":"https:\/\/teamsters.ca\/wp-content\/uploads\/2019\/05\/residence1111.jpg","keywords":["caregivers","Catherine Dorion","Chantal Cardinal","CHSLD","CHSLDs","Denis Ouellette","Harold Lebel","Jean Chartrand","Local Union 106","Marguerite Blais","National Assembly","Parti qu\u00e9b\u00e9cois","Personnes \u00e2g\u00e9es","private retirement homes","Qu\u00e9bec solidaire","Section locale 106","seniors","Yanick Chartrand"],"articleSection":["Canada","Lobbyisme","Nouvelles","Qu\u00e9bec","R\u00e9gion"],"inLanguage":"fr-CA"},{"@type":"WebPage","@id":"https:\/\/teamsters.ca\/fr\/blog\/2019\/05\/14\/des-solution-pour-regler-les-problemes-dans-les-chsld-et-les-residences-privees-pour-aines\/","url":"https:\/\/teamsters.ca\/fr\/blog\/2019\/05\/14\/des-solution-pour-regler-les-problemes-dans-les-chsld-et-les-residences-privees-pour-aines\/","name":"Des solutions pour r\u00e9gler les probl\u00e8mes dans les CHSLD et les r\u00e9sidences priv\u00e9es pour a\u00een\u00e9s | Teamsters Canada","isPartOf":{"@id":"https:\/\/teamsters.ca\/fr\/#website"},"primaryImageOfPage":{"@id":"https:\/\/teamsters.ca\/fr\/blog\/2019\/05\/14\/des-solution-pour-regler-les-problemes-dans-les-chsld-et-les-residences-privees-pour-aines\/#primaryimage"},"image":{"@id":"https:\/\/teamsters.ca\/fr\/blog\/2019\/05\/14\/des-solution-pour-regler-les-problemes-dans-les-chsld-et-les-residences-privees-pour-aines\/#primaryimage"},"thumbnailUrl":"https:\/\/teamsters.ca\/wp-content\/uploads\/2019\/05\/residence1111.jpg","datePublished":"2019-05-14T11:06:13+00:00","dateModified":"2019-07-31T14:42:50+00:00","breadcrumb":{"@id":"https:\/\/teamsters.ca\/fr\/blog\/2019\/05\/14\/des-solution-pour-regler-les-problemes-dans-les-chsld-et-les-residences-privees-pour-aines\/#breadcrumb"},"inLanguage":"fr-CA","potentialAction":[{"@type":"ReadAction","target":["https:\/\/teamsters.ca\/fr\/blog\/2019\/05\/14\/des-solution-pour-regler-les-problemes-dans-les-chsld-et-les-residences-privees-pour-aines\/"]}]},{"@type":"ImageObject","inLanguage":"fr-CA","@id":"https:\/\/teamsters.ca\/fr\/blog\/2019\/05\/14\/des-solution-pour-regler-les-problemes-dans-les-chsld-et-les-residences-privees-pour-aines\/#primaryimage","url":"https:\/\/teamsters.ca\/wp-content\/uploads\/2019\/05\/residence1111.jpg","contentUrl":"https:\/\/teamsters.ca\/wp-content\/uploads\/2019\/05\/residence1111.jpg","width":1166,"height":768},{"@type":"BreadcrumbList","@id":"https:\/\/teamsters.ca\/fr\/blog\/2019\/05\/14\/des-solution-pour-regler-les-problemes-dans-les-chsld-et-les-residences-privees-pour-aines\/#breadcrumb","itemListElement":[{"@type":"ListItem","position":1,"name":"Home","item":"https:\/\/teamsters.ca\/fr\/"},{"@type":"ListItem","position":2,"name":"Des solutions pour r\u00e9gler les probl\u00e8mes dans les CHSLD et les r\u00e9sidences priv\u00e9es pour a\u00een\u00e9s"}]},{"@type":"WebSite","@id":"https:\/\/teamsters.ca\/fr\/#website","url":"https:\/\/teamsters.ca\/fr\/","name":"Teamsters Canada","description":"A Canadian union representing over 125 000 members","publisher":{"@id":"https:\/\/teamsters.ca\/fr\/#organization"},"potentialAction":[{"@type":"SearchAction","target":{"@type":"EntryPoint","urlTemplate":"https:\/\/teamsters.ca\/fr\/?s={search_term_string}"},"query-input":{"@type":"PropertyValueSpecification","valueRequired":true,"valueName":"search_term_string"}}],"inLanguage":"fr-CA"},{"@type":"Organization","@id":"https:\/\/teamsters.ca\/fr\/#organization","name":"Teamsters Canada","url":"https:\/\/teamsters.ca\/fr\/","logo":{"@type":"ImageObject","inLanguage":"fr-CA","@id":"https:\/\/teamsters.ca\/fr\/#\/schema\/logo\/image\/","url":"https:\/\/teamsters.ca\/wp-content\/uploads\/2019\/08\/TeamstersCanada.png","contentUrl":"https:\/\/teamsters.ca\/wp-content\/uploads\/2019\/08\/TeamstersCanada.png","width":545,"height":181,"caption":"Teamsters Canada"},"image":{"@id":"https:\/\/teamsters.ca\/fr\/#\/schema\/logo\/image\/"},"sameAs":["https:\/\/www.facebook.com\/Teamsterscanada\/","https:\/\/x.com\/TeamstersCanada"]},{"@type":"Person","@id":"https:\/\/teamsters.ca\/fr\/#\/schema\/person\/3e6ffefc39fe2f212400b7d8d0a4a0c1","name":"St\u00e9phanie Meunier","image":{"@type":"ImageObject","inLanguage":"fr-CA","@id":"https:\/\/teamsters.ca\/fr\/#\/schema\/person\/image\/","url":"https:\/\/secure.gravatar.com\/avatar\/e4e8404e91ed71cb473fa2708849669810cf083c89825a3d2dd0d47dd6b2be77?s=96&d=mm&r=g","contentUrl":"https:\/\/secure.gravatar.com\/avatar\/e4e8404e91ed71cb473fa2708849669810cf083c89825a3d2dd0d47dd6b2be77?s=96&d=mm&r=g","caption":"St\u00e9phanie Meunier"},"url":"https:\/\/teamsters.ca\/fr\/blog\/author\/smeunier\/"}]}},"_links":{"self":[{"href":"https:\/\/teamsters.ca\/fr\/wp-json\/wp\/v2\/posts\/9478","targetHints":{"allow":["GET"]}}],"collection":[{"href":"https:\/\/teamsters.ca\/fr\/wp-json\/wp\/v2\/posts"}],"about":[{"href":"https:\/\/teamsters.ca\/fr\/wp-json\/wp\/v2\/types\/post"}],"author":[{"embeddable":true,"href":"https:\/\/teamsters.ca\/fr\/wp-json\/wp\/v2\/users\/8"}],"replies":[{"embeddable":true,"href":"https:\/\/teamsters.ca\/fr\/wp-json\/wp\/v2\/comments?post=9478"}],"version-history":[{"count":1,"href":"https:\/\/teamsters.ca\/fr\/wp-json\/wp\/v2\/posts\/9478\/revisions"}],"predecessor-version":[{"id":9668,"href":"https:\/\/teamsters.ca\/fr\/wp-json\/wp\/v2\/posts\/9478\/revisions\/9668"}],"wp:featuredmedia":[{"embeddable":true,"href":"https:\/\/teamsters.ca\/fr\/wp-json\/wp\/v2\/media\/9480"}],"wp:attachment":[{"href":"https:\/\/teamsters.ca\/fr\/wp-json\/wp\/v2\/media?parent=9478"}],"wp:term":[{"taxonomy":"category","embeddable":true,"href":"https:\/\/teamsters.ca\/fr\/wp-json\/wp\/v2\/categories?post=9478"},{"taxonomy":"post_tag","embeddable":true,"href":"https:\/\/teamsters.ca\/fr\/wp-json\/wp\/v2\/tags?post=9478"}],"curies":[{"name":"wp","href":"https:\/\/api.w.org\/{rel}","templated":true}]}}