{"id":9308,"date":"2019-04-10T12:31:30","date_gmt":"2019-04-10T16:31:30","guid":{"rendered":"http:\/\/teamsters.ca\/?p=9308"},"modified":"2019-06-27T20:38:26","modified_gmt":"2019-06-27T20:38:26","slug":"transport-scolaire-greve-potentielle-dans-les-cantons-de-lest","status":"publish","type":"post","link":"https:\/\/teamsters.ca\/fr\/blog\/2019\/04\/10\/transport-scolaire-greve-potentielle-dans-les-cantons-de-lest\/","title":{"rendered":"Transport scolaire : gr\u00e8ve potentielle dans les Cantons-de-l\u2019Est"},"content":{"rendered":"<p>Laval, le 10 avril 2019 \u2013 Une trentaine de chauffeurs d\u2019autobus scolaire de l\u2019entreprise Autobus DL ont vot\u00e9 \u00e0 91% pour un mandat de gr\u00e8ve. Leur syndicat, la Section locale 106 des Teamsters, mettra le mandat de gr\u00e8ve \u00e0 ex\u00e9cution au moment jug\u00e9 opportun. Les salaires sont au centre du litige entre les parties.<\/p>\n<p>\u00ab Malgr\u00e9 leur haut niveau de responsabilit\u00e9s, les conducteurs d\u2019autobus scolaires sont les chauffeurs les moins bien pay\u00e9s au Qu\u00e9bec, a expliqu\u00e9 le pr\u00e9sident de la Section locale 106 du syndicat des Teamsters, Jean Chartrand. Quand des salari\u00e9s qui font 20 000 $ par ann\u00e9e sont pr\u00eats \u00e0 aller en gr\u00e8ve, c\u2019est le signe qu\u2019ils en ont vraiment assez.&nbsp;\u00bb<\/p>\n<p>La convention collective est \u00e9chue depuis l&rsquo;\u00e9t\u00e9 dernier. Le syndicat veut poursuivre les n\u00e9gociations, mais la partie patronale n\u2019est pas dispos\u00e9e \u00e0 faire de nouvelles offres et aucune autre rencontre n\u2019est pr\u00e9vue entre les partis \u00e0 ce jour. Le syndicat tient \u00e0 conclure une entente n\u00e9goci\u00e9e le plus rapidement possible afin d\u2019\u00e9viter des d\u00e9sagr\u00e9ments aux parents et aux \u00e9l\u00e8ves.<\/p>\n<p>Entre 3000 et 3500 \u00e9tudiants des <strong>commissions scolaires du Val-des-Cerfs<\/strong> et <strong>Eastern Townships<\/strong> pourraient \u00eatre priv\u00e9s de transport scolaire. Par solidarit\u00e9 avec les parents, le syndicat s\u2019engage \u00e0 donner un pr\u00e9avis avant tout d\u00e9brayage. Cela donnera du temps aux parents pour trouver d\u2019autres arrangements pour le transport de leurs enfants.<\/p>\n<p>\u00ab Les conditions de travail dans cette industrie sont difficiles. S&rsquo;ajoutent aux bas salaires des horaires coup\u00e9s, des conditions climatiques difficiles, l&rsquo;\u00e9tat des routes qui laisse \u00e0 d\u00e9sirer, le comportement des \u00e9l\u00e8ves, et le manque de respect des autres usagers de la route \u00e0 l\u2019\u00e9gard des autobus scolaires,&nbsp;\u00bb a ajout\u00e9 Jean Chartrand.<\/p>\n<p><em>Le syndicat des Teamsters repr\u00e9sente les int\u00e9r\u00eats de pr\u00e8s de 125 000 travailleuses et travailleurs au Canada, dont pr\u00e8s de 1000 conducteurs et conductrices d\u2019autobus scolaires au Qu\u00e9bec. La Fraternit\u00e9 internationale des Teamsters compte 1,4 million de membres en Am\u00e9rique du Nord.<\/em><\/p>\n<p style=\"text-align: center;\">-30-<\/p>\n<p>Information aux m\u00e9dias :<\/p>\n<p>Christopher Monette<br \/>\nDirecteur des affaires publiques<br \/>\nTeamsters Canada<br \/>\nPortable : 514-226-6002<br \/>\n<a href=\"mailto:cmonette@teamsters.ca\">cmonette@teamsters.ca<\/a><\/p>\n","protected":false},"excerpt":{"rendered":"<p>Une trentaine de chauffeurs d\u2019autobus scolaire de l\u2019entreprise Autobus DL ont vot\u00e9 \u00e0 91% pour un mandat de gr\u00e8ve. Leur syndicat, la Section locale 106 des Teamsters, mettra le mandat de gr\u00e8ve \u00e0 ex\u00e9cution au moment jug\u00e9 opportun. Les salaires sont au centre du litige entre les parties&#8230;<\/p>\n","protected":false},"author":8,"featured_media":9319,"comment_status":"closed","ping_status":"closed","sticky":false,"template":"","format":"standard","meta":{"ngg_post_thumbnail":0,"mc4wp_mailchimp_campaign":[],"footnotes":""},"categories":[1114,1145,1137,1133],"tags":[925,415,926,927,443,704,737,928,583,606],"class_list":{"0":"post-9308","1":"post","2":"type-post","3":"status-publish","4":"format-standard","5":"has-post-thumbnail","7":"category-nouvelles","8":"category-quebec-fr","9":"category-region-fr","10":"category-transport-scolaire","11":"tag-autobus-dl","12":"tag-commission-scolaire-du-val-des-cerfs","13":"tag-commissions-scolaires-du-val-des-cerfs","14":"tag-eastern-townships","15":"tag-eastern-townships-school-board","16":"tag-greve-autobus-scolaire","17":"tag-jean-chartrand","18":"tag-la-section-locale-106","19":"tag-school-bus-strike","20":"tag-teamsters-local-union-106"},"yoast_head":"<!-- This site is optimized with the Yoast SEO Premium plugin v25.5 (Yoast SEO v25.5) - https:\/\/yoast.com\/wordpress\/plugins\/seo\/ -->\n<title>Transport scolaire : gr\u00e8ve potentielle dans les Cantons-de-l\u2019Est | Teamsters Canada<\/title>\n<meta name=\"robots\" content=\"index, follow, max-snippet:-1, max-image-preview:large, max-video-preview:-1\" \/>\n<link rel=\"canonical\" href=\"https:\/\/teamsters.ca\/fr\/blog\/2019\/04\/10\/transport-scolaire-greve-potentielle-dans-les-cantons-de-lest\/\" \/>\n<meta property=\"og:locale\" content=\"fr_CA\" \/>\n<meta property=\"og:type\" content=\"article\" \/>\n<meta property=\"og:title\" content=\"Transport scolaire : gr\u00e8ve potentielle dans les Cantons-de-l\u2019Est\" \/>\n<meta property=\"og:description\" content=\"Une trentaine de chauffeurs d\u2019autobus scolaire de l\u2019entreprise Autobus DL ont vot\u00e9 \u00e0 91% pour un mandat de gr\u00e8ve. Leur syndicat, la Section locale 106 des Teamsters, mettra le mandat de gr\u00e8ve \u00e0 ex\u00e9cution au moment jug\u00e9 opportun. Les salaires sont au centre du litige entre les parties...\" \/>\n<meta property=\"og:url\" content=\"https:\/\/teamsters.ca\/fr\/blog\/2019\/04\/10\/transport-scolaire-greve-potentielle-dans-les-cantons-de-lest\/\" \/>\n<meta property=\"og:site_name\" content=\"Teamsters Canada\" \/>\n<meta property=\"article:publisher\" content=\"https:\/\/www.facebook.com\/Teamsterscanada\/\" \/>\n<meta property=\"article:published_time\" content=\"2019-04-10T16:31:30+00:00\" \/>\n<meta property=\"article:modified_time\" content=\"2019-06-27T20:38:26+00:00\" \/>\n<meta property=\"og:image\" content=\"https:\/\/teamsters.ca\/wp-content\/uploads\/2019\/04\/autobusDL-1.png\" \/>\n\t<meta property=\"og:image:width\" content=\"1166\" \/>\n\t<meta property=\"og:image:height\" content=\"768\" \/>\n\t<meta property=\"og:image:type\" content=\"image\/png\" \/>\n<meta name=\"author\" content=\"St\u00e9phanie Meunier\" \/>\n<meta name=\"twitter:card\" content=\"summary_large_image\" \/>\n<meta name=\"twitter:creator\" content=\"@TeamstersCanada\" \/>\n<meta name=\"twitter:site\" content=\"@TeamstersCanada\" \/>\n<meta name=\"twitter:label1\" content=\"\u00c9crit par\" \/>\n\t<meta name=\"twitter:data1\" content=\"St\u00e9phanie Meunier\" \/>\n\t<meta name=\"twitter:label2\" content=\"Estimation du temps de lecture\" \/>\n\t<meta name=\"twitter:data2\" content=\"2 minutes\" \/>\n<script type=\"application\/ld+json\" class=\"yoast-schema-graph\">{\"@context\":\"https:\/\/schema.org\",\"@graph\":[{\"@type\":\"Article\",\"@id\":\"https:\/\/teamsters.ca\/fr\/blog\/2019\/04\/10\/transport-scolaire-greve-potentielle-dans-les-cantons-de-lest\/#article\",\"isPartOf\":{\"@id\":\"https:\/\/teamsters.ca\/fr\/blog\/2019\/04\/10\/transport-scolaire-greve-potentielle-dans-les-cantons-de-lest\/\"},\"author\":{\"name\":\"St\u00e9phanie Meunier\",\"@id\":\"https:\/\/teamsters.ca\/fr\/#\/schema\/person\/3e6ffefc39fe2f212400b7d8d0a4a0c1\"},\"headline\":\"Transport scolaire : gr\u00e8ve potentielle dans les Cantons-de-l\u2019Est\",\"datePublished\":\"2019-04-10T16:31:30+00:00\",\"dateModified\":\"2019-06-27T20:38:26+00:00\",\"mainEntityOfPage\":{\"@id\":\"https:\/\/teamsters.ca\/fr\/blog\/2019\/04\/10\/transport-scolaire-greve-potentielle-dans-les-cantons-de-lest\/\"},\"wordCount\":367,\"publisher\":{\"@id\":\"https:\/\/teamsters.ca\/fr\/#organization\"},\"image\":{\"@id\":\"https:\/\/teamsters.ca\/fr\/blog\/2019\/04\/10\/transport-scolaire-greve-potentielle-dans-les-cantons-de-lest\/#primaryimage\"},\"thumbnailUrl\":\"https:\/\/teamsters.ca\/wp-content\/uploads\/2019\/04\/autobusDL-1.png\",\"keywords\":[\"Autobus DL\",\"Commission scolaire du Val-des-Cerfs\",\"commissions scolaires du Val-des-Cerfs\",\"Eastern Townships\",\"Eastern Townships School Board\",\"greve autobus scolaire\",\"Jean Chartrand\",\"la Section locale 106\",\"school bus strike\",\"Teamsters Local Union 106\"],\"articleSection\":[\"Nouvelles\",\"Qu\u00e9bec\",\"R\u00e9gion\",\"Transport scolaire\"],\"inLanguage\":\"fr-CA\"},{\"@type\":\"WebPage\",\"@id\":\"https:\/\/teamsters.ca\/fr\/blog\/2019\/04\/10\/transport-scolaire-greve-potentielle-dans-les-cantons-de-lest\/\",\"url\":\"https:\/\/teamsters.ca\/fr\/blog\/2019\/04\/10\/transport-scolaire-greve-potentielle-dans-les-cantons-de-lest\/\",\"name\":\"Transport scolaire : gr\u00e8ve potentielle dans les Cantons-de-l\u2019Est | Teamsters Canada\",\"isPartOf\":{\"@id\":\"https:\/\/teamsters.ca\/fr\/#website\"},\"primaryImageOfPage\":{\"@id\":\"https:\/\/teamsters.ca\/fr\/blog\/2019\/04\/10\/transport-scolaire-greve-potentielle-dans-les-cantons-de-lest\/#primaryimage\"},\"image\":{\"@id\":\"https:\/\/teamsters.ca\/fr\/blog\/2019\/04\/10\/transport-scolaire-greve-potentielle-dans-les-cantons-de-lest\/#primaryimage\"},\"thumbnailUrl\":\"https:\/\/teamsters.ca\/wp-content\/uploads\/2019\/04\/autobusDL-1.png\",\"datePublished\":\"2019-04-10T16:31:30+00:00\",\"dateModified\":\"2019-06-27T20:38:26+00:00\",\"breadcrumb\":{\"@id\":\"https:\/\/teamsters.ca\/fr\/blog\/2019\/04\/10\/transport-scolaire-greve-potentielle-dans-les-cantons-de-lest\/#breadcrumb\"},\"inLanguage\":\"fr-CA\",\"potentialAction\":[{\"@type\":\"ReadAction\",\"target\":[\"https:\/\/teamsters.ca\/fr\/blog\/2019\/04\/10\/transport-scolaire-greve-potentielle-dans-les-cantons-de-lest\/\"]}]},{\"@type\":\"ImageObject\",\"inLanguage\":\"fr-CA\",\"@id\":\"https:\/\/teamsters.ca\/fr\/blog\/2019\/04\/10\/transport-scolaire-greve-potentielle-dans-les-cantons-de-lest\/#primaryimage\",\"url\":\"https:\/\/teamsters.ca\/wp-content\/uploads\/2019\/04\/autobusDL-1.png\",\"contentUrl\":\"https:\/\/teamsters.ca\/wp-content\/uploads\/2019\/04\/autobusDL-1.png\",\"width\":1166,\"height\":768},{\"@type\":\"BreadcrumbList\",\"@id\":\"https:\/\/teamsters.ca\/fr\/blog\/2019\/04\/10\/transport-scolaire-greve-potentielle-dans-les-cantons-de-lest\/#breadcrumb\",\"itemListElement\":[{\"@type\":\"ListItem\",\"position\":1,\"name\":\"Home\",\"item\":\"https:\/\/teamsters.ca\/fr\/\"},{\"@type\":\"ListItem\",\"position\":2,\"name\":\"Transport scolaire : gr\u00e8ve potentielle dans les Cantons-de-l\u2019Est\"}]},{\"@type\":\"WebSite\",\"@id\":\"https:\/\/teamsters.ca\/fr\/#website\",\"url\":\"https:\/\/teamsters.ca\/fr\/\",\"name\":\"Teamsters Canada\",\"description\":\"A Canadian union representing over 125 000 members\",\"publisher\":{\"@id\":\"https:\/\/teamsters.ca\/fr\/#organization\"},\"potentialAction\":[{\"@type\":\"SearchAction\",\"target\":{\"@type\":\"EntryPoint\",\"urlTemplate\":\"https:\/\/teamsters.ca\/fr\/?s={search_term_string}\"},\"query-input\":{\"@type\":\"PropertyValueSpecification\",\"valueRequired\":true,\"valueName\":\"search_term_string\"}}],\"inLanguage\":\"fr-CA\"},{\"@type\":\"Organization\",\"@id\":\"https:\/\/teamsters.ca\/fr\/#organization\",\"name\":\"Teamsters Canada\",\"url\":\"https:\/\/teamsters.ca\/fr\/\",\"logo\":{\"@type\":\"ImageObject\",\"inLanguage\":\"fr-CA\",\"@id\":\"https:\/\/teamsters.ca\/fr\/#\/schema\/logo\/image\/\",\"url\":\"https:\/\/teamsters.ca\/wp-content\/uploads\/2019\/08\/TeamstersCanada.png\",\"contentUrl\":\"https:\/\/teamsters.ca\/wp-content\/uploads\/2019\/08\/TeamstersCanada.png\",\"width\":545,\"height\":181,\"caption\":\"Teamsters Canada\"},\"image\":{\"@id\":\"https:\/\/teamsters.ca\/fr\/#\/schema\/logo\/image\/\"},\"sameAs\":[\"https:\/\/www.facebook.com\/Teamsterscanada\/\",\"https:\/\/x.com\/TeamstersCanada\"]},{\"@type\":\"Person\",\"@id\":\"https:\/\/teamsters.ca\/fr\/#\/schema\/person\/3e6ffefc39fe2f212400b7d8d0a4a0c1\",\"name\":\"St\u00e9phanie Meunier\",\"image\":{\"@type\":\"ImageObject\",\"inLanguage\":\"fr-CA\",\"@id\":\"https:\/\/teamsters.ca\/fr\/#\/schema\/person\/image\/\",\"url\":\"https:\/\/secure.gravatar.com\/avatar\/e4e8404e91ed71cb473fa2708849669810cf083c89825a3d2dd0d47dd6b2be77?s=96&d=mm&r=g\",\"contentUrl\":\"https:\/\/secure.gravatar.com\/avatar\/e4e8404e91ed71cb473fa2708849669810cf083c89825a3d2dd0d47dd6b2be77?s=96&d=mm&r=g\",\"caption\":\"St\u00e9phanie Meunier\"},\"url\":\"https:\/\/teamsters.ca\/fr\/blog\/author\/smeunier\/\"}]}<\/script>\n<!-- \/ Yoast SEO Premium plugin. -->","yoast_head_json":{"title":"Transport scolaire : gr\u00e8ve potentielle dans les Cantons-de-l\u2019Est | Teamsters Canada","robots":{"index":"index","follow":"follow","max-snippet":"max-snippet:-1","max-image-preview":"max-image-preview:large","max-video-preview":"max-video-preview:-1"},"canonical":"https:\/\/teamsters.ca\/fr\/blog\/2019\/04\/10\/transport-scolaire-greve-potentielle-dans-les-cantons-de-lest\/","og_locale":"fr_CA","og_type":"article","og_title":"Transport scolaire : gr\u00e8ve potentielle dans les Cantons-de-l\u2019Est","og_description":"Une trentaine de chauffeurs d\u2019autobus scolaire de l\u2019entreprise Autobus DL ont vot\u00e9 \u00e0 91% pour un mandat de gr\u00e8ve. Leur syndicat, la Section locale 106 des Teamsters, mettra le mandat de gr\u00e8ve \u00e0 ex\u00e9cution au moment jug\u00e9 opportun. Les salaires sont au centre du litige entre les parties...","og_url":"https:\/\/teamsters.ca\/fr\/blog\/2019\/04\/10\/transport-scolaire-greve-potentielle-dans-les-cantons-de-lest\/","og_site_name":"Teamsters Canada","article_publisher":"https:\/\/www.facebook.com\/Teamsterscanada\/","article_published_time":"2019-04-10T16:31:30+00:00","article_modified_time":"2019-06-27T20:38:26+00:00","og_image":[{"width":1166,"height":768,"url":"https:\/\/teamsters.ca\/wp-content\/uploads\/2019\/04\/autobusDL-1.png","type":"image\/png"}],"author":"St\u00e9phanie Meunier","twitter_card":"summary_large_image","twitter_creator":"@TeamstersCanada","twitter_site":"@TeamstersCanada","twitter_misc":{"\u00c9crit par":"St\u00e9phanie Meunier","Estimation du temps de lecture":"2 minutes"},"schema":{"@context":"https:\/\/schema.org","@graph":[{"@type":"Article","@id":"https:\/\/teamsters.ca\/fr\/blog\/2019\/04\/10\/transport-scolaire-greve-potentielle-dans-les-cantons-de-lest\/#article","isPartOf":{"@id":"https:\/\/teamsters.ca\/fr\/blog\/2019\/04\/10\/transport-scolaire-greve-potentielle-dans-les-cantons-de-lest\/"},"author":{"name":"St\u00e9phanie Meunier","@id":"https:\/\/teamsters.ca\/fr\/#\/schema\/person\/3e6ffefc39fe2f212400b7d8d0a4a0c1"},"headline":"Transport scolaire : gr\u00e8ve potentielle dans les Cantons-de-l\u2019Est","datePublished":"2019-04-10T16:31:30+00:00","dateModified":"2019-06-27T20:38:26+00:00","mainEntityOfPage":{"@id":"https:\/\/teamsters.ca\/fr\/blog\/2019\/04\/10\/transport-scolaire-greve-potentielle-dans-les-cantons-de-lest\/"},"wordCount":367,"publisher":{"@id":"https:\/\/teamsters.ca\/fr\/#organization"},"image":{"@id":"https:\/\/teamsters.ca\/fr\/blog\/2019\/04\/10\/transport-scolaire-greve-potentielle-dans-les-cantons-de-lest\/#primaryimage"},"thumbnailUrl":"https:\/\/teamsters.ca\/wp-content\/uploads\/2019\/04\/autobusDL-1.png","keywords":["Autobus DL","Commission scolaire du Val-des-Cerfs","commissions scolaires du Val-des-Cerfs","Eastern Townships","Eastern Townships School Board","greve autobus scolaire","Jean Chartrand","la Section locale 106","school bus strike","Teamsters Local Union 106"],"articleSection":["Nouvelles","Qu\u00e9bec","R\u00e9gion","Transport scolaire"],"inLanguage":"fr-CA"},{"@type":"WebPage","@id":"https:\/\/teamsters.ca\/fr\/blog\/2019\/04\/10\/transport-scolaire-greve-potentielle-dans-les-cantons-de-lest\/","url":"https:\/\/teamsters.ca\/fr\/blog\/2019\/04\/10\/transport-scolaire-greve-potentielle-dans-les-cantons-de-lest\/","name":"Transport scolaire : gr\u00e8ve potentielle dans les Cantons-de-l\u2019Est | Teamsters Canada","isPartOf":{"@id":"https:\/\/teamsters.ca\/fr\/#website"},"primaryImageOfPage":{"@id":"https:\/\/teamsters.ca\/fr\/blog\/2019\/04\/10\/transport-scolaire-greve-potentielle-dans-les-cantons-de-lest\/#primaryimage"},"image":{"@id":"https:\/\/teamsters.ca\/fr\/blog\/2019\/04\/10\/transport-scolaire-greve-potentielle-dans-les-cantons-de-lest\/#primaryimage"},"thumbnailUrl":"https:\/\/teamsters.ca\/wp-content\/uploads\/2019\/04\/autobusDL-1.png","datePublished":"2019-04-10T16:31:30+00:00","dateModified":"2019-06-27T20:38:26+00:00","breadcrumb":{"@id":"https:\/\/teamsters.ca\/fr\/blog\/2019\/04\/10\/transport-scolaire-greve-potentielle-dans-les-cantons-de-lest\/#breadcrumb"},"inLanguage":"fr-CA","potentialAction":[{"@type":"ReadAction","target":["https:\/\/teamsters.ca\/fr\/blog\/2019\/04\/10\/transport-scolaire-greve-potentielle-dans-les-cantons-de-lest\/"]}]},{"@type":"ImageObject","inLanguage":"fr-CA","@id":"https:\/\/teamsters.ca\/fr\/blog\/2019\/04\/10\/transport-scolaire-greve-potentielle-dans-les-cantons-de-lest\/#primaryimage","url":"https:\/\/teamsters.ca\/wp-content\/uploads\/2019\/04\/autobusDL-1.png","contentUrl":"https:\/\/teamsters.ca\/wp-content\/uploads\/2019\/04\/autobusDL-1.png","width":1166,"height":768},{"@type":"BreadcrumbList","@id":"https:\/\/teamsters.ca\/fr\/blog\/2019\/04\/10\/transport-scolaire-greve-potentielle-dans-les-cantons-de-lest\/#breadcrumb","itemListElement":[{"@type":"ListItem","position":1,"name":"Home","item":"https:\/\/teamsters.ca\/fr\/"},{"@type":"ListItem","position":2,"name":"Transport scolaire : gr\u00e8ve potentielle dans les Cantons-de-l\u2019Est"}]},{"@type":"WebSite","@id":"https:\/\/teamsters.ca\/fr\/#website","url":"https:\/\/teamsters.ca\/fr\/","name":"Teamsters Canada","description":"A Canadian union representing over 125 000 members","publisher":{"@id":"https:\/\/teamsters.ca\/fr\/#organization"},"potentialAction":[{"@type":"SearchAction","target":{"@type":"EntryPoint","urlTemplate":"https:\/\/teamsters.ca\/fr\/?s={search_term_string}"},"query-input":{"@type":"PropertyValueSpecification","valueRequired":true,"valueName":"search_term_string"}}],"inLanguage":"fr-CA"},{"@type":"Organization","@id":"https:\/\/teamsters.ca\/fr\/#organization","name":"Teamsters Canada","url":"https:\/\/teamsters.ca\/fr\/","logo":{"@type":"ImageObject","inLanguage":"fr-CA","@id":"https:\/\/teamsters.ca\/fr\/#\/schema\/logo\/image\/","url":"https:\/\/teamsters.ca\/wp-content\/uploads\/2019\/08\/TeamstersCanada.png","contentUrl":"https:\/\/teamsters.ca\/wp-content\/uploads\/2019\/08\/TeamstersCanada.png","width":545,"height":181,"caption":"Teamsters Canada"},"image":{"@id":"https:\/\/teamsters.ca\/fr\/#\/schema\/logo\/image\/"},"sameAs":["https:\/\/www.facebook.com\/Teamsterscanada\/","https:\/\/x.com\/TeamstersCanada"]},{"@type":"Person","@id":"https:\/\/teamsters.ca\/fr\/#\/schema\/person\/3e6ffefc39fe2f212400b7d8d0a4a0c1","name":"St\u00e9phanie Meunier","image":{"@type":"ImageObject","inLanguage":"fr-CA","@id":"https:\/\/teamsters.ca\/fr\/#\/schema\/person\/image\/","url":"https:\/\/secure.gravatar.com\/avatar\/e4e8404e91ed71cb473fa2708849669810cf083c89825a3d2dd0d47dd6b2be77?s=96&d=mm&r=g","contentUrl":"https:\/\/secure.gravatar.com\/avatar\/e4e8404e91ed71cb473fa2708849669810cf083c89825a3d2dd0d47dd6b2be77?s=96&d=mm&r=g","caption":"St\u00e9phanie Meunier"},"url":"https:\/\/teamsters.ca\/fr\/blog\/author\/smeunier\/"}]}},"_links":{"self":[{"href":"https:\/\/teamsters.ca\/fr\/wp-json\/wp\/v2\/posts\/9308","targetHints":{"allow":["GET"]}}],"collection":[{"href":"https:\/\/teamsters.ca\/fr\/wp-json\/wp\/v2\/posts"}],"about":[{"href":"https:\/\/teamsters.ca\/fr\/wp-json\/wp\/v2\/types\/post"}],"author":[{"embeddable":true,"href":"https:\/\/teamsters.ca\/fr\/wp-json\/wp\/v2\/users\/8"}],"replies":[{"embeddable":true,"href":"https:\/\/teamsters.ca\/fr\/wp-json\/wp\/v2\/comments?post=9308"}],"version-history":[{"count":1,"href":"https:\/\/teamsters.ca\/fr\/wp-json\/wp\/v2\/posts\/9308\/revisions"}],"predecessor-version":[{"id":9689,"href":"https:\/\/teamsters.ca\/fr\/wp-json\/wp\/v2\/posts\/9308\/revisions\/9689"}],"wp:featuredmedia":[{"embeddable":true,"href":"https:\/\/teamsters.ca\/fr\/wp-json\/wp\/v2\/media\/9319"}],"wp:attachment":[{"href":"https:\/\/teamsters.ca\/fr\/wp-json\/wp\/v2\/media?parent=9308"}],"wp:term":[{"taxonomy":"category","embeddable":true,"href":"https:\/\/teamsters.ca\/fr\/wp-json\/wp\/v2\/categories?post=9308"},{"taxonomy":"post_tag","embeddable":true,"href":"https:\/\/teamsters.ca\/fr\/wp-json\/wp\/v2\/tags?post=9308"}],"curies":[{"name":"wp","href":"https:\/\/api.w.org\/{rel}","templated":true}]}}