{"id":8802,"date":"2018-10-19T08:50:53","date_gmt":"2018-10-19T12:50:53","guid":{"rendered":"http:\/\/teamsters.ca\/?p=8802"},"modified":"2019-06-27T20:38:30","modified_gmt":"2019-06-27T20:38:30","slug":"les-teamsters-sinvitent-a-la-pelletee-de-terre-de-la-nouvelle-usine-molson","status":"publish","type":"post","link":"https:\/\/teamsters.ca\/fr\/blog\/2018\/10\/19\/les-teamsters-sinvitent-a-la-pelletee-de-terre-de-la-nouvelle-usine-molson\/","title":{"rendered":"Les Teamsters s\u2019invitent \u00e0 la pellet\u00e9e de terre de la nouvelle usine Molson"},"content":{"rendered":"<p>Laval, 19 octobre 2018 \u2014 \u00c0 d\u00e9faut d\u2019avoir \u00e9t\u00e9 convi\u00e9 \u00e0 la premi\u00e8re pellet\u00e9e de terre de la nouvelle usine Molson sur la Rive-Sud de Montr\u00e9al, le syndicat des Teamsters a d\u00e9cid\u00e9 de s\u2019y inviter. \u00c9ric Picotte, porte-parole des travailleurs et des travailleuses et pr\u00e9sident syndical de l\u2019usine Molson de la rue Notre-Dame, sera disponible pour accorder des entrevues. Il sera aussi accompagn\u00e9 de confr\u00e8res et de consoeurs de l\u2019usine de la rue Notre-Dame \u00e0 Montr\u00e9al.<\/p>\n<p>Bien que le syndicat des Teamsters soit heureux que la direction de Molson-Coors ait choisi de maintenir les activit\u00e9s du brasseur dans la r\u00e9gion m\u00e9tropolitaine, il y a n\u00e9anmoins de tr\u00e8s importants enjeux qui doivent \u00eatre discut\u00e9s sur la place publique en rapport avec le virage canette qu\u2019ont pris les grands brasseurs \u00e9tablis au Qu\u00e9bec au cours des derni\u00e8res ann\u00e9es.<\/p>\n<p>Rappelons que l\u2019ex-ministre de l\u2019Environnement du Qu\u00e9bec, Isabelle Melan\u00e7on, avait ignor\u00e9 plusieurs demandes de rencontres de la part des dirigeants du syndicat des Teamsters qui voulaient discuter de l\u2019avenir de l\u2019Entente Recyc-Qu\u00e9bec qui a pris fin il y a deux ans.<\/p>\n<p>Cette entente est issue de la Loi sur la vente et la distribution de bi\u00e8re et de boissons gazeuses dans des contenants \u00e0 remplissage unique. Elle imposait des p\u00e9nalit\u00e9s aux brasseurs lorsqu\u2019ils vendaient plus de 37 % de leur production de bi\u00e8re en canettes. \u00c0 l\u2019heure actuelle, les grands brasseurs vendent plus de 55 % de leur production de bi\u00e8re dans des canettes, ce qui d\u00e9montre que m\u00eame cette entente n\u2019a pas d\u00e9courag\u00e9 les Molson et Labatt de ce monde de produire de la bi\u00e8re dans des contenants moins \u00e9cologiques.<\/p>\n<p>Depuis la fin de l\u2019Entente Recyc-Qu\u00e9bec, les brasseurs sont th\u00e9oriquement en mesure de produire autant de bi\u00e8re en canette qu\u2019ils le d\u00e9sirent sans avoir \u00e0 payer les p\u00e9nalit\u00e9s pr\u00e9vues par la loi, puisque celle-ci est \u00e9chue.<\/p>\n<p>Le syndicat des Teamsters souhaite discuter de ces enjeux avec Mme MarieChantal Chass\u00e9, la nouvelle ministre de l\u2019Environnement, puisque les d\u00e9cisions du brasseur en rapport avec la nouvelle usine auront des incidences \u00e0 la fois \u00e9conomiques, sociales et environnementales.<\/p>\n<p style=\"padding-left: 30px;\"><strong>Incidences \u00e9conomiques<\/strong> &#8211; le virage canette qu\u2019a pris les grands brasseurs, dont Molson, jumel\u00e9 \u00e0 la construction d\u2019une nouvelle usine et la mise en place de nouvelles technologies, font craindre aux travailleurs de nombreuses pertes d\u2019emplois puisqu\u2019une ligne de production de canettes emploie moins de travailleurs qu\u2019une ligne de production de bouteilles. Notre perception est que les avantages du virage canette ne profitent qu\u2019aux actionnaires de Molson, pas \u00e0 la collectivit\u00e9 ou aux travailleurs.<\/p>\n<p style=\"padding-left: 30px;\"><strong>Incidences sociales<\/strong> &#8211; La perte \u00e9ventuelle de nombreux emplois pourrait priver les trois paliers de gouvernements de revenus provenant des taxes et des imp\u00f4ts pay\u00e9s par les salari\u00e9(e)s de Molson en plus de mettre au ch\u00f4mage des hommes et des femmes dans la force de l\u2019\u00e2ge. Le virage canette a donc des impacts sociaux que le gouvernement Legault aurait tort de sous-estimer.<\/p>\n<p style=\"padding-left: 30px;\"><strong>Incidences \u00e9cologiques<\/strong> &#8211; Les bouteilles brunes d\u00e9capsulables sont r\u00e9utilis\u00e9es jusqu\u2019\u00e0 17 fois, puis r\u00e9cup\u00e9r\u00e9es, recycl\u00e9es et refondues dans la r\u00e9gion m\u00e9tropolitaine. Par opposition, les canettes sont utilis\u00e9es une seule fois, r\u00e9cup\u00e9r\u00e9es et recycl\u00e9es \u00e0 l\u2019ext\u00e9rieur du Qu\u00e9bec. De plus, pr\u00e8s du tiers de ces contenants en aluminium finissent dans les sites d\u2019enfouissement. Il nous appara\u00eet donc \u00e9vident que les contenants en aluminium ne sont pas aussi avantageux \u00e9cologiquement que les bouteilles brunes d\u00e9capsulables.<\/p>\n<p>Le r\u00e9cent rapport du GIEC sur l\u2019urgence d\u2019intervenir pour faire face \u00e0 la crise environnementale vient confirmer que la position prise par le syndicat des Teamsters \u00e0 ce sujet est la bonne puisque la production, la distribution et la r\u00e9cup\u00e9ration des bouteilles brunes d\u00e9capsulables g\u00e9n\u00e8rent moins de GES que les canettes.<\/p>\n<p>Le premier ministre Fran\u00e7ois Legault a d\u2019ailleurs mentionn\u00e9 aujourd\u2019hui lors de l\u2019annonce de la composition de son cabinet \u00eatre sinc\u00e8rement pr\u00e9occup\u00e9 par l\u2019environnement.<\/p>\n<p><strong>L\u2019instabilit\u00e9 cause des d\u00e9parts \u00e0 l\u2019usine<\/strong><\/p>\n<p>Le syndicat des Teamsters remarque que les travailleurs et les travailleuses de Molson sont tr\u00e8s inquiet(e)s depuis l\u2019annonce de la construction de la nouvelle usine sur la Rive-Sud. En effet, le virage canette, les changements technologiques et l\u2019absence d\u2019informations concernant la nouvelle usine cr\u00e9ent de l\u2019instabilit\u00e9, poussant une quarantaine de salari\u00e9(e)s \u00e0 quitter leurs emplois depuis l\u2019\u00e9t\u00e9 dernier. Par cons\u00e9quent, des r\u00e9percussions ont \u00e9t\u00e9 ressenties dans tous les d\u00e9partements de l\u2019usine : livraisons, fabrication, empaquetage, etc.<\/p>\n<p>Dans un contexte de plein emploi, Molson-Coors ne peut se permettre de perdre autant de travailleurs. Il doit les informer de ce qui les attend lorsqu\u2019ils d\u00e9m\u00e9nageront sur la Rive-Sud afin de les retenir et d\u2019assurer une transition efficace dans la nouvelle brasserie.<\/p>\n<p>La premi\u00e8re pellet\u00e9e de terre de la nouvelle usine Molson est, certes, un \u00e9v\u00e9nement important qui m\u00e9rite d\u2019\u00eatre soulign\u00e9, mais il ne faut pas perdre de vue tous les enjeux auxquels font face les salari\u00e9(e)s de cette l\u00e9gendaire brasserie.<\/p>\n<p><em>Le syndicat des Teamsters repr\u00e9sente les int\u00e9r\u00eats de pr\u00e8s de 40\u2009000 travailleuses et travailleurs au Qu\u00e9bec, dont plusieurs milliers qui oeuvrent dans diff\u00e9rentes brasseries. Teamsters Canada et ses 125 000 membres sont affili\u00e9s \u00e0 la Fraternit\u00e9 internationale des Teamsters, dont l\u2019effectif syndical est de 1,4 million de membres en Am\u00e9rique du Nord.<\/em><\/p>\n<p style=\"text-align: center;\">-30-<\/p>\n<p><strong>Renseignements :<\/strong><br \/>\nSt\u00e9phane Lacroix, directeur des Communications et des Affaires publiques<br \/>\nPortable : 514 609-5101<br \/>\n<a href=\"mailto:slacroix@teamsters.ca\" target=\"_blank\" rel=\"noopener noreferrer\">slacroix@teamsters.ca<\/a><\/p>\n<h2>DANS LA M\u00caME CAT\u00c9GORIE<\/h2>\n<figure id=\"attachment_7624\" aria-describedby=\"caption-attachment-7624\" style=\"width: 300px\" class=\"wp-caption alignleft\"><a href=\"https:\/\/teamsters.ca\/fr\/blog\/2018\/03\/15\/nouvelle-usine-molson-la-ministre-melancon-devra-faire-preuve-de-leadership\/\" target=\"_blank\" rel=\"noopener noreferrer\"><img loading=\"lazy\" decoding=\"async\" class=\"wp-image-7624 size-medium\" src=\"https:\/\/teamsters.ca\/wp-content\/uploads\/2018\/03\/AdobeStock_184437337_Editorial_Use_Only-300x200.jpeg\" alt=\"\" width=\"300\" height=\"200\" srcset=\"https:\/\/teamsters.ca\/wp-content\/uploads\/2018\/03\/AdobeStock_184437337_Editorial_Use_Only-300x200.jpeg 300w, https:\/\/teamsters.ca\/wp-content\/uploads\/2018\/03\/AdobeStock_184437337_Editorial_Use_Only-150x100.jpeg 150w, https:\/\/teamsters.ca\/wp-content\/uploads\/2018\/03\/AdobeStock_184437337_Editorial_Use_Only-768x512.jpeg 768w, https:\/\/teamsters.ca\/wp-content\/uploads\/2018\/03\/AdobeStock_184437337_Editorial_Use_Only-1024x682.jpeg 1024w, https:\/\/teamsters.ca\/wp-content\/uploads\/2018\/03\/AdobeStock_184437337_Editorial_Use_Only-696x464.jpeg 696w, https:\/\/teamsters.ca\/wp-content\/uploads\/2018\/03\/AdobeStock_184437337_Editorial_Use_Only-1068x712.jpeg 1068w, https:\/\/teamsters.ca\/wp-content\/uploads\/2018\/03\/AdobeStock_184437337_Editorial_Use_Only-630x420.jpeg 630w, https:\/\/teamsters.ca\/wp-content\/uploads\/2018\/03\/AdobeStock_184437337_Editorial_Use_Only.jpeg 1688w\" sizes=\"auto, (max-width: 300px) 100vw, 300px\" \/><\/a><figcaption id=\"caption-attachment-7624\" class=\"wp-caption-text\">NOUVELLE USINE MOLSON: LA MINISTRE MELAN\u00c7ON DEVRA FAIRE PREUVE DE LEADERSHIP<\/figcaption><\/figure>\n<figure id=\"attachment_7423\" aria-describedby=\"caption-attachment-7423\" style=\"width: 300px\" class=\"wp-caption alignleft\"><a href=\"https:\/\/teamsters.ca\/fr\/blog\/2017\/11\/28\/le-demenagement-de-lusine-molson-sur-la-rive-sud-inquiete-les-travailleurs\/\" target=\"_blank\" rel=\"noopener noreferrer\"><img loading=\"lazy\" decoding=\"async\" class=\"wp-image-7423 size-medium\" src=\"https:\/\/teamsters.ca\/wp-content\/uploads\/2017\/11\/Brasserie_Molson-300x201.jpg\" alt=\"\" width=\"300\" height=\"201\" \/><\/a><figcaption id=\"caption-attachment-7423\" class=\"wp-caption-text\">LE D\u00c9M\u00c9NAGEMENT DE L\u2019USINE MOLSON SUR LA RIVE-SUD INQUI\u00c8TE LES TRAVAILLEURS<\/figcaption><\/figure>\n","protected":false},"excerpt":{"rendered":"<p>\u00c0 d\u00e9faut d\u2019avoir \u00e9t\u00e9 convi\u00e9 \u00e0 la premi\u00e8re pellet\u00e9e de terre de la nouvelle usine Molson sur la Rive-Sud de Montr\u00e9al, le syndicat des Teamsters a d\u00e9cid\u00e9 de s\u2019y inviter. \u00c9ric Picotte, porte-parole des travailleurs et des travailleuses et pr\u00e9sident syndical de l\u2019usine Molson de la rue Notre-Dame, sera disponible pour accorder des entrevues. Il sera aussi accompagn\u00e9 de confr\u00e8res et de consoeurs de l\u2019usine de la rue Notre-Dame \u00e0 Montr\u00e9al.<\/p>\n","protected":false},"author":8,"featured_media":8812,"comment_status":"closed","ping_status":"closed","sticky":false,"template":"","format":"standard","meta":{"ngg_post_thumbnail":0,"mc4wp_mailchimp_campaign":[],"footnotes":""},"categories":[1140,1114,1145,1137],"tags":[391,450,882,455,470,504,883,122,518,520,884,573,885],"class_list":{"0":"post-8802","1":"post","2":"type-post","3":"status-publish","4":"format-standard","5":"has-post-thumbnail","7":"category-canada-region-fr","8":"category-nouvelles","9":"category-quebec-fr","10":"category-region-fr","11":"tag-canned-beer","12":"tag-eric-picotte","13":"tag-francois-legault","14":"tag-future-molson-brewery","15":"tag-isabelle-melancon","16":"tag-mariechantal-chasse","17":"tag-mme-mariechantal-chasse","18":"tag-molson-en","19":"tag-molson-brewery","20":"tag-molson-coors","21":"tag-nouvelle-usine-molson","22":"tag-recyc-quebec","23":"tag-virage-canette"},"yoast_head":"<!-- This site is optimized with the Yoast SEO Premium plugin v25.5 (Yoast SEO v25.5) - https:\/\/yoast.com\/wordpress\/plugins\/seo\/ -->\n<title>Les Teamsters s\u2019invitent \u00e0 la pellet\u00e9e de terre de la nouvelle usine Molson | Teamsters Canada<\/title>\n<meta name=\"robots\" content=\"index, follow, max-snippet:-1, max-image-preview:large, max-video-preview:-1\" \/>\n<link rel=\"canonical\" href=\"https:\/\/teamsters.ca\/fr\/blog\/2018\/10\/19\/les-teamsters-sinvitent-a-la-pelletee-de-terre-de-la-nouvelle-usine-molson\/\" \/>\n<meta property=\"og:locale\" content=\"fr_CA\" \/>\n<meta property=\"og:type\" content=\"article\" \/>\n<meta property=\"og:title\" content=\"Les Teamsters s\u2019invitent \u00e0 la pellet\u00e9e de terre de la nouvelle usine Molson\" \/>\n<meta property=\"og:description\" content=\"\u00c0 d\u00e9faut d\u2019avoir \u00e9t\u00e9 convi\u00e9 \u00e0 la premi\u00e8re pellet\u00e9e de terre de la nouvelle usine Molson sur la Rive-Sud de Montr\u00e9al, le syndicat des Teamsters a d\u00e9cid\u00e9 de s\u2019y inviter. \u00c9ric Picotte, porte-parole des travailleurs et des travailleuses et pr\u00e9sident syndical de l\u2019usine Molson de la rue Notre-Dame, sera disponible pour accorder des entrevues. Il sera aussi accompagn\u00e9 de confr\u00e8res et de consoeurs de l\u2019usine de la rue Notre-Dame \u00e0 Montr\u00e9al.\" \/>\n<meta property=\"og:url\" content=\"https:\/\/teamsters.ca\/fr\/blog\/2018\/10\/19\/les-teamsters-sinvitent-a-la-pelletee-de-terre-de-la-nouvelle-usine-molson\/\" \/>\n<meta property=\"og:site_name\" content=\"Teamsters Canada\" \/>\n<meta property=\"article:publisher\" content=\"https:\/\/www.facebook.com\/Teamsterscanada\/\" \/>\n<meta property=\"article:published_time\" content=\"2018-10-19T12:50:53+00:00\" \/>\n<meta property=\"article:modified_time\" content=\"2019-06-27T20:38:30+00:00\" \/>\n<meta property=\"og:image\" content=\"https:\/\/teamsters.ca\/wp-content\/uploads\/2018\/10\/molson1new.jpg\" \/>\n\t<meta property=\"og:image:width\" content=\"1166\" \/>\n\t<meta property=\"og:image:height\" content=\"768\" \/>\n\t<meta property=\"og:image:type\" content=\"image\/jpeg\" \/>\n<meta name=\"author\" content=\"St\u00e9phanie Meunier\" \/>\n<meta name=\"twitter:card\" content=\"summary_large_image\" \/>\n<meta name=\"twitter:creator\" content=\"@TeamstersCanada\" \/>\n<meta name=\"twitter:site\" content=\"@TeamstersCanada\" \/>\n<meta name=\"twitter:label1\" content=\"\u00c9crit par\" \/>\n\t<meta name=\"twitter:data1\" content=\"St\u00e9phanie Meunier\" \/>\n\t<meta name=\"twitter:label2\" content=\"Estimation du temps de lecture\" \/>\n\t<meta name=\"twitter:data2\" content=\"5 minutes\" \/>\n<script type=\"application\/ld+json\" class=\"yoast-schema-graph\">{\"@context\":\"https:\/\/schema.org\",\"@graph\":[{\"@type\":\"Article\",\"@id\":\"https:\/\/teamsters.ca\/fr\/blog\/2018\/10\/19\/les-teamsters-sinvitent-a-la-pelletee-de-terre-de-la-nouvelle-usine-molson\/#article\",\"isPartOf\":{\"@id\":\"https:\/\/teamsters.ca\/fr\/blog\/2018\/10\/19\/les-teamsters-sinvitent-a-la-pelletee-de-terre-de-la-nouvelle-usine-molson\/\"},\"author\":{\"name\":\"St\u00e9phanie Meunier\",\"@id\":\"https:\/\/teamsters.ca\/fr\/#\/schema\/person\/3e6ffefc39fe2f212400b7d8d0a4a0c1\"},\"headline\":\"Les Teamsters s\u2019invitent \u00e0 la pellet\u00e9e de terre de la nouvelle usine Molson\",\"datePublished\":\"2018-10-19T12:50:53+00:00\",\"dateModified\":\"2019-06-27T20:38:30+00:00\",\"mainEntityOfPage\":{\"@id\":\"https:\/\/teamsters.ca\/fr\/blog\/2018\/10\/19\/les-teamsters-sinvitent-a-la-pelletee-de-terre-de-la-nouvelle-usine-molson\/\"},\"wordCount\":1031,\"publisher\":{\"@id\":\"https:\/\/teamsters.ca\/fr\/#organization\"},\"image\":{\"@id\":\"https:\/\/teamsters.ca\/fr\/blog\/2018\/10\/19\/les-teamsters-sinvitent-a-la-pelletee-de-terre-de-la-nouvelle-usine-molson\/#primaryimage\"},\"thumbnailUrl\":\"https:\/\/teamsters.ca\/wp-content\/uploads\/2018\/10\/molson1new.jpg\",\"keywords\":[\"canned beer\",\"\u00c9ric Picotte\",\"Fran\u00e7ois Legault\",\"future Molson Brewery\",\"Isabelle Melan\u00e7on\",\"MarieChantal Chass\u00e9\",\"Mme MarieChantal Chass\u00e9\",\"Molson\",\"Molson brewery\",\"Molson Coors\",\"nouvelle usine Molson\",\"Recyc-Qu\u00e9bec\",\"virage canette\"],\"articleSection\":[\"Canada\",\"Nouvelles\",\"Qu\u00e9bec\",\"R\u00e9gion\"],\"inLanguage\":\"fr-CA\"},{\"@type\":\"WebPage\",\"@id\":\"https:\/\/teamsters.ca\/fr\/blog\/2018\/10\/19\/les-teamsters-sinvitent-a-la-pelletee-de-terre-de-la-nouvelle-usine-molson\/\",\"url\":\"https:\/\/teamsters.ca\/fr\/blog\/2018\/10\/19\/les-teamsters-sinvitent-a-la-pelletee-de-terre-de-la-nouvelle-usine-molson\/\",\"name\":\"Les Teamsters s\u2019invitent \u00e0 la pellet\u00e9e de terre de la nouvelle usine Molson | Teamsters Canada\",\"isPartOf\":{\"@id\":\"https:\/\/teamsters.ca\/fr\/#website\"},\"primaryImageOfPage\":{\"@id\":\"https:\/\/teamsters.ca\/fr\/blog\/2018\/10\/19\/les-teamsters-sinvitent-a-la-pelletee-de-terre-de-la-nouvelle-usine-molson\/#primaryimage\"},\"image\":{\"@id\":\"https:\/\/teamsters.ca\/fr\/blog\/2018\/10\/19\/les-teamsters-sinvitent-a-la-pelletee-de-terre-de-la-nouvelle-usine-molson\/#primaryimage\"},\"thumbnailUrl\":\"https:\/\/teamsters.ca\/wp-content\/uploads\/2018\/10\/molson1new.jpg\",\"datePublished\":\"2018-10-19T12:50:53+00:00\",\"dateModified\":\"2019-06-27T20:38:30+00:00\",\"breadcrumb\":{\"@id\":\"https:\/\/teamsters.ca\/fr\/blog\/2018\/10\/19\/les-teamsters-sinvitent-a-la-pelletee-de-terre-de-la-nouvelle-usine-molson\/#breadcrumb\"},\"inLanguage\":\"fr-CA\",\"potentialAction\":[{\"@type\":\"ReadAction\",\"target\":[\"https:\/\/teamsters.ca\/fr\/blog\/2018\/10\/19\/les-teamsters-sinvitent-a-la-pelletee-de-terre-de-la-nouvelle-usine-molson\/\"]}]},{\"@type\":\"ImageObject\",\"inLanguage\":\"fr-CA\",\"@id\":\"https:\/\/teamsters.ca\/fr\/blog\/2018\/10\/19\/les-teamsters-sinvitent-a-la-pelletee-de-terre-de-la-nouvelle-usine-molson\/#primaryimage\",\"url\":\"https:\/\/teamsters.ca\/wp-content\/uploads\/2018\/10\/molson1new.jpg\",\"contentUrl\":\"https:\/\/teamsters.ca\/wp-content\/uploads\/2018\/10\/molson1new.jpg\",\"width\":1166,\"height\":768},{\"@type\":\"BreadcrumbList\",\"@id\":\"https:\/\/teamsters.ca\/fr\/blog\/2018\/10\/19\/les-teamsters-sinvitent-a-la-pelletee-de-terre-de-la-nouvelle-usine-molson\/#breadcrumb\",\"itemListElement\":[{\"@type\":\"ListItem\",\"position\":1,\"name\":\"Home\",\"item\":\"https:\/\/teamsters.ca\/fr\/\"},{\"@type\":\"ListItem\",\"position\":2,\"name\":\"Les Teamsters s\u2019invitent \u00e0 la pellet\u00e9e de terre de la nouvelle usine Molson\"}]},{\"@type\":\"WebSite\",\"@id\":\"https:\/\/teamsters.ca\/fr\/#website\",\"url\":\"https:\/\/teamsters.ca\/fr\/\",\"name\":\"Teamsters Canada\",\"description\":\"A Canadian union representing over 125 000 members\",\"publisher\":{\"@id\":\"https:\/\/teamsters.ca\/fr\/#organization\"},\"potentialAction\":[{\"@type\":\"SearchAction\",\"target\":{\"@type\":\"EntryPoint\",\"urlTemplate\":\"https:\/\/teamsters.ca\/fr\/?s={search_term_string}\"},\"query-input\":{\"@type\":\"PropertyValueSpecification\",\"valueRequired\":true,\"valueName\":\"search_term_string\"}}],\"inLanguage\":\"fr-CA\"},{\"@type\":\"Organization\",\"@id\":\"https:\/\/teamsters.ca\/fr\/#organization\",\"name\":\"Teamsters Canada\",\"url\":\"https:\/\/teamsters.ca\/fr\/\",\"logo\":{\"@type\":\"ImageObject\",\"inLanguage\":\"fr-CA\",\"@id\":\"https:\/\/teamsters.ca\/fr\/#\/schema\/logo\/image\/\",\"url\":\"https:\/\/teamsters.ca\/wp-content\/uploads\/2019\/08\/TeamstersCanada.png\",\"contentUrl\":\"https:\/\/teamsters.ca\/wp-content\/uploads\/2019\/08\/TeamstersCanada.png\",\"width\":545,\"height\":181,\"caption\":\"Teamsters Canada\"},\"image\":{\"@id\":\"https:\/\/teamsters.ca\/fr\/#\/schema\/logo\/image\/\"},\"sameAs\":[\"https:\/\/www.facebook.com\/Teamsterscanada\/\",\"https:\/\/x.com\/TeamstersCanada\"]},{\"@type\":\"Person\",\"@id\":\"https:\/\/teamsters.ca\/fr\/#\/schema\/person\/3e6ffefc39fe2f212400b7d8d0a4a0c1\",\"name\":\"St\u00e9phanie Meunier\",\"image\":{\"@type\":\"ImageObject\",\"inLanguage\":\"fr-CA\",\"@id\":\"https:\/\/teamsters.ca\/fr\/#\/schema\/person\/image\/\",\"url\":\"https:\/\/secure.gravatar.com\/avatar\/e4e8404e91ed71cb473fa2708849669810cf083c89825a3d2dd0d47dd6b2be77?s=96&d=mm&r=g\",\"contentUrl\":\"https:\/\/secure.gravatar.com\/avatar\/e4e8404e91ed71cb473fa2708849669810cf083c89825a3d2dd0d47dd6b2be77?s=96&d=mm&r=g\",\"caption\":\"St\u00e9phanie Meunier\"},\"url\":\"https:\/\/teamsters.ca\/fr\/blog\/author\/smeunier\/\"}]}<\/script>\n<!-- \/ Yoast SEO Premium plugin. -->","yoast_head_json":{"title":"Les Teamsters s\u2019invitent \u00e0 la pellet\u00e9e de terre de la nouvelle usine Molson | Teamsters Canada","robots":{"index":"index","follow":"follow","max-snippet":"max-snippet:-1","max-image-preview":"max-image-preview:large","max-video-preview":"max-video-preview:-1"},"canonical":"https:\/\/teamsters.ca\/fr\/blog\/2018\/10\/19\/les-teamsters-sinvitent-a-la-pelletee-de-terre-de-la-nouvelle-usine-molson\/","og_locale":"fr_CA","og_type":"article","og_title":"Les Teamsters s\u2019invitent \u00e0 la pellet\u00e9e de terre de la nouvelle usine Molson","og_description":"\u00c0 d\u00e9faut d\u2019avoir \u00e9t\u00e9 convi\u00e9 \u00e0 la premi\u00e8re pellet\u00e9e de terre de la nouvelle usine Molson sur la Rive-Sud de Montr\u00e9al, le syndicat des Teamsters a d\u00e9cid\u00e9 de s\u2019y inviter. \u00c9ric Picotte, porte-parole des travailleurs et des travailleuses et pr\u00e9sident syndical de l\u2019usine Molson de la rue Notre-Dame, sera disponible pour accorder des entrevues. Il sera aussi accompagn\u00e9 de confr\u00e8res et de consoeurs de l\u2019usine de la rue Notre-Dame \u00e0 Montr\u00e9al.","og_url":"https:\/\/teamsters.ca\/fr\/blog\/2018\/10\/19\/les-teamsters-sinvitent-a-la-pelletee-de-terre-de-la-nouvelle-usine-molson\/","og_site_name":"Teamsters Canada","article_publisher":"https:\/\/www.facebook.com\/Teamsterscanada\/","article_published_time":"2018-10-19T12:50:53+00:00","article_modified_time":"2019-06-27T20:38:30+00:00","og_image":[{"width":1166,"height":768,"url":"https:\/\/teamsters.ca\/wp-content\/uploads\/2018\/10\/molson1new.jpg","type":"image\/jpeg"}],"author":"St\u00e9phanie Meunier","twitter_card":"summary_large_image","twitter_creator":"@TeamstersCanada","twitter_site":"@TeamstersCanada","twitter_misc":{"\u00c9crit par":"St\u00e9phanie Meunier","Estimation du temps de lecture":"5 minutes"},"schema":{"@context":"https:\/\/schema.org","@graph":[{"@type":"Article","@id":"https:\/\/teamsters.ca\/fr\/blog\/2018\/10\/19\/les-teamsters-sinvitent-a-la-pelletee-de-terre-de-la-nouvelle-usine-molson\/#article","isPartOf":{"@id":"https:\/\/teamsters.ca\/fr\/blog\/2018\/10\/19\/les-teamsters-sinvitent-a-la-pelletee-de-terre-de-la-nouvelle-usine-molson\/"},"author":{"name":"St\u00e9phanie Meunier","@id":"https:\/\/teamsters.ca\/fr\/#\/schema\/person\/3e6ffefc39fe2f212400b7d8d0a4a0c1"},"headline":"Les Teamsters s\u2019invitent \u00e0 la pellet\u00e9e de terre de la nouvelle usine Molson","datePublished":"2018-10-19T12:50:53+00:00","dateModified":"2019-06-27T20:38:30+00:00","mainEntityOfPage":{"@id":"https:\/\/teamsters.ca\/fr\/blog\/2018\/10\/19\/les-teamsters-sinvitent-a-la-pelletee-de-terre-de-la-nouvelle-usine-molson\/"},"wordCount":1031,"publisher":{"@id":"https:\/\/teamsters.ca\/fr\/#organization"},"image":{"@id":"https:\/\/teamsters.ca\/fr\/blog\/2018\/10\/19\/les-teamsters-sinvitent-a-la-pelletee-de-terre-de-la-nouvelle-usine-molson\/#primaryimage"},"thumbnailUrl":"https:\/\/teamsters.ca\/wp-content\/uploads\/2018\/10\/molson1new.jpg","keywords":["canned beer","\u00c9ric Picotte","Fran\u00e7ois Legault","future Molson Brewery","Isabelle Melan\u00e7on","MarieChantal Chass\u00e9","Mme MarieChantal Chass\u00e9","Molson","Molson brewery","Molson Coors","nouvelle usine Molson","Recyc-Qu\u00e9bec","virage canette"],"articleSection":["Canada","Nouvelles","Qu\u00e9bec","R\u00e9gion"],"inLanguage":"fr-CA"},{"@type":"WebPage","@id":"https:\/\/teamsters.ca\/fr\/blog\/2018\/10\/19\/les-teamsters-sinvitent-a-la-pelletee-de-terre-de-la-nouvelle-usine-molson\/","url":"https:\/\/teamsters.ca\/fr\/blog\/2018\/10\/19\/les-teamsters-sinvitent-a-la-pelletee-de-terre-de-la-nouvelle-usine-molson\/","name":"Les Teamsters s\u2019invitent \u00e0 la pellet\u00e9e de terre de la nouvelle usine Molson | Teamsters Canada","isPartOf":{"@id":"https:\/\/teamsters.ca\/fr\/#website"},"primaryImageOfPage":{"@id":"https:\/\/teamsters.ca\/fr\/blog\/2018\/10\/19\/les-teamsters-sinvitent-a-la-pelletee-de-terre-de-la-nouvelle-usine-molson\/#primaryimage"},"image":{"@id":"https:\/\/teamsters.ca\/fr\/blog\/2018\/10\/19\/les-teamsters-sinvitent-a-la-pelletee-de-terre-de-la-nouvelle-usine-molson\/#primaryimage"},"thumbnailUrl":"https:\/\/teamsters.ca\/wp-content\/uploads\/2018\/10\/molson1new.jpg","datePublished":"2018-10-19T12:50:53+00:00","dateModified":"2019-06-27T20:38:30+00:00","breadcrumb":{"@id":"https:\/\/teamsters.ca\/fr\/blog\/2018\/10\/19\/les-teamsters-sinvitent-a-la-pelletee-de-terre-de-la-nouvelle-usine-molson\/#breadcrumb"},"inLanguage":"fr-CA","potentialAction":[{"@type":"ReadAction","target":["https:\/\/teamsters.ca\/fr\/blog\/2018\/10\/19\/les-teamsters-sinvitent-a-la-pelletee-de-terre-de-la-nouvelle-usine-molson\/"]}]},{"@type":"ImageObject","inLanguage":"fr-CA","@id":"https:\/\/teamsters.ca\/fr\/blog\/2018\/10\/19\/les-teamsters-sinvitent-a-la-pelletee-de-terre-de-la-nouvelle-usine-molson\/#primaryimage","url":"https:\/\/teamsters.ca\/wp-content\/uploads\/2018\/10\/molson1new.jpg","contentUrl":"https:\/\/teamsters.ca\/wp-content\/uploads\/2018\/10\/molson1new.jpg","width":1166,"height":768},{"@type":"BreadcrumbList","@id":"https:\/\/teamsters.ca\/fr\/blog\/2018\/10\/19\/les-teamsters-sinvitent-a-la-pelletee-de-terre-de-la-nouvelle-usine-molson\/#breadcrumb","itemListElement":[{"@type":"ListItem","position":1,"name":"Home","item":"https:\/\/teamsters.ca\/fr\/"},{"@type":"ListItem","position":2,"name":"Les Teamsters s\u2019invitent \u00e0 la pellet\u00e9e de terre de la nouvelle usine Molson"}]},{"@type":"WebSite","@id":"https:\/\/teamsters.ca\/fr\/#website","url":"https:\/\/teamsters.ca\/fr\/","name":"Teamsters Canada","description":"A Canadian union representing over 125 000 members","publisher":{"@id":"https:\/\/teamsters.ca\/fr\/#organization"},"potentialAction":[{"@type":"SearchAction","target":{"@type":"EntryPoint","urlTemplate":"https:\/\/teamsters.ca\/fr\/?s={search_term_string}"},"query-input":{"@type":"PropertyValueSpecification","valueRequired":true,"valueName":"search_term_string"}}],"inLanguage":"fr-CA"},{"@type":"Organization","@id":"https:\/\/teamsters.ca\/fr\/#organization","name":"Teamsters Canada","url":"https:\/\/teamsters.ca\/fr\/","logo":{"@type":"ImageObject","inLanguage":"fr-CA","@id":"https:\/\/teamsters.ca\/fr\/#\/schema\/logo\/image\/","url":"https:\/\/teamsters.ca\/wp-content\/uploads\/2019\/08\/TeamstersCanada.png","contentUrl":"https:\/\/teamsters.ca\/wp-content\/uploads\/2019\/08\/TeamstersCanada.png","width":545,"height":181,"caption":"Teamsters Canada"},"image":{"@id":"https:\/\/teamsters.ca\/fr\/#\/schema\/logo\/image\/"},"sameAs":["https:\/\/www.facebook.com\/Teamsterscanada\/","https:\/\/x.com\/TeamstersCanada"]},{"@type":"Person","@id":"https:\/\/teamsters.ca\/fr\/#\/schema\/person\/3e6ffefc39fe2f212400b7d8d0a4a0c1","name":"St\u00e9phanie Meunier","image":{"@type":"ImageObject","inLanguage":"fr-CA","@id":"https:\/\/teamsters.ca\/fr\/#\/schema\/person\/image\/","url":"https:\/\/secure.gravatar.com\/avatar\/e4e8404e91ed71cb473fa2708849669810cf083c89825a3d2dd0d47dd6b2be77?s=96&d=mm&r=g","contentUrl":"https:\/\/secure.gravatar.com\/avatar\/e4e8404e91ed71cb473fa2708849669810cf083c89825a3d2dd0d47dd6b2be77?s=96&d=mm&r=g","caption":"St\u00e9phanie Meunier"},"url":"https:\/\/teamsters.ca\/fr\/blog\/author\/smeunier\/"}]}},"_links":{"self":[{"href":"https:\/\/teamsters.ca\/fr\/wp-json\/wp\/v2\/posts\/8802","targetHints":{"allow":["GET"]}}],"collection":[{"href":"https:\/\/teamsters.ca\/fr\/wp-json\/wp\/v2\/posts"}],"about":[{"href":"https:\/\/teamsters.ca\/fr\/wp-json\/wp\/v2\/types\/post"}],"author":[{"embeddable":true,"href":"https:\/\/teamsters.ca\/fr\/wp-json\/wp\/v2\/users\/8"}],"replies":[{"embeddable":true,"href":"https:\/\/teamsters.ca\/fr\/wp-json\/wp\/v2\/comments?post=8802"}],"version-history":[{"count":1,"href":"https:\/\/teamsters.ca\/fr\/wp-json\/wp\/v2\/posts\/8802\/revisions"}],"predecessor-version":[{"id":9752,"href":"https:\/\/teamsters.ca\/fr\/wp-json\/wp\/v2\/posts\/8802\/revisions\/9752"}],"wp:featuredmedia":[{"embeddable":true,"href":"https:\/\/teamsters.ca\/fr\/wp-json\/wp\/v2\/media\/8812"}],"wp:attachment":[{"href":"https:\/\/teamsters.ca\/fr\/wp-json\/wp\/v2\/media?parent=8802"}],"wp:term":[{"taxonomy":"category","embeddable":true,"href":"https:\/\/teamsters.ca\/fr\/wp-json\/wp\/v2\/categories?post=8802"},{"taxonomy":"post_tag","embeddable":true,"href":"https:\/\/teamsters.ca\/fr\/wp-json\/wp\/v2\/tags?post=8802"}],"curies":[{"name":"wp","href":"https:\/\/api.w.org\/{rel}","templated":true}]}}