{"id":8785,"date":"2018-10-11T19:10:32","date_gmt":"2018-10-11T23:10:32","guid":{"rendered":"http:\/\/teamsters.ca\/?p=8785"},"modified":"2019-06-27T20:38:30","modified_gmt":"2019-06-27T20:38:30","slug":"deces-dun-pionnier-des-teamsters-pierre-deschamps","status":"publish","type":"post","link":"https:\/\/teamsters.ca\/fr\/blog\/2018\/10\/11\/deces-dun-pionnier-des-teamsters-pierre-deschamps\/","title":{"rendered":"D\u00e9c\u00e8s d\u2019un pionnier des Teamsters : Pierre Deschamps"},"content":{"rendered":"<p>C\u2019est avec tristesse que nous apprenons le d\u00e9c\u00e8s d\u2019un pionnier du syndicat des Teamsters, Pierre Deschamps.<\/p>\n<p>Le confr\u00e8re Deschamps a \u00e9t\u00e9 pr\u00e9sident du Conseil conjoint 91 (Teamsters Qu\u00e9bec) dans les ann\u00e9es \u201990 jusqu\u2019au tournant des ann\u00e9es 2000, apr\u00e8s avoir \u00e9t\u00e9 pr\u00e9sident de la Section locale 931 de 1971 \u00e0 1992. Il a d\u00e9but\u00e9 sa brillante carri\u00e8re au syndicat des Teamsters comme recruteur et a gravi tous les \u00e9chelons avant de devenir l\u2019un des principaux leaders de notre organisation.<\/p>\n<p>Il a \u00e9t\u00e9 de tous les combats syndicaux pendant plusieurs d\u00e9cennies.<\/p>\n<p>Merci pour tout, Pierre!<\/p>\n","protected":false},"excerpt":{"rendered":"<p>C\u2019est avec tristesse que nous apprenons le d\u00e9c\u00e8s d\u2019un pionnier du syndicat des Teamsters, Pierre Deschamps.<\/p>\n","protected":false},"author":8,"featured_media":8787,"comment_status":"closed","ping_status":"closed","sticky":false,"template":"","format":"standard","meta":{"ngg_post_thumbnail":0,"mc4wp_mailchimp_campaign":[],"footnotes":""},"categories":[1136,1114],"tags":[877,478,496,879,661,808],"class_list":{"0":"post-8785","1":"post","2":"type-post","3":"status-publish","4":"format-standard","5":"has-post-thumbnail","7":"category-deces","8":"category-nouvelles","9":"tag-conseil-conjoint-91","10":"tag-joint-council-91","11":"tag-local-union-931","12":"tag-pierre-deschamps","13":"tag-section-locale-931","14":"tag-teamsters-quebec"},"yoast_head":"<!-- This site is optimized with the Yoast SEO Premium plugin v25.5 (Yoast SEO v25.5) - https:\/\/yoast.com\/wordpress\/plugins\/seo\/ -->\n<title>D\u00e9c\u00e8s d\u2019un pionnier des Teamsters : Pierre Deschamps | Teamsters Canada<\/title>\n<meta name=\"robots\" content=\"index, follow, max-snippet:-1, max-image-preview:large, max-video-preview:-1\" \/>\n<link rel=\"canonical\" href=\"https:\/\/teamsters.ca\/fr\/blog\/2018\/10\/11\/deces-dun-pionnier-des-teamsters-pierre-deschamps\/\" \/>\n<meta property=\"og:locale\" content=\"fr_CA\" \/>\n<meta property=\"og:type\" content=\"article\" \/>\n<meta property=\"og:title\" content=\"D\u00e9c\u00e8s d\u2019un pionnier des Teamsters : Pierre Deschamps\" \/>\n<meta property=\"og:description\" content=\"C\u2019est avec tristesse que nous apprenons le d\u00e9c\u00e8s d\u2019un pionnier du syndicat des Teamsters, Pierre Deschamps.\" \/>\n<meta property=\"og:url\" content=\"https:\/\/teamsters.ca\/fr\/blog\/2018\/10\/11\/deces-dun-pionnier-des-teamsters-pierre-deschamps\/\" \/>\n<meta property=\"og:site_name\" content=\"Teamsters Canada\" \/>\n<meta property=\"article:publisher\" content=\"https:\/\/www.facebook.com\/Teamsterscanada\/\" \/>\n<meta property=\"article:published_time\" content=\"2018-10-11T23:10:32+00:00\" \/>\n<meta property=\"article:modified_time\" content=\"2019-06-27T20:38:30+00:00\" \/>\n<meta property=\"og:image\" content=\"https:\/\/teamsters.ca\/wp-content\/uploads\/2018\/10\/pierre.png\" \/>\n\t<meta property=\"og:image:width\" content=\"1166\" \/>\n\t<meta property=\"og:image:height\" content=\"768\" \/>\n\t<meta property=\"og:image:type\" content=\"image\/png\" \/>\n<meta name=\"author\" content=\"St\u00e9phanie Meunier\" \/>\n<meta name=\"twitter:card\" content=\"summary_large_image\" \/>\n<meta name=\"twitter:creator\" content=\"@TeamstersCanada\" \/>\n<meta name=\"twitter:site\" content=\"@TeamstersCanada\" \/>\n<meta name=\"twitter:label1\" content=\"\u00c9crit par\" \/>\n\t<meta name=\"twitter:data1\" content=\"St\u00e9phanie Meunier\" \/>\n\t<meta name=\"twitter:label2\" content=\"Estimation du temps de lecture\" \/>\n\t<meta name=\"twitter:data2\" content=\"1 minute\" \/>\n<script type=\"application\/ld+json\" class=\"yoast-schema-graph\">{\"@context\":\"https:\/\/schema.org\",\"@graph\":[{\"@type\":\"Article\",\"@id\":\"https:\/\/teamsters.ca\/fr\/blog\/2018\/10\/11\/deces-dun-pionnier-des-teamsters-pierre-deschamps\/#article\",\"isPartOf\":{\"@id\":\"https:\/\/teamsters.ca\/fr\/blog\/2018\/10\/11\/deces-dun-pionnier-des-teamsters-pierre-deschamps\/\"},\"author\":{\"name\":\"St\u00e9phanie Meunier\",\"@id\":\"https:\/\/teamsters.ca\/fr\/#\/schema\/person\/3e6ffefc39fe2f212400b7d8d0a4a0c1\"},\"headline\":\"D\u00e9c\u00e8s d\u2019un pionnier des Teamsters : Pierre Deschamps\",\"datePublished\":\"2018-10-11T23:10:32+00:00\",\"dateModified\":\"2019-06-27T20:38:30+00:00\",\"mainEntityOfPage\":{\"@id\":\"https:\/\/teamsters.ca\/fr\/blog\/2018\/10\/11\/deces-dun-pionnier-des-teamsters-pierre-deschamps\/\"},\"wordCount\":112,\"publisher\":{\"@id\":\"https:\/\/teamsters.ca\/fr\/#organization\"},\"image\":{\"@id\":\"https:\/\/teamsters.ca\/fr\/blog\/2018\/10\/11\/deces-dun-pionnier-des-teamsters-pierre-deschamps\/#primaryimage\"},\"thumbnailUrl\":\"https:\/\/teamsters.ca\/wp-content\/uploads\/2018\/10\/pierre.png\",\"keywords\":[\"Conseil conjoint 91\",\"Joint Council 91\",\"Local Union 931\",\"Pierre Deschamps\",\"Section locale 931\",\"Teamsters Qu\u00e9bec\"],\"articleSection\":[\"D\u00e9c\u00e8s\",\"Nouvelles\"],\"inLanguage\":\"fr-CA\"},{\"@type\":\"WebPage\",\"@id\":\"https:\/\/teamsters.ca\/fr\/blog\/2018\/10\/11\/deces-dun-pionnier-des-teamsters-pierre-deschamps\/\",\"url\":\"https:\/\/teamsters.ca\/fr\/blog\/2018\/10\/11\/deces-dun-pionnier-des-teamsters-pierre-deschamps\/\",\"name\":\"D\u00e9c\u00e8s d\u2019un pionnier des Teamsters : Pierre Deschamps | Teamsters Canada\",\"isPartOf\":{\"@id\":\"https:\/\/teamsters.ca\/fr\/#website\"},\"primaryImageOfPage\":{\"@id\":\"https:\/\/teamsters.ca\/fr\/blog\/2018\/10\/11\/deces-dun-pionnier-des-teamsters-pierre-deschamps\/#primaryimage\"},\"image\":{\"@id\":\"https:\/\/teamsters.ca\/fr\/blog\/2018\/10\/11\/deces-dun-pionnier-des-teamsters-pierre-deschamps\/#primaryimage\"},\"thumbnailUrl\":\"https:\/\/teamsters.ca\/wp-content\/uploads\/2018\/10\/pierre.png\",\"datePublished\":\"2018-10-11T23:10:32+00:00\",\"dateModified\":\"2019-06-27T20:38:30+00:00\",\"breadcrumb\":{\"@id\":\"https:\/\/teamsters.ca\/fr\/blog\/2018\/10\/11\/deces-dun-pionnier-des-teamsters-pierre-deschamps\/#breadcrumb\"},\"inLanguage\":\"fr-CA\",\"potentialAction\":[{\"@type\":\"ReadAction\",\"target\":[\"https:\/\/teamsters.ca\/fr\/blog\/2018\/10\/11\/deces-dun-pionnier-des-teamsters-pierre-deschamps\/\"]}]},{\"@type\":\"ImageObject\",\"inLanguage\":\"fr-CA\",\"@id\":\"https:\/\/teamsters.ca\/fr\/blog\/2018\/10\/11\/deces-dun-pionnier-des-teamsters-pierre-deschamps\/#primaryimage\",\"url\":\"https:\/\/teamsters.ca\/wp-content\/uploads\/2018\/10\/pierre.png\",\"contentUrl\":\"https:\/\/teamsters.ca\/wp-content\/uploads\/2018\/10\/pierre.png\",\"width\":1166,\"height\":768},{\"@type\":\"BreadcrumbList\",\"@id\":\"https:\/\/teamsters.ca\/fr\/blog\/2018\/10\/11\/deces-dun-pionnier-des-teamsters-pierre-deschamps\/#breadcrumb\",\"itemListElement\":[{\"@type\":\"ListItem\",\"position\":1,\"name\":\"Home\",\"item\":\"https:\/\/teamsters.ca\/fr\/\"},{\"@type\":\"ListItem\",\"position\":2,\"name\":\"D\u00e9c\u00e8s d\u2019un pionnier des Teamsters : Pierre Deschamps\"}]},{\"@type\":\"WebSite\",\"@id\":\"https:\/\/teamsters.ca\/fr\/#website\",\"url\":\"https:\/\/teamsters.ca\/fr\/\",\"name\":\"Teamsters Canada\",\"description\":\"A Canadian union representing over 125 000 members\",\"publisher\":{\"@id\":\"https:\/\/teamsters.ca\/fr\/#organization\"},\"potentialAction\":[{\"@type\":\"SearchAction\",\"target\":{\"@type\":\"EntryPoint\",\"urlTemplate\":\"https:\/\/teamsters.ca\/fr\/?s={search_term_string}\"},\"query-input\":{\"@type\":\"PropertyValueSpecification\",\"valueRequired\":true,\"valueName\":\"search_term_string\"}}],\"inLanguage\":\"fr-CA\"},{\"@type\":\"Organization\",\"@id\":\"https:\/\/teamsters.ca\/fr\/#organization\",\"name\":\"Teamsters Canada\",\"url\":\"https:\/\/teamsters.ca\/fr\/\",\"logo\":{\"@type\":\"ImageObject\",\"inLanguage\":\"fr-CA\",\"@id\":\"https:\/\/teamsters.ca\/fr\/#\/schema\/logo\/image\/\",\"url\":\"https:\/\/teamsters.ca\/wp-content\/uploads\/2019\/08\/TeamstersCanada.png\",\"contentUrl\":\"https:\/\/teamsters.ca\/wp-content\/uploads\/2019\/08\/TeamstersCanada.png\",\"width\":545,\"height\":181,\"caption\":\"Teamsters Canada\"},\"image\":{\"@id\":\"https:\/\/teamsters.ca\/fr\/#\/schema\/logo\/image\/\"},\"sameAs\":[\"https:\/\/www.facebook.com\/Teamsterscanada\/\",\"https:\/\/x.com\/TeamstersCanada\"]},{\"@type\":\"Person\",\"@id\":\"https:\/\/teamsters.ca\/fr\/#\/schema\/person\/3e6ffefc39fe2f212400b7d8d0a4a0c1\",\"name\":\"St\u00e9phanie Meunier\",\"image\":{\"@type\":\"ImageObject\",\"inLanguage\":\"fr-CA\",\"@id\":\"https:\/\/teamsters.ca\/fr\/#\/schema\/person\/image\/\",\"url\":\"https:\/\/secure.gravatar.com\/avatar\/e4e8404e91ed71cb473fa2708849669810cf083c89825a3d2dd0d47dd6b2be77?s=96&d=mm&r=g\",\"contentUrl\":\"https:\/\/secure.gravatar.com\/avatar\/e4e8404e91ed71cb473fa2708849669810cf083c89825a3d2dd0d47dd6b2be77?s=96&d=mm&r=g\",\"caption\":\"St\u00e9phanie Meunier\"},\"url\":\"https:\/\/teamsters.ca\/fr\/blog\/author\/smeunier\/\"}]}<\/script>\n<!-- \/ Yoast SEO Premium plugin. -->","yoast_head_json":{"title":"D\u00e9c\u00e8s d\u2019un pionnier des Teamsters : Pierre Deschamps | Teamsters Canada","robots":{"index":"index","follow":"follow","max-snippet":"max-snippet:-1","max-image-preview":"max-image-preview:large","max-video-preview":"max-video-preview:-1"},"canonical":"https:\/\/teamsters.ca\/fr\/blog\/2018\/10\/11\/deces-dun-pionnier-des-teamsters-pierre-deschamps\/","og_locale":"fr_CA","og_type":"article","og_title":"D\u00e9c\u00e8s d\u2019un pionnier des Teamsters : Pierre Deschamps","og_description":"C\u2019est avec tristesse que nous apprenons le d\u00e9c\u00e8s d\u2019un pionnier du syndicat des Teamsters, Pierre Deschamps.","og_url":"https:\/\/teamsters.ca\/fr\/blog\/2018\/10\/11\/deces-dun-pionnier-des-teamsters-pierre-deschamps\/","og_site_name":"Teamsters Canada","article_publisher":"https:\/\/www.facebook.com\/Teamsterscanada\/","article_published_time":"2018-10-11T23:10:32+00:00","article_modified_time":"2019-06-27T20:38:30+00:00","og_image":[{"width":1166,"height":768,"url":"https:\/\/teamsters.ca\/wp-content\/uploads\/2018\/10\/pierre.png","type":"image\/png"}],"author":"St\u00e9phanie Meunier","twitter_card":"summary_large_image","twitter_creator":"@TeamstersCanada","twitter_site":"@TeamstersCanada","twitter_misc":{"\u00c9crit par":"St\u00e9phanie Meunier","Estimation du temps de lecture":"1 minute"},"schema":{"@context":"https:\/\/schema.org","@graph":[{"@type":"Article","@id":"https:\/\/teamsters.ca\/fr\/blog\/2018\/10\/11\/deces-dun-pionnier-des-teamsters-pierre-deschamps\/#article","isPartOf":{"@id":"https:\/\/teamsters.ca\/fr\/blog\/2018\/10\/11\/deces-dun-pionnier-des-teamsters-pierre-deschamps\/"},"author":{"name":"St\u00e9phanie Meunier","@id":"https:\/\/teamsters.ca\/fr\/#\/schema\/person\/3e6ffefc39fe2f212400b7d8d0a4a0c1"},"headline":"D\u00e9c\u00e8s d\u2019un pionnier des Teamsters : Pierre Deschamps","datePublished":"2018-10-11T23:10:32+00:00","dateModified":"2019-06-27T20:38:30+00:00","mainEntityOfPage":{"@id":"https:\/\/teamsters.ca\/fr\/blog\/2018\/10\/11\/deces-dun-pionnier-des-teamsters-pierre-deschamps\/"},"wordCount":112,"publisher":{"@id":"https:\/\/teamsters.ca\/fr\/#organization"},"image":{"@id":"https:\/\/teamsters.ca\/fr\/blog\/2018\/10\/11\/deces-dun-pionnier-des-teamsters-pierre-deschamps\/#primaryimage"},"thumbnailUrl":"https:\/\/teamsters.ca\/wp-content\/uploads\/2018\/10\/pierre.png","keywords":["Conseil conjoint 91","Joint Council 91","Local Union 931","Pierre Deschamps","Section locale 931","Teamsters Qu\u00e9bec"],"articleSection":["D\u00e9c\u00e8s","Nouvelles"],"inLanguage":"fr-CA"},{"@type":"WebPage","@id":"https:\/\/teamsters.ca\/fr\/blog\/2018\/10\/11\/deces-dun-pionnier-des-teamsters-pierre-deschamps\/","url":"https:\/\/teamsters.ca\/fr\/blog\/2018\/10\/11\/deces-dun-pionnier-des-teamsters-pierre-deschamps\/","name":"D\u00e9c\u00e8s d\u2019un pionnier des Teamsters : Pierre Deschamps | Teamsters Canada","isPartOf":{"@id":"https:\/\/teamsters.ca\/fr\/#website"},"primaryImageOfPage":{"@id":"https:\/\/teamsters.ca\/fr\/blog\/2018\/10\/11\/deces-dun-pionnier-des-teamsters-pierre-deschamps\/#primaryimage"},"image":{"@id":"https:\/\/teamsters.ca\/fr\/blog\/2018\/10\/11\/deces-dun-pionnier-des-teamsters-pierre-deschamps\/#primaryimage"},"thumbnailUrl":"https:\/\/teamsters.ca\/wp-content\/uploads\/2018\/10\/pierre.png","datePublished":"2018-10-11T23:10:32+00:00","dateModified":"2019-06-27T20:38:30+00:00","breadcrumb":{"@id":"https:\/\/teamsters.ca\/fr\/blog\/2018\/10\/11\/deces-dun-pionnier-des-teamsters-pierre-deschamps\/#breadcrumb"},"inLanguage":"fr-CA","potentialAction":[{"@type":"ReadAction","target":["https:\/\/teamsters.ca\/fr\/blog\/2018\/10\/11\/deces-dun-pionnier-des-teamsters-pierre-deschamps\/"]}]},{"@type":"ImageObject","inLanguage":"fr-CA","@id":"https:\/\/teamsters.ca\/fr\/blog\/2018\/10\/11\/deces-dun-pionnier-des-teamsters-pierre-deschamps\/#primaryimage","url":"https:\/\/teamsters.ca\/wp-content\/uploads\/2018\/10\/pierre.png","contentUrl":"https:\/\/teamsters.ca\/wp-content\/uploads\/2018\/10\/pierre.png","width":1166,"height":768},{"@type":"BreadcrumbList","@id":"https:\/\/teamsters.ca\/fr\/blog\/2018\/10\/11\/deces-dun-pionnier-des-teamsters-pierre-deschamps\/#breadcrumb","itemListElement":[{"@type":"ListItem","position":1,"name":"Home","item":"https:\/\/teamsters.ca\/fr\/"},{"@type":"ListItem","position":2,"name":"D\u00e9c\u00e8s d\u2019un pionnier des Teamsters : Pierre Deschamps"}]},{"@type":"WebSite","@id":"https:\/\/teamsters.ca\/fr\/#website","url":"https:\/\/teamsters.ca\/fr\/","name":"Teamsters Canada","description":"A Canadian union representing over 125 000 members","publisher":{"@id":"https:\/\/teamsters.ca\/fr\/#organization"},"potentialAction":[{"@type":"SearchAction","target":{"@type":"EntryPoint","urlTemplate":"https:\/\/teamsters.ca\/fr\/?s={search_term_string}"},"query-input":{"@type":"PropertyValueSpecification","valueRequired":true,"valueName":"search_term_string"}}],"inLanguage":"fr-CA"},{"@type":"Organization","@id":"https:\/\/teamsters.ca\/fr\/#organization","name":"Teamsters Canada","url":"https:\/\/teamsters.ca\/fr\/","logo":{"@type":"ImageObject","inLanguage":"fr-CA","@id":"https:\/\/teamsters.ca\/fr\/#\/schema\/logo\/image\/","url":"https:\/\/teamsters.ca\/wp-content\/uploads\/2019\/08\/TeamstersCanada.png","contentUrl":"https:\/\/teamsters.ca\/wp-content\/uploads\/2019\/08\/TeamstersCanada.png","width":545,"height":181,"caption":"Teamsters Canada"},"image":{"@id":"https:\/\/teamsters.ca\/fr\/#\/schema\/logo\/image\/"},"sameAs":["https:\/\/www.facebook.com\/Teamsterscanada\/","https:\/\/x.com\/TeamstersCanada"]},{"@type":"Person","@id":"https:\/\/teamsters.ca\/fr\/#\/schema\/person\/3e6ffefc39fe2f212400b7d8d0a4a0c1","name":"St\u00e9phanie Meunier","image":{"@type":"ImageObject","inLanguage":"fr-CA","@id":"https:\/\/teamsters.ca\/fr\/#\/schema\/person\/image\/","url":"https:\/\/secure.gravatar.com\/avatar\/e4e8404e91ed71cb473fa2708849669810cf083c89825a3d2dd0d47dd6b2be77?s=96&d=mm&r=g","contentUrl":"https:\/\/secure.gravatar.com\/avatar\/e4e8404e91ed71cb473fa2708849669810cf083c89825a3d2dd0d47dd6b2be77?s=96&d=mm&r=g","caption":"St\u00e9phanie Meunier"},"url":"https:\/\/teamsters.ca\/fr\/blog\/author\/smeunier\/"}]}},"_links":{"self":[{"href":"https:\/\/teamsters.ca\/fr\/wp-json\/wp\/v2\/posts\/8785","targetHints":{"allow":["GET"]}}],"collection":[{"href":"https:\/\/teamsters.ca\/fr\/wp-json\/wp\/v2\/posts"}],"about":[{"href":"https:\/\/teamsters.ca\/fr\/wp-json\/wp\/v2\/types\/post"}],"author":[{"embeddable":true,"href":"https:\/\/teamsters.ca\/fr\/wp-json\/wp\/v2\/users\/8"}],"replies":[{"embeddable":true,"href":"https:\/\/teamsters.ca\/fr\/wp-json\/wp\/v2\/comments?post=8785"}],"version-history":[{"count":1,"href":"https:\/\/teamsters.ca\/fr\/wp-json\/wp\/v2\/posts\/8785\/revisions"}],"predecessor-version":[{"id":9757,"href":"https:\/\/teamsters.ca\/fr\/wp-json\/wp\/v2\/posts\/8785\/revisions\/9757"}],"wp:featuredmedia":[{"embeddable":true,"href":"https:\/\/teamsters.ca\/fr\/wp-json\/wp\/v2\/media\/8787"}],"wp:attachment":[{"href":"https:\/\/teamsters.ca\/fr\/wp-json\/wp\/v2\/media?parent=8785"}],"wp:term":[{"taxonomy":"category","embeddable":true,"href":"https:\/\/teamsters.ca\/fr\/wp-json\/wp\/v2\/categories?post=8785"},{"taxonomy":"post_tag","embeddable":true,"href":"https:\/\/teamsters.ca\/fr\/wp-json\/wp\/v2\/tags?post=8785"}],"curies":[{"name":"wp","href":"https:\/\/api.w.org\/{rel}","templated":true}]}}