{"id":8653,"date":"2018-09-06T14:47:58","date_gmt":"2018-09-06T18:47:58","guid":{"rendered":"http:\/\/teamsters.ca\/?p=8653"},"modified":"2019-06-27T20:38:31","modified_gmt":"2019-06-27T20:38:31","slug":"dites-au-gouvernement-du-canada-de-proteger-la-gestion-de-loffre%e2%80%89","status":"publish","type":"post","link":"https:\/\/teamsters.ca\/fr\/blog\/2018\/09\/06\/dites-au-gouvernement-du-canada-de-proteger-la-gestion-de-loffre%e2%80%89\/","title":{"rendered":"Dites au gouvernement du Canada de prot\u00e9ger la gestion de l\u2019offre\u2009!"},"content":{"rendered":"<p>Le pr\u00e9sident Trump continue d\u2019intimider le Canada afin qu\u2019il c\u00e8de du terrain dans le dossier du lait dans le cadre de l\u2019AL\u00c9NA pour que l\u2019industrie am\u00e9ricaine puisse exporter plus de lait am\u00e9ricain au Canada \u2013 rempla\u00e7ant ainsi sur les \u00e9talages de nos magasins le lait et les produits laitiers canadiens de grande qualit\u00e9 qui sont produits localement. R\u00e9cemment, le premier ministre Trudeau a \u00e0 nouveau affirm\u00e9 que le gouvernement du Canada demeure in\u00e9branlable dans son appui envers les producteurs laitiers canadiens et le syst\u00e8me de gestion de l\u2019offre.<\/p>\n<p><span lang=\"FR-CA\">Les producteurs laitiers, leurs familles et les centaines de milliers de Canadiens et de Canadiennes dont le travail est reli\u00e9 au secteur laitier \u00a0comptent maintenant sur votre appui.<\/span><\/p>\n<p>Nous vous invitons \u00e0 signer <span style=\"color: #ff0000;\"><strong><a style=\"color: #ff0000;\" href=\"http:\/\/www.monlaitcanadien.ca\/alena\" target=\"_blank\" rel=\"noopener noreferrer\">cette lettre<\/a><\/strong><\/span> pour encourager le premier ministre \u00e0 continuer de d\u00e9fendre nos producteurs laitiers \u00e0 la table de n\u00e9gociation de l\u2019AL\u00c9NA. Cette lettre sera envoy\u00e9e au premier ministre, et les ministres des Affaires \u00e9trang\u00e8res et de l\u2019Agriculture du Canada, de m\u00eame que votre d\u00e9put\u00e9e ou d\u00e9put\u00e9, en recevront \u00e9galement une copie.<\/p>\n<p>Puisqu\u2019un accord pourrait \u00eatre conclu cette semaine, nous vous demandons de vous joindre <a href=\"http:\/\/www.monlaitcanadien.ca\/alena\" target=\"_blank\" rel=\"noopener noreferrer\"><strong><span style=\"color: #ff0000;\">\u00e0 pr\u00e8s de 20\u2009000 personnes<\/span><\/strong><\/a> qui ont d\u00e9j\u00e0 sign\u00e9 cette lettre en ajoutant votre appui \u00e0 cette d\u00e9marche importante. N\u2019h\u00e9sitez pas \u00e0 encourager vos amis et les membres de votre famille \u00e0 faire de m\u00eame d\u00e8s que possible. Si vous avez d\u00e9j\u00e0 sign\u00e9 la lettre, sachez que votre geste est grandement appr\u00e9ci\u00e9.<\/p>\n<p>Merci beaucoup pour votre aide\u2009!<\/p>\n","protected":false},"excerpt":{"rendered":"<p>Le pr\u00e9sident Trump continue d\u2019intimider le Canada afin qu\u2019il c\u00e8de du terrain dans le dossier du lait dans le cadre de l\u2019AL\u00c9NA pour que l\u2019industrie am\u00e9ricaine puisse exporter plus de lait am\u00e9ricain au Canada&#8230;<\/p>\n","protected":false},"author":8,"featured_media":8660,"comment_status":"closed","ping_status":"closed","sticky":false,"template":"","format":"standard","meta":{"ngg_post_thumbnail":0,"mc4wp_mailchimp_campaign":[],"footnotes":""},"categories":[1140,1119,1114,1137],"tags":[685,424,862,511,124,826,564,863,632,634],"class_list":{"0":"post-8653","1":"post","2":"type-post","3":"status-publish","4":"format-standard","5":"has-post-thumbnail","7":"category-canada-region-fr","8":"category-laiterie","9":"category-nouvelles","10":"category-region-fr","11":"tag-alena","12":"tag-dairy","13":"tag-lait","14":"tag-milk","15":"tag-nafta","16":"tag-premier-ministre-trudeau","17":"tag-prime-minister","18":"tag-producteurs-laitiers","19":"tag-trudeau","20":"tag-trump-en"},"yoast_head":"<!-- This site is optimized with the Yoast SEO Premium plugin v25.5 (Yoast SEO v25.5) - https:\/\/yoast.com\/wordpress\/plugins\/seo\/ -->\n<title>Dites au gouvernement du Canada de prot\u00e9ger la gestion de l\u2019offre\u2009! | Teamsters Canada<\/title>\n<meta name=\"robots\" content=\"index, follow, max-snippet:-1, max-image-preview:large, max-video-preview:-1\" \/>\n<link rel=\"canonical\" href=\"https:\/\/teamsters.ca\/fr\/blog\/2018\/09\/06\/dites-au-gouvernement-du-canada-de-proteger-la-gestion-de-loffre%e2%80%89\/\" \/>\n<meta property=\"og:locale\" content=\"fr_CA\" \/>\n<meta property=\"og:type\" content=\"article\" \/>\n<meta property=\"og:title\" content=\"Dites au gouvernement du Canada de prot\u00e9ger la gestion de l\u2019offre\u2009!\" \/>\n<meta property=\"og:description\" content=\"Le pr\u00e9sident Trump continue d\u2019intimider le Canada afin qu\u2019il c\u00e8de du terrain dans le dossier du lait dans le cadre de l\u2019AL\u00c9NA pour que l\u2019industrie am\u00e9ricaine puisse exporter plus de lait am\u00e9ricain au Canada...\" \/>\n<meta property=\"og:url\" content=\"https:\/\/teamsters.ca\/fr\/blog\/2018\/09\/06\/dites-au-gouvernement-du-canada-de-proteger-la-gestion-de-loffre%e2%80%89\/\" \/>\n<meta property=\"og:site_name\" content=\"Teamsters Canada\" \/>\n<meta property=\"article:publisher\" content=\"https:\/\/www.facebook.com\/Teamsterscanada\/\" \/>\n<meta property=\"article:published_time\" content=\"2018-09-06T18:47:58+00:00\" \/>\n<meta property=\"article:modified_time\" content=\"2019-06-27T20:38:31+00:00\" \/>\n<meta property=\"og:image\" content=\"https:\/\/teamsters.ca\/wp-content\/uploads\/2018\/09\/dairy2.png\" \/>\n\t<meta property=\"og:image:width\" content=\"1166\" \/>\n\t<meta property=\"og:image:height\" content=\"768\" \/>\n\t<meta property=\"og:image:type\" content=\"image\/png\" \/>\n<meta name=\"author\" content=\"St\u00e9phanie Meunier\" \/>\n<meta name=\"twitter:card\" content=\"summary_large_image\" \/>\n<meta name=\"twitter:creator\" content=\"@TeamstersCanada\" \/>\n<meta name=\"twitter:site\" content=\"@TeamstersCanada\" \/>\n<meta name=\"twitter:label1\" content=\"\u00c9crit par\" \/>\n\t<meta name=\"twitter:data1\" content=\"St\u00e9phanie Meunier\" \/>\n\t<meta name=\"twitter:label2\" content=\"Estimation du temps de lecture\" \/>\n\t<meta name=\"twitter:data2\" content=\"1 minute\" \/>\n<script type=\"application\/ld+json\" class=\"yoast-schema-graph\">{\"@context\":\"https:\/\/schema.org\",\"@graph\":[{\"@type\":\"Article\",\"@id\":\"https:\/\/teamsters.ca\/fr\/blog\/2018\/09\/06\/dites-au-gouvernement-du-canada-de-proteger-la-gestion-de-loffre%e2%80%89\/#article\",\"isPartOf\":{\"@id\":\"https:\/\/teamsters.ca\/fr\/blog\/2018\/09\/06\/dites-au-gouvernement-du-canada-de-proteger-la-gestion-de-loffre%e2%80%89\/\"},\"author\":{\"name\":\"St\u00e9phanie Meunier\",\"@id\":\"https:\/\/teamsters.ca\/fr\/#\/schema\/person\/3e6ffefc39fe2f212400b7d8d0a4a0c1\"},\"headline\":\"Dites au gouvernement du Canada de prot\u00e9ger la gestion de l\u2019offre\u2009!\",\"datePublished\":\"2018-09-06T18:47:58+00:00\",\"dateModified\":\"2019-06-27T20:38:31+00:00\",\"mainEntityOfPage\":{\"@id\":\"https:\/\/teamsters.ca\/fr\/blog\/2018\/09\/06\/dites-au-gouvernement-du-canada-de-proteger-la-gestion-de-loffre%e2%80%89\/\"},\"wordCount\":280,\"publisher\":{\"@id\":\"https:\/\/teamsters.ca\/fr\/#organization\"},\"image\":{\"@id\":\"https:\/\/teamsters.ca\/fr\/blog\/2018\/09\/06\/dites-au-gouvernement-du-canada-de-proteger-la-gestion-de-loffre%e2%80%89\/#primaryimage\"},\"thumbnailUrl\":\"https:\/\/teamsters.ca\/wp-content\/uploads\/2018\/09\/dairy2.png\",\"keywords\":[\"AL\u00c9NA\",\"Dairy\",\"lait\",\"milk\",\"NAFTA\",\"premier ministre Trudeau\",\"Prime Minister\",\"producteurs laitiers\",\"Trudeau\",\"Trump\"],\"articleSection\":[\"Canada\",\"Laiterie\",\"Nouvelles\",\"R\u00e9gion\"],\"inLanguage\":\"fr-CA\"},{\"@type\":\"WebPage\",\"@id\":\"https:\/\/teamsters.ca\/fr\/blog\/2018\/09\/06\/dites-au-gouvernement-du-canada-de-proteger-la-gestion-de-loffre%e2%80%89\/\",\"url\":\"https:\/\/teamsters.ca\/fr\/blog\/2018\/09\/06\/dites-au-gouvernement-du-canada-de-proteger-la-gestion-de-loffre%e2%80%89\/\",\"name\":\"Dites au gouvernement du Canada de prot\u00e9ger la gestion de l\u2019offre\u2009! | Teamsters Canada\",\"isPartOf\":{\"@id\":\"https:\/\/teamsters.ca\/fr\/#website\"},\"primaryImageOfPage\":{\"@id\":\"https:\/\/teamsters.ca\/fr\/blog\/2018\/09\/06\/dites-au-gouvernement-du-canada-de-proteger-la-gestion-de-loffre%e2%80%89\/#primaryimage\"},\"image\":{\"@id\":\"https:\/\/teamsters.ca\/fr\/blog\/2018\/09\/06\/dites-au-gouvernement-du-canada-de-proteger-la-gestion-de-loffre%e2%80%89\/#primaryimage\"},\"thumbnailUrl\":\"https:\/\/teamsters.ca\/wp-content\/uploads\/2018\/09\/dairy2.png\",\"datePublished\":\"2018-09-06T18:47:58+00:00\",\"dateModified\":\"2019-06-27T20:38:31+00:00\",\"breadcrumb\":{\"@id\":\"https:\/\/teamsters.ca\/fr\/blog\/2018\/09\/06\/dites-au-gouvernement-du-canada-de-proteger-la-gestion-de-loffre%e2%80%89\/#breadcrumb\"},\"inLanguage\":\"fr-CA\",\"potentialAction\":[{\"@type\":\"ReadAction\",\"target\":[\"https:\/\/teamsters.ca\/fr\/blog\/2018\/09\/06\/dites-au-gouvernement-du-canada-de-proteger-la-gestion-de-loffre%e2%80%89\/\"]}]},{\"@type\":\"ImageObject\",\"inLanguage\":\"fr-CA\",\"@id\":\"https:\/\/teamsters.ca\/fr\/blog\/2018\/09\/06\/dites-au-gouvernement-du-canada-de-proteger-la-gestion-de-loffre%e2%80%89\/#primaryimage\",\"url\":\"https:\/\/teamsters.ca\/wp-content\/uploads\/2018\/09\/dairy2.png\",\"contentUrl\":\"https:\/\/teamsters.ca\/wp-content\/uploads\/2018\/09\/dairy2.png\",\"width\":1166,\"height\":768},{\"@type\":\"BreadcrumbList\",\"@id\":\"https:\/\/teamsters.ca\/fr\/blog\/2018\/09\/06\/dites-au-gouvernement-du-canada-de-proteger-la-gestion-de-loffre%e2%80%89\/#breadcrumb\",\"itemListElement\":[{\"@type\":\"ListItem\",\"position\":1,\"name\":\"Home\",\"item\":\"https:\/\/teamsters.ca\/fr\/\"},{\"@type\":\"ListItem\",\"position\":2,\"name\":\"Dites au gouvernement du Canada de prot\u00e9ger la gestion de l\u2019offre\u2009!\"}]},{\"@type\":\"WebSite\",\"@id\":\"https:\/\/teamsters.ca\/fr\/#website\",\"url\":\"https:\/\/teamsters.ca\/fr\/\",\"name\":\"Teamsters Canada\",\"description\":\"A Canadian union representing over 125 000 members\",\"publisher\":{\"@id\":\"https:\/\/teamsters.ca\/fr\/#organization\"},\"potentialAction\":[{\"@type\":\"SearchAction\",\"target\":{\"@type\":\"EntryPoint\",\"urlTemplate\":\"https:\/\/teamsters.ca\/fr\/?s={search_term_string}\"},\"query-input\":{\"@type\":\"PropertyValueSpecification\",\"valueRequired\":true,\"valueName\":\"search_term_string\"}}],\"inLanguage\":\"fr-CA\"},{\"@type\":\"Organization\",\"@id\":\"https:\/\/teamsters.ca\/fr\/#organization\",\"name\":\"Teamsters Canada\",\"url\":\"https:\/\/teamsters.ca\/fr\/\",\"logo\":{\"@type\":\"ImageObject\",\"inLanguage\":\"fr-CA\",\"@id\":\"https:\/\/teamsters.ca\/fr\/#\/schema\/logo\/image\/\",\"url\":\"https:\/\/teamsters.ca\/wp-content\/uploads\/2019\/08\/TeamstersCanada.png\",\"contentUrl\":\"https:\/\/teamsters.ca\/wp-content\/uploads\/2019\/08\/TeamstersCanada.png\",\"width\":545,\"height\":181,\"caption\":\"Teamsters Canada\"},\"image\":{\"@id\":\"https:\/\/teamsters.ca\/fr\/#\/schema\/logo\/image\/\"},\"sameAs\":[\"https:\/\/www.facebook.com\/Teamsterscanada\/\",\"https:\/\/x.com\/TeamstersCanada\"]},{\"@type\":\"Person\",\"@id\":\"https:\/\/teamsters.ca\/fr\/#\/schema\/person\/3e6ffefc39fe2f212400b7d8d0a4a0c1\",\"name\":\"St\u00e9phanie Meunier\",\"image\":{\"@type\":\"ImageObject\",\"inLanguage\":\"fr-CA\",\"@id\":\"https:\/\/teamsters.ca\/fr\/#\/schema\/person\/image\/\",\"url\":\"https:\/\/secure.gravatar.com\/avatar\/e4e8404e91ed71cb473fa2708849669810cf083c89825a3d2dd0d47dd6b2be77?s=96&d=mm&r=g\",\"contentUrl\":\"https:\/\/secure.gravatar.com\/avatar\/e4e8404e91ed71cb473fa2708849669810cf083c89825a3d2dd0d47dd6b2be77?s=96&d=mm&r=g\",\"caption\":\"St\u00e9phanie Meunier\"},\"url\":\"https:\/\/teamsters.ca\/fr\/blog\/author\/smeunier\/\"}]}<\/script>\n<!-- \/ Yoast SEO Premium plugin. -->","yoast_head_json":{"title":"Dites au gouvernement du Canada de prot\u00e9ger la gestion de l\u2019offre\u2009! | Teamsters Canada","robots":{"index":"index","follow":"follow","max-snippet":"max-snippet:-1","max-image-preview":"max-image-preview:large","max-video-preview":"max-video-preview:-1"},"canonical":"https:\/\/teamsters.ca\/fr\/blog\/2018\/09\/06\/dites-au-gouvernement-du-canada-de-proteger-la-gestion-de-loffre%e2%80%89\/","og_locale":"fr_CA","og_type":"article","og_title":"Dites au gouvernement du Canada de prot\u00e9ger la gestion de l\u2019offre\u2009!","og_description":"Le pr\u00e9sident Trump continue d\u2019intimider le Canada afin qu\u2019il c\u00e8de du terrain dans le dossier du lait dans le cadre de l\u2019AL\u00c9NA pour que l\u2019industrie am\u00e9ricaine puisse exporter plus de lait am\u00e9ricain au Canada...","og_url":"https:\/\/teamsters.ca\/fr\/blog\/2018\/09\/06\/dites-au-gouvernement-du-canada-de-proteger-la-gestion-de-loffre%e2%80%89\/","og_site_name":"Teamsters Canada","article_publisher":"https:\/\/www.facebook.com\/Teamsterscanada\/","article_published_time":"2018-09-06T18:47:58+00:00","article_modified_time":"2019-06-27T20:38:31+00:00","og_image":[{"width":1166,"height":768,"url":"https:\/\/teamsters.ca\/wp-content\/uploads\/2018\/09\/dairy2.png","type":"image\/png"}],"author":"St\u00e9phanie Meunier","twitter_card":"summary_large_image","twitter_creator":"@TeamstersCanada","twitter_site":"@TeamstersCanada","twitter_misc":{"\u00c9crit par":"St\u00e9phanie Meunier","Estimation du temps de lecture":"1 minute"},"schema":{"@context":"https:\/\/schema.org","@graph":[{"@type":"Article","@id":"https:\/\/teamsters.ca\/fr\/blog\/2018\/09\/06\/dites-au-gouvernement-du-canada-de-proteger-la-gestion-de-loffre%e2%80%89\/#article","isPartOf":{"@id":"https:\/\/teamsters.ca\/fr\/blog\/2018\/09\/06\/dites-au-gouvernement-du-canada-de-proteger-la-gestion-de-loffre%e2%80%89\/"},"author":{"name":"St\u00e9phanie Meunier","@id":"https:\/\/teamsters.ca\/fr\/#\/schema\/person\/3e6ffefc39fe2f212400b7d8d0a4a0c1"},"headline":"Dites au gouvernement du Canada de prot\u00e9ger la gestion de l\u2019offre\u2009!","datePublished":"2018-09-06T18:47:58+00:00","dateModified":"2019-06-27T20:38:31+00:00","mainEntityOfPage":{"@id":"https:\/\/teamsters.ca\/fr\/blog\/2018\/09\/06\/dites-au-gouvernement-du-canada-de-proteger-la-gestion-de-loffre%e2%80%89\/"},"wordCount":280,"publisher":{"@id":"https:\/\/teamsters.ca\/fr\/#organization"},"image":{"@id":"https:\/\/teamsters.ca\/fr\/blog\/2018\/09\/06\/dites-au-gouvernement-du-canada-de-proteger-la-gestion-de-loffre%e2%80%89\/#primaryimage"},"thumbnailUrl":"https:\/\/teamsters.ca\/wp-content\/uploads\/2018\/09\/dairy2.png","keywords":["AL\u00c9NA","Dairy","lait","milk","NAFTA","premier ministre Trudeau","Prime Minister","producteurs laitiers","Trudeau","Trump"],"articleSection":["Canada","Laiterie","Nouvelles","R\u00e9gion"],"inLanguage":"fr-CA"},{"@type":"WebPage","@id":"https:\/\/teamsters.ca\/fr\/blog\/2018\/09\/06\/dites-au-gouvernement-du-canada-de-proteger-la-gestion-de-loffre%e2%80%89\/","url":"https:\/\/teamsters.ca\/fr\/blog\/2018\/09\/06\/dites-au-gouvernement-du-canada-de-proteger-la-gestion-de-loffre%e2%80%89\/","name":"Dites au gouvernement du Canada de prot\u00e9ger la gestion de l\u2019offre\u2009! | Teamsters Canada","isPartOf":{"@id":"https:\/\/teamsters.ca\/fr\/#website"},"primaryImageOfPage":{"@id":"https:\/\/teamsters.ca\/fr\/blog\/2018\/09\/06\/dites-au-gouvernement-du-canada-de-proteger-la-gestion-de-loffre%e2%80%89\/#primaryimage"},"image":{"@id":"https:\/\/teamsters.ca\/fr\/blog\/2018\/09\/06\/dites-au-gouvernement-du-canada-de-proteger-la-gestion-de-loffre%e2%80%89\/#primaryimage"},"thumbnailUrl":"https:\/\/teamsters.ca\/wp-content\/uploads\/2018\/09\/dairy2.png","datePublished":"2018-09-06T18:47:58+00:00","dateModified":"2019-06-27T20:38:31+00:00","breadcrumb":{"@id":"https:\/\/teamsters.ca\/fr\/blog\/2018\/09\/06\/dites-au-gouvernement-du-canada-de-proteger-la-gestion-de-loffre%e2%80%89\/#breadcrumb"},"inLanguage":"fr-CA","potentialAction":[{"@type":"ReadAction","target":["https:\/\/teamsters.ca\/fr\/blog\/2018\/09\/06\/dites-au-gouvernement-du-canada-de-proteger-la-gestion-de-loffre%e2%80%89\/"]}]},{"@type":"ImageObject","inLanguage":"fr-CA","@id":"https:\/\/teamsters.ca\/fr\/blog\/2018\/09\/06\/dites-au-gouvernement-du-canada-de-proteger-la-gestion-de-loffre%e2%80%89\/#primaryimage","url":"https:\/\/teamsters.ca\/wp-content\/uploads\/2018\/09\/dairy2.png","contentUrl":"https:\/\/teamsters.ca\/wp-content\/uploads\/2018\/09\/dairy2.png","width":1166,"height":768},{"@type":"BreadcrumbList","@id":"https:\/\/teamsters.ca\/fr\/blog\/2018\/09\/06\/dites-au-gouvernement-du-canada-de-proteger-la-gestion-de-loffre%e2%80%89\/#breadcrumb","itemListElement":[{"@type":"ListItem","position":1,"name":"Home","item":"https:\/\/teamsters.ca\/fr\/"},{"@type":"ListItem","position":2,"name":"Dites au gouvernement du Canada de prot\u00e9ger la gestion de l\u2019offre\u2009!"}]},{"@type":"WebSite","@id":"https:\/\/teamsters.ca\/fr\/#website","url":"https:\/\/teamsters.ca\/fr\/","name":"Teamsters Canada","description":"A Canadian union representing over 125 000 members","publisher":{"@id":"https:\/\/teamsters.ca\/fr\/#organization"},"potentialAction":[{"@type":"SearchAction","target":{"@type":"EntryPoint","urlTemplate":"https:\/\/teamsters.ca\/fr\/?s={search_term_string}"},"query-input":{"@type":"PropertyValueSpecification","valueRequired":true,"valueName":"search_term_string"}}],"inLanguage":"fr-CA"},{"@type":"Organization","@id":"https:\/\/teamsters.ca\/fr\/#organization","name":"Teamsters Canada","url":"https:\/\/teamsters.ca\/fr\/","logo":{"@type":"ImageObject","inLanguage":"fr-CA","@id":"https:\/\/teamsters.ca\/fr\/#\/schema\/logo\/image\/","url":"https:\/\/teamsters.ca\/wp-content\/uploads\/2019\/08\/TeamstersCanada.png","contentUrl":"https:\/\/teamsters.ca\/wp-content\/uploads\/2019\/08\/TeamstersCanada.png","width":545,"height":181,"caption":"Teamsters Canada"},"image":{"@id":"https:\/\/teamsters.ca\/fr\/#\/schema\/logo\/image\/"},"sameAs":["https:\/\/www.facebook.com\/Teamsterscanada\/","https:\/\/x.com\/TeamstersCanada"]},{"@type":"Person","@id":"https:\/\/teamsters.ca\/fr\/#\/schema\/person\/3e6ffefc39fe2f212400b7d8d0a4a0c1","name":"St\u00e9phanie Meunier","image":{"@type":"ImageObject","inLanguage":"fr-CA","@id":"https:\/\/teamsters.ca\/fr\/#\/schema\/person\/image\/","url":"https:\/\/secure.gravatar.com\/avatar\/e4e8404e91ed71cb473fa2708849669810cf083c89825a3d2dd0d47dd6b2be77?s=96&d=mm&r=g","contentUrl":"https:\/\/secure.gravatar.com\/avatar\/e4e8404e91ed71cb473fa2708849669810cf083c89825a3d2dd0d47dd6b2be77?s=96&d=mm&r=g","caption":"St\u00e9phanie Meunier"},"url":"https:\/\/teamsters.ca\/fr\/blog\/author\/smeunier\/"}]}},"_links":{"self":[{"href":"https:\/\/teamsters.ca\/fr\/wp-json\/wp\/v2\/posts\/8653","targetHints":{"allow":["GET"]}}],"collection":[{"href":"https:\/\/teamsters.ca\/fr\/wp-json\/wp\/v2\/posts"}],"about":[{"href":"https:\/\/teamsters.ca\/fr\/wp-json\/wp\/v2\/types\/post"}],"author":[{"embeddable":true,"href":"https:\/\/teamsters.ca\/fr\/wp-json\/wp\/v2\/users\/8"}],"replies":[{"embeddable":true,"href":"https:\/\/teamsters.ca\/fr\/wp-json\/wp\/v2\/comments?post=8653"}],"version-history":[{"count":1,"href":"https:\/\/teamsters.ca\/fr\/wp-json\/wp\/v2\/posts\/8653\/revisions"}],"predecessor-version":[{"id":9771,"href":"https:\/\/teamsters.ca\/fr\/wp-json\/wp\/v2\/posts\/8653\/revisions\/9771"}],"wp:featuredmedia":[{"embeddable":true,"href":"https:\/\/teamsters.ca\/fr\/wp-json\/wp\/v2\/media\/8660"}],"wp:attachment":[{"href":"https:\/\/teamsters.ca\/fr\/wp-json\/wp\/v2\/media?parent=8653"}],"wp:term":[{"taxonomy":"category","embeddable":true,"href":"https:\/\/teamsters.ca\/fr\/wp-json\/wp\/v2\/categories?post=8653"},{"taxonomy":"post_tag","embeddable":true,"href":"https:\/\/teamsters.ca\/fr\/wp-json\/wp\/v2\/tags?post=8653"}],"curies":[{"name":"wp","href":"https:\/\/api.w.org\/{rel}","templated":true}]}}