{"id":8618,"date":"2018-08-28T14:53:46","date_gmt":"2018-08-28T18:53:46","guid":{"rendered":"http:\/\/teamsters.ca\/?p=8618"},"modified":"2019-06-27T20:38:32","modified_gmt":"2019-06-27T20:38:32","slug":"les-teamsters-demandent-une-entente-tripartite","status":"publish","type":"post","link":"https:\/\/teamsters.ca\/fr\/blog\/2018\/08\/28\/les-teamsters-demandent-une-entente-tripartite\/","title":{"rendered":"Les Teamsters demandent une entente tripartite"},"content":{"rendered":"<p>Laval, 28 ao\u00fbt 2018 \u2014 Le texte suivant est une d\u00e9claration du pr\u00e9sident de Teamsters Canada, Fran\u00e7ois Laporte, concernant l\u2019entente de principe bilat\u00e9rale entre les \u00c9tats-Unis et le Mexique en vue de la modernisation de l\u2019Accord de libre-\u00e9change nord-am\u00e9ricain (AL\u00c9NA) :<\/p>\n<p>\u00ab Teamsters Canada est heureux du retour du Canada \u00e0 la table de n\u00e9gociation \u00e0 la suite de l\u2019entente \u00e0 l\u2019amiable intervenue entre les \u00c9tats-Unis et le Mexique. Les d\u00e9tails de cette entente devront \u00eatre soigneusement \u00e9tudi\u00e9s dans la foul\u00e9e de la reprise des n\u00e9gociations entre le Canada et les \u00c9tats-Unis qui auront pour objectif ultime d\u2019obtenir un accord entre les trois partenaires de l\u2019AL\u00c9NA.<\/p>\n<p>\u00ab Le Canada et les \u00c9tats-Unis sont l&rsquo;un pour l\u2019autre les partenaires \u00e9conomiques les plus importants \u00e0 l\u2019exportation, pas la Chine et le Mexique. Les \u00c9tats-Unis b\u00e9n\u00e9ficient d\u2019un exc\u00e9dent commercial de 8,4 milliards de dollars am\u00e9ricains avec le Canada. Des millions d\u2019emplois des deux c\u00f4t\u00e9s de la fronti\u00e8re, notamment 5000 Teamsters oeuvrant dans l\u2019industrie laiti\u00e8re, d\u00e9pendent d\u2019une relation commerciale stable entre les deux pays.<\/p>\n<p style=\"text-align: left;\">\u00ab L\u2019industrie laiti\u00e8re repr\u00e9sente moins de 0,5 % des \u00e9changes commerciaux entre nos deux pays. Les \u00c9tats-Unis jouissent d\u2019un exc\u00e9dant commercial de 518 millions de dollars am\u00e9ricains avec le Canada depuis 2017. En fait, le Canada ach\u00e8te aux Am\u00e9ricains une valeur cinq fois sup\u00e9rieure en produits laitiers; par cons\u00e9quent, nos exportations dans ce secteur sont minimes.<\/p>\n<p>\u00ab Nous souhaitons aussi que les parties continuent \u00e0 discuter des clauses en mati\u00e8re de droit du travail, tel que propos\u00e9 par les n\u00e9gociateurs canadiens, puisque celles-ci devront \u00eatre ex\u00e9cutoires.<\/p>\n<p>\u00ab Entre-temps, nous allons continuer \u00e0 travailler en \u00e9troite collaboration avec la Fraternit\u00e9 internationale des Teamsters en vue de conclure une entente tripartite de l\u2019AL\u00c9NA qui sera profitable pour tous les travailleurs et toutes les travailleuses. \u00bb<\/p>\n<p><em>Le syndicat des Teamsters repr\u00e9sente les int\u00e9r\u00eats de pr\u00e8s de 125 000 travailleuses et travailleurs au Canada. Teamsters Canada est affili\u00e9 \u00e0 la Fraternit\u00e9 internationale des Teamsters, dont l\u2019effectif syndical est de 1,4 million de membres en Am\u00e9rique du Nord.<\/em><\/p>\n<p style=\"text-align: center;\">-30-<\/p>\n<p><strong>Renseignements :<\/strong><\/p>\n<p>Christopher Monette<br \/>\nDirecteur des Affaires publiques<br \/>\nPortable : 514-226-6002<br \/>\n<a href=\"mailto:cmonette@teamsters.ca\" target=\"_blank\" rel=\"noopener noreferrer\">cmonette@teamsters.ca<\/a><\/p>\n<h2>DANS LA M\u00caME CAT\u00c9GORIE<\/h2>\n<figure id=\"attachment_7794\" aria-describedby=\"caption-attachment-7794\" style=\"width: 300px\" class=\"wp-caption alignleft\"><a href=\"https:\/\/teamsters.ca\/fr\/blog\/2018\/04\/09\/les-teamsters-et-le-syndicat-ferroviaire-mexicain-demandent-des-changements-a-lalena\/\"><img loading=\"lazy\" decoding=\"async\" class=\"wp-image-7794 size-medium\" src=\"https:\/\/teamsters.ca\/wp-content\/uploads\/2018\/04\/ALENA2_0-300x198.png\" alt=\"\" width=\"300\" height=\"198\" srcset=\"https:\/\/teamsters.ca\/wp-content\/uploads\/2018\/04\/ALENA2_0-300x198.png 300w, https:\/\/teamsters.ca\/wp-content\/uploads\/2018\/04\/ALENA2_0-150x99.png 150w, https:\/\/teamsters.ca\/wp-content\/uploads\/2018\/04\/ALENA2_0-768x506.png 768w, https:\/\/teamsters.ca\/wp-content\/uploads\/2018\/04\/ALENA2_0-1024x674.png 1024w, https:\/\/teamsters.ca\/wp-content\/uploads\/2018\/04\/ALENA2_0-696x458.png 696w, https:\/\/teamsters.ca\/wp-content\/uploads\/2018\/04\/ALENA2_0-741x486.png 741w, https:\/\/teamsters.ca\/wp-content\/uploads\/2018\/04\/ALENA2_0-1068x703.png 1068w, https:\/\/teamsters.ca\/wp-content\/uploads\/2018\/04\/ALENA2_0-638x420.png 638w, https:\/\/teamsters.ca\/wp-content\/uploads\/2018\/04\/ALENA2_0.png 1166w\" sizes=\"auto, (max-width: 300px) 100vw, 300px\" \/><\/a><figcaption id=\"caption-attachment-7794\" class=\"wp-caption-text\">LES TEAMSTERS ET LE SYNDICAT FERROVIAIRE MEXICAIN DEMANDENT DES CHANGEMENTS \u00c0 L\u2019ALENA<\/figcaption><\/figure>\n<figure id=\"attachment_7328\" aria-describedby=\"caption-attachment-7328\" style=\"width: 300px\" class=\"wp-caption alignleft\"><a href=\"https:\/\/teamsters.ca\/fr\/blog\/2017\/10\/16\/les-dirigeants-des-teamsters-aux-etats-unis-et-au-canada-louangent-leurs-negociateurs-respectifs-de-lalena\/\"><img loading=\"lazy\" decoding=\"async\" class=\"wp-image-7328 size-medium\" src=\"https:\/\/teamsters.ca\/wp-content\/uploads\/2017\/10\/alena4-300x194.png\" alt=\"\" width=\"300\" height=\"194\" srcset=\"https:\/\/teamsters.ca\/wp-content\/uploads\/2017\/10\/alena4-300x194.png 300w, https:\/\/teamsters.ca\/wp-content\/uploads\/2017\/10\/alena4-150x97.png 150w, https:\/\/teamsters.ca\/wp-content\/uploads\/2017\/10\/alena4-768x496.png 768w, https:\/\/teamsters.ca\/wp-content\/uploads\/2017\/10\/alena4-1024x661.png 1024w, https:\/\/teamsters.ca\/wp-content\/uploads\/2017\/10\/alena4-696x450.png 696w, https:\/\/teamsters.ca\/wp-content\/uploads\/2017\/10\/alena4-1068x690.png 1068w, https:\/\/teamsters.ca\/wp-content\/uploads\/2017\/10\/alena4-650x420.png 650w, https:\/\/teamsters.ca\/wp-content\/uploads\/2017\/10\/alena4.png 1666w\" sizes=\"auto, (max-width: 300px) 100vw, 300px\" \/><\/a><figcaption id=\"caption-attachment-7328\" class=\"wp-caption-text\">LES DIRIGEANTS DES TEAMSTERS AUX \u00c9TATS-UNIS ET AU CANADA LOUANGENT LEURS N\u00c9GOCIATEURS RESPECTIFS DE L\u2019ALENA<\/figcaption><\/figure>\n<figure id=\"attachment_7200\" aria-describedby=\"caption-attachment-7200\" style=\"width: 300px\" class=\"wp-caption alignnone\"><a href=\"https:\/\/teamsters.ca\/fr\/blog\/2017\/09\/27\/les-teamsters-incitent-les-negociateurs-de-lalena-a-tenir-compte-des-travailleurs-et-de-lindustrie-du-camionnage\/\"><img loading=\"lazy\" decoding=\"async\" class=\"wp-image-7200 size-medium\" src=\"https:\/\/teamsters.ca\/wp-content\/uploads\/2017\/09\/NAFTA-ALENA-300x136.png\" alt=\"\" width=\"300\" height=\"136\" srcset=\"https:\/\/teamsters.ca\/wp-content\/uploads\/2017\/09\/NAFTA-ALENA-300x136.png 300w, https:\/\/teamsters.ca\/wp-content\/uploads\/2017\/09\/NAFTA-ALENA-150x68.png 150w, https:\/\/teamsters.ca\/wp-content\/uploads\/2017\/09\/NAFTA-ALENA-768x348.png 768w, https:\/\/teamsters.ca\/wp-content\/uploads\/2017\/09\/NAFTA-ALENA-1024x464.png 1024w, https:\/\/teamsters.ca\/wp-content\/uploads\/2017\/09\/NAFTA-ALENA-696x316.png 696w, https:\/\/teamsters.ca\/wp-content\/uploads\/2017\/09\/NAFTA-ALENA-1068x484.png 1068w, https:\/\/teamsters.ca\/wp-content\/uploads\/2017\/09\/NAFTA-ALENA-926x420.png 926w, https:\/\/teamsters.ca\/wp-content\/uploads\/2017\/09\/NAFTA-ALENA-1920x871.png 1920w, https:\/\/teamsters.ca\/wp-content\/uploads\/2017\/09\/NAFTA-ALENA.png 2000w\" sizes=\"auto, (max-width: 300px) 100vw, 300px\" \/><\/a><figcaption id=\"caption-attachment-7200\" class=\"wp-caption-text\">LES TEAMSTERS INCITENT LES N\u00c9GOCIATEURS DE L\u2019ALENA \u00c0 TENIR COMPTE DES TRAVAILLEURS ET DE L\u2019INDUSTRIE DU CAMIONNAGE<\/figcaption><\/figure>\n<figure id=\"attachment_7170\" aria-describedby=\"caption-attachment-7170\" style=\"width: 300px\" class=\"wp-caption alignleft\"><a href=\"https:\/\/teamsters.ca\/fr\/blog\/2017\/09\/25\/front-commun-des-teamsters-du-canada-et-des-etats-unis-lors-de-la-troisieme-renegociation-de-lalena\/\"><img loading=\"lazy\" decoding=\"async\" class=\"wp-image-7170 size-medium\" src=\"https:\/\/teamsters.ca\/wp-content\/uploads\/2017\/09\/alena34-300x189.png\" alt=\"\" width=\"300\" height=\"189\" \/><\/a><figcaption id=\"caption-attachment-7170\" class=\"wp-caption-text\">FRONT COMMUN DES TEAMSTERS DU CANADA ET DES \u00c9TATS-UNIS LORS DE LA TROISI\u00c8ME REN\u00c9GOCIATION DE L\u2019AL\u00c9NA<\/figcaption><\/figure>\n<figure id=\"attachment_7133\" aria-describedby=\"caption-attachment-7133\" style=\"width: 300px\" class=\"wp-caption alignleft\"><a href=\"https:\/\/teamsters.ca\/fr\/blog\/2017\/09\/24\/alena-troisieme-rounde-de-negociations\/\"><img loading=\"lazy\" decoding=\"async\" class=\"wp-image-7133 size-medium\" src=\"https:\/\/teamsters.ca\/wp-content\/uploads\/2017\/09\/Alenafrench-1-300x194.png\" alt=\"\" width=\"300\" height=\"194\" \/><\/a><figcaption id=\"caption-attachment-7133\" class=\"wp-caption-text\">AL\u00c9NA \u2013 TROISI\u00c8ME ROUNDE DE N\u00c9GOCIATIONS<\/figcaption><\/figure>\n","protected":false},"excerpt":{"rendered":"<p>Le texte suivant est une d\u00e9claration du pr\u00e9sident de Teamsters Canada, Fran\u00e7ois Laporte, concernant l\u2019entente de principe bilat\u00e9rale entre les \u00c9tats-Unis et le Mexique en vue de la modernisation de l\u2019Accord de libre-\u00e9change nord-am\u00e9ricain (AL\u00c9NA)<\/p>\n","protected":false},"author":8,"featured_media":7200,"comment_status":"closed","ping_status":"closed","sticky":false,"template":"","format":"standard","meta":{"ngg_post_thumbnail":0,"mc4wp_mailchimp_campaign":[],"footnotes":""},"categories":[1140,1135,1114,1137,1130,1134,1132],"tags":[685,424,334,859,124,860,601],"class_list":{"0":"post-8618","1":"post","2":"type-post","3":"status-publish","4":"format-standard","5":"has-post-thumbnail","7":"category-canada-region-fr","8":"category-entrepot","9":"category-nouvelles","10":"category-region-fr","11":"category-secteur-public","12":"category-transport-fr","13":"category-transport-ferroviaire","14":"tag-alena","15":"tag-dairy","16":"tag-francois-laporte","17":"tag-industrie-laitiere","18":"tag-nafta","19":"tag-president-de-teamsters-canada","20":"tag-teamsters-canada-president"},"yoast_head":"<!-- This site is optimized with the Yoast SEO Premium plugin v25.5 (Yoast SEO v25.5) - https:\/\/yoast.com\/wordpress\/plugins\/seo\/ -->\n<title>Les Teamsters demandent une entente tripartite | Teamsters Canada<\/title>\n<meta name=\"robots\" content=\"index, follow, max-snippet:-1, max-image-preview:large, max-video-preview:-1\" \/>\n<link rel=\"canonical\" href=\"https:\/\/teamsters.ca\/fr\/blog\/2018\/08\/28\/les-teamsters-demandent-une-entente-tripartite\/\" \/>\n<meta property=\"og:locale\" content=\"fr_CA\" \/>\n<meta property=\"og:type\" content=\"article\" \/>\n<meta property=\"og:title\" content=\"Les Teamsters demandent une entente tripartite\" \/>\n<meta property=\"og:description\" content=\"Le texte suivant est une d\u00e9claration du pr\u00e9sident de Teamsters Canada, Fran\u00e7ois Laporte, concernant l\u2019entente de principe bilat\u00e9rale entre les \u00c9tats-Unis et le Mexique en vue de la modernisation de l\u2019Accord de libre-\u00e9change nord-am\u00e9ricain (AL\u00c9NA)\" \/>\n<meta property=\"og:url\" content=\"https:\/\/teamsters.ca\/fr\/blog\/2018\/08\/28\/les-teamsters-demandent-une-entente-tripartite\/\" \/>\n<meta property=\"og:site_name\" content=\"Teamsters Canada\" \/>\n<meta property=\"article:publisher\" content=\"https:\/\/www.facebook.com\/Teamsterscanada\/\" \/>\n<meta property=\"article:published_time\" content=\"2018-08-28T18:53:46+00:00\" \/>\n<meta property=\"article:modified_time\" content=\"2019-06-27T20:38:32+00:00\" \/>\n<meta property=\"og:image\" content=\"https:\/\/teamsters.ca\/wp-content\/uploads\/2017\/09\/NAFTA-ALENA.png\" \/>\n\t<meta property=\"og:image:width\" content=\"2000\" \/>\n\t<meta property=\"og:image:height\" content=\"907\" \/>\n\t<meta property=\"og:image:type\" content=\"image\/png\" \/>\n<meta name=\"author\" content=\"St\u00e9phanie Meunier\" \/>\n<meta name=\"twitter:card\" content=\"summary_large_image\" \/>\n<meta name=\"twitter:creator\" content=\"@TeamstersCanada\" \/>\n<meta name=\"twitter:site\" content=\"@TeamstersCanada\" \/>\n<meta name=\"twitter:label1\" content=\"\u00c9crit par\" \/>\n\t<meta name=\"twitter:data1\" content=\"St\u00e9phanie Meunier\" \/>\n\t<meta name=\"twitter:label2\" content=\"Estimation du temps de lecture\" \/>\n\t<meta name=\"twitter:data2\" content=\"2 minutes\" \/>\n<script type=\"application\/ld+json\" class=\"yoast-schema-graph\">{\"@context\":\"https:\/\/schema.org\",\"@graph\":[{\"@type\":\"Article\",\"@id\":\"https:\/\/teamsters.ca\/fr\/blog\/2018\/08\/28\/les-teamsters-demandent-une-entente-tripartite\/#article\",\"isPartOf\":{\"@id\":\"https:\/\/teamsters.ca\/fr\/blog\/2018\/08\/28\/les-teamsters-demandent-une-entente-tripartite\/\"},\"author\":{\"name\":\"St\u00e9phanie Meunier\",\"@id\":\"https:\/\/teamsters.ca\/fr\/#\/schema\/person\/3e6ffefc39fe2f212400b7d8d0a4a0c1\"},\"headline\":\"Les Teamsters demandent une entente tripartite\",\"datePublished\":\"2018-08-28T18:53:46+00:00\",\"dateModified\":\"2019-06-27T20:38:32+00:00\",\"mainEntityOfPage\":{\"@id\":\"https:\/\/teamsters.ca\/fr\/blog\/2018\/08\/28\/les-teamsters-demandent-une-entente-tripartite\/\"},\"wordCount\":501,\"publisher\":{\"@id\":\"https:\/\/teamsters.ca\/fr\/#organization\"},\"image\":{\"@id\":\"https:\/\/teamsters.ca\/fr\/blog\/2018\/08\/28\/les-teamsters-demandent-une-entente-tripartite\/#primaryimage\"},\"thumbnailUrl\":\"https:\/\/teamsters.ca\/wp-content\/uploads\/2017\/09\/NAFTA-ALENA.png\",\"keywords\":[\"AL\u00c9NA\",\"Dairy\",\"Fran\u00e7ois Laporte\",\"industrie laiti\u00e8re\",\"NAFTA\",\"pr\u00e9sident de Teamsters Canada\",\"Teamsters Canada President\"],\"articleSection\":[\"Canada\",\"Entrep\u00f4t\",\"Nouvelles\",\"R\u00e9gion\",\"Secteur public\",\"Transport\",\"Transport ferroviaire\"],\"inLanguage\":\"fr-CA\"},{\"@type\":\"WebPage\",\"@id\":\"https:\/\/teamsters.ca\/fr\/blog\/2018\/08\/28\/les-teamsters-demandent-une-entente-tripartite\/\",\"url\":\"https:\/\/teamsters.ca\/fr\/blog\/2018\/08\/28\/les-teamsters-demandent-une-entente-tripartite\/\",\"name\":\"Les Teamsters demandent une entente tripartite | Teamsters Canada\",\"isPartOf\":{\"@id\":\"https:\/\/teamsters.ca\/fr\/#website\"},\"primaryImageOfPage\":{\"@id\":\"https:\/\/teamsters.ca\/fr\/blog\/2018\/08\/28\/les-teamsters-demandent-une-entente-tripartite\/#primaryimage\"},\"image\":{\"@id\":\"https:\/\/teamsters.ca\/fr\/blog\/2018\/08\/28\/les-teamsters-demandent-une-entente-tripartite\/#primaryimage\"},\"thumbnailUrl\":\"https:\/\/teamsters.ca\/wp-content\/uploads\/2017\/09\/NAFTA-ALENA.png\",\"datePublished\":\"2018-08-28T18:53:46+00:00\",\"dateModified\":\"2019-06-27T20:38:32+00:00\",\"breadcrumb\":{\"@id\":\"https:\/\/teamsters.ca\/fr\/blog\/2018\/08\/28\/les-teamsters-demandent-une-entente-tripartite\/#breadcrumb\"},\"inLanguage\":\"fr-CA\",\"potentialAction\":[{\"@type\":\"ReadAction\",\"target\":[\"https:\/\/teamsters.ca\/fr\/blog\/2018\/08\/28\/les-teamsters-demandent-une-entente-tripartite\/\"]}]},{\"@type\":\"ImageObject\",\"inLanguage\":\"fr-CA\",\"@id\":\"https:\/\/teamsters.ca\/fr\/blog\/2018\/08\/28\/les-teamsters-demandent-une-entente-tripartite\/#primaryimage\",\"url\":\"https:\/\/teamsters.ca\/wp-content\/uploads\/2017\/09\/NAFTA-ALENA.png\",\"contentUrl\":\"https:\/\/teamsters.ca\/wp-content\/uploads\/2017\/09\/NAFTA-ALENA.png\",\"width\":2000,\"height\":907},{\"@type\":\"BreadcrumbList\",\"@id\":\"https:\/\/teamsters.ca\/fr\/blog\/2018\/08\/28\/les-teamsters-demandent-une-entente-tripartite\/#breadcrumb\",\"itemListElement\":[{\"@type\":\"ListItem\",\"position\":1,\"name\":\"Home\",\"item\":\"https:\/\/teamsters.ca\/fr\/\"},{\"@type\":\"ListItem\",\"position\":2,\"name\":\"Les Teamsters demandent une entente tripartite\"}]},{\"@type\":\"WebSite\",\"@id\":\"https:\/\/teamsters.ca\/fr\/#website\",\"url\":\"https:\/\/teamsters.ca\/fr\/\",\"name\":\"Teamsters Canada\",\"description\":\"A Canadian union representing over 125 000 members\",\"publisher\":{\"@id\":\"https:\/\/teamsters.ca\/fr\/#organization\"},\"potentialAction\":[{\"@type\":\"SearchAction\",\"target\":{\"@type\":\"EntryPoint\",\"urlTemplate\":\"https:\/\/teamsters.ca\/fr\/?s={search_term_string}\"},\"query-input\":{\"@type\":\"PropertyValueSpecification\",\"valueRequired\":true,\"valueName\":\"search_term_string\"}}],\"inLanguage\":\"fr-CA\"},{\"@type\":\"Organization\",\"@id\":\"https:\/\/teamsters.ca\/fr\/#organization\",\"name\":\"Teamsters Canada\",\"url\":\"https:\/\/teamsters.ca\/fr\/\",\"logo\":{\"@type\":\"ImageObject\",\"inLanguage\":\"fr-CA\",\"@id\":\"https:\/\/teamsters.ca\/fr\/#\/schema\/logo\/image\/\",\"url\":\"https:\/\/teamsters.ca\/wp-content\/uploads\/2019\/08\/TeamstersCanada.png\",\"contentUrl\":\"https:\/\/teamsters.ca\/wp-content\/uploads\/2019\/08\/TeamstersCanada.png\",\"width\":545,\"height\":181,\"caption\":\"Teamsters Canada\"},\"image\":{\"@id\":\"https:\/\/teamsters.ca\/fr\/#\/schema\/logo\/image\/\"},\"sameAs\":[\"https:\/\/www.facebook.com\/Teamsterscanada\/\",\"https:\/\/x.com\/TeamstersCanada\"]},{\"@type\":\"Person\",\"@id\":\"https:\/\/teamsters.ca\/fr\/#\/schema\/person\/3e6ffefc39fe2f212400b7d8d0a4a0c1\",\"name\":\"St\u00e9phanie Meunier\",\"image\":{\"@type\":\"ImageObject\",\"inLanguage\":\"fr-CA\",\"@id\":\"https:\/\/teamsters.ca\/fr\/#\/schema\/person\/image\/\",\"url\":\"https:\/\/secure.gravatar.com\/avatar\/e4e8404e91ed71cb473fa2708849669810cf083c89825a3d2dd0d47dd6b2be77?s=96&d=mm&r=g\",\"contentUrl\":\"https:\/\/secure.gravatar.com\/avatar\/e4e8404e91ed71cb473fa2708849669810cf083c89825a3d2dd0d47dd6b2be77?s=96&d=mm&r=g\",\"caption\":\"St\u00e9phanie Meunier\"},\"url\":\"https:\/\/teamsters.ca\/fr\/blog\/author\/smeunier\/\"}]}<\/script>\n<!-- \/ Yoast SEO Premium plugin. -->","yoast_head_json":{"title":"Les Teamsters demandent une entente tripartite | Teamsters Canada","robots":{"index":"index","follow":"follow","max-snippet":"max-snippet:-1","max-image-preview":"max-image-preview:large","max-video-preview":"max-video-preview:-1"},"canonical":"https:\/\/teamsters.ca\/fr\/blog\/2018\/08\/28\/les-teamsters-demandent-une-entente-tripartite\/","og_locale":"fr_CA","og_type":"article","og_title":"Les Teamsters demandent une entente tripartite","og_description":"Le texte suivant est une d\u00e9claration du pr\u00e9sident de Teamsters Canada, Fran\u00e7ois Laporte, concernant l\u2019entente de principe bilat\u00e9rale entre les \u00c9tats-Unis et le Mexique en vue de la modernisation de l\u2019Accord de libre-\u00e9change nord-am\u00e9ricain (AL\u00c9NA)","og_url":"https:\/\/teamsters.ca\/fr\/blog\/2018\/08\/28\/les-teamsters-demandent-une-entente-tripartite\/","og_site_name":"Teamsters Canada","article_publisher":"https:\/\/www.facebook.com\/Teamsterscanada\/","article_published_time":"2018-08-28T18:53:46+00:00","article_modified_time":"2019-06-27T20:38:32+00:00","og_image":[{"width":2000,"height":907,"url":"https:\/\/teamsters.ca\/wp-content\/uploads\/2017\/09\/NAFTA-ALENA.png","type":"image\/png"}],"author":"St\u00e9phanie Meunier","twitter_card":"summary_large_image","twitter_creator":"@TeamstersCanada","twitter_site":"@TeamstersCanada","twitter_misc":{"\u00c9crit par":"St\u00e9phanie Meunier","Estimation du temps de lecture":"2 minutes"},"schema":{"@context":"https:\/\/schema.org","@graph":[{"@type":"Article","@id":"https:\/\/teamsters.ca\/fr\/blog\/2018\/08\/28\/les-teamsters-demandent-une-entente-tripartite\/#article","isPartOf":{"@id":"https:\/\/teamsters.ca\/fr\/blog\/2018\/08\/28\/les-teamsters-demandent-une-entente-tripartite\/"},"author":{"name":"St\u00e9phanie Meunier","@id":"https:\/\/teamsters.ca\/fr\/#\/schema\/person\/3e6ffefc39fe2f212400b7d8d0a4a0c1"},"headline":"Les Teamsters demandent une entente tripartite","datePublished":"2018-08-28T18:53:46+00:00","dateModified":"2019-06-27T20:38:32+00:00","mainEntityOfPage":{"@id":"https:\/\/teamsters.ca\/fr\/blog\/2018\/08\/28\/les-teamsters-demandent-une-entente-tripartite\/"},"wordCount":501,"publisher":{"@id":"https:\/\/teamsters.ca\/fr\/#organization"},"image":{"@id":"https:\/\/teamsters.ca\/fr\/blog\/2018\/08\/28\/les-teamsters-demandent-une-entente-tripartite\/#primaryimage"},"thumbnailUrl":"https:\/\/teamsters.ca\/wp-content\/uploads\/2017\/09\/NAFTA-ALENA.png","keywords":["AL\u00c9NA","Dairy","Fran\u00e7ois Laporte","industrie laiti\u00e8re","NAFTA","pr\u00e9sident de Teamsters Canada","Teamsters Canada President"],"articleSection":["Canada","Entrep\u00f4t","Nouvelles","R\u00e9gion","Secteur public","Transport","Transport ferroviaire"],"inLanguage":"fr-CA"},{"@type":"WebPage","@id":"https:\/\/teamsters.ca\/fr\/blog\/2018\/08\/28\/les-teamsters-demandent-une-entente-tripartite\/","url":"https:\/\/teamsters.ca\/fr\/blog\/2018\/08\/28\/les-teamsters-demandent-une-entente-tripartite\/","name":"Les Teamsters demandent une entente tripartite | Teamsters Canada","isPartOf":{"@id":"https:\/\/teamsters.ca\/fr\/#website"},"primaryImageOfPage":{"@id":"https:\/\/teamsters.ca\/fr\/blog\/2018\/08\/28\/les-teamsters-demandent-une-entente-tripartite\/#primaryimage"},"image":{"@id":"https:\/\/teamsters.ca\/fr\/blog\/2018\/08\/28\/les-teamsters-demandent-une-entente-tripartite\/#primaryimage"},"thumbnailUrl":"https:\/\/teamsters.ca\/wp-content\/uploads\/2017\/09\/NAFTA-ALENA.png","datePublished":"2018-08-28T18:53:46+00:00","dateModified":"2019-06-27T20:38:32+00:00","breadcrumb":{"@id":"https:\/\/teamsters.ca\/fr\/blog\/2018\/08\/28\/les-teamsters-demandent-une-entente-tripartite\/#breadcrumb"},"inLanguage":"fr-CA","potentialAction":[{"@type":"ReadAction","target":["https:\/\/teamsters.ca\/fr\/blog\/2018\/08\/28\/les-teamsters-demandent-une-entente-tripartite\/"]}]},{"@type":"ImageObject","inLanguage":"fr-CA","@id":"https:\/\/teamsters.ca\/fr\/blog\/2018\/08\/28\/les-teamsters-demandent-une-entente-tripartite\/#primaryimage","url":"https:\/\/teamsters.ca\/wp-content\/uploads\/2017\/09\/NAFTA-ALENA.png","contentUrl":"https:\/\/teamsters.ca\/wp-content\/uploads\/2017\/09\/NAFTA-ALENA.png","width":2000,"height":907},{"@type":"BreadcrumbList","@id":"https:\/\/teamsters.ca\/fr\/blog\/2018\/08\/28\/les-teamsters-demandent-une-entente-tripartite\/#breadcrumb","itemListElement":[{"@type":"ListItem","position":1,"name":"Home","item":"https:\/\/teamsters.ca\/fr\/"},{"@type":"ListItem","position":2,"name":"Les Teamsters demandent une entente tripartite"}]},{"@type":"WebSite","@id":"https:\/\/teamsters.ca\/fr\/#website","url":"https:\/\/teamsters.ca\/fr\/","name":"Teamsters Canada","description":"A Canadian union representing over 125 000 members","publisher":{"@id":"https:\/\/teamsters.ca\/fr\/#organization"},"potentialAction":[{"@type":"SearchAction","target":{"@type":"EntryPoint","urlTemplate":"https:\/\/teamsters.ca\/fr\/?s={search_term_string}"},"query-input":{"@type":"PropertyValueSpecification","valueRequired":true,"valueName":"search_term_string"}}],"inLanguage":"fr-CA"},{"@type":"Organization","@id":"https:\/\/teamsters.ca\/fr\/#organization","name":"Teamsters Canada","url":"https:\/\/teamsters.ca\/fr\/","logo":{"@type":"ImageObject","inLanguage":"fr-CA","@id":"https:\/\/teamsters.ca\/fr\/#\/schema\/logo\/image\/","url":"https:\/\/teamsters.ca\/wp-content\/uploads\/2019\/08\/TeamstersCanada.png","contentUrl":"https:\/\/teamsters.ca\/wp-content\/uploads\/2019\/08\/TeamstersCanada.png","width":545,"height":181,"caption":"Teamsters Canada"},"image":{"@id":"https:\/\/teamsters.ca\/fr\/#\/schema\/logo\/image\/"},"sameAs":["https:\/\/www.facebook.com\/Teamsterscanada\/","https:\/\/x.com\/TeamstersCanada"]},{"@type":"Person","@id":"https:\/\/teamsters.ca\/fr\/#\/schema\/person\/3e6ffefc39fe2f212400b7d8d0a4a0c1","name":"St\u00e9phanie Meunier","image":{"@type":"ImageObject","inLanguage":"fr-CA","@id":"https:\/\/teamsters.ca\/fr\/#\/schema\/person\/image\/","url":"https:\/\/secure.gravatar.com\/avatar\/e4e8404e91ed71cb473fa2708849669810cf083c89825a3d2dd0d47dd6b2be77?s=96&d=mm&r=g","contentUrl":"https:\/\/secure.gravatar.com\/avatar\/e4e8404e91ed71cb473fa2708849669810cf083c89825a3d2dd0d47dd6b2be77?s=96&d=mm&r=g","caption":"St\u00e9phanie Meunier"},"url":"https:\/\/teamsters.ca\/fr\/blog\/author\/smeunier\/"}]}},"_links":{"self":[{"href":"https:\/\/teamsters.ca\/fr\/wp-json\/wp\/v2\/posts\/8618","targetHints":{"allow":["GET"]}}],"collection":[{"href":"https:\/\/teamsters.ca\/fr\/wp-json\/wp\/v2\/posts"}],"about":[{"href":"https:\/\/teamsters.ca\/fr\/wp-json\/wp\/v2\/types\/post"}],"author":[{"embeddable":true,"href":"https:\/\/teamsters.ca\/fr\/wp-json\/wp\/v2\/users\/8"}],"replies":[{"embeddable":true,"href":"https:\/\/teamsters.ca\/fr\/wp-json\/wp\/v2\/comments?post=8618"}],"version-history":[{"count":1,"href":"https:\/\/teamsters.ca\/fr\/wp-json\/wp\/v2\/posts\/8618\/revisions"}],"predecessor-version":[{"id":9778,"href":"https:\/\/teamsters.ca\/fr\/wp-json\/wp\/v2\/posts\/8618\/revisions\/9778"}],"wp:featuredmedia":[{"embeddable":true,"href":"https:\/\/teamsters.ca\/fr\/wp-json\/wp\/v2\/media\/7200"}],"wp:attachment":[{"href":"https:\/\/teamsters.ca\/fr\/wp-json\/wp\/v2\/media?parent=8618"}],"wp:term":[{"taxonomy":"category","embeddable":true,"href":"https:\/\/teamsters.ca\/fr\/wp-json\/wp\/v2\/categories?post=8618"},{"taxonomy":"post_tag","embeddable":true,"href":"https:\/\/teamsters.ca\/fr\/wp-json\/wp\/v2\/tags?post=8618"}],"curies":[{"name":"wp","href":"https:\/\/api.w.org\/{rel}","templated":true}]}}