{"id":8593,"date":"2018-08-23T15:48:42","date_gmt":"2018-08-23T19:48:42","guid":{"rendered":"http:\/\/teamsters.ca\/?p=8593"},"modified":"2019-06-27T20:38:32","modified_gmt":"2019-06-27T20:38:32","slug":"explications-sur-le-phenomene-des-camionneurs-fous","status":"publish","type":"post","link":"https:\/\/teamsters.ca\/fr\/blog\/2018\/08\/23\/explications-sur-le-phenomene-des-camionneurs-fous\/","title":{"rendered":"Explications sur le ph\u00e9nom\u00e8ne des \u00ab camionneurs fous \u00bb"},"content":{"rendered":"<figure id=\"attachment_7732\" aria-describedby=\"caption-attachment-7732\" style=\"width: 236px\" class=\"wp-caption alignright\"><img loading=\"lazy\" decoding=\"async\" class=\"wp-image-7732 size-medium\" src=\"https:\/\/teamsters.ca\/wp-content\/uploads\/2018\/03\/Jean-236x300.jpg\" alt=\"Jean\" width=\"236\" height=\"300\" \/><figcaption id=\"caption-attachment-7732\" class=\"wp-caption-text\">Jean Chartrand, pr\u00e9sident de la Section locale 106 des Teamsters<\/figcaption><\/figure>\n<p><em><strong>Jean Chartrand est pr\u00e9sident de la Section locale 106 des Teamsters et repr\u00e9sente les int\u00e9r\u00eats de plusieurs milliers de camionneurs et de camionneuses au Qu\u00e9bec<\/strong><\/em><\/p>\n<p>Le r\u00e9cent reportage du Journal de Montr\u00e9al concernant le <span style=\"color: #ff0000;\"><a style=\"color: #ff0000;\" href=\"http:\/\/www.journaldemontreal.com\/2018\/08\/23\/des-dangers-publics-sur-nos-routes\" target=\"_blank\" rel=\"noopener noreferrer\">comportement de certains camionneurs sur les routes du Qu\u00e9bec<\/a><\/span> n\u2019a pas manqu\u00e9 d\u2019attirer mon attention et suscit\u00e9 mon indignation. J\u2019ai \u00e9t\u00e9 moi-m\u00eame camionneur pendant plusieurs d\u00e9cennies et j\u2019ai observ\u00e9 avec regret que le comportement de certains de mes confr\u00e8res et consoeurs a chang\u00e9 au fil du temps.<\/p>\n<p>On a pas \u00e0 chercher de midi \u00e0 quatorze heures pour expliquer cet inqui\u00e9tant ph\u00e9nom\u00e8ne. Bien que les camionneurs fautifs portent une grande partie de la responsabilit\u00e9 de leur conduite dangereuse, il faut aussi \u00eatre conscient que les conditions dans l\u2019industrie du transport routier &#8211; notamment pour les travailleurs non syndiqu\u00e9s &#8211; sont difficiles et qu\u2019elles peuvent pousser certains travailleurs \u00e0 violer le Code de la s\u00e9curit\u00e9 routi\u00e8re afin d\u2019arriver \u00e0 destination \u00e0 temps.<\/p>\n<p>En clair, les camionneurs sont press\u00e9s comme des citrons pour livrer leur marchandise \u00e0 temps. C\u2019est aussi simple que \u00e7a.<\/p>\n<p>Les Teamsters s&rsquo;inqui\u00e9taient d\u00e9j\u00e0 des cons\u00e9quences de cette pression mise sur les routiers dans <span style=\"color: #ff0000;\"><a style=\"color: #ff0000;\" href=\"https:\/\/teamsters.ca\/fr\/blog\/2017\/02\/27\/consultation-de-la-saaq-on-doit-cesser-de-presser-les-camionneurs-comme-des-citrons\/\" target=\"_blank\" rel=\"noopener noreferrer\">un rapport<\/a><\/span> que nous avons d\u00e9pos\u00e9 lors des consultations effectu\u00e9es par la Soci\u00e9t\u00e9 d\u2019assurance automobile du Qu\u00e9bec (SAAQ) en f\u00e9vrier 2017. Le reportage du journaliste David Prince du Journal de Montr\u00e9al vient confirmer que nous avions raison de tirer la sonnette d\u2019alarme.<\/p>\n<p>Am\u00e9liorer les conditions des routiers pour assurer la s\u00e9curit\u00e9 routi\u00e8re de tous les usagers<\/p>\n<p>Nous r\u00e9clamons depuis des ann\u00e9es que les conditions de travail des routiers soient am\u00e9lior\u00e9es et normalis\u00e9es. Un camionneur pay\u00e9 \u00e0 l\u2019heure et disposant d\u2019un temps raisonnable pour effectuer la livraison de la marchandise ne sera pas tent\u00e9 de conduire dangereusement pour atteindre sa destination \u00e0 temps et assurer son gagne-pain.<\/p>\n<p>Bref, les Teamsters demandent \u00e0 ce qu\u2019on cesse de traiter les camionneurs et les camionneuses comme des travailleurs et travailleuses sans importance et la soi-disant p\u00e9nurie de main-d\u2019oeuvre prendra fin, tout en assurant la s\u00e9curit\u00e9 sur les routes.<\/p>\n<p>Pour ce faire, les gouvernements provinciaux ainsi que le f\u00e9d\u00e9ral, les donneurs d\u2019ouvrage et les employeurs dans le transport routier doivent accepter de lancer des consultations franches et bas\u00e9es sur la r\u00e9alit\u00e9 des camionneurs. Nous sommes d\u2019avis qu\u2019il faut passer \u00e0 l\u2019action avant qu\u2019une catastrophe ne survienne.<\/p>\n<p>Nous avons collectivement et individuellement la responsabilit\u00e9 d\u2019assurer la s\u00e9curit\u00e9 des usagers de la route. Les Teamsters font leur part en lan\u00e7ant un appel \u00e0 tous et toutes. La balle est d\u00e9sormais dans le camp des autres parties prenantes dans cet important dossier.<\/p>\n","protected":false},"excerpt":{"rendered":"<p>Le r\u00e9cent reportage du Journal de Montr\u00e9al concernant le comportement de certains camionneurs sur les routes du Qu\u00e9bec n\u2019a pas manqu\u00e9 d\u2019attirer mon attention et suscit\u00e9 mon indignation&#8230;<\/p>\n","protected":false},"author":8,"featured_media":8595,"comment_status":"closed","ping_status":"closed","sticky":false,"template":"","format":"standard","meta":{"ngg_post_thumbnail":0,"mc4wp_mailchimp_campaign":[],"footnotes":""},"categories":[1114],"tags":[851,852,853,737,656,752],"class_list":{"0":"post-8593","1":"post","2":"type-post","3":"status-publish","4":"format-standard","5":"has-post-thumbnail","7":"category-nouvelles","8":"tag-camionneur","9":"tag-camionneuses","10":"tag-conditions-des-routiers","11":"tag-jean-chartrand","12":"tag-section-locale-106","13":"tag-transport-routier"},"yoast_head":"<!-- This site is optimized with the Yoast SEO Premium plugin v25.5 (Yoast SEO v25.5) - https:\/\/yoast.com\/wordpress\/plugins\/seo\/ -->\n<title>Explications sur le ph\u00e9nom\u00e8ne des \u00ab camionneurs fous \u00bb | Teamsters Canada<\/title>\n<meta name=\"robots\" content=\"index, follow, max-snippet:-1, max-image-preview:large, max-video-preview:-1\" \/>\n<link rel=\"canonical\" href=\"https:\/\/teamsters.ca\/fr\/blog\/2018\/08\/23\/explications-sur-le-phenomene-des-camionneurs-fous\/\" \/>\n<meta property=\"og:locale\" content=\"fr_CA\" \/>\n<meta property=\"og:type\" content=\"article\" \/>\n<meta property=\"og:title\" content=\"Explications sur le ph\u00e9nom\u00e8ne des \u00ab camionneurs fous \u00bb\" \/>\n<meta property=\"og:description\" content=\"Le r\u00e9cent reportage du Journal de Montr\u00e9al concernant le comportement de certains camionneurs sur les routes du Qu\u00e9bec n\u2019a pas manqu\u00e9 d\u2019attirer mon attention et suscit\u00e9 mon indignation...\" \/>\n<meta property=\"og:url\" content=\"https:\/\/teamsters.ca\/fr\/blog\/2018\/08\/23\/explications-sur-le-phenomene-des-camionneurs-fous\/\" \/>\n<meta property=\"og:site_name\" content=\"Teamsters Canada\" \/>\n<meta property=\"article:publisher\" content=\"https:\/\/www.facebook.com\/Teamsterscanada\/\" \/>\n<meta property=\"article:published_time\" content=\"2018-08-23T19:48:42+00:00\" \/>\n<meta property=\"article:modified_time\" content=\"2019-06-27T20:38:32+00:00\" \/>\n<meta property=\"og:image\" content=\"https:\/\/teamsters.ca\/wp-content\/uploads\/2018\/08\/camionneurpresse.png\" \/>\n\t<meta property=\"og:image:width\" content=\"1166\" \/>\n\t<meta property=\"og:image:height\" content=\"768\" \/>\n\t<meta property=\"og:image:type\" content=\"image\/png\" \/>\n<meta name=\"author\" content=\"St\u00e9phanie Meunier\" \/>\n<meta name=\"twitter:card\" content=\"summary_large_image\" \/>\n<meta name=\"twitter:creator\" content=\"@TeamstersCanada\" \/>\n<meta name=\"twitter:site\" content=\"@TeamstersCanada\" \/>\n<meta name=\"twitter:label1\" content=\"\u00c9crit par\" \/>\n\t<meta name=\"twitter:data1\" content=\"St\u00e9phanie Meunier\" \/>\n\t<meta name=\"twitter:label2\" content=\"Estimation du temps de lecture\" \/>\n\t<meta name=\"twitter:data2\" content=\"2 minutes\" \/>\n<script type=\"application\/ld+json\" class=\"yoast-schema-graph\">{\"@context\":\"https:\/\/schema.org\",\"@graph\":[{\"@type\":\"Article\",\"@id\":\"https:\/\/teamsters.ca\/fr\/blog\/2018\/08\/23\/explications-sur-le-phenomene-des-camionneurs-fous\/#article\",\"isPartOf\":{\"@id\":\"https:\/\/teamsters.ca\/fr\/blog\/2018\/08\/23\/explications-sur-le-phenomene-des-camionneurs-fous\/\"},\"author\":{\"name\":\"St\u00e9phanie Meunier\",\"@id\":\"https:\/\/teamsters.ca\/fr\/#\/schema\/person\/3e6ffefc39fe2f212400b7d8d0a4a0c1\"},\"headline\":\"Explications sur le ph\u00e9nom\u00e8ne des \u00ab camionneurs fous \u00bb\",\"datePublished\":\"2018-08-23T19:48:42+00:00\",\"dateModified\":\"2019-06-27T20:38:32+00:00\",\"mainEntityOfPage\":{\"@id\":\"https:\/\/teamsters.ca\/fr\/blog\/2018\/08\/23\/explications-sur-le-phenomene-des-camionneurs-fous\/\"},\"wordCount\":500,\"publisher\":{\"@id\":\"https:\/\/teamsters.ca\/fr\/#organization\"},\"image\":{\"@id\":\"https:\/\/teamsters.ca\/fr\/blog\/2018\/08\/23\/explications-sur-le-phenomene-des-camionneurs-fous\/#primaryimage\"},\"thumbnailUrl\":\"https:\/\/teamsters.ca\/wp-content\/uploads\/2018\/08\/camionneurpresse.png\",\"keywords\":[\"camionneur\",\"camionneuses\",\"conditions des routiers\",\"Jean Chartrand\",\"Section locale 106\",\"transport routier\"],\"articleSection\":[\"Nouvelles\"],\"inLanguage\":\"fr-CA\"},{\"@type\":\"WebPage\",\"@id\":\"https:\/\/teamsters.ca\/fr\/blog\/2018\/08\/23\/explications-sur-le-phenomene-des-camionneurs-fous\/\",\"url\":\"https:\/\/teamsters.ca\/fr\/blog\/2018\/08\/23\/explications-sur-le-phenomene-des-camionneurs-fous\/\",\"name\":\"Explications sur le ph\u00e9nom\u00e8ne des \u00ab camionneurs fous \u00bb | Teamsters Canada\",\"isPartOf\":{\"@id\":\"https:\/\/teamsters.ca\/fr\/#website\"},\"primaryImageOfPage\":{\"@id\":\"https:\/\/teamsters.ca\/fr\/blog\/2018\/08\/23\/explications-sur-le-phenomene-des-camionneurs-fous\/#primaryimage\"},\"image\":{\"@id\":\"https:\/\/teamsters.ca\/fr\/blog\/2018\/08\/23\/explications-sur-le-phenomene-des-camionneurs-fous\/#primaryimage\"},\"thumbnailUrl\":\"https:\/\/teamsters.ca\/wp-content\/uploads\/2018\/08\/camionneurpresse.png\",\"datePublished\":\"2018-08-23T19:48:42+00:00\",\"dateModified\":\"2019-06-27T20:38:32+00:00\",\"breadcrumb\":{\"@id\":\"https:\/\/teamsters.ca\/fr\/blog\/2018\/08\/23\/explications-sur-le-phenomene-des-camionneurs-fous\/#breadcrumb\"},\"inLanguage\":\"fr-CA\",\"potentialAction\":[{\"@type\":\"ReadAction\",\"target\":[\"https:\/\/teamsters.ca\/fr\/blog\/2018\/08\/23\/explications-sur-le-phenomene-des-camionneurs-fous\/\"]}]},{\"@type\":\"ImageObject\",\"inLanguage\":\"fr-CA\",\"@id\":\"https:\/\/teamsters.ca\/fr\/blog\/2018\/08\/23\/explications-sur-le-phenomene-des-camionneurs-fous\/#primaryimage\",\"url\":\"https:\/\/teamsters.ca\/wp-content\/uploads\/2018\/08\/camionneurpresse.png\",\"contentUrl\":\"https:\/\/teamsters.ca\/wp-content\/uploads\/2018\/08\/camionneurpresse.png\",\"width\":1166,\"height\":768},{\"@type\":\"BreadcrumbList\",\"@id\":\"https:\/\/teamsters.ca\/fr\/blog\/2018\/08\/23\/explications-sur-le-phenomene-des-camionneurs-fous\/#breadcrumb\",\"itemListElement\":[{\"@type\":\"ListItem\",\"position\":1,\"name\":\"Home\",\"item\":\"https:\/\/teamsters.ca\/fr\/\"},{\"@type\":\"ListItem\",\"position\":2,\"name\":\"Explications sur le ph\u00e9nom\u00e8ne des \u00ab camionneurs fous \u00bb\"}]},{\"@type\":\"WebSite\",\"@id\":\"https:\/\/teamsters.ca\/fr\/#website\",\"url\":\"https:\/\/teamsters.ca\/fr\/\",\"name\":\"Teamsters Canada\",\"description\":\"A Canadian union representing over 125 000 members\",\"publisher\":{\"@id\":\"https:\/\/teamsters.ca\/fr\/#organization\"},\"potentialAction\":[{\"@type\":\"SearchAction\",\"target\":{\"@type\":\"EntryPoint\",\"urlTemplate\":\"https:\/\/teamsters.ca\/fr\/?s={search_term_string}\"},\"query-input\":{\"@type\":\"PropertyValueSpecification\",\"valueRequired\":true,\"valueName\":\"search_term_string\"}}],\"inLanguage\":\"fr-CA\"},{\"@type\":\"Organization\",\"@id\":\"https:\/\/teamsters.ca\/fr\/#organization\",\"name\":\"Teamsters Canada\",\"url\":\"https:\/\/teamsters.ca\/fr\/\",\"logo\":{\"@type\":\"ImageObject\",\"inLanguage\":\"fr-CA\",\"@id\":\"https:\/\/teamsters.ca\/fr\/#\/schema\/logo\/image\/\",\"url\":\"https:\/\/teamsters.ca\/wp-content\/uploads\/2019\/08\/TeamstersCanada.png\",\"contentUrl\":\"https:\/\/teamsters.ca\/wp-content\/uploads\/2019\/08\/TeamstersCanada.png\",\"width\":545,\"height\":181,\"caption\":\"Teamsters Canada\"},\"image\":{\"@id\":\"https:\/\/teamsters.ca\/fr\/#\/schema\/logo\/image\/\"},\"sameAs\":[\"https:\/\/www.facebook.com\/Teamsterscanada\/\",\"https:\/\/x.com\/TeamstersCanada\"]},{\"@type\":\"Person\",\"@id\":\"https:\/\/teamsters.ca\/fr\/#\/schema\/person\/3e6ffefc39fe2f212400b7d8d0a4a0c1\",\"name\":\"St\u00e9phanie Meunier\",\"image\":{\"@type\":\"ImageObject\",\"inLanguage\":\"fr-CA\",\"@id\":\"https:\/\/teamsters.ca\/fr\/#\/schema\/person\/image\/\",\"url\":\"https:\/\/secure.gravatar.com\/avatar\/e4e8404e91ed71cb473fa2708849669810cf083c89825a3d2dd0d47dd6b2be77?s=96&d=mm&r=g\",\"contentUrl\":\"https:\/\/secure.gravatar.com\/avatar\/e4e8404e91ed71cb473fa2708849669810cf083c89825a3d2dd0d47dd6b2be77?s=96&d=mm&r=g\",\"caption\":\"St\u00e9phanie Meunier\"},\"url\":\"https:\/\/teamsters.ca\/fr\/blog\/author\/smeunier\/\"}]}<\/script>\n<!-- \/ Yoast SEO Premium plugin. -->","yoast_head_json":{"title":"Explications sur le ph\u00e9nom\u00e8ne des \u00ab camionneurs fous \u00bb | Teamsters Canada","robots":{"index":"index","follow":"follow","max-snippet":"max-snippet:-1","max-image-preview":"max-image-preview:large","max-video-preview":"max-video-preview:-1"},"canonical":"https:\/\/teamsters.ca\/fr\/blog\/2018\/08\/23\/explications-sur-le-phenomene-des-camionneurs-fous\/","og_locale":"fr_CA","og_type":"article","og_title":"Explications sur le ph\u00e9nom\u00e8ne des \u00ab camionneurs fous \u00bb","og_description":"Le r\u00e9cent reportage du Journal de Montr\u00e9al concernant le comportement de certains camionneurs sur les routes du Qu\u00e9bec n\u2019a pas manqu\u00e9 d\u2019attirer mon attention et suscit\u00e9 mon indignation...","og_url":"https:\/\/teamsters.ca\/fr\/blog\/2018\/08\/23\/explications-sur-le-phenomene-des-camionneurs-fous\/","og_site_name":"Teamsters Canada","article_publisher":"https:\/\/www.facebook.com\/Teamsterscanada\/","article_published_time":"2018-08-23T19:48:42+00:00","article_modified_time":"2019-06-27T20:38:32+00:00","og_image":[{"width":1166,"height":768,"url":"https:\/\/teamsters.ca\/wp-content\/uploads\/2018\/08\/camionneurpresse.png","type":"image\/png"}],"author":"St\u00e9phanie Meunier","twitter_card":"summary_large_image","twitter_creator":"@TeamstersCanada","twitter_site":"@TeamstersCanada","twitter_misc":{"\u00c9crit par":"St\u00e9phanie Meunier","Estimation du temps de lecture":"2 minutes"},"schema":{"@context":"https:\/\/schema.org","@graph":[{"@type":"Article","@id":"https:\/\/teamsters.ca\/fr\/blog\/2018\/08\/23\/explications-sur-le-phenomene-des-camionneurs-fous\/#article","isPartOf":{"@id":"https:\/\/teamsters.ca\/fr\/blog\/2018\/08\/23\/explications-sur-le-phenomene-des-camionneurs-fous\/"},"author":{"name":"St\u00e9phanie Meunier","@id":"https:\/\/teamsters.ca\/fr\/#\/schema\/person\/3e6ffefc39fe2f212400b7d8d0a4a0c1"},"headline":"Explications sur le ph\u00e9nom\u00e8ne des \u00ab camionneurs fous \u00bb","datePublished":"2018-08-23T19:48:42+00:00","dateModified":"2019-06-27T20:38:32+00:00","mainEntityOfPage":{"@id":"https:\/\/teamsters.ca\/fr\/blog\/2018\/08\/23\/explications-sur-le-phenomene-des-camionneurs-fous\/"},"wordCount":500,"publisher":{"@id":"https:\/\/teamsters.ca\/fr\/#organization"},"image":{"@id":"https:\/\/teamsters.ca\/fr\/blog\/2018\/08\/23\/explications-sur-le-phenomene-des-camionneurs-fous\/#primaryimage"},"thumbnailUrl":"https:\/\/teamsters.ca\/wp-content\/uploads\/2018\/08\/camionneurpresse.png","keywords":["camionneur","camionneuses","conditions des routiers","Jean Chartrand","Section locale 106","transport routier"],"articleSection":["Nouvelles"],"inLanguage":"fr-CA"},{"@type":"WebPage","@id":"https:\/\/teamsters.ca\/fr\/blog\/2018\/08\/23\/explications-sur-le-phenomene-des-camionneurs-fous\/","url":"https:\/\/teamsters.ca\/fr\/blog\/2018\/08\/23\/explications-sur-le-phenomene-des-camionneurs-fous\/","name":"Explications sur le ph\u00e9nom\u00e8ne des \u00ab camionneurs fous \u00bb | Teamsters Canada","isPartOf":{"@id":"https:\/\/teamsters.ca\/fr\/#website"},"primaryImageOfPage":{"@id":"https:\/\/teamsters.ca\/fr\/blog\/2018\/08\/23\/explications-sur-le-phenomene-des-camionneurs-fous\/#primaryimage"},"image":{"@id":"https:\/\/teamsters.ca\/fr\/blog\/2018\/08\/23\/explications-sur-le-phenomene-des-camionneurs-fous\/#primaryimage"},"thumbnailUrl":"https:\/\/teamsters.ca\/wp-content\/uploads\/2018\/08\/camionneurpresse.png","datePublished":"2018-08-23T19:48:42+00:00","dateModified":"2019-06-27T20:38:32+00:00","breadcrumb":{"@id":"https:\/\/teamsters.ca\/fr\/blog\/2018\/08\/23\/explications-sur-le-phenomene-des-camionneurs-fous\/#breadcrumb"},"inLanguage":"fr-CA","potentialAction":[{"@type":"ReadAction","target":["https:\/\/teamsters.ca\/fr\/blog\/2018\/08\/23\/explications-sur-le-phenomene-des-camionneurs-fous\/"]}]},{"@type":"ImageObject","inLanguage":"fr-CA","@id":"https:\/\/teamsters.ca\/fr\/blog\/2018\/08\/23\/explications-sur-le-phenomene-des-camionneurs-fous\/#primaryimage","url":"https:\/\/teamsters.ca\/wp-content\/uploads\/2018\/08\/camionneurpresse.png","contentUrl":"https:\/\/teamsters.ca\/wp-content\/uploads\/2018\/08\/camionneurpresse.png","width":1166,"height":768},{"@type":"BreadcrumbList","@id":"https:\/\/teamsters.ca\/fr\/blog\/2018\/08\/23\/explications-sur-le-phenomene-des-camionneurs-fous\/#breadcrumb","itemListElement":[{"@type":"ListItem","position":1,"name":"Home","item":"https:\/\/teamsters.ca\/fr\/"},{"@type":"ListItem","position":2,"name":"Explications sur le ph\u00e9nom\u00e8ne des \u00ab camionneurs fous \u00bb"}]},{"@type":"WebSite","@id":"https:\/\/teamsters.ca\/fr\/#website","url":"https:\/\/teamsters.ca\/fr\/","name":"Teamsters Canada","description":"A Canadian union representing over 125 000 members","publisher":{"@id":"https:\/\/teamsters.ca\/fr\/#organization"},"potentialAction":[{"@type":"SearchAction","target":{"@type":"EntryPoint","urlTemplate":"https:\/\/teamsters.ca\/fr\/?s={search_term_string}"},"query-input":{"@type":"PropertyValueSpecification","valueRequired":true,"valueName":"search_term_string"}}],"inLanguage":"fr-CA"},{"@type":"Organization","@id":"https:\/\/teamsters.ca\/fr\/#organization","name":"Teamsters Canada","url":"https:\/\/teamsters.ca\/fr\/","logo":{"@type":"ImageObject","inLanguage":"fr-CA","@id":"https:\/\/teamsters.ca\/fr\/#\/schema\/logo\/image\/","url":"https:\/\/teamsters.ca\/wp-content\/uploads\/2019\/08\/TeamstersCanada.png","contentUrl":"https:\/\/teamsters.ca\/wp-content\/uploads\/2019\/08\/TeamstersCanada.png","width":545,"height":181,"caption":"Teamsters Canada"},"image":{"@id":"https:\/\/teamsters.ca\/fr\/#\/schema\/logo\/image\/"},"sameAs":["https:\/\/www.facebook.com\/Teamsterscanada\/","https:\/\/x.com\/TeamstersCanada"]},{"@type":"Person","@id":"https:\/\/teamsters.ca\/fr\/#\/schema\/person\/3e6ffefc39fe2f212400b7d8d0a4a0c1","name":"St\u00e9phanie Meunier","image":{"@type":"ImageObject","inLanguage":"fr-CA","@id":"https:\/\/teamsters.ca\/fr\/#\/schema\/person\/image\/","url":"https:\/\/secure.gravatar.com\/avatar\/e4e8404e91ed71cb473fa2708849669810cf083c89825a3d2dd0d47dd6b2be77?s=96&d=mm&r=g","contentUrl":"https:\/\/secure.gravatar.com\/avatar\/e4e8404e91ed71cb473fa2708849669810cf083c89825a3d2dd0d47dd6b2be77?s=96&d=mm&r=g","caption":"St\u00e9phanie Meunier"},"url":"https:\/\/teamsters.ca\/fr\/blog\/author\/smeunier\/"}]}},"_links":{"self":[{"href":"https:\/\/teamsters.ca\/fr\/wp-json\/wp\/v2\/posts\/8593","targetHints":{"allow":["GET"]}}],"collection":[{"href":"https:\/\/teamsters.ca\/fr\/wp-json\/wp\/v2\/posts"}],"about":[{"href":"https:\/\/teamsters.ca\/fr\/wp-json\/wp\/v2\/types\/post"}],"author":[{"embeddable":true,"href":"https:\/\/teamsters.ca\/fr\/wp-json\/wp\/v2\/users\/8"}],"replies":[{"embeddable":true,"href":"https:\/\/teamsters.ca\/fr\/wp-json\/wp\/v2\/comments?post=8593"}],"version-history":[{"count":1,"href":"https:\/\/teamsters.ca\/fr\/wp-json\/wp\/v2\/posts\/8593\/revisions"}],"predecessor-version":[{"id":9780,"href":"https:\/\/teamsters.ca\/fr\/wp-json\/wp\/v2\/posts\/8593\/revisions\/9780"}],"wp:featuredmedia":[{"embeddable":true,"href":"https:\/\/teamsters.ca\/fr\/wp-json\/wp\/v2\/media\/8595"}],"wp:attachment":[{"href":"https:\/\/teamsters.ca\/fr\/wp-json\/wp\/v2\/media?parent=8593"}],"wp:term":[{"taxonomy":"category","embeddable":true,"href":"https:\/\/teamsters.ca\/fr\/wp-json\/wp\/v2\/categories?post=8593"},{"taxonomy":"post_tag","embeddable":true,"href":"https:\/\/teamsters.ca\/fr\/wp-json\/wp\/v2\/tags?post=8593"}],"curies":[{"name":"wp","href":"https:\/\/api.w.org\/{rel}","templated":true}]}}