{"id":8516,"date":"2018-07-19T19:54:30","date_gmt":"2018-07-19T23:54:30","guid":{"rendered":"http:\/\/teamsters.ca\/?p=8516"},"modified":"2019-06-27T20:38:33","modified_gmt":"2019-06-27T20:38:33","slug":"les-travailleurs-de-maax-seront-en-greve-demain-matin","status":"publish","type":"post","link":"https:\/\/teamsters.ca\/fr\/blog\/2018\/07\/19\/les-travailleurs-de-maax-seront-en-greve-demain-matin\/","title":{"rendered":"Les travailleurs de Maax seront en gr\u00e8ve demain matin"},"content":{"rendered":"<p>Laval, 19 juillet 2018 \u2014 Les quelque 120 travailleurs et travailleuses de la compagnie Maax seront en gr\u00e8ve demain matin \u00e0 compter de 5 h. Le syndicat des Teamsters repr\u00e9sente leurs int\u00e9r\u00eats. Les principaux points en litige sont les salaires ainsi que le respect de l\u2019anciennet\u00e9 lors des vacances.<\/p>\n<p>Les n\u00e9gociations ont d\u00e9but\u00e9 en mars dernier. Deux s\u00e9ances de n\u00e9gociations et 15 rencontres devant un conciliateur n\u2019ont pas permis de d\u00e9nouer l\u2019impasse. Le syndicat des Teamsters demande notamment des augmentations de 1$\/h pour chacune des ann\u00e9es du futur contrat de travail, alors que l\u2019employeur propose moins. Mentionnons que la r\u00e9mun\u00e9ration dans cette usine se situe autour de 16$\/h.<\/p>\n<p>\u00ab Pour dire les choses franchement, on ne vit pas riche avec un tel salaire, fait remarquer le pr\u00e9sident de la Section locale 106 des Teamsters, Jean Chartrand. Tout comme dans les cinq R\u00e9sidences Soleil qui sont en gr\u00e8ve en ce moment, on a affaire \u00e0 un employeur qui paie des salaires insuffisants pour permettre \u00e0 ses salari\u00e9(e)s de vivre d\u00e9cemment. \u00bb<\/p>\n<p>\u00c0 cette situation inacceptable s\u2019ajoute le fait que l\u2019employeur ne veut pas mettre de r\u00e9gime de retraite sur pied, \u00e0 moins de baisser encore plus ses offres salariales insuffisantes. Les Teamsters proposaient de constituer un r\u00e9gime de retraite avec le Fonds de solidarit\u00e9.<\/p>\n<p>\u00ab Travailler chez Maax est exigeant physiquement et nos membres devraient avoir droit \u00e0 un r\u00e9gime de retraite raisonnable, ajoute le syndicaliste. Nos membres sont au coeur des succ\u00e8s de cette entreprise et ils m\u00e9ritent plus que les r\u00e9gimes de retraite f\u00e9d\u00e9ral et provincial lorsque sera venu le temps de prendre un repos bien m\u00e9rit\u00e9. \u00bb<\/p>\n<p>Le porte-parole du syndicat des Teamsters, St\u00e9phane Lacroix, sera sur les lieux demain pour donner des entrevues aux m\u00e9dias.<\/p>\n<p>Maax affirme \u00eatre est un leader nord-am\u00e9ricain dans la fabrication de bains, douches, ainsi que de bases et portes de douches. Le pr\u00e9c\u00e9dent contrat de travail prenait fin le 31 d\u00e9cembre dernier.<\/p>\n<p>L\u2019usine est situ\u00e9e au 160, Boul. St-Joseph, Lachine, Qc, H8S 2L3.<br \/>\n<em>Le syndicat des Teamsters repr\u00e9sente les int\u00e9r\u00eats de pr\u00e8s de 40 000 travailleuses et travailleurs au Qu\u00e9bec. Teamsters Canada est affili\u00e9 \u00e0 la Fraternit\u00e9 internationale des Teamsters, dont l\u2019effectif syndical est de 1,4 million de membres en Am\u00e9rique du Nord.<\/em><\/p>\n<p style=\"text-align: center;\">-30-<\/p>\n<p>Renseignements :<br \/>\nSt\u00e9phane Lacroix, directeur des Communications et des Affaires publiques<br \/>\nPortable : 514 609-5101<br \/>\n<a href=\"mailto:slacroix@teamsters.ca\">slacroix@teamsters.ca<\/a><\/p>\n","protected":false},"excerpt":{"rendered":"<p>Les quelque 120 travailleurs et travailleuses de la compagnie Maax seront en gr\u00e8ve demain matin \u00e0 compter de 5 h. Les principaux points en litige sont les salaires ainsi que le respect de l\u2019anciennet\u00e9 lors des vacances&#8230;<\/p>\n","protected":false},"author":8,"featured_media":8517,"comment_status":"closed","ping_status":"closed","sticky":false,"template":"","format":"standard","meta":{"ngg_post_thumbnail":0,"mc4wp_mailchimp_campaign":[],"footnotes":""},"categories":[1114,1145,1137],"tags":[],"class_list":{"0":"post-8516","1":"post","2":"type-post","3":"status-publish","4":"format-standard","5":"has-post-thumbnail","7":"category-nouvelles","8":"category-quebec-fr","9":"category-region-fr"},"yoast_head":"<!-- This site is optimized with the Yoast SEO Premium plugin v25.5 (Yoast SEO v25.5) - https:\/\/yoast.com\/wordpress\/plugins\/seo\/ -->\n<title>Les travailleurs de Maax seront en gr\u00e8ve demain matin | Teamsters Canada<\/title>\n<meta name=\"robots\" content=\"index, follow, max-snippet:-1, max-image-preview:large, max-video-preview:-1\" \/>\n<link rel=\"canonical\" href=\"https:\/\/teamsters.ca\/fr\/blog\/2018\/07\/19\/les-travailleurs-de-maax-seront-en-greve-demain-matin\/\" \/>\n<meta property=\"og:locale\" content=\"fr_CA\" \/>\n<meta property=\"og:type\" content=\"article\" \/>\n<meta property=\"og:title\" content=\"Les travailleurs de Maax seront en gr\u00e8ve demain matin\" \/>\n<meta property=\"og:description\" content=\"Les quelque 120 travailleurs et travailleuses de la compagnie Maax seront en gr\u00e8ve demain matin \u00e0 compter de 5 h. Les principaux points en litige sont les salaires ainsi que le respect de l\u2019anciennet\u00e9 lors des vacances...\" \/>\n<meta property=\"og:url\" content=\"https:\/\/teamsters.ca\/fr\/blog\/2018\/07\/19\/les-travailleurs-de-maax-seront-en-greve-demain-matin\/\" \/>\n<meta property=\"og:site_name\" content=\"Teamsters Canada\" \/>\n<meta property=\"article:publisher\" content=\"https:\/\/www.facebook.com\/Teamsterscanada\/\" \/>\n<meta property=\"article:published_time\" content=\"2018-07-19T23:54:30+00:00\" \/>\n<meta property=\"article:modified_time\" content=\"2019-06-27T20:38:33+00:00\" \/>\n<meta property=\"og:image\" content=\"https:\/\/teamsters.ca\/wp-content\/uploads\/2018\/07\/lusine_acrylica_de_maax_a_ete__26102012-620x348.jpg\" \/>\n\t<meta property=\"og:image:width\" content=\"620\" \/>\n\t<meta property=\"og:image:height\" content=\"348\" \/>\n\t<meta property=\"og:image:type\" content=\"image\/jpeg\" \/>\n<meta name=\"author\" content=\"St\u00e9phanie Meunier\" \/>\n<meta name=\"twitter:card\" content=\"summary_large_image\" \/>\n<meta name=\"twitter:creator\" content=\"@TeamstersCanada\" \/>\n<meta name=\"twitter:site\" content=\"@TeamstersCanada\" \/>\n<meta name=\"twitter:label1\" content=\"\u00c9crit par\" \/>\n\t<meta name=\"twitter:data1\" content=\"St\u00e9phanie Meunier\" \/>\n\t<meta name=\"twitter:label2\" content=\"Estimation du temps de lecture\" \/>\n\t<meta name=\"twitter:data2\" content=\"2 minutes\" \/>\n<script type=\"application\/ld+json\" class=\"yoast-schema-graph\">{\"@context\":\"https:\/\/schema.org\",\"@graph\":[{\"@type\":\"Article\",\"@id\":\"https:\/\/teamsters.ca\/fr\/blog\/2018\/07\/19\/les-travailleurs-de-maax-seront-en-greve-demain-matin\/#article\",\"isPartOf\":{\"@id\":\"https:\/\/teamsters.ca\/fr\/blog\/2018\/07\/19\/les-travailleurs-de-maax-seront-en-greve-demain-matin\/\"},\"author\":{\"name\":\"St\u00e9phanie Meunier\",\"@id\":\"https:\/\/teamsters.ca\/fr\/#\/schema\/person\/3e6ffefc39fe2f212400b7d8d0a4a0c1\"},\"headline\":\"Les travailleurs de Maax seront en gr\u00e8ve demain matin\",\"datePublished\":\"2018-07-19T23:54:30+00:00\",\"dateModified\":\"2019-06-27T20:38:33+00:00\",\"mainEntityOfPage\":{\"@id\":\"https:\/\/teamsters.ca\/fr\/blog\/2018\/07\/19\/les-travailleurs-de-maax-seront-en-greve-demain-matin\/\"},\"wordCount\":425,\"publisher\":{\"@id\":\"https:\/\/teamsters.ca\/fr\/#organization\"},\"image\":{\"@id\":\"https:\/\/teamsters.ca\/fr\/blog\/2018\/07\/19\/les-travailleurs-de-maax-seront-en-greve-demain-matin\/#primaryimage\"},\"thumbnailUrl\":\"https:\/\/teamsters.ca\/wp-content\/uploads\/2018\/07\/lusine_acrylica_de_maax_a_ete__26102012-620x348.jpg\",\"articleSection\":[\"Nouvelles\",\"Qu\u00e9bec\",\"R\u00e9gion\"],\"inLanguage\":\"fr-CA\"},{\"@type\":\"WebPage\",\"@id\":\"https:\/\/teamsters.ca\/fr\/blog\/2018\/07\/19\/les-travailleurs-de-maax-seront-en-greve-demain-matin\/\",\"url\":\"https:\/\/teamsters.ca\/fr\/blog\/2018\/07\/19\/les-travailleurs-de-maax-seront-en-greve-demain-matin\/\",\"name\":\"Les travailleurs de Maax seront en gr\u00e8ve demain matin | Teamsters Canada\",\"isPartOf\":{\"@id\":\"https:\/\/teamsters.ca\/fr\/#website\"},\"primaryImageOfPage\":{\"@id\":\"https:\/\/teamsters.ca\/fr\/blog\/2018\/07\/19\/les-travailleurs-de-maax-seront-en-greve-demain-matin\/#primaryimage\"},\"image\":{\"@id\":\"https:\/\/teamsters.ca\/fr\/blog\/2018\/07\/19\/les-travailleurs-de-maax-seront-en-greve-demain-matin\/#primaryimage\"},\"thumbnailUrl\":\"https:\/\/teamsters.ca\/wp-content\/uploads\/2018\/07\/lusine_acrylica_de_maax_a_ete__26102012-620x348.jpg\",\"datePublished\":\"2018-07-19T23:54:30+00:00\",\"dateModified\":\"2019-06-27T20:38:33+00:00\",\"breadcrumb\":{\"@id\":\"https:\/\/teamsters.ca\/fr\/blog\/2018\/07\/19\/les-travailleurs-de-maax-seront-en-greve-demain-matin\/#breadcrumb\"},\"inLanguage\":\"fr-CA\",\"potentialAction\":[{\"@type\":\"ReadAction\",\"target\":[\"https:\/\/teamsters.ca\/fr\/blog\/2018\/07\/19\/les-travailleurs-de-maax-seront-en-greve-demain-matin\/\"]}]},{\"@type\":\"ImageObject\",\"inLanguage\":\"fr-CA\",\"@id\":\"https:\/\/teamsters.ca\/fr\/blog\/2018\/07\/19\/les-travailleurs-de-maax-seront-en-greve-demain-matin\/#primaryimage\",\"url\":\"https:\/\/teamsters.ca\/wp-content\/uploads\/2018\/07\/lusine_acrylica_de_maax_a_ete__26102012-620x348.jpg\",\"contentUrl\":\"https:\/\/teamsters.ca\/wp-content\/uploads\/2018\/07\/lusine_acrylica_de_maax_a_ete__26102012-620x348.jpg\",\"width\":620,\"height\":348},{\"@type\":\"BreadcrumbList\",\"@id\":\"https:\/\/teamsters.ca\/fr\/blog\/2018\/07\/19\/les-travailleurs-de-maax-seront-en-greve-demain-matin\/#breadcrumb\",\"itemListElement\":[{\"@type\":\"ListItem\",\"position\":1,\"name\":\"Home\",\"item\":\"https:\/\/teamsters.ca\/fr\/\"},{\"@type\":\"ListItem\",\"position\":2,\"name\":\"Les travailleurs de Maax seront en gr\u00e8ve demain matin\"}]},{\"@type\":\"WebSite\",\"@id\":\"https:\/\/teamsters.ca\/fr\/#website\",\"url\":\"https:\/\/teamsters.ca\/fr\/\",\"name\":\"Teamsters Canada\",\"description\":\"A Canadian union representing over 125 000 members\",\"publisher\":{\"@id\":\"https:\/\/teamsters.ca\/fr\/#organization\"},\"potentialAction\":[{\"@type\":\"SearchAction\",\"target\":{\"@type\":\"EntryPoint\",\"urlTemplate\":\"https:\/\/teamsters.ca\/fr\/?s={search_term_string}\"},\"query-input\":{\"@type\":\"PropertyValueSpecification\",\"valueRequired\":true,\"valueName\":\"search_term_string\"}}],\"inLanguage\":\"fr-CA\"},{\"@type\":\"Organization\",\"@id\":\"https:\/\/teamsters.ca\/fr\/#organization\",\"name\":\"Teamsters Canada\",\"url\":\"https:\/\/teamsters.ca\/fr\/\",\"logo\":{\"@type\":\"ImageObject\",\"inLanguage\":\"fr-CA\",\"@id\":\"https:\/\/teamsters.ca\/fr\/#\/schema\/logo\/image\/\",\"url\":\"https:\/\/teamsters.ca\/wp-content\/uploads\/2019\/08\/TeamstersCanada.png\",\"contentUrl\":\"https:\/\/teamsters.ca\/wp-content\/uploads\/2019\/08\/TeamstersCanada.png\",\"width\":545,\"height\":181,\"caption\":\"Teamsters Canada\"},\"image\":{\"@id\":\"https:\/\/teamsters.ca\/fr\/#\/schema\/logo\/image\/\"},\"sameAs\":[\"https:\/\/www.facebook.com\/Teamsterscanada\/\",\"https:\/\/x.com\/TeamstersCanada\"]},{\"@type\":\"Person\",\"@id\":\"https:\/\/teamsters.ca\/fr\/#\/schema\/person\/3e6ffefc39fe2f212400b7d8d0a4a0c1\",\"name\":\"St\u00e9phanie Meunier\",\"image\":{\"@type\":\"ImageObject\",\"inLanguage\":\"fr-CA\",\"@id\":\"https:\/\/teamsters.ca\/fr\/#\/schema\/person\/image\/\",\"url\":\"https:\/\/secure.gravatar.com\/avatar\/e4e8404e91ed71cb473fa2708849669810cf083c89825a3d2dd0d47dd6b2be77?s=96&d=mm&r=g\",\"contentUrl\":\"https:\/\/secure.gravatar.com\/avatar\/e4e8404e91ed71cb473fa2708849669810cf083c89825a3d2dd0d47dd6b2be77?s=96&d=mm&r=g\",\"caption\":\"St\u00e9phanie Meunier\"},\"url\":\"https:\/\/teamsters.ca\/fr\/blog\/author\/smeunier\/\"}]}<\/script>\n<!-- \/ Yoast SEO Premium plugin. -->","yoast_head_json":{"title":"Les travailleurs de Maax seront en gr\u00e8ve demain matin | Teamsters Canada","robots":{"index":"index","follow":"follow","max-snippet":"max-snippet:-1","max-image-preview":"max-image-preview:large","max-video-preview":"max-video-preview:-1"},"canonical":"https:\/\/teamsters.ca\/fr\/blog\/2018\/07\/19\/les-travailleurs-de-maax-seront-en-greve-demain-matin\/","og_locale":"fr_CA","og_type":"article","og_title":"Les travailleurs de Maax seront en gr\u00e8ve demain matin","og_description":"Les quelque 120 travailleurs et travailleuses de la compagnie Maax seront en gr\u00e8ve demain matin \u00e0 compter de 5 h. Les principaux points en litige sont les salaires ainsi que le respect de l\u2019anciennet\u00e9 lors des vacances...","og_url":"https:\/\/teamsters.ca\/fr\/blog\/2018\/07\/19\/les-travailleurs-de-maax-seront-en-greve-demain-matin\/","og_site_name":"Teamsters Canada","article_publisher":"https:\/\/www.facebook.com\/Teamsterscanada\/","article_published_time":"2018-07-19T23:54:30+00:00","article_modified_time":"2019-06-27T20:38:33+00:00","og_image":[{"width":620,"height":348,"url":"https:\/\/teamsters.ca\/wp-content\/uploads\/2018\/07\/lusine_acrylica_de_maax_a_ete__26102012-620x348.jpg","type":"image\/jpeg"}],"author":"St\u00e9phanie Meunier","twitter_card":"summary_large_image","twitter_creator":"@TeamstersCanada","twitter_site":"@TeamstersCanada","twitter_misc":{"\u00c9crit par":"St\u00e9phanie Meunier","Estimation du temps de lecture":"2 minutes"},"schema":{"@context":"https:\/\/schema.org","@graph":[{"@type":"Article","@id":"https:\/\/teamsters.ca\/fr\/blog\/2018\/07\/19\/les-travailleurs-de-maax-seront-en-greve-demain-matin\/#article","isPartOf":{"@id":"https:\/\/teamsters.ca\/fr\/blog\/2018\/07\/19\/les-travailleurs-de-maax-seront-en-greve-demain-matin\/"},"author":{"name":"St\u00e9phanie Meunier","@id":"https:\/\/teamsters.ca\/fr\/#\/schema\/person\/3e6ffefc39fe2f212400b7d8d0a4a0c1"},"headline":"Les travailleurs de Maax seront en gr\u00e8ve demain matin","datePublished":"2018-07-19T23:54:30+00:00","dateModified":"2019-06-27T20:38:33+00:00","mainEntityOfPage":{"@id":"https:\/\/teamsters.ca\/fr\/blog\/2018\/07\/19\/les-travailleurs-de-maax-seront-en-greve-demain-matin\/"},"wordCount":425,"publisher":{"@id":"https:\/\/teamsters.ca\/fr\/#organization"},"image":{"@id":"https:\/\/teamsters.ca\/fr\/blog\/2018\/07\/19\/les-travailleurs-de-maax-seront-en-greve-demain-matin\/#primaryimage"},"thumbnailUrl":"https:\/\/teamsters.ca\/wp-content\/uploads\/2018\/07\/lusine_acrylica_de_maax_a_ete__26102012-620x348.jpg","articleSection":["Nouvelles","Qu\u00e9bec","R\u00e9gion"],"inLanguage":"fr-CA"},{"@type":"WebPage","@id":"https:\/\/teamsters.ca\/fr\/blog\/2018\/07\/19\/les-travailleurs-de-maax-seront-en-greve-demain-matin\/","url":"https:\/\/teamsters.ca\/fr\/blog\/2018\/07\/19\/les-travailleurs-de-maax-seront-en-greve-demain-matin\/","name":"Les travailleurs de Maax seront en gr\u00e8ve demain matin | Teamsters Canada","isPartOf":{"@id":"https:\/\/teamsters.ca\/fr\/#website"},"primaryImageOfPage":{"@id":"https:\/\/teamsters.ca\/fr\/blog\/2018\/07\/19\/les-travailleurs-de-maax-seront-en-greve-demain-matin\/#primaryimage"},"image":{"@id":"https:\/\/teamsters.ca\/fr\/blog\/2018\/07\/19\/les-travailleurs-de-maax-seront-en-greve-demain-matin\/#primaryimage"},"thumbnailUrl":"https:\/\/teamsters.ca\/wp-content\/uploads\/2018\/07\/lusine_acrylica_de_maax_a_ete__26102012-620x348.jpg","datePublished":"2018-07-19T23:54:30+00:00","dateModified":"2019-06-27T20:38:33+00:00","breadcrumb":{"@id":"https:\/\/teamsters.ca\/fr\/blog\/2018\/07\/19\/les-travailleurs-de-maax-seront-en-greve-demain-matin\/#breadcrumb"},"inLanguage":"fr-CA","potentialAction":[{"@type":"ReadAction","target":["https:\/\/teamsters.ca\/fr\/blog\/2018\/07\/19\/les-travailleurs-de-maax-seront-en-greve-demain-matin\/"]}]},{"@type":"ImageObject","inLanguage":"fr-CA","@id":"https:\/\/teamsters.ca\/fr\/blog\/2018\/07\/19\/les-travailleurs-de-maax-seront-en-greve-demain-matin\/#primaryimage","url":"https:\/\/teamsters.ca\/wp-content\/uploads\/2018\/07\/lusine_acrylica_de_maax_a_ete__26102012-620x348.jpg","contentUrl":"https:\/\/teamsters.ca\/wp-content\/uploads\/2018\/07\/lusine_acrylica_de_maax_a_ete__26102012-620x348.jpg","width":620,"height":348},{"@type":"BreadcrumbList","@id":"https:\/\/teamsters.ca\/fr\/blog\/2018\/07\/19\/les-travailleurs-de-maax-seront-en-greve-demain-matin\/#breadcrumb","itemListElement":[{"@type":"ListItem","position":1,"name":"Home","item":"https:\/\/teamsters.ca\/fr\/"},{"@type":"ListItem","position":2,"name":"Les travailleurs de Maax seront en gr\u00e8ve demain matin"}]},{"@type":"WebSite","@id":"https:\/\/teamsters.ca\/fr\/#website","url":"https:\/\/teamsters.ca\/fr\/","name":"Teamsters Canada","description":"A Canadian union representing over 125 000 members","publisher":{"@id":"https:\/\/teamsters.ca\/fr\/#organization"},"potentialAction":[{"@type":"SearchAction","target":{"@type":"EntryPoint","urlTemplate":"https:\/\/teamsters.ca\/fr\/?s={search_term_string}"},"query-input":{"@type":"PropertyValueSpecification","valueRequired":true,"valueName":"search_term_string"}}],"inLanguage":"fr-CA"},{"@type":"Organization","@id":"https:\/\/teamsters.ca\/fr\/#organization","name":"Teamsters Canada","url":"https:\/\/teamsters.ca\/fr\/","logo":{"@type":"ImageObject","inLanguage":"fr-CA","@id":"https:\/\/teamsters.ca\/fr\/#\/schema\/logo\/image\/","url":"https:\/\/teamsters.ca\/wp-content\/uploads\/2019\/08\/TeamstersCanada.png","contentUrl":"https:\/\/teamsters.ca\/wp-content\/uploads\/2019\/08\/TeamstersCanada.png","width":545,"height":181,"caption":"Teamsters Canada"},"image":{"@id":"https:\/\/teamsters.ca\/fr\/#\/schema\/logo\/image\/"},"sameAs":["https:\/\/www.facebook.com\/Teamsterscanada\/","https:\/\/x.com\/TeamstersCanada"]},{"@type":"Person","@id":"https:\/\/teamsters.ca\/fr\/#\/schema\/person\/3e6ffefc39fe2f212400b7d8d0a4a0c1","name":"St\u00e9phanie Meunier","image":{"@type":"ImageObject","inLanguage":"fr-CA","@id":"https:\/\/teamsters.ca\/fr\/#\/schema\/person\/image\/","url":"https:\/\/secure.gravatar.com\/avatar\/e4e8404e91ed71cb473fa2708849669810cf083c89825a3d2dd0d47dd6b2be77?s=96&d=mm&r=g","contentUrl":"https:\/\/secure.gravatar.com\/avatar\/e4e8404e91ed71cb473fa2708849669810cf083c89825a3d2dd0d47dd6b2be77?s=96&d=mm&r=g","caption":"St\u00e9phanie Meunier"},"url":"https:\/\/teamsters.ca\/fr\/blog\/author\/smeunier\/"}]}},"_links":{"self":[{"href":"https:\/\/teamsters.ca\/fr\/wp-json\/wp\/v2\/posts\/8516","targetHints":{"allow":["GET"]}}],"collection":[{"href":"https:\/\/teamsters.ca\/fr\/wp-json\/wp\/v2\/posts"}],"about":[{"href":"https:\/\/teamsters.ca\/fr\/wp-json\/wp\/v2\/types\/post"}],"author":[{"embeddable":true,"href":"https:\/\/teamsters.ca\/fr\/wp-json\/wp\/v2\/users\/8"}],"replies":[{"embeddable":true,"href":"https:\/\/teamsters.ca\/fr\/wp-json\/wp\/v2\/comments?post=8516"}],"version-history":[{"count":1,"href":"https:\/\/teamsters.ca\/fr\/wp-json\/wp\/v2\/posts\/8516\/revisions"}],"predecessor-version":[{"id":9792,"href":"https:\/\/teamsters.ca\/fr\/wp-json\/wp\/v2\/posts\/8516\/revisions\/9792"}],"wp:featuredmedia":[{"embeddable":true,"href":"https:\/\/teamsters.ca\/fr\/wp-json\/wp\/v2\/media\/8517"}],"wp:attachment":[{"href":"https:\/\/teamsters.ca\/fr\/wp-json\/wp\/v2\/media?parent=8516"}],"wp:term":[{"taxonomy":"category","embeddable":true,"href":"https:\/\/teamsters.ca\/fr\/wp-json\/wp\/v2\/categories?post=8516"},{"taxonomy":"post_tag","embeddable":true,"href":"https:\/\/teamsters.ca\/fr\/wp-json\/wp\/v2\/tags?post=8516"}],"curies":[{"name":"wp","href":"https:\/\/api.w.org\/{rel}","templated":true}]}}