{"id":8457,"date":"2018-07-05T14:43:36","date_gmt":"2018-07-05T18:43:36","guid":{"rendered":"http:\/\/teamsters.ca\/?p=8457"},"modified":"2019-06-27T20:38:33","modified_gmt":"2019-06-27T20:38:33","slug":"avis-de-deces-vice-presidente-du-ctc-representant-les-jeunes-travailleurs-et-travailleuses","status":"publish","type":"post","link":"https:\/\/teamsters.ca\/fr\/blog\/2018\/07\/05\/avis-de-deces-vice-presidente-du-ctc-representant-les-jeunes-travailleurs-et-travailleuses\/","title":{"rendered":"Avis de d\u00e9c\u00e8s : vice-pr\u00e9sidente du CTC repr\u00e9sentant les jeunes travailleurs et travailleuses"},"content":{"rendered":"<p>Bonjour,<\/p>\n<p>C\u2019est avec une grande tristesse que je vous \u00e9cris pour vous annoncer le d\u00e9c\u00e8s brusque d\u2019un membre du Conseil canadien du CTC. Au cours de la longue fin de semaine, la vice-pr\u00e9sidente du CTC repr\u00e9sentant les jeunes travailleurs et travailleuses, Carmen Rogers-Jones, est d\u00e9c\u00e9d\u00e9e. Carmen a \u00e9t\u00e9 \u00e9lue comme substitut et est entr\u00e9e en fonction au sein du Conseil canadien pour combler un poste vacant en f\u00e9vrier 2018.<\/p>\n<p>Nos pens\u00e9es vont \u00e0 sa famille, ses amis et ses camarades syndicaux du SCFP et de l\u2019ensemble du mouvement syndical.<\/p>\n<p>Je vous prie de recevoir mes sentiments de solidarit\u00e9.<\/p>\n<p>Le pr\u00e9sident,<br \/>\n<strong><em>Hassan Yussuff<\/em><\/strong><\/p>\n<p><span style=\"color: #ff0000;\"><strong><a style=\"color: #ff0000;\" href=\"http:\/\/documents.clc-ctc.ca\/council\/Ltr-CdnCncl-Notice-PassingCarmenRogersJones-2018-07-04-FR.pdf\" target=\"_blank\" rel=\"noopener noreferrer\">Lettre originale<\/a><\/strong><\/span><\/p>\n","protected":false},"excerpt":{"rendered":"<p>Carmen Rogers-Jones \u00e9tait une femme d\u2019une grande gentillesse qui a beaucoup donn\u00e9 pour les travailleurs et les travailleuses. Nos sympathies \u00e0 la famille et aux ami(e)s de cette syndicaliste tr\u00e8s appr\u00e9ci\u00e9e.<\/p>\n","protected":false},"author":8,"featured_media":7488,"comment_status":"closed","ping_status":"closed","sticky":false,"template":"","format":"standard","meta":{"ngg_post_thumbnail":0,"mc4wp_mailchimp_campaign":[],"footnotes":""},"categories":[1114],"tags":[839,540],"class_list":{"0":"post-8457","1":"post","2":"type-post","3":"status-publish","4":"format-standard","5":"has-post-thumbnail","7":"category-nouvelles","8":"tag-avis-de-deces","9":"tag-notice-of-passing"},"yoast_head":"<!-- This site is optimized with the Yoast SEO Premium plugin v25.5 (Yoast SEO v25.5) - https:\/\/yoast.com\/wordpress\/plugins\/seo\/ -->\n<title>Avis de d\u00e9c\u00e8s : vice-pr\u00e9sidente du CTC repr\u00e9sentant les jeunes travailleurs et travailleuses | Teamsters Canada<\/title>\n<meta name=\"robots\" content=\"index, follow, max-snippet:-1, max-image-preview:large, max-video-preview:-1\" \/>\n<link rel=\"canonical\" href=\"https:\/\/teamsters.ca\/fr\/blog\/2018\/07\/05\/avis-de-deces-vice-presidente-du-ctc-representant-les-jeunes-travailleurs-et-travailleuses\/\" \/>\n<meta property=\"og:locale\" content=\"fr_CA\" \/>\n<meta property=\"og:type\" content=\"article\" \/>\n<meta property=\"og:title\" content=\"Avis de d\u00e9c\u00e8s : vice-pr\u00e9sidente du CTC repr\u00e9sentant les jeunes travailleurs et travailleuses\" \/>\n<meta property=\"og:description\" content=\"Carmen Rogers-Jones \u00e9tait une femme d\u2019une grande gentillesse qui a beaucoup donn\u00e9 pour les travailleurs et les travailleuses. Nos sympathies \u00e0 la famille et aux ami(e)s de cette syndicaliste tr\u00e8s appr\u00e9ci\u00e9e.\" \/>\n<meta property=\"og:url\" content=\"https:\/\/teamsters.ca\/fr\/blog\/2018\/07\/05\/avis-de-deces-vice-presidente-du-ctc-representant-les-jeunes-travailleurs-et-travailleuses\/\" \/>\n<meta property=\"og:site_name\" content=\"Teamsters Canada\" \/>\n<meta property=\"article:publisher\" content=\"https:\/\/www.facebook.com\/Teamsterscanada\/\" \/>\n<meta property=\"article:published_time\" content=\"2018-07-05T18:43:36+00:00\" \/>\n<meta property=\"article:modified_time\" content=\"2019-06-27T20:38:33+00:00\" \/>\n<meta property=\"og:image\" content=\"https:\/\/teamsters.ca\/wp-content\/uploads\/2018\/01\/Teamsters_canada.png\" \/>\n\t<meta property=\"og:image:width\" content=\"1166\" \/>\n\t<meta property=\"og:image:height\" content=\"768\" \/>\n\t<meta property=\"og:image:type\" content=\"image\/png\" \/>\n<meta name=\"author\" content=\"St\u00e9phanie Meunier\" \/>\n<meta name=\"twitter:card\" content=\"summary_large_image\" \/>\n<meta name=\"twitter:creator\" content=\"@TeamstersCanada\" \/>\n<meta name=\"twitter:site\" content=\"@TeamstersCanada\" \/>\n<meta name=\"twitter:label1\" content=\"\u00c9crit par\" \/>\n\t<meta name=\"twitter:data1\" content=\"St\u00e9phanie Meunier\" \/>\n\t<meta name=\"twitter:label2\" content=\"Estimation du temps de lecture\" \/>\n\t<meta name=\"twitter:data2\" content=\"1 minute\" \/>\n<script type=\"application\/ld+json\" class=\"yoast-schema-graph\">{\"@context\":\"https:\/\/schema.org\",\"@graph\":[{\"@type\":\"Article\",\"@id\":\"https:\/\/teamsters.ca\/fr\/blog\/2018\/07\/05\/avis-de-deces-vice-presidente-du-ctc-representant-les-jeunes-travailleurs-et-travailleuses\/#article\",\"isPartOf\":{\"@id\":\"https:\/\/teamsters.ca\/fr\/blog\/2018\/07\/05\/avis-de-deces-vice-presidente-du-ctc-representant-les-jeunes-travailleurs-et-travailleuses\/\"},\"author\":{\"name\":\"St\u00e9phanie Meunier\",\"@id\":\"https:\/\/teamsters.ca\/fr\/#\/schema\/person\/3e6ffefc39fe2f212400b7d8d0a4a0c1\"},\"headline\":\"Avis de d\u00e9c\u00e8s : vice-pr\u00e9sidente du CTC repr\u00e9sentant les jeunes travailleurs et travailleuses\",\"datePublished\":\"2018-07-05T18:43:36+00:00\",\"dateModified\":\"2019-06-27T20:38:33+00:00\",\"mainEntityOfPage\":{\"@id\":\"https:\/\/teamsters.ca\/fr\/blog\/2018\/07\/05\/avis-de-deces-vice-presidente-du-ctc-representant-les-jeunes-travailleurs-et-travailleuses\/\"},\"wordCount\":132,\"publisher\":{\"@id\":\"https:\/\/teamsters.ca\/fr\/#organization\"},\"image\":{\"@id\":\"https:\/\/teamsters.ca\/fr\/blog\/2018\/07\/05\/avis-de-deces-vice-presidente-du-ctc-representant-les-jeunes-travailleurs-et-travailleuses\/#primaryimage\"},\"thumbnailUrl\":\"https:\/\/teamsters.ca\/wp-content\/uploads\/2018\/01\/Teamsters_canada.png\",\"keywords\":[\"Avis de d\u00e9c\u00e8s\",\"Notice of Passing\"],\"articleSection\":[\"Nouvelles\"],\"inLanguage\":\"fr-CA\"},{\"@type\":\"WebPage\",\"@id\":\"https:\/\/teamsters.ca\/fr\/blog\/2018\/07\/05\/avis-de-deces-vice-presidente-du-ctc-representant-les-jeunes-travailleurs-et-travailleuses\/\",\"url\":\"https:\/\/teamsters.ca\/fr\/blog\/2018\/07\/05\/avis-de-deces-vice-presidente-du-ctc-representant-les-jeunes-travailleurs-et-travailleuses\/\",\"name\":\"Avis de d\u00e9c\u00e8s : vice-pr\u00e9sidente du CTC repr\u00e9sentant les jeunes travailleurs et travailleuses | Teamsters Canada\",\"isPartOf\":{\"@id\":\"https:\/\/teamsters.ca\/fr\/#website\"},\"primaryImageOfPage\":{\"@id\":\"https:\/\/teamsters.ca\/fr\/blog\/2018\/07\/05\/avis-de-deces-vice-presidente-du-ctc-representant-les-jeunes-travailleurs-et-travailleuses\/#primaryimage\"},\"image\":{\"@id\":\"https:\/\/teamsters.ca\/fr\/blog\/2018\/07\/05\/avis-de-deces-vice-presidente-du-ctc-representant-les-jeunes-travailleurs-et-travailleuses\/#primaryimage\"},\"thumbnailUrl\":\"https:\/\/teamsters.ca\/wp-content\/uploads\/2018\/01\/Teamsters_canada.png\",\"datePublished\":\"2018-07-05T18:43:36+00:00\",\"dateModified\":\"2019-06-27T20:38:33+00:00\",\"breadcrumb\":{\"@id\":\"https:\/\/teamsters.ca\/fr\/blog\/2018\/07\/05\/avis-de-deces-vice-presidente-du-ctc-representant-les-jeunes-travailleurs-et-travailleuses\/#breadcrumb\"},\"inLanguage\":\"fr-CA\",\"potentialAction\":[{\"@type\":\"ReadAction\",\"target\":[\"https:\/\/teamsters.ca\/fr\/blog\/2018\/07\/05\/avis-de-deces-vice-presidente-du-ctc-representant-les-jeunes-travailleurs-et-travailleuses\/\"]}]},{\"@type\":\"ImageObject\",\"inLanguage\":\"fr-CA\",\"@id\":\"https:\/\/teamsters.ca\/fr\/blog\/2018\/07\/05\/avis-de-deces-vice-presidente-du-ctc-representant-les-jeunes-travailleurs-et-travailleuses\/#primaryimage\",\"url\":\"https:\/\/teamsters.ca\/wp-content\/uploads\/2018\/01\/Teamsters_canada.png\",\"contentUrl\":\"https:\/\/teamsters.ca\/wp-content\/uploads\/2018\/01\/Teamsters_canada.png\",\"width\":1166,\"height\":768},{\"@type\":\"BreadcrumbList\",\"@id\":\"https:\/\/teamsters.ca\/fr\/blog\/2018\/07\/05\/avis-de-deces-vice-presidente-du-ctc-representant-les-jeunes-travailleurs-et-travailleuses\/#breadcrumb\",\"itemListElement\":[{\"@type\":\"ListItem\",\"position\":1,\"name\":\"Home\",\"item\":\"https:\/\/teamsters.ca\/fr\/\"},{\"@type\":\"ListItem\",\"position\":2,\"name\":\"Avis de d\u00e9c\u00e8s : vice-pr\u00e9sidente du CTC repr\u00e9sentant les jeunes travailleurs et travailleuses\"}]},{\"@type\":\"WebSite\",\"@id\":\"https:\/\/teamsters.ca\/fr\/#website\",\"url\":\"https:\/\/teamsters.ca\/fr\/\",\"name\":\"Teamsters Canada\",\"description\":\"A Canadian union representing over 125 000 members\",\"publisher\":{\"@id\":\"https:\/\/teamsters.ca\/fr\/#organization\"},\"potentialAction\":[{\"@type\":\"SearchAction\",\"target\":{\"@type\":\"EntryPoint\",\"urlTemplate\":\"https:\/\/teamsters.ca\/fr\/?s={search_term_string}\"},\"query-input\":{\"@type\":\"PropertyValueSpecification\",\"valueRequired\":true,\"valueName\":\"search_term_string\"}}],\"inLanguage\":\"fr-CA\"},{\"@type\":\"Organization\",\"@id\":\"https:\/\/teamsters.ca\/fr\/#organization\",\"name\":\"Teamsters Canada\",\"url\":\"https:\/\/teamsters.ca\/fr\/\",\"logo\":{\"@type\":\"ImageObject\",\"inLanguage\":\"fr-CA\",\"@id\":\"https:\/\/teamsters.ca\/fr\/#\/schema\/logo\/image\/\",\"url\":\"https:\/\/teamsters.ca\/wp-content\/uploads\/2019\/08\/TeamstersCanada.png\",\"contentUrl\":\"https:\/\/teamsters.ca\/wp-content\/uploads\/2019\/08\/TeamstersCanada.png\",\"width\":545,\"height\":181,\"caption\":\"Teamsters Canada\"},\"image\":{\"@id\":\"https:\/\/teamsters.ca\/fr\/#\/schema\/logo\/image\/\"},\"sameAs\":[\"https:\/\/www.facebook.com\/Teamsterscanada\/\",\"https:\/\/x.com\/TeamstersCanada\"]},{\"@type\":\"Person\",\"@id\":\"https:\/\/teamsters.ca\/fr\/#\/schema\/person\/3e6ffefc39fe2f212400b7d8d0a4a0c1\",\"name\":\"St\u00e9phanie Meunier\",\"image\":{\"@type\":\"ImageObject\",\"inLanguage\":\"fr-CA\",\"@id\":\"https:\/\/teamsters.ca\/fr\/#\/schema\/person\/image\/\",\"url\":\"https:\/\/secure.gravatar.com\/avatar\/e4e8404e91ed71cb473fa2708849669810cf083c89825a3d2dd0d47dd6b2be77?s=96&d=mm&r=g\",\"contentUrl\":\"https:\/\/secure.gravatar.com\/avatar\/e4e8404e91ed71cb473fa2708849669810cf083c89825a3d2dd0d47dd6b2be77?s=96&d=mm&r=g\",\"caption\":\"St\u00e9phanie Meunier\"},\"url\":\"https:\/\/teamsters.ca\/fr\/blog\/author\/smeunier\/\"}]}<\/script>\n<!-- \/ Yoast SEO Premium plugin. -->","yoast_head_json":{"title":"Avis de d\u00e9c\u00e8s : vice-pr\u00e9sidente du CTC repr\u00e9sentant les jeunes travailleurs et travailleuses | Teamsters Canada","robots":{"index":"index","follow":"follow","max-snippet":"max-snippet:-1","max-image-preview":"max-image-preview:large","max-video-preview":"max-video-preview:-1"},"canonical":"https:\/\/teamsters.ca\/fr\/blog\/2018\/07\/05\/avis-de-deces-vice-presidente-du-ctc-representant-les-jeunes-travailleurs-et-travailleuses\/","og_locale":"fr_CA","og_type":"article","og_title":"Avis de d\u00e9c\u00e8s : vice-pr\u00e9sidente du CTC repr\u00e9sentant les jeunes travailleurs et travailleuses","og_description":"Carmen Rogers-Jones \u00e9tait une femme d\u2019une grande gentillesse qui a beaucoup donn\u00e9 pour les travailleurs et les travailleuses. Nos sympathies \u00e0 la famille et aux ami(e)s de cette syndicaliste tr\u00e8s appr\u00e9ci\u00e9e.","og_url":"https:\/\/teamsters.ca\/fr\/blog\/2018\/07\/05\/avis-de-deces-vice-presidente-du-ctc-representant-les-jeunes-travailleurs-et-travailleuses\/","og_site_name":"Teamsters Canada","article_publisher":"https:\/\/www.facebook.com\/Teamsterscanada\/","article_published_time":"2018-07-05T18:43:36+00:00","article_modified_time":"2019-06-27T20:38:33+00:00","og_image":[{"width":1166,"height":768,"url":"https:\/\/teamsters.ca\/wp-content\/uploads\/2018\/01\/Teamsters_canada.png","type":"image\/png"}],"author":"St\u00e9phanie Meunier","twitter_card":"summary_large_image","twitter_creator":"@TeamstersCanada","twitter_site":"@TeamstersCanada","twitter_misc":{"\u00c9crit par":"St\u00e9phanie Meunier","Estimation du temps de lecture":"1 minute"},"schema":{"@context":"https:\/\/schema.org","@graph":[{"@type":"Article","@id":"https:\/\/teamsters.ca\/fr\/blog\/2018\/07\/05\/avis-de-deces-vice-presidente-du-ctc-representant-les-jeunes-travailleurs-et-travailleuses\/#article","isPartOf":{"@id":"https:\/\/teamsters.ca\/fr\/blog\/2018\/07\/05\/avis-de-deces-vice-presidente-du-ctc-representant-les-jeunes-travailleurs-et-travailleuses\/"},"author":{"name":"St\u00e9phanie Meunier","@id":"https:\/\/teamsters.ca\/fr\/#\/schema\/person\/3e6ffefc39fe2f212400b7d8d0a4a0c1"},"headline":"Avis de d\u00e9c\u00e8s : vice-pr\u00e9sidente du CTC repr\u00e9sentant les jeunes travailleurs et travailleuses","datePublished":"2018-07-05T18:43:36+00:00","dateModified":"2019-06-27T20:38:33+00:00","mainEntityOfPage":{"@id":"https:\/\/teamsters.ca\/fr\/blog\/2018\/07\/05\/avis-de-deces-vice-presidente-du-ctc-representant-les-jeunes-travailleurs-et-travailleuses\/"},"wordCount":132,"publisher":{"@id":"https:\/\/teamsters.ca\/fr\/#organization"},"image":{"@id":"https:\/\/teamsters.ca\/fr\/blog\/2018\/07\/05\/avis-de-deces-vice-presidente-du-ctc-representant-les-jeunes-travailleurs-et-travailleuses\/#primaryimage"},"thumbnailUrl":"https:\/\/teamsters.ca\/wp-content\/uploads\/2018\/01\/Teamsters_canada.png","keywords":["Avis de d\u00e9c\u00e8s","Notice of Passing"],"articleSection":["Nouvelles"],"inLanguage":"fr-CA"},{"@type":"WebPage","@id":"https:\/\/teamsters.ca\/fr\/blog\/2018\/07\/05\/avis-de-deces-vice-presidente-du-ctc-representant-les-jeunes-travailleurs-et-travailleuses\/","url":"https:\/\/teamsters.ca\/fr\/blog\/2018\/07\/05\/avis-de-deces-vice-presidente-du-ctc-representant-les-jeunes-travailleurs-et-travailleuses\/","name":"Avis de d\u00e9c\u00e8s : vice-pr\u00e9sidente du CTC repr\u00e9sentant les jeunes travailleurs et travailleuses | Teamsters Canada","isPartOf":{"@id":"https:\/\/teamsters.ca\/fr\/#website"},"primaryImageOfPage":{"@id":"https:\/\/teamsters.ca\/fr\/blog\/2018\/07\/05\/avis-de-deces-vice-presidente-du-ctc-representant-les-jeunes-travailleurs-et-travailleuses\/#primaryimage"},"image":{"@id":"https:\/\/teamsters.ca\/fr\/blog\/2018\/07\/05\/avis-de-deces-vice-presidente-du-ctc-representant-les-jeunes-travailleurs-et-travailleuses\/#primaryimage"},"thumbnailUrl":"https:\/\/teamsters.ca\/wp-content\/uploads\/2018\/01\/Teamsters_canada.png","datePublished":"2018-07-05T18:43:36+00:00","dateModified":"2019-06-27T20:38:33+00:00","breadcrumb":{"@id":"https:\/\/teamsters.ca\/fr\/blog\/2018\/07\/05\/avis-de-deces-vice-presidente-du-ctc-representant-les-jeunes-travailleurs-et-travailleuses\/#breadcrumb"},"inLanguage":"fr-CA","potentialAction":[{"@type":"ReadAction","target":["https:\/\/teamsters.ca\/fr\/blog\/2018\/07\/05\/avis-de-deces-vice-presidente-du-ctc-representant-les-jeunes-travailleurs-et-travailleuses\/"]}]},{"@type":"ImageObject","inLanguage":"fr-CA","@id":"https:\/\/teamsters.ca\/fr\/blog\/2018\/07\/05\/avis-de-deces-vice-presidente-du-ctc-representant-les-jeunes-travailleurs-et-travailleuses\/#primaryimage","url":"https:\/\/teamsters.ca\/wp-content\/uploads\/2018\/01\/Teamsters_canada.png","contentUrl":"https:\/\/teamsters.ca\/wp-content\/uploads\/2018\/01\/Teamsters_canada.png","width":1166,"height":768},{"@type":"BreadcrumbList","@id":"https:\/\/teamsters.ca\/fr\/blog\/2018\/07\/05\/avis-de-deces-vice-presidente-du-ctc-representant-les-jeunes-travailleurs-et-travailleuses\/#breadcrumb","itemListElement":[{"@type":"ListItem","position":1,"name":"Home","item":"https:\/\/teamsters.ca\/fr\/"},{"@type":"ListItem","position":2,"name":"Avis de d\u00e9c\u00e8s : vice-pr\u00e9sidente du CTC repr\u00e9sentant les jeunes travailleurs et travailleuses"}]},{"@type":"WebSite","@id":"https:\/\/teamsters.ca\/fr\/#website","url":"https:\/\/teamsters.ca\/fr\/","name":"Teamsters Canada","description":"A Canadian union representing over 125 000 members","publisher":{"@id":"https:\/\/teamsters.ca\/fr\/#organization"},"potentialAction":[{"@type":"SearchAction","target":{"@type":"EntryPoint","urlTemplate":"https:\/\/teamsters.ca\/fr\/?s={search_term_string}"},"query-input":{"@type":"PropertyValueSpecification","valueRequired":true,"valueName":"search_term_string"}}],"inLanguage":"fr-CA"},{"@type":"Organization","@id":"https:\/\/teamsters.ca\/fr\/#organization","name":"Teamsters Canada","url":"https:\/\/teamsters.ca\/fr\/","logo":{"@type":"ImageObject","inLanguage":"fr-CA","@id":"https:\/\/teamsters.ca\/fr\/#\/schema\/logo\/image\/","url":"https:\/\/teamsters.ca\/wp-content\/uploads\/2019\/08\/TeamstersCanada.png","contentUrl":"https:\/\/teamsters.ca\/wp-content\/uploads\/2019\/08\/TeamstersCanada.png","width":545,"height":181,"caption":"Teamsters Canada"},"image":{"@id":"https:\/\/teamsters.ca\/fr\/#\/schema\/logo\/image\/"},"sameAs":["https:\/\/www.facebook.com\/Teamsterscanada\/","https:\/\/x.com\/TeamstersCanada"]},{"@type":"Person","@id":"https:\/\/teamsters.ca\/fr\/#\/schema\/person\/3e6ffefc39fe2f212400b7d8d0a4a0c1","name":"St\u00e9phanie Meunier","image":{"@type":"ImageObject","inLanguage":"fr-CA","@id":"https:\/\/teamsters.ca\/fr\/#\/schema\/person\/image\/","url":"https:\/\/secure.gravatar.com\/avatar\/e4e8404e91ed71cb473fa2708849669810cf083c89825a3d2dd0d47dd6b2be77?s=96&d=mm&r=g","contentUrl":"https:\/\/secure.gravatar.com\/avatar\/e4e8404e91ed71cb473fa2708849669810cf083c89825a3d2dd0d47dd6b2be77?s=96&d=mm&r=g","caption":"St\u00e9phanie Meunier"},"url":"https:\/\/teamsters.ca\/fr\/blog\/author\/smeunier\/"}]}},"_links":{"self":[{"href":"https:\/\/teamsters.ca\/fr\/wp-json\/wp\/v2\/posts\/8457","targetHints":{"allow":["GET"]}}],"collection":[{"href":"https:\/\/teamsters.ca\/fr\/wp-json\/wp\/v2\/posts"}],"about":[{"href":"https:\/\/teamsters.ca\/fr\/wp-json\/wp\/v2\/types\/post"}],"author":[{"embeddable":true,"href":"https:\/\/teamsters.ca\/fr\/wp-json\/wp\/v2\/users\/8"}],"replies":[{"embeddable":true,"href":"https:\/\/teamsters.ca\/fr\/wp-json\/wp\/v2\/comments?post=8457"}],"version-history":[{"count":1,"href":"https:\/\/teamsters.ca\/fr\/wp-json\/wp\/v2\/posts\/8457\/revisions"}],"predecessor-version":[{"id":9805,"href":"https:\/\/teamsters.ca\/fr\/wp-json\/wp\/v2\/posts\/8457\/revisions\/9805"}],"wp:featuredmedia":[{"embeddable":true,"href":"https:\/\/teamsters.ca\/fr\/wp-json\/wp\/v2\/media\/7488"}],"wp:attachment":[{"href":"https:\/\/teamsters.ca\/fr\/wp-json\/wp\/v2\/media?parent=8457"}],"wp:term":[{"taxonomy":"category","embeddable":true,"href":"https:\/\/teamsters.ca\/fr\/wp-json\/wp\/v2\/categories?post=8457"},{"taxonomy":"post_tag","embeddable":true,"href":"https:\/\/teamsters.ca\/fr\/wp-json\/wp\/v2\/tags?post=8457"}],"curies":[{"name":"wp","href":"https:\/\/api.w.org\/{rel}","templated":true}]}}