{"id":8362,"date":"2018-06-18T15:10:25","date_gmt":"2018-06-18T19:10:25","guid":{"rendered":"http:\/\/teamsters.ca\/?p=8362"},"modified":"2019-06-27T20:38:34","modified_gmt":"2019-06-27T20:38:34","slug":"les-travailleurs-de-yrc-reimer-choisissent-la-section-locale-879","status":"publish","type":"post","link":"https:\/\/teamsters.ca\/fr\/blog\/2018\/06\/18\/les-travailleurs-de-yrc-reimer-choisissent-la-section-locale-879\/","title":{"rendered":"Les travailleurs de YRC Reimer choisissent la Section locale 879"},"content":{"rendered":"<p>\u00c0 Niagara-on-the-Lake, une \u00e9quipe de travailleurs oeuvrant chez YRC Reimer se sont syndiqu\u00e9s avec la Section locale 879 du syndicat des Teamsters.<\/p>\n<blockquote><p>\u00ab Ce n\u2019est jamais facile de se syndiquer. C\u2019est la\u00a0raison pour laquelle je tiens \u00e0 f\u00e9liciter ces travailleurs et ces travailleuses dans leur lutte afin qu\u2019ils soient trait\u00e9s avec respect et dignit\u00e9, s\u2019est r\u00e9joui le pr\u00e9sident de Teamsters Canada, Fran\u00e7ois Laporte. \u00bb<\/p><\/blockquote>\n<p>Ces travailleurs aident les camionneurs \u00e0 g\u00e9rer rapidement et efficacement les formalit\u00e9s administratives en rapport avec les douanes. Non seulement ces travailleurs n\u2019ont pas obtenu d\u2019augmentations de salaire depuis des ann\u00e9es, mais certains se plaignent aussi de subir de la violence verbale de la part des gestionnaires.<\/p>\n<p>Outre le fait que les probl\u00e8mes rapport\u00e9s par les travailleurs ont \u00e9t\u00e9 ignor\u00e9s par les dirigeants, ces derniers leur ont m\u00eame dit de quitter leur emploi s\u2019ils n\u2019\u00e9taient pas heureux!<\/p>\n<p><strong>Tous les ingr\u00e9dients \u00e9taient donc r\u00e9unis pour que ces travailleurs joignent les Teamsters.<\/strong><\/p>\n<blockquote><p>\u00ab Ces travailleurs \u00e9taient moins bien pay\u00e9s que nos membres qui effectuent le m\u00eame travail dans d\u2019autres compagnies de camionnage, a expliqu\u00e9 le recruteur de la Section locale 879, Jim Killey. La compagnie abusait des travailleurs parce qu\u2019ils n\u2019\u00e9taient pas repr\u00e9sent\u00e9s par un syndicat. \u00bb<\/p><\/blockquote>\n<p>La campagne de recrutement a v\u00e9ritablement pris son envol lorsque les Teamsters ont montr\u00e9 aux travailleurs la convention collective qui avait \u00e9t\u00e9 n\u00e9goci\u00e9e chez YRC Reimer de Point Edward. Les syndiqu\u00e9s avaient de meilleures conditions de travail, notamment des salaires plus \u00e9lev\u00e9s, que leurs confr\u00e8res et consoeurs de Niagara-on-the-Lake.<\/p>\n<p>La Section locale 879 pr\u00e9voit d\u00e9buter les pourparlers avec la compagnie dans les prochaines semaines. L\u2019objectif \u00e9tant d\u2019am\u00e9liorer les salaires et les conditions g\u00e9n\u00e9rales.<\/p>\n<p><em><strong>Vous d\u00e9sirez joindre les Teamsters? <span style=\"color: #ff0000;\"><a style=\"color: #ff0000;\" href=\"https:\/\/teamsters.ca\/fr\/etre-membre\/devenez-membre\/\" target=\"_blank\" rel=\"noopener noreferrer\">Cliquez ici<\/a> <\/span>pour entrer en contact avec un recruteur. Toutes les communications sont confidentielles.<\/strong><\/em><\/p>\n","protected":false},"excerpt":{"rendered":"<p>\u00c0 Niagara-on-the-Lake, une \u00e9quipe de travailleurs oeuvrant chez YRC Reimer se sont syndiqu\u00e9s avec la Section locale 879 du syndicat des Teamsters.<\/p>\n","protected":false},"author":8,"featured_media":8384,"comment_status":"closed","ping_status":"closed","sticky":false,"template":"","format":"standard","meta":{"ngg_post_thumbnail":0,"mc4wp_mailchimp_campaign":[],"footnotes":""},"categories":[1140,1114,1144,1137],"tags":[334,828,495,533,829,830,831],"class_list":{"0":"post-8362","1":"post","2":"type-post","3":"status-publish","4":"format-standard","5":"has-post-thumbnail","7":"category-canada-region-fr","8":"category-nouvelles","9":"category-ontario-fr","10":"category-region-fr","11":"tag-francois-laporte","12":"tag-jim-killey","13":"tag-local-union-879","14":"tag-new-members","15":"tag-nouveaux-membres","16":"tag-section-locale-879","17":"tag-yrc-reimer"},"yoast_head":"<!-- This site is optimized with the Yoast SEO Premium plugin v25.5 (Yoast SEO v25.5) - https:\/\/yoast.com\/wordpress\/plugins\/seo\/ -->\n<title>Les travailleurs de YRC Reimer choisissent la Section locale 879 | Teamsters Canada<\/title>\n<meta name=\"robots\" content=\"index, follow, max-snippet:-1, max-image-preview:large, max-video-preview:-1\" \/>\n<link rel=\"canonical\" href=\"https:\/\/teamsters.ca\/fr\/blog\/2018\/06\/18\/les-travailleurs-de-yrc-reimer-choisissent-la-section-locale-879\/\" \/>\n<meta property=\"og:locale\" content=\"fr_CA\" \/>\n<meta property=\"og:type\" content=\"article\" \/>\n<meta property=\"og:title\" content=\"Les travailleurs de YRC Reimer choisissent la Section locale 879\" \/>\n<meta property=\"og:description\" content=\"\u00c0 Niagara-on-the-Lake, une \u00e9quipe de travailleurs oeuvrant chez YRC Reimer se sont syndiqu\u00e9s avec la Section locale 879 du syndicat des Teamsters.\" \/>\n<meta property=\"og:url\" content=\"https:\/\/teamsters.ca\/fr\/blog\/2018\/06\/18\/les-travailleurs-de-yrc-reimer-choisissent-la-section-locale-879\/\" \/>\n<meta property=\"og:site_name\" content=\"Teamsters Canada\" \/>\n<meta property=\"article:publisher\" content=\"https:\/\/www.facebook.com\/Teamsterscanada\/\" \/>\n<meta property=\"article:published_time\" content=\"2018-06-18T19:10:25+00:00\" \/>\n<meta property=\"article:modified_time\" content=\"2019-06-27T20:38:34+00:00\" \/>\n<meta property=\"og:image\" content=\"https:\/\/teamsters.ca\/wp-content\/uploads\/2018\/06\/REIMERFR3.png\" \/>\n\t<meta property=\"og:image:width\" content=\"1167\" \/>\n\t<meta property=\"og:image:height\" content=\"768\" \/>\n\t<meta property=\"og:image:type\" content=\"image\/png\" \/>\n<meta name=\"author\" content=\"St\u00e9phanie Meunier\" \/>\n<meta name=\"twitter:card\" content=\"summary_large_image\" \/>\n<meta name=\"twitter:creator\" content=\"@TeamstersCanada\" \/>\n<meta name=\"twitter:site\" content=\"@TeamstersCanada\" \/>\n<meta name=\"twitter:label1\" content=\"\u00c9crit par\" \/>\n\t<meta name=\"twitter:data1\" content=\"St\u00e9phanie Meunier\" \/>\n\t<meta name=\"twitter:label2\" content=\"Estimation du temps de lecture\" \/>\n\t<meta name=\"twitter:data2\" content=\"2 minutes\" \/>\n<script type=\"application\/ld+json\" class=\"yoast-schema-graph\">{\"@context\":\"https:\/\/schema.org\",\"@graph\":[{\"@type\":\"Article\",\"@id\":\"https:\/\/teamsters.ca\/fr\/blog\/2018\/06\/18\/les-travailleurs-de-yrc-reimer-choisissent-la-section-locale-879\/#article\",\"isPartOf\":{\"@id\":\"https:\/\/teamsters.ca\/fr\/blog\/2018\/06\/18\/les-travailleurs-de-yrc-reimer-choisissent-la-section-locale-879\/\"},\"author\":{\"name\":\"St\u00e9phanie Meunier\",\"@id\":\"https:\/\/teamsters.ca\/fr\/#\/schema\/person\/3e6ffefc39fe2f212400b7d8d0a4a0c1\"},\"headline\":\"Les travailleurs de YRC Reimer choisissent la Section locale 879\",\"datePublished\":\"2018-06-18T19:10:25+00:00\",\"dateModified\":\"2019-06-27T20:38:34+00:00\",\"mainEntityOfPage\":{\"@id\":\"https:\/\/teamsters.ca\/fr\/blog\/2018\/06\/18\/les-travailleurs-de-yrc-reimer-choisissent-la-section-locale-879\/\"},\"wordCount\":335,\"publisher\":{\"@id\":\"https:\/\/teamsters.ca\/fr\/#organization\"},\"image\":{\"@id\":\"https:\/\/teamsters.ca\/fr\/blog\/2018\/06\/18\/les-travailleurs-de-yrc-reimer-choisissent-la-section-locale-879\/#primaryimage\"},\"thumbnailUrl\":\"https:\/\/teamsters.ca\/wp-content\/uploads\/2018\/06\/REIMERFR3.png\",\"keywords\":[\"Fran\u00e7ois Laporte\",\"Jim Killey\",\"Local Union 879\",\"New Members\",\"Nouveaux membres\",\"Section locale 879\",\"YRC Reimer\"],\"articleSection\":[\"Canada\",\"Nouvelles\",\"Ontario\",\"R\u00e9gion\"],\"inLanguage\":\"fr-CA\"},{\"@type\":\"WebPage\",\"@id\":\"https:\/\/teamsters.ca\/fr\/blog\/2018\/06\/18\/les-travailleurs-de-yrc-reimer-choisissent-la-section-locale-879\/\",\"url\":\"https:\/\/teamsters.ca\/fr\/blog\/2018\/06\/18\/les-travailleurs-de-yrc-reimer-choisissent-la-section-locale-879\/\",\"name\":\"Les travailleurs de YRC Reimer choisissent la Section locale 879 | Teamsters Canada\",\"isPartOf\":{\"@id\":\"https:\/\/teamsters.ca\/fr\/#website\"},\"primaryImageOfPage\":{\"@id\":\"https:\/\/teamsters.ca\/fr\/blog\/2018\/06\/18\/les-travailleurs-de-yrc-reimer-choisissent-la-section-locale-879\/#primaryimage\"},\"image\":{\"@id\":\"https:\/\/teamsters.ca\/fr\/blog\/2018\/06\/18\/les-travailleurs-de-yrc-reimer-choisissent-la-section-locale-879\/#primaryimage\"},\"thumbnailUrl\":\"https:\/\/teamsters.ca\/wp-content\/uploads\/2018\/06\/REIMERFR3.png\",\"datePublished\":\"2018-06-18T19:10:25+00:00\",\"dateModified\":\"2019-06-27T20:38:34+00:00\",\"breadcrumb\":{\"@id\":\"https:\/\/teamsters.ca\/fr\/blog\/2018\/06\/18\/les-travailleurs-de-yrc-reimer-choisissent-la-section-locale-879\/#breadcrumb\"},\"inLanguage\":\"fr-CA\",\"potentialAction\":[{\"@type\":\"ReadAction\",\"target\":[\"https:\/\/teamsters.ca\/fr\/blog\/2018\/06\/18\/les-travailleurs-de-yrc-reimer-choisissent-la-section-locale-879\/\"]}]},{\"@type\":\"ImageObject\",\"inLanguage\":\"fr-CA\",\"@id\":\"https:\/\/teamsters.ca\/fr\/blog\/2018\/06\/18\/les-travailleurs-de-yrc-reimer-choisissent-la-section-locale-879\/#primaryimage\",\"url\":\"https:\/\/teamsters.ca\/wp-content\/uploads\/2018\/06\/REIMERFR3.png\",\"contentUrl\":\"https:\/\/teamsters.ca\/wp-content\/uploads\/2018\/06\/REIMERFR3.png\",\"width\":1167,\"height\":768},{\"@type\":\"BreadcrumbList\",\"@id\":\"https:\/\/teamsters.ca\/fr\/blog\/2018\/06\/18\/les-travailleurs-de-yrc-reimer-choisissent-la-section-locale-879\/#breadcrumb\",\"itemListElement\":[{\"@type\":\"ListItem\",\"position\":1,\"name\":\"Home\",\"item\":\"https:\/\/teamsters.ca\/fr\/\"},{\"@type\":\"ListItem\",\"position\":2,\"name\":\"Les travailleurs de YRC Reimer choisissent la Section locale 879\"}]},{\"@type\":\"WebSite\",\"@id\":\"https:\/\/teamsters.ca\/fr\/#website\",\"url\":\"https:\/\/teamsters.ca\/fr\/\",\"name\":\"Teamsters Canada\",\"description\":\"A Canadian union representing over 125 000 members\",\"publisher\":{\"@id\":\"https:\/\/teamsters.ca\/fr\/#organization\"},\"potentialAction\":[{\"@type\":\"SearchAction\",\"target\":{\"@type\":\"EntryPoint\",\"urlTemplate\":\"https:\/\/teamsters.ca\/fr\/?s={search_term_string}\"},\"query-input\":{\"@type\":\"PropertyValueSpecification\",\"valueRequired\":true,\"valueName\":\"search_term_string\"}}],\"inLanguage\":\"fr-CA\"},{\"@type\":\"Organization\",\"@id\":\"https:\/\/teamsters.ca\/fr\/#organization\",\"name\":\"Teamsters Canada\",\"url\":\"https:\/\/teamsters.ca\/fr\/\",\"logo\":{\"@type\":\"ImageObject\",\"inLanguage\":\"fr-CA\",\"@id\":\"https:\/\/teamsters.ca\/fr\/#\/schema\/logo\/image\/\",\"url\":\"https:\/\/teamsters.ca\/wp-content\/uploads\/2019\/08\/TeamstersCanada.png\",\"contentUrl\":\"https:\/\/teamsters.ca\/wp-content\/uploads\/2019\/08\/TeamstersCanada.png\",\"width\":545,\"height\":181,\"caption\":\"Teamsters Canada\"},\"image\":{\"@id\":\"https:\/\/teamsters.ca\/fr\/#\/schema\/logo\/image\/\"},\"sameAs\":[\"https:\/\/www.facebook.com\/Teamsterscanada\/\",\"https:\/\/x.com\/TeamstersCanada\"]},{\"@type\":\"Person\",\"@id\":\"https:\/\/teamsters.ca\/fr\/#\/schema\/person\/3e6ffefc39fe2f212400b7d8d0a4a0c1\",\"name\":\"St\u00e9phanie Meunier\",\"image\":{\"@type\":\"ImageObject\",\"inLanguage\":\"fr-CA\",\"@id\":\"https:\/\/teamsters.ca\/fr\/#\/schema\/person\/image\/\",\"url\":\"https:\/\/secure.gravatar.com\/avatar\/e4e8404e91ed71cb473fa2708849669810cf083c89825a3d2dd0d47dd6b2be77?s=96&d=mm&r=g\",\"contentUrl\":\"https:\/\/secure.gravatar.com\/avatar\/e4e8404e91ed71cb473fa2708849669810cf083c89825a3d2dd0d47dd6b2be77?s=96&d=mm&r=g\",\"caption\":\"St\u00e9phanie Meunier\"},\"url\":\"https:\/\/teamsters.ca\/fr\/blog\/author\/smeunier\/\"}]}<\/script>\n<!-- \/ Yoast SEO Premium plugin. -->","yoast_head_json":{"title":"Les travailleurs de YRC Reimer choisissent la Section locale 879 | Teamsters Canada","robots":{"index":"index","follow":"follow","max-snippet":"max-snippet:-1","max-image-preview":"max-image-preview:large","max-video-preview":"max-video-preview:-1"},"canonical":"https:\/\/teamsters.ca\/fr\/blog\/2018\/06\/18\/les-travailleurs-de-yrc-reimer-choisissent-la-section-locale-879\/","og_locale":"fr_CA","og_type":"article","og_title":"Les travailleurs de YRC Reimer choisissent la Section locale 879","og_description":"\u00c0 Niagara-on-the-Lake, une \u00e9quipe de travailleurs oeuvrant chez YRC Reimer se sont syndiqu\u00e9s avec la Section locale 879 du syndicat des Teamsters.","og_url":"https:\/\/teamsters.ca\/fr\/blog\/2018\/06\/18\/les-travailleurs-de-yrc-reimer-choisissent-la-section-locale-879\/","og_site_name":"Teamsters Canada","article_publisher":"https:\/\/www.facebook.com\/Teamsterscanada\/","article_published_time":"2018-06-18T19:10:25+00:00","article_modified_time":"2019-06-27T20:38:34+00:00","og_image":[{"width":1167,"height":768,"url":"https:\/\/teamsters.ca\/wp-content\/uploads\/2018\/06\/REIMERFR3.png","type":"image\/png"}],"author":"St\u00e9phanie Meunier","twitter_card":"summary_large_image","twitter_creator":"@TeamstersCanada","twitter_site":"@TeamstersCanada","twitter_misc":{"\u00c9crit par":"St\u00e9phanie Meunier","Estimation du temps de lecture":"2 minutes"},"schema":{"@context":"https:\/\/schema.org","@graph":[{"@type":"Article","@id":"https:\/\/teamsters.ca\/fr\/blog\/2018\/06\/18\/les-travailleurs-de-yrc-reimer-choisissent-la-section-locale-879\/#article","isPartOf":{"@id":"https:\/\/teamsters.ca\/fr\/blog\/2018\/06\/18\/les-travailleurs-de-yrc-reimer-choisissent-la-section-locale-879\/"},"author":{"name":"St\u00e9phanie Meunier","@id":"https:\/\/teamsters.ca\/fr\/#\/schema\/person\/3e6ffefc39fe2f212400b7d8d0a4a0c1"},"headline":"Les travailleurs de YRC Reimer choisissent la Section locale 879","datePublished":"2018-06-18T19:10:25+00:00","dateModified":"2019-06-27T20:38:34+00:00","mainEntityOfPage":{"@id":"https:\/\/teamsters.ca\/fr\/blog\/2018\/06\/18\/les-travailleurs-de-yrc-reimer-choisissent-la-section-locale-879\/"},"wordCount":335,"publisher":{"@id":"https:\/\/teamsters.ca\/fr\/#organization"},"image":{"@id":"https:\/\/teamsters.ca\/fr\/blog\/2018\/06\/18\/les-travailleurs-de-yrc-reimer-choisissent-la-section-locale-879\/#primaryimage"},"thumbnailUrl":"https:\/\/teamsters.ca\/wp-content\/uploads\/2018\/06\/REIMERFR3.png","keywords":["Fran\u00e7ois Laporte","Jim Killey","Local Union 879","New Members","Nouveaux membres","Section locale 879","YRC Reimer"],"articleSection":["Canada","Nouvelles","Ontario","R\u00e9gion"],"inLanguage":"fr-CA"},{"@type":"WebPage","@id":"https:\/\/teamsters.ca\/fr\/blog\/2018\/06\/18\/les-travailleurs-de-yrc-reimer-choisissent-la-section-locale-879\/","url":"https:\/\/teamsters.ca\/fr\/blog\/2018\/06\/18\/les-travailleurs-de-yrc-reimer-choisissent-la-section-locale-879\/","name":"Les travailleurs de YRC Reimer choisissent la Section locale 879 | Teamsters Canada","isPartOf":{"@id":"https:\/\/teamsters.ca\/fr\/#website"},"primaryImageOfPage":{"@id":"https:\/\/teamsters.ca\/fr\/blog\/2018\/06\/18\/les-travailleurs-de-yrc-reimer-choisissent-la-section-locale-879\/#primaryimage"},"image":{"@id":"https:\/\/teamsters.ca\/fr\/blog\/2018\/06\/18\/les-travailleurs-de-yrc-reimer-choisissent-la-section-locale-879\/#primaryimage"},"thumbnailUrl":"https:\/\/teamsters.ca\/wp-content\/uploads\/2018\/06\/REIMERFR3.png","datePublished":"2018-06-18T19:10:25+00:00","dateModified":"2019-06-27T20:38:34+00:00","breadcrumb":{"@id":"https:\/\/teamsters.ca\/fr\/blog\/2018\/06\/18\/les-travailleurs-de-yrc-reimer-choisissent-la-section-locale-879\/#breadcrumb"},"inLanguage":"fr-CA","potentialAction":[{"@type":"ReadAction","target":["https:\/\/teamsters.ca\/fr\/blog\/2018\/06\/18\/les-travailleurs-de-yrc-reimer-choisissent-la-section-locale-879\/"]}]},{"@type":"ImageObject","inLanguage":"fr-CA","@id":"https:\/\/teamsters.ca\/fr\/blog\/2018\/06\/18\/les-travailleurs-de-yrc-reimer-choisissent-la-section-locale-879\/#primaryimage","url":"https:\/\/teamsters.ca\/wp-content\/uploads\/2018\/06\/REIMERFR3.png","contentUrl":"https:\/\/teamsters.ca\/wp-content\/uploads\/2018\/06\/REIMERFR3.png","width":1167,"height":768},{"@type":"BreadcrumbList","@id":"https:\/\/teamsters.ca\/fr\/blog\/2018\/06\/18\/les-travailleurs-de-yrc-reimer-choisissent-la-section-locale-879\/#breadcrumb","itemListElement":[{"@type":"ListItem","position":1,"name":"Home","item":"https:\/\/teamsters.ca\/fr\/"},{"@type":"ListItem","position":2,"name":"Les travailleurs de YRC Reimer choisissent la Section locale 879"}]},{"@type":"WebSite","@id":"https:\/\/teamsters.ca\/fr\/#website","url":"https:\/\/teamsters.ca\/fr\/","name":"Teamsters Canada","description":"A Canadian union representing over 125 000 members","publisher":{"@id":"https:\/\/teamsters.ca\/fr\/#organization"},"potentialAction":[{"@type":"SearchAction","target":{"@type":"EntryPoint","urlTemplate":"https:\/\/teamsters.ca\/fr\/?s={search_term_string}"},"query-input":{"@type":"PropertyValueSpecification","valueRequired":true,"valueName":"search_term_string"}}],"inLanguage":"fr-CA"},{"@type":"Organization","@id":"https:\/\/teamsters.ca\/fr\/#organization","name":"Teamsters Canada","url":"https:\/\/teamsters.ca\/fr\/","logo":{"@type":"ImageObject","inLanguage":"fr-CA","@id":"https:\/\/teamsters.ca\/fr\/#\/schema\/logo\/image\/","url":"https:\/\/teamsters.ca\/wp-content\/uploads\/2019\/08\/TeamstersCanada.png","contentUrl":"https:\/\/teamsters.ca\/wp-content\/uploads\/2019\/08\/TeamstersCanada.png","width":545,"height":181,"caption":"Teamsters Canada"},"image":{"@id":"https:\/\/teamsters.ca\/fr\/#\/schema\/logo\/image\/"},"sameAs":["https:\/\/www.facebook.com\/Teamsterscanada\/","https:\/\/x.com\/TeamstersCanada"]},{"@type":"Person","@id":"https:\/\/teamsters.ca\/fr\/#\/schema\/person\/3e6ffefc39fe2f212400b7d8d0a4a0c1","name":"St\u00e9phanie Meunier","image":{"@type":"ImageObject","inLanguage":"fr-CA","@id":"https:\/\/teamsters.ca\/fr\/#\/schema\/person\/image\/","url":"https:\/\/secure.gravatar.com\/avatar\/e4e8404e91ed71cb473fa2708849669810cf083c89825a3d2dd0d47dd6b2be77?s=96&d=mm&r=g","contentUrl":"https:\/\/secure.gravatar.com\/avatar\/e4e8404e91ed71cb473fa2708849669810cf083c89825a3d2dd0d47dd6b2be77?s=96&d=mm&r=g","caption":"St\u00e9phanie Meunier"},"url":"https:\/\/teamsters.ca\/fr\/blog\/author\/smeunier\/"}]}},"_links":{"self":[{"href":"https:\/\/teamsters.ca\/fr\/wp-json\/wp\/v2\/posts\/8362","targetHints":{"allow":["GET"]}}],"collection":[{"href":"https:\/\/teamsters.ca\/fr\/wp-json\/wp\/v2\/posts"}],"about":[{"href":"https:\/\/teamsters.ca\/fr\/wp-json\/wp\/v2\/types\/post"}],"author":[{"embeddable":true,"href":"https:\/\/teamsters.ca\/fr\/wp-json\/wp\/v2\/users\/8"}],"replies":[{"embeddable":true,"href":"https:\/\/teamsters.ca\/fr\/wp-json\/wp\/v2\/comments?post=8362"}],"version-history":[{"count":1,"href":"https:\/\/teamsters.ca\/fr\/wp-json\/wp\/v2\/posts\/8362\/revisions"}],"predecessor-version":[{"id":9814,"href":"https:\/\/teamsters.ca\/fr\/wp-json\/wp\/v2\/posts\/8362\/revisions\/9814"}],"wp:featuredmedia":[{"embeddable":true,"href":"https:\/\/teamsters.ca\/fr\/wp-json\/wp\/v2\/media\/8384"}],"wp:attachment":[{"href":"https:\/\/teamsters.ca\/fr\/wp-json\/wp\/v2\/media?parent=8362"}],"wp:term":[{"taxonomy":"category","embeddable":true,"href":"https:\/\/teamsters.ca\/fr\/wp-json\/wp\/v2\/categories?post=8362"},{"taxonomy":"post_tag","embeddable":true,"href":"https:\/\/teamsters.ca\/fr\/wp-json\/wp\/v2\/tags?post=8362"}],"curies":[{"name":"wp","href":"https:\/\/api.w.org\/{rel}","templated":true}]}}