{"id":8074,"date":"2018-05-18T10:54:42","date_gmt":"2018-05-18T14:54:42","guid":{"rendered":"http:\/\/teamsters.ca\/?p=8074"},"modified":"2019-06-27T20:38:35","modified_gmt":"2019-06-27T20:38:35","slug":"nouveau-contrat-de-travail-chez-autobus-magog","status":"publish","type":"post","link":"https:\/\/teamsters.ca\/fr\/blog\/2018\/05\/18\/nouveau-contrat-de-travail-chez-autobus-magog\/","title":{"rendered":"Nouveau contrat de travail chez Autobus Magog"},"content":{"rendered":"<p>Laval, 18 mai 2018 \u2014 Les quelque 20 conductrices et conducteurs d\u2019Autobus Magog ont ratifi\u00e9 plus t\u00f4t cette semaine un nouveau contrat de travail lors d\u2019une assembl\u00e9e syndicale o\u00f9 90 % d\u2019entre eux ont vot\u00e9 en faveur des offres patronales.<\/p>\n<p><strong>Ces salari\u00e9(e)s sont syndiqu\u00e9s avec la Section locale 1791 du syndicat des Teamsters.<\/strong><\/p>\n<p>Les principaux enjeux \u00e0 la table de n\u00e9gociations \u00e9tait les salaires ainsi que conserver les voyages nolis\u00e9s et parascolaires au taux horaire et non \u00e0 forfait. Les travailleurs obtiennent un minimum de 10 % d\u2019augmentations pour toute la dur\u00e9e du contrat, soit 5 ans. Ces hausses pourraient \u00eatre am\u00e9lior\u00e9es au cours des prochaines ann\u00e9es si l\u2019enveloppe mon\u00e9taire qui est vers\u00e9e par le gouvernement aux commissions scolaires pour le transport des \u00e9l\u00e8ves est major\u00e9e.<\/p>\n<p>On sait que le ministre de l\u2019\u00c9ducation, S\u00e9bastien Proulx, \u00e0 promis que, dor\u00e9navant, l\u2019enti\u00e8ret\u00e9 de l\u2019enveloppe mon\u00e9taire serait remise aux transporteurs scolaires. Cela constitue une belle victoire pour les travailleurs puisqu\u2019ils peuvent esp\u00e9rer am\u00e9liorer leur sort \u00e0 courte \u00e9ch\u00e9ance.<\/p>\n<blockquote><p>\u00ab Je tiens \u00e0 saluer le leadership et la t\u00e9nacit\u00e9 des membres tout au long des pourparlers, s\u2019est r\u00e9joui le permanent syndical responsable du dossier, Michel Richard. Ils savent qu\u2019ils n\u2019ont pas \u00e0 d\u00e9clencher des moyens de pression ill\u00e9gaux, comme ce fut le cas dans d\u2019autres syndicats, pour obtenir un bon contrat de travail. \u00bb<\/p><\/blockquote>\n<p>De plus, les travailleurs auront d\u00e9sormais 40 semaines garanties de travail, comparativement \u00e0 39 semaines dans le pr\u00e9c\u00e9dent contrat de travail.<\/p>\n<p>Autobus Magog transporte les \u00e9l\u00e8ves de la commission scolaire des Sommets en Estrie. Le pr\u00e9c\u00e9dent contrat de travail venait \u00e0 \u00e9ch\u00e9ance en octobre 2017 et les n\u00e9gociations ont d\u00e9but\u00e9 en d\u00e9cembre dernier.<\/p>\n<p>Rappelons qu\u2019en moyenne, les conducteurs et conductrices d\u2019autobus scolaires gagnent entre 20 000 $ et 25 000 $ par ann\u00e9e, tout en assurant la s\u00e9curit\u00e9 des enfants.<\/p>\n<p><em>Le syndicat des Teamsters repr\u00e9sente les int\u00e9r\u00eats de pr\u00e8s de 40 000 travailleuses et travailleurs au Qu\u00e9bec, dont plus de 1000 dans le transport scolaire. Teamsters Qu\u00e9bec est affili\u00e9 \u00e0 Fraternit\u00e9 internationale des Teamsters, dont l\u2019effectif syndical est de 1,4 million de membres en Am\u00e9rique du Nord.<\/em><\/p>\n<p style=\"text-align: center;\">-30-<\/p>\n<p>Renseignements :<br \/>\nSt\u00e9phane Lacroix, directeur des Communications et des Affaires publiques<br \/>\nPortable : 514 609-5101<br \/>\n<a href=\"mailto:slacroix@teamsters.ca\">slacroix@teamsters.ca<\/a><\/p>\n","protected":false},"excerpt":{"rendered":"<p>Les quelque 20 conductrices et conducteurs d\u2019Autobus Magog ont ratifi\u00e9 plus t\u00f4t cette semaine un nouveau contrat de travail lors d\u2019une assembl\u00e9e syndicale o\u00f9 90 % d\u2019entre eux ont vot\u00e9 en faveur des offres patronales.<\/p>\n","protected":false},"author":8,"featured_media":8076,"comment_status":"closed","ping_status":"closed","sticky":false,"template":"","format":"standard","meta":{"ngg_post_thumbnail":0,"mc4wp_mailchimp_campaign":[],"footnotes":""},"categories":[1114],"tags":[809,810,811,812,813,738],"class_list":{"0":"post-8074","1":"post","2":"type-post","3":"status-publish","4":"format-standard","5":"has-post-thumbnail","7":"category-nouvelles","8":"tag-autobus-magog","9":"tag-commission-scolaire-des-sommets","10":"tag-ministre-de-leducation","11":"tag-sebastien-proulx","12":"tag-section-locale-1791","13":"tag-transporteurs-scolaires"},"yoast_head":"<!-- This site is optimized with the Yoast SEO Premium plugin v25.5 (Yoast SEO v25.5) - https:\/\/yoast.com\/wordpress\/plugins\/seo\/ -->\n<title>Nouveau contrat de travail chez Autobus Magog | Teamsters Canada<\/title>\n<meta name=\"robots\" content=\"index, follow, max-snippet:-1, max-image-preview:large, max-video-preview:-1\" \/>\n<link rel=\"canonical\" href=\"https:\/\/teamsters.ca\/fr\/blog\/2018\/05\/18\/nouveau-contrat-de-travail-chez-autobus-magog\/\" \/>\n<meta property=\"og:locale\" content=\"fr_CA\" \/>\n<meta property=\"og:type\" content=\"article\" \/>\n<meta property=\"og:title\" content=\"Nouveau contrat de travail chez Autobus Magog\" \/>\n<meta property=\"og:description\" content=\"Les quelque 20 conductrices et conducteurs d\u2019Autobus Magog ont ratifi\u00e9 plus t\u00f4t cette semaine un nouveau contrat de travail lors d\u2019une assembl\u00e9e syndicale o\u00f9 90 % d\u2019entre eux ont vot\u00e9 en faveur des offres patronales.\" \/>\n<meta property=\"og:url\" content=\"https:\/\/teamsters.ca\/fr\/blog\/2018\/05\/18\/nouveau-contrat-de-travail-chez-autobus-magog\/\" \/>\n<meta property=\"og:site_name\" content=\"Teamsters Canada\" \/>\n<meta property=\"article:publisher\" content=\"https:\/\/www.facebook.com\/Teamsterscanada\/\" \/>\n<meta property=\"article:published_time\" content=\"2018-05-18T14:54:42+00:00\" \/>\n<meta property=\"article:modified_time\" content=\"2019-06-27T20:38:35+00:00\" \/>\n<meta property=\"og:image\" content=\"https:\/\/teamsters.ca\/wp-content\/uploads\/2018\/05\/magog.png\" \/>\n\t<meta property=\"og:image:width\" content=\"1166\" \/>\n\t<meta property=\"og:image:height\" content=\"768\" \/>\n\t<meta property=\"og:image:type\" content=\"image\/png\" \/>\n<meta name=\"author\" content=\"St\u00e9phanie Meunier\" \/>\n<meta name=\"twitter:card\" content=\"summary_large_image\" \/>\n<meta name=\"twitter:creator\" content=\"@TeamstersCanada\" \/>\n<meta name=\"twitter:site\" content=\"@TeamstersCanada\" \/>\n<meta name=\"twitter:label1\" content=\"\u00c9crit par\" \/>\n\t<meta name=\"twitter:data1\" content=\"St\u00e9phanie Meunier\" \/>\n\t<meta name=\"twitter:label2\" content=\"Estimation du temps de lecture\" \/>\n\t<meta name=\"twitter:data2\" content=\"2 minutes\" \/>\n<script type=\"application\/ld+json\" class=\"yoast-schema-graph\">{\"@context\":\"https:\/\/schema.org\",\"@graph\":[{\"@type\":\"Article\",\"@id\":\"https:\/\/teamsters.ca\/fr\/blog\/2018\/05\/18\/nouveau-contrat-de-travail-chez-autobus-magog\/#article\",\"isPartOf\":{\"@id\":\"https:\/\/teamsters.ca\/fr\/blog\/2018\/05\/18\/nouveau-contrat-de-travail-chez-autobus-magog\/\"},\"author\":{\"name\":\"St\u00e9phanie Meunier\",\"@id\":\"https:\/\/teamsters.ca\/fr\/#\/schema\/person\/3e6ffefc39fe2f212400b7d8d0a4a0c1\"},\"headline\":\"Nouveau contrat de travail chez Autobus Magog\",\"datePublished\":\"2018-05-18T14:54:42+00:00\",\"dateModified\":\"2019-06-27T20:38:35+00:00\",\"mainEntityOfPage\":{\"@id\":\"https:\/\/teamsters.ca\/fr\/blog\/2018\/05\/18\/nouveau-contrat-de-travail-chez-autobus-magog\/\"},\"wordCount\":399,\"publisher\":{\"@id\":\"https:\/\/teamsters.ca\/fr\/#organization\"},\"image\":{\"@id\":\"https:\/\/teamsters.ca\/fr\/blog\/2018\/05\/18\/nouveau-contrat-de-travail-chez-autobus-magog\/#primaryimage\"},\"thumbnailUrl\":\"https:\/\/teamsters.ca\/wp-content\/uploads\/2018\/05\/magog.png\",\"keywords\":[\"Autobus Magog\",\"commission scolaire des Sommets\",\"ministre de l\u2019\u00c9ducation\",\"S\u00e9bastien Proulx\",\"Section locale 1791\",\"transporteurs scolaires\"],\"articleSection\":[\"Nouvelles\"],\"inLanguage\":\"fr-CA\"},{\"@type\":\"WebPage\",\"@id\":\"https:\/\/teamsters.ca\/fr\/blog\/2018\/05\/18\/nouveau-contrat-de-travail-chez-autobus-magog\/\",\"url\":\"https:\/\/teamsters.ca\/fr\/blog\/2018\/05\/18\/nouveau-contrat-de-travail-chez-autobus-magog\/\",\"name\":\"Nouveau contrat de travail chez Autobus Magog | Teamsters Canada\",\"isPartOf\":{\"@id\":\"https:\/\/teamsters.ca\/fr\/#website\"},\"primaryImageOfPage\":{\"@id\":\"https:\/\/teamsters.ca\/fr\/blog\/2018\/05\/18\/nouveau-contrat-de-travail-chez-autobus-magog\/#primaryimage\"},\"image\":{\"@id\":\"https:\/\/teamsters.ca\/fr\/blog\/2018\/05\/18\/nouveau-contrat-de-travail-chez-autobus-magog\/#primaryimage\"},\"thumbnailUrl\":\"https:\/\/teamsters.ca\/wp-content\/uploads\/2018\/05\/magog.png\",\"datePublished\":\"2018-05-18T14:54:42+00:00\",\"dateModified\":\"2019-06-27T20:38:35+00:00\",\"breadcrumb\":{\"@id\":\"https:\/\/teamsters.ca\/fr\/blog\/2018\/05\/18\/nouveau-contrat-de-travail-chez-autobus-magog\/#breadcrumb\"},\"inLanguage\":\"fr-CA\",\"potentialAction\":[{\"@type\":\"ReadAction\",\"target\":[\"https:\/\/teamsters.ca\/fr\/blog\/2018\/05\/18\/nouveau-contrat-de-travail-chez-autobus-magog\/\"]}]},{\"@type\":\"ImageObject\",\"inLanguage\":\"fr-CA\",\"@id\":\"https:\/\/teamsters.ca\/fr\/blog\/2018\/05\/18\/nouveau-contrat-de-travail-chez-autobus-magog\/#primaryimage\",\"url\":\"https:\/\/teamsters.ca\/wp-content\/uploads\/2018\/05\/magog.png\",\"contentUrl\":\"https:\/\/teamsters.ca\/wp-content\/uploads\/2018\/05\/magog.png\",\"width\":1166,\"height\":768},{\"@type\":\"BreadcrumbList\",\"@id\":\"https:\/\/teamsters.ca\/fr\/blog\/2018\/05\/18\/nouveau-contrat-de-travail-chez-autobus-magog\/#breadcrumb\",\"itemListElement\":[{\"@type\":\"ListItem\",\"position\":1,\"name\":\"Home\",\"item\":\"https:\/\/teamsters.ca\/fr\/\"},{\"@type\":\"ListItem\",\"position\":2,\"name\":\"Nouveau contrat de travail chez Autobus Magog\"}]},{\"@type\":\"WebSite\",\"@id\":\"https:\/\/teamsters.ca\/fr\/#website\",\"url\":\"https:\/\/teamsters.ca\/fr\/\",\"name\":\"Teamsters Canada\",\"description\":\"A Canadian union representing over 125 000 members\",\"publisher\":{\"@id\":\"https:\/\/teamsters.ca\/fr\/#organization\"},\"potentialAction\":[{\"@type\":\"SearchAction\",\"target\":{\"@type\":\"EntryPoint\",\"urlTemplate\":\"https:\/\/teamsters.ca\/fr\/?s={search_term_string}\"},\"query-input\":{\"@type\":\"PropertyValueSpecification\",\"valueRequired\":true,\"valueName\":\"search_term_string\"}}],\"inLanguage\":\"fr-CA\"},{\"@type\":\"Organization\",\"@id\":\"https:\/\/teamsters.ca\/fr\/#organization\",\"name\":\"Teamsters Canada\",\"url\":\"https:\/\/teamsters.ca\/fr\/\",\"logo\":{\"@type\":\"ImageObject\",\"inLanguage\":\"fr-CA\",\"@id\":\"https:\/\/teamsters.ca\/fr\/#\/schema\/logo\/image\/\",\"url\":\"https:\/\/teamsters.ca\/wp-content\/uploads\/2019\/08\/TeamstersCanada.png\",\"contentUrl\":\"https:\/\/teamsters.ca\/wp-content\/uploads\/2019\/08\/TeamstersCanada.png\",\"width\":545,\"height\":181,\"caption\":\"Teamsters Canada\"},\"image\":{\"@id\":\"https:\/\/teamsters.ca\/fr\/#\/schema\/logo\/image\/\"},\"sameAs\":[\"https:\/\/www.facebook.com\/Teamsterscanada\/\",\"https:\/\/x.com\/TeamstersCanada\"]},{\"@type\":\"Person\",\"@id\":\"https:\/\/teamsters.ca\/fr\/#\/schema\/person\/3e6ffefc39fe2f212400b7d8d0a4a0c1\",\"name\":\"St\u00e9phanie Meunier\",\"image\":{\"@type\":\"ImageObject\",\"inLanguage\":\"fr-CA\",\"@id\":\"https:\/\/teamsters.ca\/fr\/#\/schema\/person\/image\/\",\"url\":\"https:\/\/secure.gravatar.com\/avatar\/e4e8404e91ed71cb473fa2708849669810cf083c89825a3d2dd0d47dd6b2be77?s=96&d=mm&r=g\",\"contentUrl\":\"https:\/\/secure.gravatar.com\/avatar\/e4e8404e91ed71cb473fa2708849669810cf083c89825a3d2dd0d47dd6b2be77?s=96&d=mm&r=g\",\"caption\":\"St\u00e9phanie Meunier\"},\"url\":\"https:\/\/teamsters.ca\/fr\/blog\/author\/smeunier\/\"}]}<\/script>\n<!-- \/ Yoast SEO Premium plugin. -->","yoast_head_json":{"title":"Nouveau contrat de travail chez Autobus Magog | Teamsters Canada","robots":{"index":"index","follow":"follow","max-snippet":"max-snippet:-1","max-image-preview":"max-image-preview:large","max-video-preview":"max-video-preview:-1"},"canonical":"https:\/\/teamsters.ca\/fr\/blog\/2018\/05\/18\/nouveau-contrat-de-travail-chez-autobus-magog\/","og_locale":"fr_CA","og_type":"article","og_title":"Nouveau contrat de travail chez Autobus Magog","og_description":"Les quelque 20 conductrices et conducteurs d\u2019Autobus Magog ont ratifi\u00e9 plus t\u00f4t cette semaine un nouveau contrat de travail lors d\u2019une assembl\u00e9e syndicale o\u00f9 90 % d\u2019entre eux ont vot\u00e9 en faveur des offres patronales.","og_url":"https:\/\/teamsters.ca\/fr\/blog\/2018\/05\/18\/nouveau-contrat-de-travail-chez-autobus-magog\/","og_site_name":"Teamsters Canada","article_publisher":"https:\/\/www.facebook.com\/Teamsterscanada\/","article_published_time":"2018-05-18T14:54:42+00:00","article_modified_time":"2019-06-27T20:38:35+00:00","og_image":[{"width":1166,"height":768,"url":"https:\/\/teamsters.ca\/wp-content\/uploads\/2018\/05\/magog.png","type":"image\/png"}],"author":"St\u00e9phanie Meunier","twitter_card":"summary_large_image","twitter_creator":"@TeamstersCanada","twitter_site":"@TeamstersCanada","twitter_misc":{"\u00c9crit par":"St\u00e9phanie Meunier","Estimation du temps de lecture":"2 minutes"},"schema":{"@context":"https:\/\/schema.org","@graph":[{"@type":"Article","@id":"https:\/\/teamsters.ca\/fr\/blog\/2018\/05\/18\/nouveau-contrat-de-travail-chez-autobus-magog\/#article","isPartOf":{"@id":"https:\/\/teamsters.ca\/fr\/blog\/2018\/05\/18\/nouveau-contrat-de-travail-chez-autobus-magog\/"},"author":{"name":"St\u00e9phanie Meunier","@id":"https:\/\/teamsters.ca\/fr\/#\/schema\/person\/3e6ffefc39fe2f212400b7d8d0a4a0c1"},"headline":"Nouveau contrat de travail chez Autobus Magog","datePublished":"2018-05-18T14:54:42+00:00","dateModified":"2019-06-27T20:38:35+00:00","mainEntityOfPage":{"@id":"https:\/\/teamsters.ca\/fr\/blog\/2018\/05\/18\/nouveau-contrat-de-travail-chez-autobus-magog\/"},"wordCount":399,"publisher":{"@id":"https:\/\/teamsters.ca\/fr\/#organization"},"image":{"@id":"https:\/\/teamsters.ca\/fr\/blog\/2018\/05\/18\/nouveau-contrat-de-travail-chez-autobus-magog\/#primaryimage"},"thumbnailUrl":"https:\/\/teamsters.ca\/wp-content\/uploads\/2018\/05\/magog.png","keywords":["Autobus Magog","commission scolaire des Sommets","ministre de l\u2019\u00c9ducation","S\u00e9bastien Proulx","Section locale 1791","transporteurs scolaires"],"articleSection":["Nouvelles"],"inLanguage":"fr-CA"},{"@type":"WebPage","@id":"https:\/\/teamsters.ca\/fr\/blog\/2018\/05\/18\/nouveau-contrat-de-travail-chez-autobus-magog\/","url":"https:\/\/teamsters.ca\/fr\/blog\/2018\/05\/18\/nouveau-contrat-de-travail-chez-autobus-magog\/","name":"Nouveau contrat de travail chez Autobus Magog | Teamsters Canada","isPartOf":{"@id":"https:\/\/teamsters.ca\/fr\/#website"},"primaryImageOfPage":{"@id":"https:\/\/teamsters.ca\/fr\/blog\/2018\/05\/18\/nouveau-contrat-de-travail-chez-autobus-magog\/#primaryimage"},"image":{"@id":"https:\/\/teamsters.ca\/fr\/blog\/2018\/05\/18\/nouveau-contrat-de-travail-chez-autobus-magog\/#primaryimage"},"thumbnailUrl":"https:\/\/teamsters.ca\/wp-content\/uploads\/2018\/05\/magog.png","datePublished":"2018-05-18T14:54:42+00:00","dateModified":"2019-06-27T20:38:35+00:00","breadcrumb":{"@id":"https:\/\/teamsters.ca\/fr\/blog\/2018\/05\/18\/nouveau-contrat-de-travail-chez-autobus-magog\/#breadcrumb"},"inLanguage":"fr-CA","potentialAction":[{"@type":"ReadAction","target":["https:\/\/teamsters.ca\/fr\/blog\/2018\/05\/18\/nouveau-contrat-de-travail-chez-autobus-magog\/"]}]},{"@type":"ImageObject","inLanguage":"fr-CA","@id":"https:\/\/teamsters.ca\/fr\/blog\/2018\/05\/18\/nouveau-contrat-de-travail-chez-autobus-magog\/#primaryimage","url":"https:\/\/teamsters.ca\/wp-content\/uploads\/2018\/05\/magog.png","contentUrl":"https:\/\/teamsters.ca\/wp-content\/uploads\/2018\/05\/magog.png","width":1166,"height":768},{"@type":"BreadcrumbList","@id":"https:\/\/teamsters.ca\/fr\/blog\/2018\/05\/18\/nouveau-contrat-de-travail-chez-autobus-magog\/#breadcrumb","itemListElement":[{"@type":"ListItem","position":1,"name":"Home","item":"https:\/\/teamsters.ca\/fr\/"},{"@type":"ListItem","position":2,"name":"Nouveau contrat de travail chez Autobus Magog"}]},{"@type":"WebSite","@id":"https:\/\/teamsters.ca\/fr\/#website","url":"https:\/\/teamsters.ca\/fr\/","name":"Teamsters Canada","description":"A Canadian union representing over 125 000 members","publisher":{"@id":"https:\/\/teamsters.ca\/fr\/#organization"},"potentialAction":[{"@type":"SearchAction","target":{"@type":"EntryPoint","urlTemplate":"https:\/\/teamsters.ca\/fr\/?s={search_term_string}"},"query-input":{"@type":"PropertyValueSpecification","valueRequired":true,"valueName":"search_term_string"}}],"inLanguage":"fr-CA"},{"@type":"Organization","@id":"https:\/\/teamsters.ca\/fr\/#organization","name":"Teamsters Canada","url":"https:\/\/teamsters.ca\/fr\/","logo":{"@type":"ImageObject","inLanguage":"fr-CA","@id":"https:\/\/teamsters.ca\/fr\/#\/schema\/logo\/image\/","url":"https:\/\/teamsters.ca\/wp-content\/uploads\/2019\/08\/TeamstersCanada.png","contentUrl":"https:\/\/teamsters.ca\/wp-content\/uploads\/2019\/08\/TeamstersCanada.png","width":545,"height":181,"caption":"Teamsters Canada"},"image":{"@id":"https:\/\/teamsters.ca\/fr\/#\/schema\/logo\/image\/"},"sameAs":["https:\/\/www.facebook.com\/Teamsterscanada\/","https:\/\/x.com\/TeamstersCanada"]},{"@type":"Person","@id":"https:\/\/teamsters.ca\/fr\/#\/schema\/person\/3e6ffefc39fe2f212400b7d8d0a4a0c1","name":"St\u00e9phanie Meunier","image":{"@type":"ImageObject","inLanguage":"fr-CA","@id":"https:\/\/teamsters.ca\/fr\/#\/schema\/person\/image\/","url":"https:\/\/secure.gravatar.com\/avatar\/e4e8404e91ed71cb473fa2708849669810cf083c89825a3d2dd0d47dd6b2be77?s=96&d=mm&r=g","contentUrl":"https:\/\/secure.gravatar.com\/avatar\/e4e8404e91ed71cb473fa2708849669810cf083c89825a3d2dd0d47dd6b2be77?s=96&d=mm&r=g","caption":"St\u00e9phanie Meunier"},"url":"https:\/\/teamsters.ca\/fr\/blog\/author\/smeunier\/"}]}},"_links":{"self":[{"href":"https:\/\/teamsters.ca\/fr\/wp-json\/wp\/v2\/posts\/8074","targetHints":{"allow":["GET"]}}],"collection":[{"href":"https:\/\/teamsters.ca\/fr\/wp-json\/wp\/v2\/posts"}],"about":[{"href":"https:\/\/teamsters.ca\/fr\/wp-json\/wp\/v2\/types\/post"}],"author":[{"embeddable":true,"href":"https:\/\/teamsters.ca\/fr\/wp-json\/wp\/v2\/users\/8"}],"replies":[{"embeddable":true,"href":"https:\/\/teamsters.ca\/fr\/wp-json\/wp\/v2\/comments?post=8074"}],"version-history":[{"count":1,"href":"https:\/\/teamsters.ca\/fr\/wp-json\/wp\/v2\/posts\/8074\/revisions"}],"predecessor-version":[{"id":9844,"href":"https:\/\/teamsters.ca\/fr\/wp-json\/wp\/v2\/posts\/8074\/revisions\/9844"}],"wp:featuredmedia":[{"embeddable":true,"href":"https:\/\/teamsters.ca\/fr\/wp-json\/wp\/v2\/media\/8076"}],"wp:attachment":[{"href":"https:\/\/teamsters.ca\/fr\/wp-json\/wp\/v2\/media?parent=8074"}],"wp:term":[{"taxonomy":"category","embeddable":true,"href":"https:\/\/teamsters.ca\/fr\/wp-json\/wp\/v2\/categories?post=8074"},{"taxonomy":"post_tag","embeddable":true,"href":"https:\/\/teamsters.ca\/fr\/wp-json\/wp\/v2\/tags?post=8074"}],"curies":[{"name":"wp","href":"https:\/\/api.w.org\/{rel}","templated":true}]}}