{"id":8057,"date":"2018-05-17T12:43:09","date_gmt":"2018-05-17T16:43:09","guid":{"rendered":"http:\/\/teamsters.ca\/?p=8057"},"modified":"2019-06-27T20:38:36","modified_gmt":"2019-06-27T20:38:36","slug":"transport-scolaire-greve-legale-prevue-le-23-mai-chez-autobus-venise","status":"publish","type":"post","link":"https:\/\/teamsters.ca\/fr\/blog\/2018\/05\/17\/transport-scolaire-greve-legale-prevue-le-23-mai-chez-autobus-venise\/","title":{"rendered":"Transport scolaire: Gr\u00e8ve l\u00e9gale pr\u00e9vue le 23 mai chez Autobus Venise"},"content":{"rendered":"<p>Laval, 17 mai 2018 \u2014 Une gr\u00e8ve g\u00e9n\u00e9rale illimit\u00e9e sera d\u00e9clench\u00e9e le 23 mai prochain chez Autobus Venise \u00e0 Valleyfield si les parties ne trouvent pas un terrain d\u2019entente d\u2019ici l\u00e0.<\/p>\n<p>En effet, les conducteurs et conductrices des autobus scolaires de ce transporteur ont rejet\u00e9 les offres patronales lors d\u2019une assembl\u00e9e syndicale qui a \u00e9t\u00e9 tenue hier. L\u2019enjeu principal lors des pourparlers est la r\u00e9mun\u00e9ration. Ces membres de la Section locale 106 des Teamsters ne comprennent pas pourquoi il y a un \u00e9cart salarial entre eux et les autres travailleurs oeuvrant dans le transport scolaire dans la r\u00e9gion.<\/p>\n<p>\u00ab Je tiens \u00e0 dire ici que ce sera <span style=\"color: #800000;\"><a style=\"color: #800000;\" href=\"https:\/\/teamsters.ca\/fr\/blog\/2018\/05\/15\/les-greves-illegales-ne-servent-pas-linteret-des-travailleurs-dans-le-transport-scolaire\/\" target=\"_blank\" rel=\"noopener noreferrer\"><strong>une gr\u00e8ve l\u00e9gale<\/strong><\/a> <\/span>et que nous allons soutenir nos membres si un d\u00e9brayage est n\u00e9cessaire, a expliqu\u00e9 le pr\u00e9sident de la Section locale 106 du syndicat des Teamsters, Jean Chartrand. La direction d\u2019Autobus Venise a quelques jours pour d\u00e9poser des offres satisfaisantes qui r\u00e9duiront consid\u00e9rablement l\u2019\u00e9cart de salaire entre ces transporteurs afin d\u2019arriver le plus pr\u00e8s possible d\u2019une parit\u00e9 salariale, sinon il n\u2019y aura pas de transport scolaire mercredi\u00a0prochain. \u00bb<\/p>\n<p>Aucune rencontre n\u2019est pr\u00e9vue entre les parties au moment d\u2019\u00e9crire ces lignes.<\/p>\n<p><strong>Autobus Venise, une filiale du groupe Sogesco, effectue le transport des \u00e9l\u00e8ves des commissions scolaires de la Vall\u00e9e-des-Tisserands et des Trois-Lacs. Plus de 3000 enfants pourraient \u00eatre touch\u00e9s par ce conflit de travail.<\/strong><\/p>\n<p>Rappelons que les conductrices et conducteurs d\u2019autobus scolaires gagnent entre 20 000 $ et 25 000 $ par ann\u00e9e tout en en assurant la s\u00e9curit\u00e9 des enfants. Il n\u2019est pas normal que ces travailleurs ne puissent pas am\u00e9liorer significativement leurs conditions de travail \u00e9tant donn\u00e9 que l\u2019Indice des prix \u00e0 la consommation, notamment, \u00e9tait de 1,8 % l\u2019ann\u00e9e derni\u00e8re.<\/p>\n<p>Le syndicat des Teamsters a fait preuve de leadership puisque les bonnes conventions collectives qu\u2019ils ont n\u00e9goci\u00e9es au cours des derniers mois ont permis d\u2019am\u00e9liorer le sort de ses membres et de hausser la barre pour l\u2019ensemble des travailleurs et des travailleuses oeuvrant dans cette industrie.<\/p>\n<p><em>Le syndicat des Teamsters repr\u00e9sente les int\u00e9r\u00eats de pr\u00e8s de 40 000 travailleuses et travailleurs au Qu\u00e9bec, dont plus de 1000 dans le transport scolaire. Teamsters Qu\u00e9bec est affili\u00e9 \u00e0 Fraternit\u00e9 internationale des Teamsters, dont l\u2019effectif syndical est de 1,4 million de membres en Am\u00e9rique du Nord.<\/em><\/p>\n<p style=\"text-align: center;\">-30-<\/p>\n<p>Renseignements :<br \/>\nSt\u00e9phane Lacroix, directeur des Communications et des Affaires publiques<br \/>\nPortable : 514 609-5101<br \/>\n<a href=\"mailto:slacroix@teamsters.ca\">slacroix@teamsters.ca<\/a><\/p>\n","protected":false},"excerpt":{"rendered":"<p>Une gr\u00e8ve g\u00e9n\u00e9rale illimit\u00e9e sera d\u00e9clench\u00e9e le 23 mai prochain chez Autobus Venise \u00e0 Valleyfield si les parties ne trouvent pas un terrain d\u2019entente d\u2019ici l\u00e0.<\/p>\n","protected":false},"author":8,"featured_media":8062,"comment_status":"closed","ping_status":"closed","sticky":false,"template":"","format":"standard","meta":{"ngg_post_thumbnail":0,"mc4wp_mailchimp_campaign":[],"footnotes":""},"categories":[1114],"tags":[800,801,704,778,802,803],"class_list":{"0":"post-8057","1":"post","2":"type-post","3":"status-publish","4":"format-standard","5":"has-post-thumbnail","7":"category-nouvelles","8":"tag-autobus-venise","9":"tag-greve-autobus","10":"tag-greve-autobus-scolaire","11":"tag-sogesco","12":"tag-trois-lacs","13":"tag-vallee-des-tisserands"},"yoast_head":"<!-- This site is optimized with the Yoast SEO Premium plugin v25.5 (Yoast SEO v25.5) - https:\/\/yoast.com\/wordpress\/plugins\/seo\/ -->\n<title>Transport scolaire: Gr\u00e8ve l\u00e9gale pr\u00e9vue le 23 mai chez Autobus Venise | Teamsters Canada<\/title>\n<meta name=\"robots\" content=\"index, follow, max-snippet:-1, max-image-preview:large, max-video-preview:-1\" \/>\n<link rel=\"canonical\" href=\"https:\/\/teamsters.ca\/fr\/blog\/2018\/05\/17\/transport-scolaire-greve-legale-prevue-le-23-mai-chez-autobus-venise\/\" \/>\n<meta property=\"og:locale\" content=\"fr_CA\" \/>\n<meta property=\"og:type\" content=\"article\" \/>\n<meta property=\"og:title\" content=\"Transport scolaire: Gr\u00e8ve l\u00e9gale pr\u00e9vue le 23 mai chez Autobus Venise\" \/>\n<meta property=\"og:description\" content=\"Une gr\u00e8ve g\u00e9n\u00e9rale illimit\u00e9e sera d\u00e9clench\u00e9e le 23 mai prochain chez Autobus Venise \u00e0 Valleyfield si les parties ne trouvent pas un terrain d\u2019entente d\u2019ici l\u00e0.\" \/>\n<meta property=\"og:url\" content=\"https:\/\/teamsters.ca\/fr\/blog\/2018\/05\/17\/transport-scolaire-greve-legale-prevue-le-23-mai-chez-autobus-venise\/\" \/>\n<meta property=\"og:site_name\" content=\"Teamsters Canada\" \/>\n<meta property=\"article:publisher\" content=\"https:\/\/www.facebook.com\/Teamsterscanada\/\" \/>\n<meta property=\"article:published_time\" content=\"2018-05-17T16:43:09+00:00\" \/>\n<meta property=\"article:modified_time\" content=\"2019-06-27T20:38:36+00:00\" \/>\n<meta property=\"og:image\" content=\"https:\/\/teamsters.ca\/wp-content\/uploads\/2018\/05\/autobus_venise2.png\" \/>\n\t<meta property=\"og:image:width\" content=\"1166\" \/>\n\t<meta property=\"og:image:height\" content=\"768\" \/>\n\t<meta property=\"og:image:type\" content=\"image\/png\" \/>\n<meta name=\"author\" content=\"St\u00e9phanie Meunier\" \/>\n<meta name=\"twitter:card\" content=\"summary_large_image\" \/>\n<meta name=\"twitter:creator\" content=\"@TeamstersCanada\" \/>\n<meta name=\"twitter:site\" content=\"@TeamstersCanada\" \/>\n<meta name=\"twitter:label1\" content=\"\u00c9crit par\" \/>\n\t<meta name=\"twitter:data1\" content=\"St\u00e9phanie Meunier\" \/>\n\t<meta name=\"twitter:label2\" content=\"Estimation du temps de lecture\" \/>\n\t<meta name=\"twitter:data2\" content=\"2 minutes\" \/>\n<script type=\"application\/ld+json\" class=\"yoast-schema-graph\">{\"@context\":\"https:\/\/schema.org\",\"@graph\":[{\"@type\":\"Article\",\"@id\":\"https:\/\/teamsters.ca\/fr\/blog\/2018\/05\/17\/transport-scolaire-greve-legale-prevue-le-23-mai-chez-autobus-venise\/#article\",\"isPartOf\":{\"@id\":\"https:\/\/teamsters.ca\/fr\/blog\/2018\/05\/17\/transport-scolaire-greve-legale-prevue-le-23-mai-chez-autobus-venise\/\"},\"author\":{\"name\":\"St\u00e9phanie Meunier\",\"@id\":\"https:\/\/teamsters.ca\/fr\/#\/schema\/person\/3e6ffefc39fe2f212400b7d8d0a4a0c1\"},\"headline\":\"Transport scolaire: Gr\u00e8ve l\u00e9gale pr\u00e9vue le 23 mai chez Autobus Venise\",\"datePublished\":\"2018-05-17T16:43:09+00:00\",\"dateModified\":\"2019-06-27T20:38:36+00:00\",\"mainEntityOfPage\":{\"@id\":\"https:\/\/teamsters.ca\/fr\/blog\/2018\/05\/17\/transport-scolaire-greve-legale-prevue-le-23-mai-chez-autobus-venise\/\"},\"wordCount\":438,\"publisher\":{\"@id\":\"https:\/\/teamsters.ca\/fr\/#organization\"},\"image\":{\"@id\":\"https:\/\/teamsters.ca\/fr\/blog\/2018\/05\/17\/transport-scolaire-greve-legale-prevue-le-23-mai-chez-autobus-venise\/#primaryimage\"},\"thumbnailUrl\":\"https:\/\/teamsters.ca\/wp-content\/uploads\/2018\/05\/autobus_venise2.png\",\"keywords\":[\"Autobus Venise\",\"gr\u00e8ve autobus\",\"greve autobus scolaire\",\"Sogesco\",\"Trois-Lacs\",\"Vall\u00e9e-des-Tisserands\"],\"articleSection\":[\"Nouvelles\"],\"inLanguage\":\"fr-CA\"},{\"@type\":\"WebPage\",\"@id\":\"https:\/\/teamsters.ca\/fr\/blog\/2018\/05\/17\/transport-scolaire-greve-legale-prevue-le-23-mai-chez-autobus-venise\/\",\"url\":\"https:\/\/teamsters.ca\/fr\/blog\/2018\/05\/17\/transport-scolaire-greve-legale-prevue-le-23-mai-chez-autobus-venise\/\",\"name\":\"Transport scolaire: Gr\u00e8ve l\u00e9gale pr\u00e9vue le 23 mai chez Autobus Venise | Teamsters Canada\",\"isPartOf\":{\"@id\":\"https:\/\/teamsters.ca\/fr\/#website\"},\"primaryImageOfPage\":{\"@id\":\"https:\/\/teamsters.ca\/fr\/blog\/2018\/05\/17\/transport-scolaire-greve-legale-prevue-le-23-mai-chez-autobus-venise\/#primaryimage\"},\"image\":{\"@id\":\"https:\/\/teamsters.ca\/fr\/blog\/2018\/05\/17\/transport-scolaire-greve-legale-prevue-le-23-mai-chez-autobus-venise\/#primaryimage\"},\"thumbnailUrl\":\"https:\/\/teamsters.ca\/wp-content\/uploads\/2018\/05\/autobus_venise2.png\",\"datePublished\":\"2018-05-17T16:43:09+00:00\",\"dateModified\":\"2019-06-27T20:38:36+00:00\",\"breadcrumb\":{\"@id\":\"https:\/\/teamsters.ca\/fr\/blog\/2018\/05\/17\/transport-scolaire-greve-legale-prevue-le-23-mai-chez-autobus-venise\/#breadcrumb\"},\"inLanguage\":\"fr-CA\",\"potentialAction\":[{\"@type\":\"ReadAction\",\"target\":[\"https:\/\/teamsters.ca\/fr\/blog\/2018\/05\/17\/transport-scolaire-greve-legale-prevue-le-23-mai-chez-autobus-venise\/\"]}]},{\"@type\":\"ImageObject\",\"inLanguage\":\"fr-CA\",\"@id\":\"https:\/\/teamsters.ca\/fr\/blog\/2018\/05\/17\/transport-scolaire-greve-legale-prevue-le-23-mai-chez-autobus-venise\/#primaryimage\",\"url\":\"https:\/\/teamsters.ca\/wp-content\/uploads\/2018\/05\/autobus_venise2.png\",\"contentUrl\":\"https:\/\/teamsters.ca\/wp-content\/uploads\/2018\/05\/autobus_venise2.png\",\"width\":1166,\"height\":768},{\"@type\":\"BreadcrumbList\",\"@id\":\"https:\/\/teamsters.ca\/fr\/blog\/2018\/05\/17\/transport-scolaire-greve-legale-prevue-le-23-mai-chez-autobus-venise\/#breadcrumb\",\"itemListElement\":[{\"@type\":\"ListItem\",\"position\":1,\"name\":\"Home\",\"item\":\"https:\/\/teamsters.ca\/fr\/\"},{\"@type\":\"ListItem\",\"position\":2,\"name\":\"Transport scolaire: Gr\u00e8ve l\u00e9gale pr\u00e9vue le 23 mai chez Autobus Venise\"}]},{\"@type\":\"WebSite\",\"@id\":\"https:\/\/teamsters.ca\/fr\/#website\",\"url\":\"https:\/\/teamsters.ca\/fr\/\",\"name\":\"Teamsters Canada\",\"description\":\"A Canadian union representing over 125 000 members\",\"publisher\":{\"@id\":\"https:\/\/teamsters.ca\/fr\/#organization\"},\"potentialAction\":[{\"@type\":\"SearchAction\",\"target\":{\"@type\":\"EntryPoint\",\"urlTemplate\":\"https:\/\/teamsters.ca\/fr\/?s={search_term_string}\"},\"query-input\":{\"@type\":\"PropertyValueSpecification\",\"valueRequired\":true,\"valueName\":\"search_term_string\"}}],\"inLanguage\":\"fr-CA\"},{\"@type\":\"Organization\",\"@id\":\"https:\/\/teamsters.ca\/fr\/#organization\",\"name\":\"Teamsters Canada\",\"url\":\"https:\/\/teamsters.ca\/fr\/\",\"logo\":{\"@type\":\"ImageObject\",\"inLanguage\":\"fr-CA\",\"@id\":\"https:\/\/teamsters.ca\/fr\/#\/schema\/logo\/image\/\",\"url\":\"https:\/\/teamsters.ca\/wp-content\/uploads\/2019\/08\/TeamstersCanada.png\",\"contentUrl\":\"https:\/\/teamsters.ca\/wp-content\/uploads\/2019\/08\/TeamstersCanada.png\",\"width\":545,\"height\":181,\"caption\":\"Teamsters Canada\"},\"image\":{\"@id\":\"https:\/\/teamsters.ca\/fr\/#\/schema\/logo\/image\/\"},\"sameAs\":[\"https:\/\/www.facebook.com\/Teamsterscanada\/\",\"https:\/\/x.com\/TeamstersCanada\"]},{\"@type\":\"Person\",\"@id\":\"https:\/\/teamsters.ca\/fr\/#\/schema\/person\/3e6ffefc39fe2f212400b7d8d0a4a0c1\",\"name\":\"St\u00e9phanie Meunier\",\"image\":{\"@type\":\"ImageObject\",\"inLanguage\":\"fr-CA\",\"@id\":\"https:\/\/teamsters.ca\/fr\/#\/schema\/person\/image\/\",\"url\":\"https:\/\/secure.gravatar.com\/avatar\/e4e8404e91ed71cb473fa2708849669810cf083c89825a3d2dd0d47dd6b2be77?s=96&d=mm&r=g\",\"contentUrl\":\"https:\/\/secure.gravatar.com\/avatar\/e4e8404e91ed71cb473fa2708849669810cf083c89825a3d2dd0d47dd6b2be77?s=96&d=mm&r=g\",\"caption\":\"St\u00e9phanie Meunier\"},\"url\":\"https:\/\/teamsters.ca\/fr\/blog\/author\/smeunier\/\"}]}<\/script>\n<!-- \/ Yoast SEO Premium plugin. -->","yoast_head_json":{"title":"Transport scolaire: Gr\u00e8ve l\u00e9gale pr\u00e9vue le 23 mai chez Autobus Venise | Teamsters Canada","robots":{"index":"index","follow":"follow","max-snippet":"max-snippet:-1","max-image-preview":"max-image-preview:large","max-video-preview":"max-video-preview:-1"},"canonical":"https:\/\/teamsters.ca\/fr\/blog\/2018\/05\/17\/transport-scolaire-greve-legale-prevue-le-23-mai-chez-autobus-venise\/","og_locale":"fr_CA","og_type":"article","og_title":"Transport scolaire: Gr\u00e8ve l\u00e9gale pr\u00e9vue le 23 mai chez Autobus Venise","og_description":"Une gr\u00e8ve g\u00e9n\u00e9rale illimit\u00e9e sera d\u00e9clench\u00e9e le 23 mai prochain chez Autobus Venise \u00e0 Valleyfield si les parties ne trouvent pas un terrain d\u2019entente d\u2019ici l\u00e0.","og_url":"https:\/\/teamsters.ca\/fr\/blog\/2018\/05\/17\/transport-scolaire-greve-legale-prevue-le-23-mai-chez-autobus-venise\/","og_site_name":"Teamsters Canada","article_publisher":"https:\/\/www.facebook.com\/Teamsterscanada\/","article_published_time":"2018-05-17T16:43:09+00:00","article_modified_time":"2019-06-27T20:38:36+00:00","og_image":[{"width":1166,"height":768,"url":"https:\/\/teamsters.ca\/wp-content\/uploads\/2018\/05\/autobus_venise2.png","type":"image\/png"}],"author":"St\u00e9phanie Meunier","twitter_card":"summary_large_image","twitter_creator":"@TeamstersCanada","twitter_site":"@TeamstersCanada","twitter_misc":{"\u00c9crit par":"St\u00e9phanie Meunier","Estimation du temps de lecture":"2 minutes"},"schema":{"@context":"https:\/\/schema.org","@graph":[{"@type":"Article","@id":"https:\/\/teamsters.ca\/fr\/blog\/2018\/05\/17\/transport-scolaire-greve-legale-prevue-le-23-mai-chez-autobus-venise\/#article","isPartOf":{"@id":"https:\/\/teamsters.ca\/fr\/blog\/2018\/05\/17\/transport-scolaire-greve-legale-prevue-le-23-mai-chez-autobus-venise\/"},"author":{"name":"St\u00e9phanie Meunier","@id":"https:\/\/teamsters.ca\/fr\/#\/schema\/person\/3e6ffefc39fe2f212400b7d8d0a4a0c1"},"headline":"Transport scolaire: Gr\u00e8ve l\u00e9gale pr\u00e9vue le 23 mai chez Autobus Venise","datePublished":"2018-05-17T16:43:09+00:00","dateModified":"2019-06-27T20:38:36+00:00","mainEntityOfPage":{"@id":"https:\/\/teamsters.ca\/fr\/blog\/2018\/05\/17\/transport-scolaire-greve-legale-prevue-le-23-mai-chez-autobus-venise\/"},"wordCount":438,"publisher":{"@id":"https:\/\/teamsters.ca\/fr\/#organization"},"image":{"@id":"https:\/\/teamsters.ca\/fr\/blog\/2018\/05\/17\/transport-scolaire-greve-legale-prevue-le-23-mai-chez-autobus-venise\/#primaryimage"},"thumbnailUrl":"https:\/\/teamsters.ca\/wp-content\/uploads\/2018\/05\/autobus_venise2.png","keywords":["Autobus Venise","gr\u00e8ve autobus","greve autobus scolaire","Sogesco","Trois-Lacs","Vall\u00e9e-des-Tisserands"],"articleSection":["Nouvelles"],"inLanguage":"fr-CA"},{"@type":"WebPage","@id":"https:\/\/teamsters.ca\/fr\/blog\/2018\/05\/17\/transport-scolaire-greve-legale-prevue-le-23-mai-chez-autobus-venise\/","url":"https:\/\/teamsters.ca\/fr\/blog\/2018\/05\/17\/transport-scolaire-greve-legale-prevue-le-23-mai-chez-autobus-venise\/","name":"Transport scolaire: Gr\u00e8ve l\u00e9gale pr\u00e9vue le 23 mai chez Autobus Venise | Teamsters Canada","isPartOf":{"@id":"https:\/\/teamsters.ca\/fr\/#website"},"primaryImageOfPage":{"@id":"https:\/\/teamsters.ca\/fr\/blog\/2018\/05\/17\/transport-scolaire-greve-legale-prevue-le-23-mai-chez-autobus-venise\/#primaryimage"},"image":{"@id":"https:\/\/teamsters.ca\/fr\/blog\/2018\/05\/17\/transport-scolaire-greve-legale-prevue-le-23-mai-chez-autobus-venise\/#primaryimage"},"thumbnailUrl":"https:\/\/teamsters.ca\/wp-content\/uploads\/2018\/05\/autobus_venise2.png","datePublished":"2018-05-17T16:43:09+00:00","dateModified":"2019-06-27T20:38:36+00:00","breadcrumb":{"@id":"https:\/\/teamsters.ca\/fr\/blog\/2018\/05\/17\/transport-scolaire-greve-legale-prevue-le-23-mai-chez-autobus-venise\/#breadcrumb"},"inLanguage":"fr-CA","potentialAction":[{"@type":"ReadAction","target":["https:\/\/teamsters.ca\/fr\/blog\/2018\/05\/17\/transport-scolaire-greve-legale-prevue-le-23-mai-chez-autobus-venise\/"]}]},{"@type":"ImageObject","inLanguage":"fr-CA","@id":"https:\/\/teamsters.ca\/fr\/blog\/2018\/05\/17\/transport-scolaire-greve-legale-prevue-le-23-mai-chez-autobus-venise\/#primaryimage","url":"https:\/\/teamsters.ca\/wp-content\/uploads\/2018\/05\/autobus_venise2.png","contentUrl":"https:\/\/teamsters.ca\/wp-content\/uploads\/2018\/05\/autobus_venise2.png","width":1166,"height":768},{"@type":"BreadcrumbList","@id":"https:\/\/teamsters.ca\/fr\/blog\/2018\/05\/17\/transport-scolaire-greve-legale-prevue-le-23-mai-chez-autobus-venise\/#breadcrumb","itemListElement":[{"@type":"ListItem","position":1,"name":"Home","item":"https:\/\/teamsters.ca\/fr\/"},{"@type":"ListItem","position":2,"name":"Transport scolaire: Gr\u00e8ve l\u00e9gale pr\u00e9vue le 23 mai chez Autobus Venise"}]},{"@type":"WebSite","@id":"https:\/\/teamsters.ca\/fr\/#website","url":"https:\/\/teamsters.ca\/fr\/","name":"Teamsters Canada","description":"A Canadian union representing over 125 000 members","publisher":{"@id":"https:\/\/teamsters.ca\/fr\/#organization"},"potentialAction":[{"@type":"SearchAction","target":{"@type":"EntryPoint","urlTemplate":"https:\/\/teamsters.ca\/fr\/?s={search_term_string}"},"query-input":{"@type":"PropertyValueSpecification","valueRequired":true,"valueName":"search_term_string"}}],"inLanguage":"fr-CA"},{"@type":"Organization","@id":"https:\/\/teamsters.ca\/fr\/#organization","name":"Teamsters Canada","url":"https:\/\/teamsters.ca\/fr\/","logo":{"@type":"ImageObject","inLanguage":"fr-CA","@id":"https:\/\/teamsters.ca\/fr\/#\/schema\/logo\/image\/","url":"https:\/\/teamsters.ca\/wp-content\/uploads\/2019\/08\/TeamstersCanada.png","contentUrl":"https:\/\/teamsters.ca\/wp-content\/uploads\/2019\/08\/TeamstersCanada.png","width":545,"height":181,"caption":"Teamsters Canada"},"image":{"@id":"https:\/\/teamsters.ca\/fr\/#\/schema\/logo\/image\/"},"sameAs":["https:\/\/www.facebook.com\/Teamsterscanada\/","https:\/\/x.com\/TeamstersCanada"]},{"@type":"Person","@id":"https:\/\/teamsters.ca\/fr\/#\/schema\/person\/3e6ffefc39fe2f212400b7d8d0a4a0c1","name":"St\u00e9phanie Meunier","image":{"@type":"ImageObject","inLanguage":"fr-CA","@id":"https:\/\/teamsters.ca\/fr\/#\/schema\/person\/image\/","url":"https:\/\/secure.gravatar.com\/avatar\/e4e8404e91ed71cb473fa2708849669810cf083c89825a3d2dd0d47dd6b2be77?s=96&d=mm&r=g","contentUrl":"https:\/\/secure.gravatar.com\/avatar\/e4e8404e91ed71cb473fa2708849669810cf083c89825a3d2dd0d47dd6b2be77?s=96&d=mm&r=g","caption":"St\u00e9phanie Meunier"},"url":"https:\/\/teamsters.ca\/fr\/blog\/author\/smeunier\/"}]}},"_links":{"self":[{"href":"https:\/\/teamsters.ca\/fr\/wp-json\/wp\/v2\/posts\/8057","targetHints":{"allow":["GET"]}}],"collection":[{"href":"https:\/\/teamsters.ca\/fr\/wp-json\/wp\/v2\/posts"}],"about":[{"href":"https:\/\/teamsters.ca\/fr\/wp-json\/wp\/v2\/types\/post"}],"author":[{"embeddable":true,"href":"https:\/\/teamsters.ca\/fr\/wp-json\/wp\/v2\/users\/8"}],"replies":[{"embeddable":true,"href":"https:\/\/teamsters.ca\/fr\/wp-json\/wp\/v2\/comments?post=8057"}],"version-history":[{"count":1,"href":"https:\/\/teamsters.ca\/fr\/wp-json\/wp\/v2\/posts\/8057\/revisions"}],"predecessor-version":[{"id":9847,"href":"https:\/\/teamsters.ca\/fr\/wp-json\/wp\/v2\/posts\/8057\/revisions\/9847"}],"wp:featuredmedia":[{"embeddable":true,"href":"https:\/\/teamsters.ca\/fr\/wp-json\/wp\/v2\/media\/8062"}],"wp:attachment":[{"href":"https:\/\/teamsters.ca\/fr\/wp-json\/wp\/v2\/media?parent=8057"}],"wp:term":[{"taxonomy":"category","embeddable":true,"href":"https:\/\/teamsters.ca\/fr\/wp-json\/wp\/v2\/categories?post=8057"},{"taxonomy":"post_tag","embeddable":true,"href":"https:\/\/teamsters.ca\/fr\/wp-json\/wp\/v2\/tags?post=8057"}],"curies":[{"name":"wp","href":"https:\/\/api.w.org\/{rel}","templated":true}]}}