{"id":7798,"date":"2018-04-11T16:47:07","date_gmt":"2018-04-11T20:47:07","guid":{"rendered":"http:\/\/teamsters.ca\/?p=7798"},"modified":"2019-06-27T20:38:38","modified_gmt":"2019-06-27T20:38:38","slug":"entente-de-principe-ratifiee-a-autobus-mistral-a-laval","status":"publish","type":"post","link":"https:\/\/teamsters.ca\/fr\/blog\/2018\/04\/11\/entente-de-principe-ratifiee-a-autobus-mistral-a-laval\/","title":{"rendered":"Transport scolaire : entente de principe ratifi\u00e9e \u00e0 Autobus Mistral \u00e0 Laval"},"content":{"rendered":"<p>Laval, le 11 avril 2018 \u2013 Aujourd\u2019hui, quelque 20 travailleuses et travailleurs d\u2019Autobus Mistral qui transportent environ 2000 \u00e9l\u00e8ves de la commission scolaire de Laval ont ratifi\u00e9 \u00e0 tr\u00e8s grande majorit\u00e9 une nouvelle convention collective de cinq ans. L\u2019entreprise \u00e9tait sous le coup d\u2019une menace de gr\u00e8ve depuis le 1er f\u00e9vrier 2018.<\/p>\n<p>Ces membres de la Section locale 106 du syndicat des Teamsters se verront une augmentation r\u00e9troactive au 1 septembre 2017 de 6,6 % puis des augmentations annuelles selon l\u2019Indice des prix \u00e0 la consommation (IPC). Ces augmentations ne pourront \u00eatre inf\u00e9rieures \u00e0 des seuils qui vont de 1,25 % \u00e0 2 % selon l\u2019ann\u00e9e de la convention collective.<\/p>\n<p>Les offres salariales sont au c\u0153ur des revendications des travailleuses et travailleurs de l\u2019industrie du transport scolaire. G\u00e9n\u00e9ralement, les offres des transporteurs scolaires, qui tournent autour de 1 % par ann\u00e9e, sont inf\u00e9rieures \u00e0 l\u2019IPC qui \u00e9tait de 1,8 % l\u2019ann\u00e9e derni\u00e8re seulement.<\/p>\n<blockquote><p>\u00ab\u2009C\u2019est une premi\u00e8re victoire \u00e0 Laval. Les transporteurs scolaires \u00e0 travers le Qu\u00e9bec doivent maintenant prendre note, a d\u00e9clar\u00e9 le pr\u00e9sident de la Section locale 106, Jean Chartrand. Les employeurs auraient tout int\u00e9r\u00eat \u00e0 ne pas sous-estimer la col\u00e8re et la d\u00e9termination de ces travailleurs qui gagnent entre 20 000$ et 25 000$ par ann\u00e9e.\u2009\u00bb<\/p><\/blockquote>\n<p><strong>Autres menaces de gr\u00e8ve g\u00e9n\u00e9rale illimit\u00e9e<\/strong><\/p>\n<p>Autobus Rive-Sud division Sainte-Julie et Autobus Rive-Sud division Longueuil, qui desservent les <strong>commissions scolaires Marie-Victorin<\/strong>, <strong>des Patriotes<\/strong>, et la <strong>CSDM (transport adapt\u00e9)<\/strong>, pourraient tomber en gr\u00e8ve g\u00e9n\u00e9rale illimit\u00e9e d\u00e8s le 23 avril. Entre 2000 et 2500 \u00e9l\u00e8ves pourraient \u00eatre touch\u00e9s.<\/p>\n<p>Autobus Lucien Bissonnette, qui dessert les <strong>commissions scolaires des Trois-Lacs<\/strong> et <strong>Lester B. Pearson<\/strong>, pourra \u00e9galement tomber en gr\u00e8ve g\u00e9n\u00e9rale illimit\u00e9e le 23 avril. Pr\u00e8s de 4000 \u00e9l\u00e8ves pourraient \u00eatre touch\u00e9s.<\/p>\n<p>Autobus Campeau, qui dessert les <strong>commissions scolaires des Draveurs<\/strong> et des <strong>Portages-de-l\u2019Outaouais<\/strong>, pourra tomber en gr\u00e8ve g\u00e9n\u00e9rale illimit\u00e9e d\u2019ici la fin du mois d\u2019avril. Pr\u00e8s de 5000 \u00e9l\u00e8ves pourraient \u00eatre touch\u00e9s.<\/p>\n<p>Le gouvernement, qui remet aux commissions scolaires une enveloppe budg\u00e9taire pour le transport des \u00e9l\u00e8ves, est le donneur d\u2019ouvrage indirect dans cette affaire. Cette ann\u00e9e, le ministre de l\u2019\u00c9ducation ajoutera une maigre augmentation de 1,43 % \u00e0 cette enveloppe. Les commissions scolaires gardent ensuite une partie de l\u2019enveloppe mon\u00e9taire pour leurs propres op\u00e9rations.<\/p>\n<p>Le syndicat des Teamsters repr\u00e9sente pr\u00e8s de 1000 conducteurs et conductrices d\u2019autobus scolaires au Qu\u00e9bec.<\/p>\n<p><em>Teamsters Canada repr\u00e9sente les int\u00e9r\u00eats de pr\u00e8s de 125\u2009000 travailleuses et travailleurs au pays, dont pr\u00e8s de 40\u2009000 au Qu\u00e9bec. La Fraternit\u00e9 internationale des Teamsters, \u00e0 laquelle Teamsters Canada est affili\u00e9, compte 1,4 million de membres en Am\u00e9rique du Nord.<\/em><\/p>\n<p style=\"text-align: center;\">-30-<\/p>\n<p>Information aux m\u00e9dias :<\/p>\n<p>Christopher Monette<br \/>\nDirecteur des affaires publiques, Teamsters Canada<br \/>\nPortable : 514-226-6002<br \/>\n<a href=\"mailto:cmonette@teamsters.ca\">cmonette@teamsters.ca<\/a><\/p>\n","protected":false},"excerpt":{"rendered":"<p>Aujourd\u2019hui, quelque 20 travailleuses et travailleurs d\u2019Autobus Mistral qui transportent environ 2000 \u00e9l\u00e8ves de la commission scolaire de Laval ont ratifi\u00e9 \u00e0 tr\u00e8s grande majorit\u00e9 une nouvelle convention collective de cinq ans. L\u2019entreprise \u00e9tait sous le coup d\u2019une menace de gr\u00e8ve depuis le 1er f\u00e9vrier 2018.<\/p>\n","protected":false},"author":8,"featured_media":7800,"comment_status":"closed","ping_status":"closed","sticky":false,"template":"","format":"standard","meta":{"ngg_post_thumbnail":0,"mc4wp_mailchimp_campaign":[],"footnotes":""},"categories":[1114],"tags":[748,759,760,761,737,762,763,656],"class_list":{"0":"post-7798","1":"post","2":"type-post","3":"status-publish","4":"format-standard","5":"has-post-thumbnail","7":"category-nouvelles","8":"tag-commissions-scolaires-des-draveurs","9":"tag-commissions-scolaires-des-trois-lacs","10":"tag-commissions-scolaires-marie-victori","11":"tag-csdm","12":"tag-jean-chartrand","13":"tag-patriotes","14":"tag-portages-de-loutaouais","15":"tag-section-locale-106"},"yoast_head":"<!-- This site is optimized with the Yoast SEO Premium plugin v25.5 (Yoast SEO v25.5) - https:\/\/yoast.com\/wordpress\/plugins\/seo\/ -->\n<title>Transport scolaire : entente de principe ratifi\u00e9e \u00e0 Autobus Mistral \u00e0 Laval | Teamsters Canada<\/title>\n<meta name=\"robots\" content=\"index, follow, max-snippet:-1, max-image-preview:large, max-video-preview:-1\" \/>\n<link rel=\"canonical\" href=\"https:\/\/teamsters.ca\/fr\/blog\/2018\/04\/11\/entente-de-principe-ratifiee-a-autobus-mistral-a-laval\/\" \/>\n<meta property=\"og:locale\" content=\"fr_CA\" \/>\n<meta property=\"og:type\" content=\"article\" \/>\n<meta property=\"og:title\" content=\"Transport scolaire : entente de principe ratifi\u00e9e \u00e0 Autobus Mistral \u00e0 Laval\" \/>\n<meta property=\"og:description\" content=\"Aujourd\u2019hui, quelque 20 travailleuses et travailleurs d\u2019Autobus Mistral qui transportent environ 2000 \u00e9l\u00e8ves de la commission scolaire de Laval ont ratifi\u00e9 \u00e0 tr\u00e8s grande majorit\u00e9 une nouvelle convention collective de cinq ans. L\u2019entreprise \u00e9tait sous le coup d\u2019une menace de gr\u00e8ve depuis le 1er f\u00e9vrier 2018.\" \/>\n<meta property=\"og:url\" content=\"https:\/\/teamsters.ca\/fr\/blog\/2018\/04\/11\/entente-de-principe-ratifiee-a-autobus-mistral-a-laval\/\" \/>\n<meta property=\"og:site_name\" content=\"Teamsters Canada\" \/>\n<meta property=\"article:publisher\" content=\"https:\/\/www.facebook.com\/Teamsterscanada\/\" \/>\n<meta property=\"article:published_time\" content=\"2018-04-11T20:47:07+00:00\" \/>\n<meta property=\"article:modified_time\" content=\"2019-06-27T20:38:38+00:00\" \/>\n<meta property=\"og:image\" content=\"https:\/\/teamsters.ca\/wp-content\/uploads\/2018\/04\/School_Bus.png\" \/>\n\t<meta property=\"og:image:width\" content=\"1166\" \/>\n\t<meta property=\"og:image:height\" content=\"768\" \/>\n\t<meta property=\"og:image:type\" content=\"image\/png\" \/>\n<meta name=\"author\" content=\"St\u00e9phanie Meunier\" \/>\n<meta name=\"twitter:card\" content=\"summary_large_image\" \/>\n<meta name=\"twitter:creator\" content=\"@TeamstersCanada\" \/>\n<meta name=\"twitter:site\" content=\"@TeamstersCanada\" \/>\n<meta name=\"twitter:label1\" content=\"\u00c9crit par\" \/>\n\t<meta name=\"twitter:data1\" content=\"St\u00e9phanie Meunier\" \/>\n\t<meta name=\"twitter:label2\" content=\"Estimation du temps de lecture\" \/>\n\t<meta name=\"twitter:data2\" content=\"2 minutes\" \/>\n<script type=\"application\/ld+json\" class=\"yoast-schema-graph\">{\"@context\":\"https:\/\/schema.org\",\"@graph\":[{\"@type\":\"Article\",\"@id\":\"https:\/\/teamsters.ca\/fr\/blog\/2018\/04\/11\/entente-de-principe-ratifiee-a-autobus-mistral-a-laval\/#article\",\"isPartOf\":{\"@id\":\"https:\/\/teamsters.ca\/fr\/blog\/2018\/04\/11\/entente-de-principe-ratifiee-a-autobus-mistral-a-laval\/\"},\"author\":{\"name\":\"St\u00e9phanie Meunier\",\"@id\":\"https:\/\/teamsters.ca\/fr\/#\/schema\/person\/3e6ffefc39fe2f212400b7d8d0a4a0c1\"},\"headline\":\"Transport scolaire : entente de principe ratifi\u00e9e \u00e0 Autobus Mistral \u00e0 Laval\",\"datePublished\":\"2018-04-11T20:47:07+00:00\",\"dateModified\":\"2019-06-27T20:38:38+00:00\",\"mainEntityOfPage\":{\"@id\":\"https:\/\/teamsters.ca\/fr\/blog\/2018\/04\/11\/entente-de-principe-ratifiee-a-autobus-mistral-a-laval\/\"},\"wordCount\":488,\"publisher\":{\"@id\":\"https:\/\/teamsters.ca\/fr\/#organization\"},\"image\":{\"@id\":\"https:\/\/teamsters.ca\/fr\/blog\/2018\/04\/11\/entente-de-principe-ratifiee-a-autobus-mistral-a-laval\/#primaryimage\"},\"thumbnailUrl\":\"https:\/\/teamsters.ca\/wp-content\/uploads\/2018\/04\/School_Bus.png\",\"keywords\":[\"commissions scolaires des Draveurs\",\"commissions scolaires des Trois-Lacs\",\"commissions scolaires Marie-Victori\",\"CSDM\",\"Jean Chartrand\",\"Patriotes\",\"Portages-de-l\u2019Outaouais\",\"Section locale 106\"],\"articleSection\":[\"Nouvelles\"],\"inLanguage\":\"fr-CA\"},{\"@type\":\"WebPage\",\"@id\":\"https:\/\/teamsters.ca\/fr\/blog\/2018\/04\/11\/entente-de-principe-ratifiee-a-autobus-mistral-a-laval\/\",\"url\":\"https:\/\/teamsters.ca\/fr\/blog\/2018\/04\/11\/entente-de-principe-ratifiee-a-autobus-mistral-a-laval\/\",\"name\":\"Transport scolaire : entente de principe ratifi\u00e9e \u00e0 Autobus Mistral \u00e0 Laval | Teamsters Canada\",\"isPartOf\":{\"@id\":\"https:\/\/teamsters.ca\/fr\/#website\"},\"primaryImageOfPage\":{\"@id\":\"https:\/\/teamsters.ca\/fr\/blog\/2018\/04\/11\/entente-de-principe-ratifiee-a-autobus-mistral-a-laval\/#primaryimage\"},\"image\":{\"@id\":\"https:\/\/teamsters.ca\/fr\/blog\/2018\/04\/11\/entente-de-principe-ratifiee-a-autobus-mistral-a-laval\/#primaryimage\"},\"thumbnailUrl\":\"https:\/\/teamsters.ca\/wp-content\/uploads\/2018\/04\/School_Bus.png\",\"datePublished\":\"2018-04-11T20:47:07+00:00\",\"dateModified\":\"2019-06-27T20:38:38+00:00\",\"breadcrumb\":{\"@id\":\"https:\/\/teamsters.ca\/fr\/blog\/2018\/04\/11\/entente-de-principe-ratifiee-a-autobus-mistral-a-laval\/#breadcrumb\"},\"inLanguage\":\"fr-CA\",\"potentialAction\":[{\"@type\":\"ReadAction\",\"target\":[\"https:\/\/teamsters.ca\/fr\/blog\/2018\/04\/11\/entente-de-principe-ratifiee-a-autobus-mistral-a-laval\/\"]}]},{\"@type\":\"ImageObject\",\"inLanguage\":\"fr-CA\",\"@id\":\"https:\/\/teamsters.ca\/fr\/blog\/2018\/04\/11\/entente-de-principe-ratifiee-a-autobus-mistral-a-laval\/#primaryimage\",\"url\":\"https:\/\/teamsters.ca\/wp-content\/uploads\/2018\/04\/School_Bus.png\",\"contentUrl\":\"https:\/\/teamsters.ca\/wp-content\/uploads\/2018\/04\/School_Bus.png\",\"width\":1166,\"height\":768},{\"@type\":\"BreadcrumbList\",\"@id\":\"https:\/\/teamsters.ca\/fr\/blog\/2018\/04\/11\/entente-de-principe-ratifiee-a-autobus-mistral-a-laval\/#breadcrumb\",\"itemListElement\":[{\"@type\":\"ListItem\",\"position\":1,\"name\":\"Home\",\"item\":\"https:\/\/teamsters.ca\/fr\/\"},{\"@type\":\"ListItem\",\"position\":2,\"name\":\"Transport scolaire : entente de principe ratifi\u00e9e \u00e0 Autobus Mistral \u00e0 Laval\"}]},{\"@type\":\"WebSite\",\"@id\":\"https:\/\/teamsters.ca\/fr\/#website\",\"url\":\"https:\/\/teamsters.ca\/fr\/\",\"name\":\"Teamsters Canada\",\"description\":\"A Canadian union representing over 125 000 members\",\"publisher\":{\"@id\":\"https:\/\/teamsters.ca\/fr\/#organization\"},\"potentialAction\":[{\"@type\":\"SearchAction\",\"target\":{\"@type\":\"EntryPoint\",\"urlTemplate\":\"https:\/\/teamsters.ca\/fr\/?s={search_term_string}\"},\"query-input\":{\"@type\":\"PropertyValueSpecification\",\"valueRequired\":true,\"valueName\":\"search_term_string\"}}],\"inLanguage\":\"fr-CA\"},{\"@type\":\"Organization\",\"@id\":\"https:\/\/teamsters.ca\/fr\/#organization\",\"name\":\"Teamsters Canada\",\"url\":\"https:\/\/teamsters.ca\/fr\/\",\"logo\":{\"@type\":\"ImageObject\",\"inLanguage\":\"fr-CA\",\"@id\":\"https:\/\/teamsters.ca\/fr\/#\/schema\/logo\/image\/\",\"url\":\"https:\/\/teamsters.ca\/wp-content\/uploads\/2019\/08\/TeamstersCanada.png\",\"contentUrl\":\"https:\/\/teamsters.ca\/wp-content\/uploads\/2019\/08\/TeamstersCanada.png\",\"width\":545,\"height\":181,\"caption\":\"Teamsters Canada\"},\"image\":{\"@id\":\"https:\/\/teamsters.ca\/fr\/#\/schema\/logo\/image\/\"},\"sameAs\":[\"https:\/\/www.facebook.com\/Teamsterscanada\/\",\"https:\/\/x.com\/TeamstersCanada\"]},{\"@type\":\"Person\",\"@id\":\"https:\/\/teamsters.ca\/fr\/#\/schema\/person\/3e6ffefc39fe2f212400b7d8d0a4a0c1\",\"name\":\"St\u00e9phanie Meunier\",\"image\":{\"@type\":\"ImageObject\",\"inLanguage\":\"fr-CA\",\"@id\":\"https:\/\/teamsters.ca\/fr\/#\/schema\/person\/image\/\",\"url\":\"https:\/\/secure.gravatar.com\/avatar\/e4e8404e91ed71cb473fa2708849669810cf083c89825a3d2dd0d47dd6b2be77?s=96&d=mm&r=g\",\"contentUrl\":\"https:\/\/secure.gravatar.com\/avatar\/e4e8404e91ed71cb473fa2708849669810cf083c89825a3d2dd0d47dd6b2be77?s=96&d=mm&r=g\",\"caption\":\"St\u00e9phanie Meunier\"},\"url\":\"https:\/\/teamsters.ca\/fr\/blog\/author\/smeunier\/\"}]}<\/script>\n<!-- \/ Yoast SEO Premium plugin. -->","yoast_head_json":{"title":"Transport scolaire : entente de principe ratifi\u00e9e \u00e0 Autobus Mistral \u00e0 Laval | Teamsters Canada","robots":{"index":"index","follow":"follow","max-snippet":"max-snippet:-1","max-image-preview":"max-image-preview:large","max-video-preview":"max-video-preview:-1"},"canonical":"https:\/\/teamsters.ca\/fr\/blog\/2018\/04\/11\/entente-de-principe-ratifiee-a-autobus-mistral-a-laval\/","og_locale":"fr_CA","og_type":"article","og_title":"Transport scolaire : entente de principe ratifi\u00e9e \u00e0 Autobus Mistral \u00e0 Laval","og_description":"Aujourd\u2019hui, quelque 20 travailleuses et travailleurs d\u2019Autobus Mistral qui transportent environ 2000 \u00e9l\u00e8ves de la commission scolaire de Laval ont ratifi\u00e9 \u00e0 tr\u00e8s grande majorit\u00e9 une nouvelle convention collective de cinq ans. L\u2019entreprise \u00e9tait sous le coup d\u2019une menace de gr\u00e8ve depuis le 1er f\u00e9vrier 2018.","og_url":"https:\/\/teamsters.ca\/fr\/blog\/2018\/04\/11\/entente-de-principe-ratifiee-a-autobus-mistral-a-laval\/","og_site_name":"Teamsters Canada","article_publisher":"https:\/\/www.facebook.com\/Teamsterscanada\/","article_published_time":"2018-04-11T20:47:07+00:00","article_modified_time":"2019-06-27T20:38:38+00:00","og_image":[{"width":1166,"height":768,"url":"https:\/\/teamsters.ca\/wp-content\/uploads\/2018\/04\/School_Bus.png","type":"image\/png"}],"author":"St\u00e9phanie Meunier","twitter_card":"summary_large_image","twitter_creator":"@TeamstersCanada","twitter_site":"@TeamstersCanada","twitter_misc":{"\u00c9crit par":"St\u00e9phanie Meunier","Estimation du temps de lecture":"2 minutes"},"schema":{"@context":"https:\/\/schema.org","@graph":[{"@type":"Article","@id":"https:\/\/teamsters.ca\/fr\/blog\/2018\/04\/11\/entente-de-principe-ratifiee-a-autobus-mistral-a-laval\/#article","isPartOf":{"@id":"https:\/\/teamsters.ca\/fr\/blog\/2018\/04\/11\/entente-de-principe-ratifiee-a-autobus-mistral-a-laval\/"},"author":{"name":"St\u00e9phanie Meunier","@id":"https:\/\/teamsters.ca\/fr\/#\/schema\/person\/3e6ffefc39fe2f212400b7d8d0a4a0c1"},"headline":"Transport scolaire : entente de principe ratifi\u00e9e \u00e0 Autobus Mistral \u00e0 Laval","datePublished":"2018-04-11T20:47:07+00:00","dateModified":"2019-06-27T20:38:38+00:00","mainEntityOfPage":{"@id":"https:\/\/teamsters.ca\/fr\/blog\/2018\/04\/11\/entente-de-principe-ratifiee-a-autobus-mistral-a-laval\/"},"wordCount":488,"publisher":{"@id":"https:\/\/teamsters.ca\/fr\/#organization"},"image":{"@id":"https:\/\/teamsters.ca\/fr\/blog\/2018\/04\/11\/entente-de-principe-ratifiee-a-autobus-mistral-a-laval\/#primaryimage"},"thumbnailUrl":"https:\/\/teamsters.ca\/wp-content\/uploads\/2018\/04\/School_Bus.png","keywords":["commissions scolaires des Draveurs","commissions scolaires des Trois-Lacs","commissions scolaires Marie-Victori","CSDM","Jean Chartrand","Patriotes","Portages-de-l\u2019Outaouais","Section locale 106"],"articleSection":["Nouvelles"],"inLanguage":"fr-CA"},{"@type":"WebPage","@id":"https:\/\/teamsters.ca\/fr\/blog\/2018\/04\/11\/entente-de-principe-ratifiee-a-autobus-mistral-a-laval\/","url":"https:\/\/teamsters.ca\/fr\/blog\/2018\/04\/11\/entente-de-principe-ratifiee-a-autobus-mistral-a-laval\/","name":"Transport scolaire : entente de principe ratifi\u00e9e \u00e0 Autobus Mistral \u00e0 Laval | Teamsters Canada","isPartOf":{"@id":"https:\/\/teamsters.ca\/fr\/#website"},"primaryImageOfPage":{"@id":"https:\/\/teamsters.ca\/fr\/blog\/2018\/04\/11\/entente-de-principe-ratifiee-a-autobus-mistral-a-laval\/#primaryimage"},"image":{"@id":"https:\/\/teamsters.ca\/fr\/blog\/2018\/04\/11\/entente-de-principe-ratifiee-a-autobus-mistral-a-laval\/#primaryimage"},"thumbnailUrl":"https:\/\/teamsters.ca\/wp-content\/uploads\/2018\/04\/School_Bus.png","datePublished":"2018-04-11T20:47:07+00:00","dateModified":"2019-06-27T20:38:38+00:00","breadcrumb":{"@id":"https:\/\/teamsters.ca\/fr\/blog\/2018\/04\/11\/entente-de-principe-ratifiee-a-autobus-mistral-a-laval\/#breadcrumb"},"inLanguage":"fr-CA","potentialAction":[{"@type":"ReadAction","target":["https:\/\/teamsters.ca\/fr\/blog\/2018\/04\/11\/entente-de-principe-ratifiee-a-autobus-mistral-a-laval\/"]}]},{"@type":"ImageObject","inLanguage":"fr-CA","@id":"https:\/\/teamsters.ca\/fr\/blog\/2018\/04\/11\/entente-de-principe-ratifiee-a-autobus-mistral-a-laval\/#primaryimage","url":"https:\/\/teamsters.ca\/wp-content\/uploads\/2018\/04\/School_Bus.png","contentUrl":"https:\/\/teamsters.ca\/wp-content\/uploads\/2018\/04\/School_Bus.png","width":1166,"height":768},{"@type":"BreadcrumbList","@id":"https:\/\/teamsters.ca\/fr\/blog\/2018\/04\/11\/entente-de-principe-ratifiee-a-autobus-mistral-a-laval\/#breadcrumb","itemListElement":[{"@type":"ListItem","position":1,"name":"Home","item":"https:\/\/teamsters.ca\/fr\/"},{"@type":"ListItem","position":2,"name":"Transport scolaire : entente de principe ratifi\u00e9e \u00e0 Autobus Mistral \u00e0 Laval"}]},{"@type":"WebSite","@id":"https:\/\/teamsters.ca\/fr\/#website","url":"https:\/\/teamsters.ca\/fr\/","name":"Teamsters Canada","description":"A Canadian union representing over 125 000 members","publisher":{"@id":"https:\/\/teamsters.ca\/fr\/#organization"},"potentialAction":[{"@type":"SearchAction","target":{"@type":"EntryPoint","urlTemplate":"https:\/\/teamsters.ca\/fr\/?s={search_term_string}"},"query-input":{"@type":"PropertyValueSpecification","valueRequired":true,"valueName":"search_term_string"}}],"inLanguage":"fr-CA"},{"@type":"Organization","@id":"https:\/\/teamsters.ca\/fr\/#organization","name":"Teamsters Canada","url":"https:\/\/teamsters.ca\/fr\/","logo":{"@type":"ImageObject","inLanguage":"fr-CA","@id":"https:\/\/teamsters.ca\/fr\/#\/schema\/logo\/image\/","url":"https:\/\/teamsters.ca\/wp-content\/uploads\/2019\/08\/TeamstersCanada.png","contentUrl":"https:\/\/teamsters.ca\/wp-content\/uploads\/2019\/08\/TeamstersCanada.png","width":545,"height":181,"caption":"Teamsters Canada"},"image":{"@id":"https:\/\/teamsters.ca\/fr\/#\/schema\/logo\/image\/"},"sameAs":["https:\/\/www.facebook.com\/Teamsterscanada\/","https:\/\/x.com\/TeamstersCanada"]},{"@type":"Person","@id":"https:\/\/teamsters.ca\/fr\/#\/schema\/person\/3e6ffefc39fe2f212400b7d8d0a4a0c1","name":"St\u00e9phanie Meunier","image":{"@type":"ImageObject","inLanguage":"fr-CA","@id":"https:\/\/teamsters.ca\/fr\/#\/schema\/person\/image\/","url":"https:\/\/secure.gravatar.com\/avatar\/e4e8404e91ed71cb473fa2708849669810cf083c89825a3d2dd0d47dd6b2be77?s=96&d=mm&r=g","contentUrl":"https:\/\/secure.gravatar.com\/avatar\/e4e8404e91ed71cb473fa2708849669810cf083c89825a3d2dd0d47dd6b2be77?s=96&d=mm&r=g","caption":"St\u00e9phanie Meunier"},"url":"https:\/\/teamsters.ca\/fr\/blog\/author\/smeunier\/"}]}},"_links":{"self":[{"href":"https:\/\/teamsters.ca\/fr\/wp-json\/wp\/v2\/posts\/7798","targetHints":{"allow":["GET"]}}],"collection":[{"href":"https:\/\/teamsters.ca\/fr\/wp-json\/wp\/v2\/posts"}],"about":[{"href":"https:\/\/teamsters.ca\/fr\/wp-json\/wp\/v2\/types\/post"}],"author":[{"embeddable":true,"href":"https:\/\/teamsters.ca\/fr\/wp-json\/wp\/v2\/users\/8"}],"replies":[{"embeddable":true,"href":"https:\/\/teamsters.ca\/fr\/wp-json\/wp\/v2\/comments?post=7798"}],"version-history":[{"count":1,"href":"https:\/\/teamsters.ca\/fr\/wp-json\/wp\/v2\/posts\/7798\/revisions"}],"predecessor-version":[{"id":9876,"href":"https:\/\/teamsters.ca\/fr\/wp-json\/wp\/v2\/posts\/7798\/revisions\/9876"}],"wp:featuredmedia":[{"embeddable":true,"href":"https:\/\/teamsters.ca\/fr\/wp-json\/wp\/v2\/media\/7800"}],"wp:attachment":[{"href":"https:\/\/teamsters.ca\/fr\/wp-json\/wp\/v2\/media?parent=7798"}],"wp:term":[{"taxonomy":"category","embeddable":true,"href":"https:\/\/teamsters.ca\/fr\/wp-json\/wp\/v2\/categories?post=7798"},{"taxonomy":"post_tag","embeddable":true,"href":"https:\/\/teamsters.ca\/fr\/wp-json\/wp\/v2\/tags?post=7798"}],"curies":[{"name":"wp","href":"https:\/\/api.w.org\/{rel}","templated":true}]}}