{"id":7662,"date":"2018-03-12T15:56:41","date_gmt":"2018-03-12T19:56:41","guid":{"rendered":"http:\/\/teamsters.ca\/?p=7662"},"modified":"2019-06-27T20:38:39","modified_gmt":"2019-06-27T20:38:39","slug":"le-financement-du-transport-scolaire-est-a-revoir","status":"publish","type":"post","link":"https:\/\/teamsters.ca\/fr\/blog\/2018\/03\/12\/le-financement-du-transport-scolaire-est-a-revoir\/","title":{"rendered":"Le financement du transport scolaire est \u00e0 revoir"},"content":{"rendered":"<figure id=\"attachment_7732\" aria-describedby=\"caption-attachment-7732\" style=\"width: 236px\" class=\"wp-caption alignright\"><img loading=\"lazy\" decoding=\"async\" class=\"wp-image-7732 size-medium\" src=\"https:\/\/teamsters.ca\/wp-content\/uploads\/2018\/03\/Jean-236x300.jpg\" alt=\"Jean\" width=\"236\" height=\"300\" \/><figcaption id=\"caption-attachment-7732\" class=\"wp-caption-text\">Jean Chartrand, pr\u00e9sident de la Section locale 106 des Teamsters<\/figcaption><\/figure>\n<p><em><strong>Jean Chartrand est pr\u00e9sident de la Section locale 106 des Teamsters qui repr\u00e9sente les int\u00e9r\u00eats de plus de 1000 travailleuses et travailleurs oeuvrant dans le transport scolaire<\/strong><\/em><\/p>\n<p>La r\u00e9cente annonce de gr\u00e8ves potentielles qui pourraient paralyser le transport des \u00e9l\u00e8ves de commissions scolaires en Mont\u00e9r\u00e9gie, \u00e0 Montr\u00e9al et \u00e0 Laval a suscit\u00e9 beaucoup d\u2019attention des m\u00e9dias. Ce n\u2019est pas \u00e9tonnant puisque des milliers de parents pourraient \u00eatre oblig\u00e9s d\u2019amener eux-m\u00eames leurs enfants \u00e0 l\u2019\u00e9cole.<\/p>\n<p>Les travailleurs et travailleuses de cette industrie, qui gagnent entre 20 000 $ et 25 000 $ par ann\u00e9e, doivent \u00eatre d\u00e9termin\u00e9s pour se lancer dans un conflit de travail de cette envergure, sachant que l\u2019absence d\u2019autobus scolaires sur les routes irrite les parents au plus haut point.<\/p>\n<p>Cependant, avant de montrer du doigt les syndiqu\u00e9s, il faut comprendre la r\u00e9alit\u00e9 de cette industrie: le minist\u00e8re de l\u2019\u00c9ducation, qui remet aux commissions scolaires une enveloppe budg\u00e9taire pour le transport des \u00e9l\u00e8ves, est le donneur d\u2019ouvrage indirect dans cette affaire. Cette ann\u00e9e, le ministre Proulx ajoutera une maigre augmentation de 1,43 % \u00e0 cette enveloppe budg\u00e9taire. On a donc ici un premier probl\u00e8me structurel puisque l\u2019Indice des prix \u00e0 la consommation s\u2019est appr\u00e9ci\u00e9 de 1,8 % l\u2019ann\u00e9e derni\u00e8re seulement.<\/p>\n<p>Et encore, ce n\u2019est pas la totalit\u00e9 de cette enveloppe qui sera remise aux transporteurs scolaires puisqu\u2019une partie de celle-ci demeurera dans les commissions scolaires. Donc nous avons ici un deuxi\u00e8me probl\u00e8me structurel.<\/p>\n<p>Cela s\u2019ajoute au fait que les conducteurs et conductrices d\u2019autobus scolaire doivent composer avec des horaires atypiques qui coupent leur journ\u00e9e en deux. Il est donc impossible pour ces salari\u00e9s d\u2019occuper un autre emploi pour joindre les deux bouts.<\/p>\n<p>Les solutions sont pourtant simples: le gouvernement Couillard doit bonifier le financement du transport scolaire, mais aussi s\u2019assurer que les commissions scolaires soient contraintes \u00e0 verser l\u2019enti\u00e8ret\u00e9 de l\u2019enveloppe budg\u00e9taire aux transporteurs. De cette mani\u00e8re, les salari\u00e9(e)s qui subissent des conditions de travail m\u00e9diocres pourront esp\u00e9rer am\u00e9liorer leur sort. Cette industrie, qui n\u2019est plus attrayante depuis longtemps pour les jeunes travailleurs, pourra enfin recommencer \u00e0 attirer la rel\u00e8ve. L\u2019am\u00e9lioration des conditions de ces conducteurs et conductrices aura \u00e9galement un impact significatif dans les communaut\u00e9s puisque, plus riches, ces travailleurs payeront plus de taxes et d\u2019imp\u00f4ts et d\u00e9penseront plus d\u2019argent dans les commerces.<\/p>\n<p>Le calcul math\u00e9matique &#8211; et politique &#8211; n\u2019est pas tr\u00e8s difficile \u00e0 faire. Il ne reste plus au ministre Proulx et au gouvernement Couillard qu\u2019\u00e0 avoir le courage de passer \u00e0 l\u2019action pour am\u00e9liorer le sort de ces travailleurs et assurer la paix industrielle pour plusieurs ann\u00e9es.<\/p>\n<p>C\u2019est ce que nous souhaitons puisque cela pourrait contribuer \u00e0 \u00e9viter des gr\u00e8ves dans les prochaines semaines qui perturberont l\u2019horaire des enfants et de leurs parents.<\/p>\n","protected":false},"excerpt":{"rendered":"<p>La r\u00e9cente annonce de gr\u00e8ves potentielles qui pourraient paralyser le transport des \u00e9l\u00e8ves de commissions scolaires en Mont\u00e9r\u00e9gie, \u00e0 Montr\u00e9al et \u00e0 Laval a suscit\u00e9 beaucoup d\u2019attention des m\u00e9dias. Ce n\u2019est pas \u00e9tonnant puisque des milliers de parents pourraient \u00eatre oblig\u00e9s d\u2019amener eux-m\u00eames leurs enfants \u00e0 l\u2019\u00e9cole&#8230;<\/p>\n","protected":false},"author":8,"featured_media":7667,"comment_status":"closed","ping_status":"closed","sticky":false,"template":"","format":"standard","meta":{"ngg_post_thumbnail":0,"mc4wp_mailchimp_campaign":[],"footnotes":""},"categories":[1114],"tags":[719,655,720],"class_list":{"0":"post-7662","1":"post","2":"type-post","3":"status-publish","4":"format-standard","5":"has-post-thumbnail","7":"category-nouvelles","8":"tag-autobus-scolaire","9":"tag-greve-transport-scolaire","10":"tag-transport-scolaire"},"yoast_head":"<!-- This site is optimized with the Yoast SEO Premium plugin v25.5 (Yoast SEO v25.5) - https:\/\/yoast.com\/wordpress\/plugins\/seo\/ -->\n<title>Le financement du transport scolaire est \u00e0 revoir | Teamsters Canada<\/title>\n<meta name=\"robots\" content=\"index, follow, max-snippet:-1, max-image-preview:large, max-video-preview:-1\" \/>\n<link rel=\"canonical\" href=\"https:\/\/teamsters.ca\/fr\/blog\/2018\/03\/12\/le-financement-du-transport-scolaire-est-a-revoir\/\" \/>\n<meta property=\"og:locale\" content=\"fr_CA\" \/>\n<meta property=\"og:type\" content=\"article\" \/>\n<meta property=\"og:title\" content=\"Le financement du transport scolaire est \u00e0 revoir\" \/>\n<meta property=\"og:description\" content=\"La r\u00e9cente annonce de gr\u00e8ves potentielles qui pourraient paralyser le transport des \u00e9l\u00e8ves de commissions scolaires en Mont\u00e9r\u00e9gie, \u00e0 Montr\u00e9al et \u00e0 Laval a suscit\u00e9 beaucoup d\u2019attention des m\u00e9dias. Ce n\u2019est pas \u00e9tonnant puisque des milliers de parents pourraient \u00eatre oblig\u00e9s d\u2019amener eux-m\u00eames leurs enfants \u00e0 l\u2019\u00e9cole...\" \/>\n<meta property=\"og:url\" content=\"https:\/\/teamsters.ca\/fr\/blog\/2018\/03\/12\/le-financement-du-transport-scolaire-est-a-revoir\/\" \/>\n<meta property=\"og:site_name\" content=\"Teamsters Canada\" \/>\n<meta property=\"article:publisher\" content=\"https:\/\/www.facebook.com\/Teamsterscanada\/\" \/>\n<meta property=\"article:published_time\" content=\"2018-03-12T19:56:41+00:00\" \/>\n<meta property=\"article:modified_time\" content=\"2019-06-27T20:38:39+00:00\" \/>\n<meta property=\"og:image\" content=\"https:\/\/teamsters.ca\/wp-content\/uploads\/2018\/03\/AdobeStock_683175-1-1024x683.jpeg\" \/>\n\t<meta property=\"og:image:width\" content=\"1024\" \/>\n\t<meta property=\"og:image:height\" content=\"683\" \/>\n\t<meta property=\"og:image:type\" content=\"image\/jpeg\" \/>\n<meta name=\"author\" content=\"St\u00e9phanie Meunier\" \/>\n<meta name=\"twitter:card\" content=\"summary_large_image\" \/>\n<meta name=\"twitter:creator\" content=\"@TeamstersCanada\" \/>\n<meta name=\"twitter:site\" content=\"@TeamstersCanada\" \/>\n<meta name=\"twitter:label1\" content=\"\u00c9crit par\" \/>\n\t<meta name=\"twitter:data1\" content=\"St\u00e9phanie Meunier\" \/>\n\t<meta name=\"twitter:label2\" content=\"Estimation du temps de lecture\" \/>\n\t<meta name=\"twitter:data2\" content=\"3 minutes\" \/>\n<script type=\"application\/ld+json\" class=\"yoast-schema-graph\">{\"@context\":\"https:\/\/schema.org\",\"@graph\":[{\"@type\":\"Article\",\"@id\":\"https:\/\/teamsters.ca\/fr\/blog\/2018\/03\/12\/le-financement-du-transport-scolaire-est-a-revoir\/#article\",\"isPartOf\":{\"@id\":\"https:\/\/teamsters.ca\/fr\/blog\/2018\/03\/12\/le-financement-du-transport-scolaire-est-a-revoir\/\"},\"author\":{\"name\":\"St\u00e9phanie Meunier\",\"@id\":\"https:\/\/teamsters.ca\/fr\/#\/schema\/person\/3e6ffefc39fe2f212400b7d8d0a4a0c1\"},\"headline\":\"Le financement du transport scolaire est \u00e0 revoir\",\"datePublished\":\"2018-03-12T19:56:41+00:00\",\"dateModified\":\"2019-06-27T20:38:39+00:00\",\"mainEntityOfPage\":{\"@id\":\"https:\/\/teamsters.ca\/fr\/blog\/2018\/03\/12\/le-financement-du-transport-scolaire-est-a-revoir\/\"},\"wordCount\":527,\"publisher\":{\"@id\":\"https:\/\/teamsters.ca\/fr\/#organization\"},\"image\":{\"@id\":\"https:\/\/teamsters.ca\/fr\/blog\/2018\/03\/12\/le-financement-du-transport-scolaire-est-a-revoir\/#primaryimage\"},\"thumbnailUrl\":\"https:\/\/teamsters.ca\/wp-content\/uploads\/2018\/03\/AdobeStock_683175-1.jpeg\",\"keywords\":[\"autobus scolaire\",\"gr\u00e8ve transport scolaire\",\"transport scolaire\"],\"articleSection\":[\"Nouvelles\"],\"inLanguage\":\"fr-CA\"},{\"@type\":\"WebPage\",\"@id\":\"https:\/\/teamsters.ca\/fr\/blog\/2018\/03\/12\/le-financement-du-transport-scolaire-est-a-revoir\/\",\"url\":\"https:\/\/teamsters.ca\/fr\/blog\/2018\/03\/12\/le-financement-du-transport-scolaire-est-a-revoir\/\",\"name\":\"Le financement du transport scolaire est \u00e0 revoir | Teamsters Canada\",\"isPartOf\":{\"@id\":\"https:\/\/teamsters.ca\/fr\/#website\"},\"primaryImageOfPage\":{\"@id\":\"https:\/\/teamsters.ca\/fr\/blog\/2018\/03\/12\/le-financement-du-transport-scolaire-est-a-revoir\/#primaryimage\"},\"image\":{\"@id\":\"https:\/\/teamsters.ca\/fr\/blog\/2018\/03\/12\/le-financement-du-transport-scolaire-est-a-revoir\/#primaryimage\"},\"thumbnailUrl\":\"https:\/\/teamsters.ca\/wp-content\/uploads\/2018\/03\/AdobeStock_683175-1.jpeg\",\"datePublished\":\"2018-03-12T19:56:41+00:00\",\"dateModified\":\"2019-06-27T20:38:39+00:00\",\"breadcrumb\":{\"@id\":\"https:\/\/teamsters.ca\/fr\/blog\/2018\/03\/12\/le-financement-du-transport-scolaire-est-a-revoir\/#breadcrumb\"},\"inLanguage\":\"fr-CA\",\"potentialAction\":[{\"@type\":\"ReadAction\",\"target\":[\"https:\/\/teamsters.ca\/fr\/blog\/2018\/03\/12\/le-financement-du-transport-scolaire-est-a-revoir\/\"]}]},{\"@type\":\"ImageObject\",\"inLanguage\":\"fr-CA\",\"@id\":\"https:\/\/teamsters.ca\/fr\/blog\/2018\/03\/12\/le-financement-du-transport-scolaire-est-a-revoir\/#primaryimage\",\"url\":\"https:\/\/teamsters.ca\/wp-content\/uploads\/2018\/03\/AdobeStock_683175-1.jpeg\",\"contentUrl\":\"https:\/\/teamsters.ca\/wp-content\/uploads\/2018\/03\/AdobeStock_683175-1.jpeg\",\"width\":3456,\"height\":2304,\"caption\":\"Une rang\u00e9e d'autobus scolaires gar\u00e9s.\"},{\"@type\":\"BreadcrumbList\",\"@id\":\"https:\/\/teamsters.ca\/fr\/blog\/2018\/03\/12\/le-financement-du-transport-scolaire-est-a-revoir\/#breadcrumb\",\"itemListElement\":[{\"@type\":\"ListItem\",\"position\":1,\"name\":\"Home\",\"item\":\"https:\/\/teamsters.ca\/fr\/\"},{\"@type\":\"ListItem\",\"position\":2,\"name\":\"Le financement du transport scolaire est \u00e0 revoir\"}]},{\"@type\":\"WebSite\",\"@id\":\"https:\/\/teamsters.ca\/fr\/#website\",\"url\":\"https:\/\/teamsters.ca\/fr\/\",\"name\":\"Teamsters Canada\",\"description\":\"A Canadian union representing over 125 000 members\",\"publisher\":{\"@id\":\"https:\/\/teamsters.ca\/fr\/#organization\"},\"potentialAction\":[{\"@type\":\"SearchAction\",\"target\":{\"@type\":\"EntryPoint\",\"urlTemplate\":\"https:\/\/teamsters.ca\/fr\/?s={search_term_string}\"},\"query-input\":{\"@type\":\"PropertyValueSpecification\",\"valueRequired\":true,\"valueName\":\"search_term_string\"}}],\"inLanguage\":\"fr-CA\"},{\"@type\":\"Organization\",\"@id\":\"https:\/\/teamsters.ca\/fr\/#organization\",\"name\":\"Teamsters Canada\",\"url\":\"https:\/\/teamsters.ca\/fr\/\",\"logo\":{\"@type\":\"ImageObject\",\"inLanguage\":\"fr-CA\",\"@id\":\"https:\/\/teamsters.ca\/fr\/#\/schema\/logo\/image\/\",\"url\":\"https:\/\/teamsters.ca\/wp-content\/uploads\/2019\/08\/TeamstersCanada.png\",\"contentUrl\":\"https:\/\/teamsters.ca\/wp-content\/uploads\/2019\/08\/TeamstersCanada.png\",\"width\":545,\"height\":181,\"caption\":\"Teamsters Canada\"},\"image\":{\"@id\":\"https:\/\/teamsters.ca\/fr\/#\/schema\/logo\/image\/\"},\"sameAs\":[\"https:\/\/www.facebook.com\/Teamsterscanada\/\",\"https:\/\/x.com\/TeamstersCanada\"]},{\"@type\":\"Person\",\"@id\":\"https:\/\/teamsters.ca\/fr\/#\/schema\/person\/3e6ffefc39fe2f212400b7d8d0a4a0c1\",\"name\":\"St\u00e9phanie Meunier\",\"image\":{\"@type\":\"ImageObject\",\"inLanguage\":\"fr-CA\",\"@id\":\"https:\/\/teamsters.ca\/fr\/#\/schema\/person\/image\/\",\"url\":\"https:\/\/secure.gravatar.com\/avatar\/e4e8404e91ed71cb473fa2708849669810cf083c89825a3d2dd0d47dd6b2be77?s=96&d=mm&r=g\",\"contentUrl\":\"https:\/\/secure.gravatar.com\/avatar\/e4e8404e91ed71cb473fa2708849669810cf083c89825a3d2dd0d47dd6b2be77?s=96&d=mm&r=g\",\"caption\":\"St\u00e9phanie Meunier\"},\"url\":\"https:\/\/teamsters.ca\/fr\/blog\/author\/smeunier\/\"}]}<\/script>\n<!-- \/ Yoast SEO Premium plugin. -->","yoast_head_json":{"title":"Le financement du transport scolaire est \u00e0 revoir | Teamsters Canada","robots":{"index":"index","follow":"follow","max-snippet":"max-snippet:-1","max-image-preview":"max-image-preview:large","max-video-preview":"max-video-preview:-1"},"canonical":"https:\/\/teamsters.ca\/fr\/blog\/2018\/03\/12\/le-financement-du-transport-scolaire-est-a-revoir\/","og_locale":"fr_CA","og_type":"article","og_title":"Le financement du transport scolaire est \u00e0 revoir","og_description":"La r\u00e9cente annonce de gr\u00e8ves potentielles qui pourraient paralyser le transport des \u00e9l\u00e8ves de commissions scolaires en Mont\u00e9r\u00e9gie, \u00e0 Montr\u00e9al et \u00e0 Laval a suscit\u00e9 beaucoup d\u2019attention des m\u00e9dias. Ce n\u2019est pas \u00e9tonnant puisque des milliers de parents pourraient \u00eatre oblig\u00e9s d\u2019amener eux-m\u00eames leurs enfants \u00e0 l\u2019\u00e9cole...","og_url":"https:\/\/teamsters.ca\/fr\/blog\/2018\/03\/12\/le-financement-du-transport-scolaire-est-a-revoir\/","og_site_name":"Teamsters Canada","article_publisher":"https:\/\/www.facebook.com\/Teamsterscanada\/","article_published_time":"2018-03-12T19:56:41+00:00","article_modified_time":"2019-06-27T20:38:39+00:00","og_image":[{"width":1024,"height":683,"url":"https:\/\/teamsters.ca\/wp-content\/uploads\/2018\/03\/AdobeStock_683175-1-1024x683.jpeg","type":"image\/jpeg"}],"author":"St\u00e9phanie Meunier","twitter_card":"summary_large_image","twitter_creator":"@TeamstersCanada","twitter_site":"@TeamstersCanada","twitter_misc":{"\u00c9crit par":"St\u00e9phanie Meunier","Estimation du temps de lecture":"3 minutes"},"schema":{"@context":"https:\/\/schema.org","@graph":[{"@type":"Article","@id":"https:\/\/teamsters.ca\/fr\/blog\/2018\/03\/12\/le-financement-du-transport-scolaire-est-a-revoir\/#article","isPartOf":{"@id":"https:\/\/teamsters.ca\/fr\/blog\/2018\/03\/12\/le-financement-du-transport-scolaire-est-a-revoir\/"},"author":{"name":"St\u00e9phanie Meunier","@id":"https:\/\/teamsters.ca\/fr\/#\/schema\/person\/3e6ffefc39fe2f212400b7d8d0a4a0c1"},"headline":"Le financement du transport scolaire est \u00e0 revoir","datePublished":"2018-03-12T19:56:41+00:00","dateModified":"2019-06-27T20:38:39+00:00","mainEntityOfPage":{"@id":"https:\/\/teamsters.ca\/fr\/blog\/2018\/03\/12\/le-financement-du-transport-scolaire-est-a-revoir\/"},"wordCount":527,"publisher":{"@id":"https:\/\/teamsters.ca\/fr\/#organization"},"image":{"@id":"https:\/\/teamsters.ca\/fr\/blog\/2018\/03\/12\/le-financement-du-transport-scolaire-est-a-revoir\/#primaryimage"},"thumbnailUrl":"https:\/\/teamsters.ca\/wp-content\/uploads\/2018\/03\/AdobeStock_683175-1.jpeg","keywords":["autobus scolaire","gr\u00e8ve transport scolaire","transport scolaire"],"articleSection":["Nouvelles"],"inLanguage":"fr-CA"},{"@type":"WebPage","@id":"https:\/\/teamsters.ca\/fr\/blog\/2018\/03\/12\/le-financement-du-transport-scolaire-est-a-revoir\/","url":"https:\/\/teamsters.ca\/fr\/blog\/2018\/03\/12\/le-financement-du-transport-scolaire-est-a-revoir\/","name":"Le financement du transport scolaire est \u00e0 revoir | Teamsters Canada","isPartOf":{"@id":"https:\/\/teamsters.ca\/fr\/#website"},"primaryImageOfPage":{"@id":"https:\/\/teamsters.ca\/fr\/blog\/2018\/03\/12\/le-financement-du-transport-scolaire-est-a-revoir\/#primaryimage"},"image":{"@id":"https:\/\/teamsters.ca\/fr\/blog\/2018\/03\/12\/le-financement-du-transport-scolaire-est-a-revoir\/#primaryimage"},"thumbnailUrl":"https:\/\/teamsters.ca\/wp-content\/uploads\/2018\/03\/AdobeStock_683175-1.jpeg","datePublished":"2018-03-12T19:56:41+00:00","dateModified":"2019-06-27T20:38:39+00:00","breadcrumb":{"@id":"https:\/\/teamsters.ca\/fr\/blog\/2018\/03\/12\/le-financement-du-transport-scolaire-est-a-revoir\/#breadcrumb"},"inLanguage":"fr-CA","potentialAction":[{"@type":"ReadAction","target":["https:\/\/teamsters.ca\/fr\/blog\/2018\/03\/12\/le-financement-du-transport-scolaire-est-a-revoir\/"]}]},{"@type":"ImageObject","inLanguage":"fr-CA","@id":"https:\/\/teamsters.ca\/fr\/blog\/2018\/03\/12\/le-financement-du-transport-scolaire-est-a-revoir\/#primaryimage","url":"https:\/\/teamsters.ca\/wp-content\/uploads\/2018\/03\/AdobeStock_683175-1.jpeg","contentUrl":"https:\/\/teamsters.ca\/wp-content\/uploads\/2018\/03\/AdobeStock_683175-1.jpeg","width":3456,"height":2304,"caption":"Une rang\u00e9e d'autobus scolaires gar\u00e9s."},{"@type":"BreadcrumbList","@id":"https:\/\/teamsters.ca\/fr\/blog\/2018\/03\/12\/le-financement-du-transport-scolaire-est-a-revoir\/#breadcrumb","itemListElement":[{"@type":"ListItem","position":1,"name":"Home","item":"https:\/\/teamsters.ca\/fr\/"},{"@type":"ListItem","position":2,"name":"Le financement du transport scolaire est \u00e0 revoir"}]},{"@type":"WebSite","@id":"https:\/\/teamsters.ca\/fr\/#website","url":"https:\/\/teamsters.ca\/fr\/","name":"Teamsters Canada","description":"A Canadian union representing over 125 000 members","publisher":{"@id":"https:\/\/teamsters.ca\/fr\/#organization"},"potentialAction":[{"@type":"SearchAction","target":{"@type":"EntryPoint","urlTemplate":"https:\/\/teamsters.ca\/fr\/?s={search_term_string}"},"query-input":{"@type":"PropertyValueSpecification","valueRequired":true,"valueName":"search_term_string"}}],"inLanguage":"fr-CA"},{"@type":"Organization","@id":"https:\/\/teamsters.ca\/fr\/#organization","name":"Teamsters Canada","url":"https:\/\/teamsters.ca\/fr\/","logo":{"@type":"ImageObject","inLanguage":"fr-CA","@id":"https:\/\/teamsters.ca\/fr\/#\/schema\/logo\/image\/","url":"https:\/\/teamsters.ca\/wp-content\/uploads\/2019\/08\/TeamstersCanada.png","contentUrl":"https:\/\/teamsters.ca\/wp-content\/uploads\/2019\/08\/TeamstersCanada.png","width":545,"height":181,"caption":"Teamsters Canada"},"image":{"@id":"https:\/\/teamsters.ca\/fr\/#\/schema\/logo\/image\/"},"sameAs":["https:\/\/www.facebook.com\/Teamsterscanada\/","https:\/\/x.com\/TeamstersCanada"]},{"@type":"Person","@id":"https:\/\/teamsters.ca\/fr\/#\/schema\/person\/3e6ffefc39fe2f212400b7d8d0a4a0c1","name":"St\u00e9phanie Meunier","image":{"@type":"ImageObject","inLanguage":"fr-CA","@id":"https:\/\/teamsters.ca\/fr\/#\/schema\/person\/image\/","url":"https:\/\/secure.gravatar.com\/avatar\/e4e8404e91ed71cb473fa2708849669810cf083c89825a3d2dd0d47dd6b2be77?s=96&d=mm&r=g","contentUrl":"https:\/\/secure.gravatar.com\/avatar\/e4e8404e91ed71cb473fa2708849669810cf083c89825a3d2dd0d47dd6b2be77?s=96&d=mm&r=g","caption":"St\u00e9phanie Meunier"},"url":"https:\/\/teamsters.ca\/fr\/blog\/author\/smeunier\/"}]}},"_links":{"self":[{"href":"https:\/\/teamsters.ca\/fr\/wp-json\/wp\/v2\/posts\/7662","targetHints":{"allow":["GET"]}}],"collection":[{"href":"https:\/\/teamsters.ca\/fr\/wp-json\/wp\/v2\/posts"}],"about":[{"href":"https:\/\/teamsters.ca\/fr\/wp-json\/wp\/v2\/types\/post"}],"author":[{"embeddable":true,"href":"https:\/\/teamsters.ca\/fr\/wp-json\/wp\/v2\/users\/8"}],"replies":[{"embeddable":true,"href":"https:\/\/teamsters.ca\/fr\/wp-json\/wp\/v2\/comments?post=7662"}],"version-history":[{"count":1,"href":"https:\/\/teamsters.ca\/fr\/wp-json\/wp\/v2\/posts\/7662\/revisions"}],"predecessor-version":[{"id":9900,"href":"https:\/\/teamsters.ca\/fr\/wp-json\/wp\/v2\/posts\/7662\/revisions\/9900"}],"wp:featuredmedia":[{"embeddable":true,"href":"https:\/\/teamsters.ca\/fr\/wp-json\/wp\/v2\/media\/7667"}],"wp:attachment":[{"href":"https:\/\/teamsters.ca\/fr\/wp-json\/wp\/v2\/media?parent=7662"}],"wp:term":[{"taxonomy":"category","embeddable":true,"href":"https:\/\/teamsters.ca\/fr\/wp-json\/wp\/v2\/categories?post=7662"},{"taxonomy":"post_tag","embeddable":true,"href":"https:\/\/teamsters.ca\/fr\/wp-json\/wp\/v2\/tags?post=7662"}],"curies":[{"name":"wp","href":"https:\/\/api.w.org\/{rel}","templated":true}]}}