{"id":7605,"date":"2018-02-27T20:36:13","date_gmt":"2018-02-28T01:36:13","guid":{"rendered":"http:\/\/teamsters.ca\/?p=7605"},"modified":"2019-07-25T09:40:44","modified_gmt":"2019-07-25T13:40:44","slug":"les-teamsters-se-prononcent-sur-le-budget-trudeau","status":"publish","type":"post","link":"https:\/\/teamsters.ca\/fr\/blog\/2018\/02\/27\/les-teamsters-se-prononcent-sur-le-budget-trudeau\/","title":{"rendered":"Les Teamsters se prononcent sur le budget Trudeau"},"content":{"rendered":"<p>Laval, le 27 f\u00e9vrier 2018 &#8211; Teamsters Canada est satisfait du troisi\u00e8me budget du gouvernement Trudeau. Le syndicat est heureux que le gouvernement pose des gestes en vue de cr\u00e9er un programme national d\u2019assurance-m\u00e9dicaments. Cependant, dans les budgets \u00e0 venir, le gouvernement devra augmenter ses investissements dans les infrastructures et faire davantage pour aider les Canadiens \u00e0 travers la prochaine vague d\u2019automatisation et de changements technologiques.<\/p>\n<blockquote><p>\u00ab\u2009Du cong\u00e9 parental pour les p\u00e8res \u00e0 la possibilit\u00e9 d\u2019un programme d\u2019assurance-m\u00e9dicaments universel, les membres des Teamsters peuvent s\u2019attendre \u00e0 beaucoup de ce budget, a comment\u00e9 Fran\u00e7ois Laporte, pr\u00e9sident de Teamsters Canada. Cependant, les travailleuses et travailleurs canadiens auront encore plus besoin de leur gouvernement dans les ann\u00e9es \u00e0 venir.\u2009\u00bb<\/p><\/blockquote>\n<p>Le budget ne tient pas compte du fait que 42 % des emplois au Canada sont \u00e0 risque \u00e9lev\u00e9 de disparaitre avec l\u2019automatisation au cours des deux prochaines d\u00e9cennies. Au-del\u00e0 de la formation professionnelle, le gouvernement doit \u00e9galement \u00e9largir le filet de s\u00e9curit\u00e9 sociale afin d\u2019aider les Canadiens \u00e0 s\u2019adapter aux changements \u00e0 venir. Un programme national d\u2019assurance-m\u00e9dicaments constituerait un excellent premier pas, car l\u2019acc\u00e8s aux m\u00e9dicaments ne devrait pas d\u00e9pendre de l\u2019emploi ou des circonstances individuelles.<\/p>\n<blockquote><p>\u00ab\u2009La couverture m\u00e9dicaments est trop importante pour \u00eatre laiss\u00e9e \u00e0 un avenir incertain, a expliqu\u00e9 Laporte. Les Teamsters sont encourag\u00e9s par la possibilit\u00e9 d\u2019un programme f\u00e9d\u00e9ral d\u2019assurance-m\u00e9dicaments.\u2009\u00bb<\/p><\/blockquote>\n<p>Le syndicat aurait \u00e9galement pr\u00e9f\u00e9r\u00e9 voir plus d\u2019investissements en mati\u00e8re d\u2019infrastructure, ainsi que des mesures pour acc\u00e9l\u00e9rer les d\u00e9penses d\u2019infrastructure qui ont d\u00e9j\u00e0 \u00e9t\u00e9 annonc\u00e9es. Ces investissements cr\u00e9ent de bons emplois pour les membres de Teamster et les travailleurs canadiens, et font en sorte que les cha\u00eenes d\u2019approvisionnement demeurent efficaces et comp\u00e9titives.<\/p>\n<p>\u00c9largir le filet de s\u00e9curit\u00e9 sociale et investir davantage dans l\u2019infrastructure risque de couter cher. Pour le moment, le gouvernement doit poursuivre sa lutte contre l\u2019\u00e9vasion fiscale. Dans un budget \u00e0 venir, il faudra \u00e9galement \u00e9liminer les cr\u00e9dits d\u2019imp\u00f4t sur les titres boursiers puisqu\u2019ils donnent un avantage exag\u00e9r\u00e9 aux chefs d\u2019entreprise qui gagnent, rappelons-le, 193 fois le salaire moyen des travailleurs.<\/p>\n<p>Enfin, les Teamsters sont heureux que le gouvernement \u00e9tende le cong\u00e9 parental pour les p\u00e8res. Le syndicat s\u2019attend \u00e0 ce que la mesure aide les hommes et les femmes.<\/p>\n<blockquote><p>\u00ab\u2009Les p\u00e8res n\u2019ont plus \u00e0 choisir entre soutenir leur famille et participer aux premi\u00e8res ann\u00e9es de leurs enfants, a d\u00e9clar\u00e9 M. Laporte. Le cong\u00e9 parental pour les p\u00e8res est bon pour les enfants et aidera les m\u00e8res \u00e0 r\u00e9int\u00e9grer le march\u00e9 du travail plus rapidement.\u2009\u00bb<\/p><\/blockquote>\n<p>Les Teamsters repr\u00e9sentent pr\u00e8s de 125,000 travailleurs au Canada dans tous les secteurs d\u2019activit\u00e9. La Fraternit\u00e9 internationale des Teamsters, \u00e0 laquelle Teamsters Canada est affili\u00e9e, compte 1.4 million de membres en Am\u00e9rique du Nord.<\/p>\n<p style=\"text-align: center;\">-30-<\/p>\n<p>Information :<\/p>\n<p>Christopher Monette<br \/>\nDirecteur des affaires publiques, Teamsters Canada<br \/>\nCell : 514-226-6002 | <a href=\"mailto:cmonette@teamsters.ca\">cmonette@teamsters.ca<\/a><\/p>\n","protected":false},"excerpt":{"rendered":"<p>Teamsters Canada est satisfait du troisi\u00e8me budget du gouvernement Trudeau. Le syndicat est heureux que le gouvernement pose des gestes en vue de cr\u00e9er un programme national d\u2019assurance-m\u00e9dicaments. Cependant, dans les budgets \u00e0 venir, le gouvernement devra augmenter ses investissements dans les infrastructures et faire davantage pour aider les Canadiens \u00e0 travers la prochaine vague d\u2019automatisation et de changements technologiques.<\/p>\n","protected":false},"author":8,"featured_media":7592,"comment_status":"closed","ping_status":"closed","sticky":false,"template":"","format":"standard","meta":{"ngg_post_thumbnail":0,"mc4wp_mailchimp_campaign":[],"footnotes":""},"categories":[1124,1114,1144,1145,1146],"tags":[700,701,703,633],"class_list":{"0":"post-7605","1":"post","2":"type-post","3":"status-publish","4":"format-standard","5":"has-post-thumbnail","7":"category-president-fr","8":"category-nouvelles","9":"category-ontario-fr","10":"category-quebec-fr","11":"category-saskatchewan-fr","12":"tag-assurance-medicaments","13":"tag-budget-trudeau","14":"tag-conge-parental","15":"tag-trudeau-budget"},"yoast_head":"<!-- This site is optimized with the Yoast SEO Premium plugin v25.5 (Yoast SEO v25.5) - https:\/\/yoast.com\/wordpress\/plugins\/seo\/ -->\n<title>Les Teamsters se prononcent sur le budget Trudeau | Teamsters Canada<\/title>\n<meta name=\"robots\" content=\"index, follow, max-snippet:-1, max-image-preview:large, max-video-preview:-1\" \/>\n<link rel=\"canonical\" href=\"https:\/\/teamsters.ca\/fr\/blog\/2018\/02\/27\/les-teamsters-se-prononcent-sur-le-budget-trudeau\/\" \/>\n<meta property=\"og:locale\" content=\"fr_CA\" \/>\n<meta property=\"og:type\" content=\"article\" \/>\n<meta property=\"og:title\" content=\"Les Teamsters se prononcent sur le budget Trudeau\" \/>\n<meta property=\"og:description\" content=\"Teamsters Canada est satisfait du troisi\u00e8me budget du gouvernement Trudeau. Le syndicat est heureux que le gouvernement pose des gestes en vue de cr\u00e9er un programme national d\u2019assurance-m\u00e9dicaments. Cependant, dans les budgets \u00e0 venir, le gouvernement devra augmenter ses investissements dans les infrastructures et faire davantage pour aider les Canadiens \u00e0 travers la prochaine vague d\u2019automatisation et de changements technologiques.\" \/>\n<meta property=\"og:url\" content=\"https:\/\/teamsters.ca\/fr\/blog\/2018\/02\/27\/les-teamsters-se-prononcent-sur-le-budget-trudeau\/\" \/>\n<meta property=\"og:site_name\" content=\"Teamsters Canada\" \/>\n<meta property=\"article:publisher\" content=\"https:\/\/www.facebook.com\/Teamsterscanada\/\" \/>\n<meta property=\"article:published_time\" content=\"2018-02-28T01:36:13+00:00\" \/>\n<meta property=\"article:modified_time\" content=\"2019-07-25T13:40:44+00:00\" \/>\n<meta property=\"og:image\" content=\"https:\/\/teamsters.ca\/wp-content\/uploads\/2018\/03\/budget.jpg\" \/>\n\t<meta property=\"og:image:width\" content=\"1166\" \/>\n\t<meta property=\"og:image:height\" content=\"768\" \/>\n\t<meta property=\"og:image:type\" content=\"image\/jpeg\" \/>\n<meta name=\"author\" content=\"St\u00e9phanie Meunier\" \/>\n<meta name=\"twitter:card\" content=\"summary_large_image\" \/>\n<meta name=\"twitter:creator\" content=\"@TeamstersCanada\" \/>\n<meta name=\"twitter:site\" content=\"@TeamstersCanada\" \/>\n<meta name=\"twitter:label1\" content=\"\u00c9crit par\" \/>\n\t<meta name=\"twitter:data1\" content=\"St\u00e9phanie Meunier\" \/>\n\t<meta name=\"twitter:label2\" content=\"Estimation du temps de lecture\" \/>\n\t<meta name=\"twitter:data2\" content=\"3 minutes\" \/>\n<script type=\"application\/ld+json\" class=\"yoast-schema-graph\">{\"@context\":\"https:\/\/schema.org\",\"@graph\":[{\"@type\":\"Article\",\"@id\":\"https:\/\/teamsters.ca\/fr\/blog\/2018\/02\/27\/les-teamsters-se-prononcent-sur-le-budget-trudeau\/#article\",\"isPartOf\":{\"@id\":\"https:\/\/teamsters.ca\/fr\/blog\/2018\/02\/27\/les-teamsters-se-prononcent-sur-le-budget-trudeau\/\"},\"author\":{\"name\":\"St\u00e9phanie Meunier\",\"@id\":\"https:\/\/teamsters.ca\/fr\/#\/schema\/person\/3e6ffefc39fe2f212400b7d8d0a4a0c1\"},\"headline\":\"Les Teamsters se prononcent sur le budget Trudeau\",\"datePublished\":\"2018-02-28T01:36:13+00:00\",\"dateModified\":\"2019-07-25T13:40:44+00:00\",\"mainEntityOfPage\":{\"@id\":\"https:\/\/teamsters.ca\/fr\/blog\/2018\/02\/27\/les-teamsters-se-prononcent-sur-le-budget-trudeau\/\"},\"wordCount\":519,\"publisher\":{\"@id\":\"https:\/\/teamsters.ca\/fr\/#organization\"},\"image\":{\"@id\":\"https:\/\/teamsters.ca\/fr\/blog\/2018\/02\/27\/les-teamsters-se-prononcent-sur-le-budget-trudeau\/#primaryimage\"},\"thumbnailUrl\":\"https:\/\/teamsters.ca\/wp-content\/uploads\/2018\/03\/budget.jpg\",\"keywords\":[\"assurance-m\u00e9dicaments\",\"budget Trudeau\",\"conge parental\",\"Trudeau Budget\"],\"articleSection\":[\"Lettres du pr\u00e9sident\",\"Nouvelles\",\"Ontario\",\"Qu\u00e9bec\",\"Saskatchewan\"],\"inLanguage\":\"fr-CA\"},{\"@type\":\"WebPage\",\"@id\":\"https:\/\/teamsters.ca\/fr\/blog\/2018\/02\/27\/les-teamsters-se-prononcent-sur-le-budget-trudeau\/\",\"url\":\"https:\/\/teamsters.ca\/fr\/blog\/2018\/02\/27\/les-teamsters-se-prononcent-sur-le-budget-trudeau\/\",\"name\":\"Les Teamsters se prononcent sur le budget Trudeau | Teamsters Canada\",\"isPartOf\":{\"@id\":\"https:\/\/teamsters.ca\/fr\/#website\"},\"primaryImageOfPage\":{\"@id\":\"https:\/\/teamsters.ca\/fr\/blog\/2018\/02\/27\/les-teamsters-se-prononcent-sur-le-budget-trudeau\/#primaryimage\"},\"image\":{\"@id\":\"https:\/\/teamsters.ca\/fr\/blog\/2018\/02\/27\/les-teamsters-se-prononcent-sur-le-budget-trudeau\/#primaryimage\"},\"thumbnailUrl\":\"https:\/\/teamsters.ca\/wp-content\/uploads\/2018\/03\/budget.jpg\",\"datePublished\":\"2018-02-28T01:36:13+00:00\",\"dateModified\":\"2019-07-25T13:40:44+00:00\",\"breadcrumb\":{\"@id\":\"https:\/\/teamsters.ca\/fr\/blog\/2018\/02\/27\/les-teamsters-se-prononcent-sur-le-budget-trudeau\/#breadcrumb\"},\"inLanguage\":\"fr-CA\",\"potentialAction\":[{\"@type\":\"ReadAction\",\"target\":[\"https:\/\/teamsters.ca\/fr\/blog\/2018\/02\/27\/les-teamsters-se-prononcent-sur-le-budget-trudeau\/\"]}]},{\"@type\":\"ImageObject\",\"inLanguage\":\"fr-CA\",\"@id\":\"https:\/\/teamsters.ca\/fr\/blog\/2018\/02\/27\/les-teamsters-se-prononcent-sur-le-budget-trudeau\/#primaryimage\",\"url\":\"https:\/\/teamsters.ca\/wp-content\/uploads\/2018\/03\/budget.jpg\",\"contentUrl\":\"https:\/\/teamsters.ca\/wp-content\/uploads\/2018\/03\/budget.jpg\",\"width\":1166,\"height\":768},{\"@type\":\"BreadcrumbList\",\"@id\":\"https:\/\/teamsters.ca\/fr\/blog\/2018\/02\/27\/les-teamsters-se-prononcent-sur-le-budget-trudeau\/#breadcrumb\",\"itemListElement\":[{\"@type\":\"ListItem\",\"position\":1,\"name\":\"Home\",\"item\":\"https:\/\/teamsters.ca\/fr\/\"},{\"@type\":\"ListItem\",\"position\":2,\"name\":\"Les Teamsters se prononcent sur le budget Trudeau\"}]},{\"@type\":\"WebSite\",\"@id\":\"https:\/\/teamsters.ca\/fr\/#website\",\"url\":\"https:\/\/teamsters.ca\/fr\/\",\"name\":\"Teamsters Canada\",\"description\":\"A Canadian union representing over 125 000 members\",\"publisher\":{\"@id\":\"https:\/\/teamsters.ca\/fr\/#organization\"},\"potentialAction\":[{\"@type\":\"SearchAction\",\"target\":{\"@type\":\"EntryPoint\",\"urlTemplate\":\"https:\/\/teamsters.ca\/fr\/?s={search_term_string}\"},\"query-input\":{\"@type\":\"PropertyValueSpecification\",\"valueRequired\":true,\"valueName\":\"search_term_string\"}}],\"inLanguage\":\"fr-CA\"},{\"@type\":\"Organization\",\"@id\":\"https:\/\/teamsters.ca\/fr\/#organization\",\"name\":\"Teamsters Canada\",\"url\":\"https:\/\/teamsters.ca\/fr\/\",\"logo\":{\"@type\":\"ImageObject\",\"inLanguage\":\"fr-CA\",\"@id\":\"https:\/\/teamsters.ca\/fr\/#\/schema\/logo\/image\/\",\"url\":\"https:\/\/teamsters.ca\/wp-content\/uploads\/2019\/08\/TeamstersCanada.png\",\"contentUrl\":\"https:\/\/teamsters.ca\/wp-content\/uploads\/2019\/08\/TeamstersCanada.png\",\"width\":545,\"height\":181,\"caption\":\"Teamsters Canada\"},\"image\":{\"@id\":\"https:\/\/teamsters.ca\/fr\/#\/schema\/logo\/image\/\"},\"sameAs\":[\"https:\/\/www.facebook.com\/Teamsterscanada\/\",\"https:\/\/x.com\/TeamstersCanada\"]},{\"@type\":\"Person\",\"@id\":\"https:\/\/teamsters.ca\/fr\/#\/schema\/person\/3e6ffefc39fe2f212400b7d8d0a4a0c1\",\"name\":\"St\u00e9phanie Meunier\",\"image\":{\"@type\":\"ImageObject\",\"inLanguage\":\"fr-CA\",\"@id\":\"https:\/\/teamsters.ca\/fr\/#\/schema\/person\/image\/\",\"url\":\"https:\/\/secure.gravatar.com\/avatar\/e4e8404e91ed71cb473fa2708849669810cf083c89825a3d2dd0d47dd6b2be77?s=96&d=mm&r=g\",\"contentUrl\":\"https:\/\/secure.gravatar.com\/avatar\/e4e8404e91ed71cb473fa2708849669810cf083c89825a3d2dd0d47dd6b2be77?s=96&d=mm&r=g\",\"caption\":\"St\u00e9phanie Meunier\"},\"url\":\"https:\/\/teamsters.ca\/fr\/blog\/author\/smeunier\/\"}]}<\/script>\n<!-- \/ Yoast SEO Premium plugin. -->","yoast_head_json":{"title":"Les Teamsters se prononcent sur le budget Trudeau | Teamsters Canada","robots":{"index":"index","follow":"follow","max-snippet":"max-snippet:-1","max-image-preview":"max-image-preview:large","max-video-preview":"max-video-preview:-1"},"canonical":"https:\/\/teamsters.ca\/fr\/blog\/2018\/02\/27\/les-teamsters-se-prononcent-sur-le-budget-trudeau\/","og_locale":"fr_CA","og_type":"article","og_title":"Les Teamsters se prononcent sur le budget Trudeau","og_description":"Teamsters Canada est satisfait du troisi\u00e8me budget du gouvernement Trudeau. Le syndicat est heureux que le gouvernement pose des gestes en vue de cr\u00e9er un programme national d\u2019assurance-m\u00e9dicaments. Cependant, dans les budgets \u00e0 venir, le gouvernement devra augmenter ses investissements dans les infrastructures et faire davantage pour aider les Canadiens \u00e0 travers la prochaine vague d\u2019automatisation et de changements technologiques.","og_url":"https:\/\/teamsters.ca\/fr\/blog\/2018\/02\/27\/les-teamsters-se-prononcent-sur-le-budget-trudeau\/","og_site_name":"Teamsters Canada","article_publisher":"https:\/\/www.facebook.com\/Teamsterscanada\/","article_published_time":"2018-02-28T01:36:13+00:00","article_modified_time":"2019-07-25T13:40:44+00:00","og_image":[{"width":1166,"height":768,"url":"https:\/\/teamsters.ca\/wp-content\/uploads\/2018\/03\/budget.jpg","type":"image\/jpeg"}],"author":"St\u00e9phanie Meunier","twitter_card":"summary_large_image","twitter_creator":"@TeamstersCanada","twitter_site":"@TeamstersCanada","twitter_misc":{"\u00c9crit par":"St\u00e9phanie Meunier","Estimation du temps de lecture":"3 minutes"},"schema":{"@context":"https:\/\/schema.org","@graph":[{"@type":"Article","@id":"https:\/\/teamsters.ca\/fr\/blog\/2018\/02\/27\/les-teamsters-se-prononcent-sur-le-budget-trudeau\/#article","isPartOf":{"@id":"https:\/\/teamsters.ca\/fr\/blog\/2018\/02\/27\/les-teamsters-se-prononcent-sur-le-budget-trudeau\/"},"author":{"name":"St\u00e9phanie Meunier","@id":"https:\/\/teamsters.ca\/fr\/#\/schema\/person\/3e6ffefc39fe2f212400b7d8d0a4a0c1"},"headline":"Les Teamsters se prononcent sur le budget Trudeau","datePublished":"2018-02-28T01:36:13+00:00","dateModified":"2019-07-25T13:40:44+00:00","mainEntityOfPage":{"@id":"https:\/\/teamsters.ca\/fr\/blog\/2018\/02\/27\/les-teamsters-se-prononcent-sur-le-budget-trudeau\/"},"wordCount":519,"publisher":{"@id":"https:\/\/teamsters.ca\/fr\/#organization"},"image":{"@id":"https:\/\/teamsters.ca\/fr\/blog\/2018\/02\/27\/les-teamsters-se-prononcent-sur-le-budget-trudeau\/#primaryimage"},"thumbnailUrl":"https:\/\/teamsters.ca\/wp-content\/uploads\/2018\/03\/budget.jpg","keywords":["assurance-m\u00e9dicaments","budget Trudeau","conge parental","Trudeau Budget"],"articleSection":["Lettres du pr\u00e9sident","Nouvelles","Ontario","Qu\u00e9bec","Saskatchewan"],"inLanguage":"fr-CA"},{"@type":"WebPage","@id":"https:\/\/teamsters.ca\/fr\/blog\/2018\/02\/27\/les-teamsters-se-prononcent-sur-le-budget-trudeau\/","url":"https:\/\/teamsters.ca\/fr\/blog\/2018\/02\/27\/les-teamsters-se-prononcent-sur-le-budget-trudeau\/","name":"Les Teamsters se prononcent sur le budget Trudeau | Teamsters Canada","isPartOf":{"@id":"https:\/\/teamsters.ca\/fr\/#website"},"primaryImageOfPage":{"@id":"https:\/\/teamsters.ca\/fr\/blog\/2018\/02\/27\/les-teamsters-se-prononcent-sur-le-budget-trudeau\/#primaryimage"},"image":{"@id":"https:\/\/teamsters.ca\/fr\/blog\/2018\/02\/27\/les-teamsters-se-prononcent-sur-le-budget-trudeau\/#primaryimage"},"thumbnailUrl":"https:\/\/teamsters.ca\/wp-content\/uploads\/2018\/03\/budget.jpg","datePublished":"2018-02-28T01:36:13+00:00","dateModified":"2019-07-25T13:40:44+00:00","breadcrumb":{"@id":"https:\/\/teamsters.ca\/fr\/blog\/2018\/02\/27\/les-teamsters-se-prononcent-sur-le-budget-trudeau\/#breadcrumb"},"inLanguage":"fr-CA","potentialAction":[{"@type":"ReadAction","target":["https:\/\/teamsters.ca\/fr\/blog\/2018\/02\/27\/les-teamsters-se-prononcent-sur-le-budget-trudeau\/"]}]},{"@type":"ImageObject","inLanguage":"fr-CA","@id":"https:\/\/teamsters.ca\/fr\/blog\/2018\/02\/27\/les-teamsters-se-prononcent-sur-le-budget-trudeau\/#primaryimage","url":"https:\/\/teamsters.ca\/wp-content\/uploads\/2018\/03\/budget.jpg","contentUrl":"https:\/\/teamsters.ca\/wp-content\/uploads\/2018\/03\/budget.jpg","width":1166,"height":768},{"@type":"BreadcrumbList","@id":"https:\/\/teamsters.ca\/fr\/blog\/2018\/02\/27\/les-teamsters-se-prononcent-sur-le-budget-trudeau\/#breadcrumb","itemListElement":[{"@type":"ListItem","position":1,"name":"Home","item":"https:\/\/teamsters.ca\/fr\/"},{"@type":"ListItem","position":2,"name":"Les Teamsters se prononcent sur le budget Trudeau"}]},{"@type":"WebSite","@id":"https:\/\/teamsters.ca\/fr\/#website","url":"https:\/\/teamsters.ca\/fr\/","name":"Teamsters Canada","description":"A Canadian union representing over 125 000 members","publisher":{"@id":"https:\/\/teamsters.ca\/fr\/#organization"},"potentialAction":[{"@type":"SearchAction","target":{"@type":"EntryPoint","urlTemplate":"https:\/\/teamsters.ca\/fr\/?s={search_term_string}"},"query-input":{"@type":"PropertyValueSpecification","valueRequired":true,"valueName":"search_term_string"}}],"inLanguage":"fr-CA"},{"@type":"Organization","@id":"https:\/\/teamsters.ca\/fr\/#organization","name":"Teamsters Canada","url":"https:\/\/teamsters.ca\/fr\/","logo":{"@type":"ImageObject","inLanguage":"fr-CA","@id":"https:\/\/teamsters.ca\/fr\/#\/schema\/logo\/image\/","url":"https:\/\/teamsters.ca\/wp-content\/uploads\/2019\/08\/TeamstersCanada.png","contentUrl":"https:\/\/teamsters.ca\/wp-content\/uploads\/2019\/08\/TeamstersCanada.png","width":545,"height":181,"caption":"Teamsters Canada"},"image":{"@id":"https:\/\/teamsters.ca\/fr\/#\/schema\/logo\/image\/"},"sameAs":["https:\/\/www.facebook.com\/Teamsterscanada\/","https:\/\/x.com\/TeamstersCanada"]},{"@type":"Person","@id":"https:\/\/teamsters.ca\/fr\/#\/schema\/person\/3e6ffefc39fe2f212400b7d8d0a4a0c1","name":"St\u00e9phanie Meunier","image":{"@type":"ImageObject","inLanguage":"fr-CA","@id":"https:\/\/teamsters.ca\/fr\/#\/schema\/person\/image\/","url":"https:\/\/secure.gravatar.com\/avatar\/e4e8404e91ed71cb473fa2708849669810cf083c89825a3d2dd0d47dd6b2be77?s=96&d=mm&r=g","contentUrl":"https:\/\/secure.gravatar.com\/avatar\/e4e8404e91ed71cb473fa2708849669810cf083c89825a3d2dd0d47dd6b2be77?s=96&d=mm&r=g","caption":"St\u00e9phanie Meunier"},"url":"https:\/\/teamsters.ca\/fr\/blog\/author\/smeunier\/"}]}},"_links":{"self":[{"href":"https:\/\/teamsters.ca\/fr\/wp-json\/wp\/v2\/posts\/7605","targetHints":{"allow":["GET"]}}],"collection":[{"href":"https:\/\/teamsters.ca\/fr\/wp-json\/wp\/v2\/posts"}],"about":[{"href":"https:\/\/teamsters.ca\/fr\/wp-json\/wp\/v2\/types\/post"}],"author":[{"embeddable":true,"href":"https:\/\/teamsters.ca\/fr\/wp-json\/wp\/v2\/users\/8"}],"replies":[{"embeddable":true,"href":"https:\/\/teamsters.ca\/fr\/wp-json\/wp\/v2\/comments?post=7605"}],"version-history":[{"count":1,"href":"https:\/\/teamsters.ca\/fr\/wp-json\/wp\/v2\/posts\/7605\/revisions"}],"predecessor-version":[{"id":9911,"href":"https:\/\/teamsters.ca\/fr\/wp-json\/wp\/v2\/posts\/7605\/revisions\/9911"}],"wp:featuredmedia":[{"embeddable":true,"href":"https:\/\/teamsters.ca\/fr\/wp-json\/wp\/v2\/media\/7592"}],"wp:attachment":[{"href":"https:\/\/teamsters.ca\/fr\/wp-json\/wp\/v2\/media?parent=7605"}],"wp:term":[{"taxonomy":"category","embeddable":true,"href":"https:\/\/teamsters.ca\/fr\/wp-json\/wp\/v2\/categories?post=7605"},{"taxonomy":"post_tag","embeddable":true,"href":"https:\/\/teamsters.ca\/fr\/wp-json\/wp\/v2\/tags?post=7605"}],"curies":[{"name":"wp","href":"https:\/\/api.w.org\/{rel}","templated":true}]}}