{"id":7034,"date":"2017-08-16T05:55:22","date_gmt":"2017-08-16T09:55:22","guid":{"rendered":"http:\/\/teamsters.ca\/?p=7034"},"modified":"2019-07-25T09:41:58","modified_gmt":"2019-07-25T13:41:58","slug":"les-droits-des-travailleurs-et-solidarite-dans-la-renegociation-de-lalena","status":"publish","type":"post","link":"https:\/\/teamsters.ca\/fr\/blog\/2017\/08\/16\/les-droits-des-travailleurs-et-solidarite-dans-la-renegociation-de-lalena\/","title":{"rendered":"Les droits des travailleurs et solidarit\u00e9 dans la ren\u00e9gociation de l\u2019ALENA"},"content":{"rendered":"<div style=\"font-size: 80%;\"><em>par James P. Hoffa, pr\u00e9sident g\u00e9n\u00e9ral de la Fraternit\u00e9 internationale des Teamsters et Fran\u00e7ois Laporte, pr\u00e9sident de Teamsters Canada. <a href=\"http:\/\/www.huffingtonpost.com\/entry\/labor-rights-solidarity-in-nafta-renegotiation_us_59933557e4b0a88ac1bc377b\" target=\"_blank\" rel=\"noopener noreferrer\">Ce texte fut d&rsquo;abord publi\u00e9 ici<\/a>.<\/em><\/div>\n<p>&nbsp;<br \/>\nLes pourparlers sur la ren\u00e9gociation de l\u2019ALENA d\u00e9butent cette semaine \u00e0 Washington DC et le programme est ambitieux : conclure un accord \u00ab&nbsp;modernis\u00e9&nbsp;\u00bb d\u2019ici la fin de l\u2019ann\u00e9e. Le syndicat des Teamsters compte suivre ces pourparlers de tr\u00e8s pr\u00e8s. Nous formons le plus grand syndicat nord-am\u00e9ricain dans l\u2019industrie des transports et nos membres \u2013 qui travaillent sur les routes et les chemins de fer de m\u00eame que dans des entrep\u00f4ts et des ports d\u2019un oc\u00e9an \u00e0 l\u2019autre \u2013 d\u00e9pendent du commerce entre les pays pour gagner leur vie. Nos membres qui travaillent dans l&rsquo;industrie laiti\u00e8re, dans les boulangeries et les brasseries d\u00e9pendent \u00e9galement sur une relation commerciale stable avec les Etats-Unis. Bref, les Teamsters sont favorables au commerce \u00e0 condition qu\u2019il soit \u00e9quitable.<\/p>\n<p>D&rsquo;abord, nous tenons \u00e0 rappeler aux n\u00e9gociateurs des deux pays l\u2019importance des \u00e9changes commerciaux entre le Canada et les \u00c9tats-Unis. Contrairement \u00e0 ce que certains pourraient croire, il n&rsquo;y a pas de d\u00e9s\u00e9quilibre commercial significatif entre nos deux pays. Nous sommes en fait nos plus gros clients &#8211; 64% du commerce international canadien se fait avec les \u00c9tats-Unis, et 48 \u00e9tats am\u00e9ricains ont le Canada comme un de leurs plus gros march\u00e9s d&rsquo;exportation. L&rsquo;ann\u00e9e derni\u00e8re, les \u00c9tats-Unis ont export\u00e9 plus au Canada que n&rsquo;importe quel autre pays au monde. C&rsquo;est pourquoi nous croyons que la ren\u00e9gociation de l&rsquo;ALENA ne doit pas inutilement d\u00e9ranger notre relation commerciale &#8211; une croyance partag\u00e9e par nos gouvernements et la plupart des acteurs commerciaux.<\/p>\n<p>Cela \u00e9tant dit, nous tenons aussi \u00e0 rappeler aux n\u00e9gociateurs les raisons pour lesquelles les Teamsters s\u2019\u00e9taient oppos\u00e9s \u00e0 l\u2019accord original il y a une g\u00e9n\u00e9ration et pour lesquelles nous nous sommes oppos\u00e9s \u00e0 de nombreux accords bilat\u00e9raux et multilat\u00e9raux depuis \u2013 dont plus r\u00e9cemment le Partenariat transpacifique (PTP). En termes tr\u00e8s simples, le mod\u00e8le de l\u2019ALENA nuit aux travailleurs. Il subordonne leurs int\u00e9r\u00eats \u00e0 la course aux profits des multinationales, nuit \u00e0 la croissance des salaires et conditions de travail, et contribue aux in\u00e9galit\u00e9s. Nous sommes donc favorables \u00e0 la ren\u00e9gociation de l\u2019ALENA et, au nom de nos 1,4 million de membres, nous nous engageons aupr\u00e8s de nos gouvernements pour am\u00e9liorer ce mod\u00e8le de \u00ab&nbsp;libre-\u00e9change&nbsp;\u00bb cibl\u00e9 de lacunes et d\u00e9faillant.<\/p>\n<p>Cela commence par l\u2019ajout d\u2019un nouveau chapitre sur le travail pour remplacer l\u2019accord parall\u00e8le original qui est inefficace. De nouvelles dispositions ex\u00e9cutoires qui prot\u00e8gent le droit d\u2019association des travailleurs repr\u00e9sentent une condition pr\u00e9alable \u00e0 notre appui d\u2019un accord modernis\u00e9. Les \u00e9l\u00e9ments d\u2019un chapitre efficace sur le Travail sont simples&nbsp;:<\/p>\n<p><strong>\u2022<\/strong>&nbsp;&nbsp;Des protections substantives des travailleurs qui reposent sur les conventions fondamentales de l\u2019Organisation internationale du travail (OIT), notamment pour interdire le travail infantile et le travail forc\u00e9 et pour prot\u00e9ger la libert\u00e9 d\u2019association et de n\u00e9gociation collective;<\/p>\n<p><strong>\u2022<\/strong>&nbsp;&nbsp;Des sanctions en cas de violation de ces protections substantives qui sont au moins aussi s\u00e9v\u00e8res que celles qui prot\u00e8gent les int\u00e9r\u00eats commerciaux et pr\u00e9voient le refus d\u2019avantages en vertu de l\u2019accord;<\/p>\n<p><strong>\u2022<\/strong>&nbsp;&nbsp;La mise sur pied d\u2019un nouveau secr\u00e9tariat du travail ind\u00e9pendant pour faire enqu\u00eate sur les violations et contribuer \u00e0 relever les normes du travail \u00e0 l\u2019\u00e9chelle nord-am\u00e9ricaine;<\/p>\n<p><strong>\u2022<\/strong>&nbsp;&nbsp;La reconnaissance fondamentale que les salaires et les conditions de travail de tous les travailleurs exercent toujours une influence sur le commerce international de sorte \u00e0 pr\u00e9venir le contournement des mesures d\u2019application et de r\u00e9paration sous pr\u00e9texte que certaines violations ne sont pas d\u2019ordre commercial.<\/p>\n<p>\u00c0 mesure que les pourparlers sur l\u2019ALENA progressent au cours des mois \u00e0 venir, des dirigeants des Teamsters dans les \u00c9tats et les provinces prendront la parole sur d\u2019autres enjeux qui sont importants pour nos membres.<\/p>\n<p>Par exemple, nous nous opposerons \u00e0 l\u2019inclusion de l\u2019acc\u00e8s au march\u00e9 des produits laitiers dans la nouvelle version de l\u2019ALENA, faisant valoir que cet enjeu avait \u00e9t\u00e9 omis lors des n\u00e9gociations de l\u2019accord initial. De plus, nous insisterons pour que les engagements en mati\u00e8re de camionnage transfrontalier ne minent pas la s\u00e9curit\u00e9 routi\u00e8re ou la protection de l\u2019environnement transfrontalier. Et surtout, nous demandons respectueusement une nouvelle approche et une nouvelle attention aux attentes plus vastes des travailleurs nord-am\u00e9ricains.<\/p>\n<p>Enfin, une v\u00e9ritable r\u00e9forme pour remplacer l\u2019ALENA par un mod\u00e8le favorable envers les travailleurs que nous pourrons appuyer n\u2019est atteignable que si le processus de n\u00e9gociation est ouvert et inclusif. Nous incitons donc fortement nos gouvernements \u00e0 partager les textes de n\u00e9gociation au terme de chaque ronde de pourparlers avec la Chambre des communes, le Congr\u00e8s, le mouvement syndical dans les trois pays, les parties prenantes de la soci\u00e9t\u00e9 civile ainsi que le grand public. Le syndicat des Teamsters est pr\u00eat \u00e0 donner son appui aux \u00e9quipes commerciales de l\u2019administration Trump et du gouvernement Trudeau pour accoucher d\u2019une nouvelle version de l\u2019ALENA qui b\u00e9n\u00e9ficie aux travailleurs, mais il faut que les n\u00e9gociations se d\u00e9roulent de fa\u00e7on d\u00e9mocratique et transparente.<\/p>\n","protected":false},"excerpt":{"rendered":"<p>Les pourparlers sur la ren\u00e9gociation de l\u2019ALENA d\u00e9butent cette semaine \u00e0 Washington DC et le programme est ambitieux : conclure un accord modernis\u00e9 d\u2019ici la fin de l\u2019ann\u00e9e. Le syndicat des Teamsters compte suivre ces pourparlers de tr\u00e8s pr\u00e8s. Nous formons le plus grand syndicat nord-am\u00e9ricain dans l\u2019industrie des transports et nos membres&#8230;<\/p>\n","protected":false},"author":8,"featured_media":7036,"comment_status":"closed","ping_status":"closed","sticky":false,"template":"","format":"standard","meta":{"ngg_post_thumbnail":0,"mc4wp_mailchimp_campaign":[],"footnotes":""},"categories":[1128,1140,1124,1114,1137],"tags":[],"class_list":{"0":"post-7034","1":"post","2":"type-post","3":"status-publish","4":"format-standard","5":"has-post-thumbnail","7":"category-autres","8":"category-canada-region-fr","9":"category-president-fr","10":"category-nouvelles","11":"category-region-fr"},"yoast_head":"<!-- This site is optimized with the Yoast SEO Premium plugin v25.5 (Yoast SEO v25.5) - https:\/\/yoast.com\/wordpress\/plugins\/seo\/ -->\n<title>Les droits des travailleurs et solidarit\u00e9 dans la ren\u00e9gociation de l\u2019ALENA | Teamsters Canada<\/title>\n<meta name=\"robots\" content=\"index, follow, max-snippet:-1, max-image-preview:large, max-video-preview:-1\" \/>\n<link rel=\"canonical\" href=\"https:\/\/teamsters.ca\/fr\/blog\/2017\/08\/16\/les-droits-des-travailleurs-et-solidarite-dans-la-renegociation-de-lalena\/\" \/>\n<meta property=\"og:locale\" content=\"fr_CA\" \/>\n<meta property=\"og:type\" content=\"article\" \/>\n<meta property=\"og:title\" content=\"Les droits des travailleurs et solidarit\u00e9 dans la ren\u00e9gociation de l\u2019ALENA\" \/>\n<meta property=\"og:description\" content=\"Les pourparlers sur la ren\u00e9gociation de l\u2019ALENA d\u00e9butent cette semaine \u00e0 Washington DC et le programme est ambitieux : conclure un accord modernis\u00e9 d\u2019ici la fin de l\u2019ann\u00e9e. Le syndicat des Teamsters compte suivre ces pourparlers de tr\u00e8s pr\u00e8s. Nous formons le plus grand syndicat nord-am\u00e9ricain dans l\u2019industrie des transports et nos membres...\" \/>\n<meta property=\"og:url\" content=\"https:\/\/teamsters.ca\/fr\/blog\/2017\/08\/16\/les-droits-des-travailleurs-et-solidarite-dans-la-renegociation-de-lalena\/\" \/>\n<meta property=\"og:site_name\" content=\"Teamsters Canada\" \/>\n<meta property=\"article:publisher\" content=\"https:\/\/www.facebook.com\/Teamsterscanada\/\" \/>\n<meta property=\"article:published_time\" content=\"2017-08-16T09:55:22+00:00\" \/>\n<meta property=\"article:modified_time\" content=\"2019-07-25T13:41:58+00:00\" \/>\n<meta property=\"og:image\" content=\"https:\/\/teamsters.ca\/wp-content\/uploads\/2017\/08\/59933cb522000039001a6103.jpg\" \/>\n\t<meta property=\"og:image:width\" content=\"720\" \/>\n\t<meta property=\"og:image:height\" content=\"404\" \/>\n\t<meta property=\"og:image:type\" content=\"image\/jpeg\" \/>\n<meta name=\"author\" content=\"St\u00e9phanie Meunier\" \/>\n<meta name=\"twitter:card\" content=\"summary_large_image\" \/>\n<meta name=\"twitter:creator\" content=\"@TeamstersCanada\" \/>\n<meta name=\"twitter:site\" content=\"@TeamstersCanada\" \/>\n<meta name=\"twitter:label1\" content=\"\u00c9crit par\" \/>\n\t<meta name=\"twitter:data1\" content=\"St\u00e9phanie Meunier\" \/>\n\t<meta name=\"twitter:label2\" content=\"Estimation du temps de lecture\" \/>\n\t<meta name=\"twitter:data2\" content=\"5 minutes\" \/>\n<script type=\"application\/ld+json\" class=\"yoast-schema-graph\">{\"@context\":\"https:\/\/schema.org\",\"@graph\":[{\"@type\":\"Article\",\"@id\":\"https:\/\/teamsters.ca\/fr\/blog\/2017\/08\/16\/les-droits-des-travailleurs-et-solidarite-dans-la-renegociation-de-lalena\/#article\",\"isPartOf\":{\"@id\":\"https:\/\/teamsters.ca\/fr\/blog\/2017\/08\/16\/les-droits-des-travailleurs-et-solidarite-dans-la-renegociation-de-lalena\/\"},\"author\":{\"name\":\"St\u00e9phanie Meunier\",\"@id\":\"https:\/\/teamsters.ca\/fr\/#\/schema\/person\/3e6ffefc39fe2f212400b7d8d0a4a0c1\"},\"headline\":\"Les droits des travailleurs et solidarit\u00e9 dans la ren\u00e9gociation de l\u2019ALENA\",\"datePublished\":\"2017-08-16T09:55:22+00:00\",\"dateModified\":\"2019-07-25T13:41:58+00:00\",\"mainEntityOfPage\":{\"@id\":\"https:\/\/teamsters.ca\/fr\/blog\/2017\/08\/16\/les-droits-des-travailleurs-et-solidarite-dans-la-renegociation-de-lalena\/\"},\"wordCount\":937,\"publisher\":{\"@id\":\"https:\/\/teamsters.ca\/fr\/#organization\"},\"image\":{\"@id\":\"https:\/\/teamsters.ca\/fr\/blog\/2017\/08\/16\/les-droits-des-travailleurs-et-solidarite-dans-la-renegociation-de-lalena\/#primaryimage\"},\"thumbnailUrl\":\"https:\/\/teamsters.ca\/wp-content\/uploads\/2017\/08\/59933cb522000039001a6103.jpg\",\"articleSection\":[\"Autres\",\"Canada\",\"Lettres du pr\u00e9sident\",\"Nouvelles\",\"R\u00e9gion\"],\"inLanguage\":\"fr-CA\"},{\"@type\":\"WebPage\",\"@id\":\"https:\/\/teamsters.ca\/fr\/blog\/2017\/08\/16\/les-droits-des-travailleurs-et-solidarite-dans-la-renegociation-de-lalena\/\",\"url\":\"https:\/\/teamsters.ca\/fr\/blog\/2017\/08\/16\/les-droits-des-travailleurs-et-solidarite-dans-la-renegociation-de-lalena\/\",\"name\":\"Les droits des travailleurs et solidarit\u00e9 dans la ren\u00e9gociation de l\u2019ALENA | Teamsters Canada\",\"isPartOf\":{\"@id\":\"https:\/\/teamsters.ca\/fr\/#website\"},\"primaryImageOfPage\":{\"@id\":\"https:\/\/teamsters.ca\/fr\/blog\/2017\/08\/16\/les-droits-des-travailleurs-et-solidarite-dans-la-renegociation-de-lalena\/#primaryimage\"},\"image\":{\"@id\":\"https:\/\/teamsters.ca\/fr\/blog\/2017\/08\/16\/les-droits-des-travailleurs-et-solidarite-dans-la-renegociation-de-lalena\/#primaryimage\"},\"thumbnailUrl\":\"https:\/\/teamsters.ca\/wp-content\/uploads\/2017\/08\/59933cb522000039001a6103.jpg\",\"datePublished\":\"2017-08-16T09:55:22+00:00\",\"dateModified\":\"2019-07-25T13:41:58+00:00\",\"breadcrumb\":{\"@id\":\"https:\/\/teamsters.ca\/fr\/blog\/2017\/08\/16\/les-droits-des-travailleurs-et-solidarite-dans-la-renegociation-de-lalena\/#breadcrumb\"},\"inLanguage\":\"fr-CA\",\"potentialAction\":[{\"@type\":\"ReadAction\",\"target\":[\"https:\/\/teamsters.ca\/fr\/blog\/2017\/08\/16\/les-droits-des-travailleurs-et-solidarite-dans-la-renegociation-de-lalena\/\"]}]},{\"@type\":\"ImageObject\",\"inLanguage\":\"fr-CA\",\"@id\":\"https:\/\/teamsters.ca\/fr\/blog\/2017\/08\/16\/les-droits-des-travailleurs-et-solidarite-dans-la-renegociation-de-lalena\/#primaryimage\",\"url\":\"https:\/\/teamsters.ca\/wp-content\/uploads\/2017\/08\/59933cb522000039001a6103.jpg\",\"contentUrl\":\"https:\/\/teamsters.ca\/wp-content\/uploads\/2017\/08\/59933cb522000039001a6103.jpg\",\"width\":720,\"height\":404},{\"@type\":\"BreadcrumbList\",\"@id\":\"https:\/\/teamsters.ca\/fr\/blog\/2017\/08\/16\/les-droits-des-travailleurs-et-solidarite-dans-la-renegociation-de-lalena\/#breadcrumb\",\"itemListElement\":[{\"@type\":\"ListItem\",\"position\":1,\"name\":\"Home\",\"item\":\"https:\/\/teamsters.ca\/fr\/\"},{\"@type\":\"ListItem\",\"position\":2,\"name\":\"Les droits des travailleurs et solidarit\u00e9 dans la ren\u00e9gociation de l\u2019ALENA\"}]},{\"@type\":\"WebSite\",\"@id\":\"https:\/\/teamsters.ca\/fr\/#website\",\"url\":\"https:\/\/teamsters.ca\/fr\/\",\"name\":\"Teamsters Canada\",\"description\":\"A Canadian union representing over 125 000 members\",\"publisher\":{\"@id\":\"https:\/\/teamsters.ca\/fr\/#organization\"},\"potentialAction\":[{\"@type\":\"SearchAction\",\"target\":{\"@type\":\"EntryPoint\",\"urlTemplate\":\"https:\/\/teamsters.ca\/fr\/?s={search_term_string}\"},\"query-input\":{\"@type\":\"PropertyValueSpecification\",\"valueRequired\":true,\"valueName\":\"search_term_string\"}}],\"inLanguage\":\"fr-CA\"},{\"@type\":\"Organization\",\"@id\":\"https:\/\/teamsters.ca\/fr\/#organization\",\"name\":\"Teamsters Canada\",\"url\":\"https:\/\/teamsters.ca\/fr\/\",\"logo\":{\"@type\":\"ImageObject\",\"inLanguage\":\"fr-CA\",\"@id\":\"https:\/\/teamsters.ca\/fr\/#\/schema\/logo\/image\/\",\"url\":\"https:\/\/teamsters.ca\/wp-content\/uploads\/2019\/08\/TeamstersCanada.png\",\"contentUrl\":\"https:\/\/teamsters.ca\/wp-content\/uploads\/2019\/08\/TeamstersCanada.png\",\"width\":545,\"height\":181,\"caption\":\"Teamsters Canada\"},\"image\":{\"@id\":\"https:\/\/teamsters.ca\/fr\/#\/schema\/logo\/image\/\"},\"sameAs\":[\"https:\/\/www.facebook.com\/Teamsterscanada\/\",\"https:\/\/x.com\/TeamstersCanada\"]},{\"@type\":\"Person\",\"@id\":\"https:\/\/teamsters.ca\/fr\/#\/schema\/person\/3e6ffefc39fe2f212400b7d8d0a4a0c1\",\"name\":\"St\u00e9phanie Meunier\",\"image\":{\"@type\":\"ImageObject\",\"inLanguage\":\"fr-CA\",\"@id\":\"https:\/\/teamsters.ca\/fr\/#\/schema\/person\/image\/\",\"url\":\"https:\/\/secure.gravatar.com\/avatar\/e4e8404e91ed71cb473fa2708849669810cf083c89825a3d2dd0d47dd6b2be77?s=96&d=mm&r=g\",\"contentUrl\":\"https:\/\/secure.gravatar.com\/avatar\/e4e8404e91ed71cb473fa2708849669810cf083c89825a3d2dd0d47dd6b2be77?s=96&d=mm&r=g\",\"caption\":\"St\u00e9phanie Meunier\"},\"url\":\"https:\/\/teamsters.ca\/fr\/blog\/author\/smeunier\/\"}]}<\/script>\n<!-- \/ Yoast SEO Premium plugin. -->","yoast_head_json":{"title":"Les droits des travailleurs et solidarit\u00e9 dans la ren\u00e9gociation de l\u2019ALENA | Teamsters Canada","robots":{"index":"index","follow":"follow","max-snippet":"max-snippet:-1","max-image-preview":"max-image-preview:large","max-video-preview":"max-video-preview:-1"},"canonical":"https:\/\/teamsters.ca\/fr\/blog\/2017\/08\/16\/les-droits-des-travailleurs-et-solidarite-dans-la-renegociation-de-lalena\/","og_locale":"fr_CA","og_type":"article","og_title":"Les droits des travailleurs et solidarit\u00e9 dans la ren\u00e9gociation de l\u2019ALENA","og_description":"Les pourparlers sur la ren\u00e9gociation de l\u2019ALENA d\u00e9butent cette semaine \u00e0 Washington DC et le programme est ambitieux : conclure un accord modernis\u00e9 d\u2019ici la fin de l\u2019ann\u00e9e. Le syndicat des Teamsters compte suivre ces pourparlers de tr\u00e8s pr\u00e8s. Nous formons le plus grand syndicat nord-am\u00e9ricain dans l\u2019industrie des transports et nos membres...","og_url":"https:\/\/teamsters.ca\/fr\/blog\/2017\/08\/16\/les-droits-des-travailleurs-et-solidarite-dans-la-renegociation-de-lalena\/","og_site_name":"Teamsters Canada","article_publisher":"https:\/\/www.facebook.com\/Teamsterscanada\/","article_published_time":"2017-08-16T09:55:22+00:00","article_modified_time":"2019-07-25T13:41:58+00:00","og_image":[{"width":720,"height":404,"url":"https:\/\/teamsters.ca\/wp-content\/uploads\/2017\/08\/59933cb522000039001a6103.jpg","type":"image\/jpeg"}],"author":"St\u00e9phanie Meunier","twitter_card":"summary_large_image","twitter_creator":"@TeamstersCanada","twitter_site":"@TeamstersCanada","twitter_misc":{"\u00c9crit par":"St\u00e9phanie Meunier","Estimation du temps de lecture":"5 minutes"},"schema":{"@context":"https:\/\/schema.org","@graph":[{"@type":"Article","@id":"https:\/\/teamsters.ca\/fr\/blog\/2017\/08\/16\/les-droits-des-travailleurs-et-solidarite-dans-la-renegociation-de-lalena\/#article","isPartOf":{"@id":"https:\/\/teamsters.ca\/fr\/blog\/2017\/08\/16\/les-droits-des-travailleurs-et-solidarite-dans-la-renegociation-de-lalena\/"},"author":{"name":"St\u00e9phanie Meunier","@id":"https:\/\/teamsters.ca\/fr\/#\/schema\/person\/3e6ffefc39fe2f212400b7d8d0a4a0c1"},"headline":"Les droits des travailleurs et solidarit\u00e9 dans la ren\u00e9gociation de l\u2019ALENA","datePublished":"2017-08-16T09:55:22+00:00","dateModified":"2019-07-25T13:41:58+00:00","mainEntityOfPage":{"@id":"https:\/\/teamsters.ca\/fr\/blog\/2017\/08\/16\/les-droits-des-travailleurs-et-solidarite-dans-la-renegociation-de-lalena\/"},"wordCount":937,"publisher":{"@id":"https:\/\/teamsters.ca\/fr\/#organization"},"image":{"@id":"https:\/\/teamsters.ca\/fr\/blog\/2017\/08\/16\/les-droits-des-travailleurs-et-solidarite-dans-la-renegociation-de-lalena\/#primaryimage"},"thumbnailUrl":"https:\/\/teamsters.ca\/wp-content\/uploads\/2017\/08\/59933cb522000039001a6103.jpg","articleSection":["Autres","Canada","Lettres du pr\u00e9sident","Nouvelles","R\u00e9gion"],"inLanguage":"fr-CA"},{"@type":"WebPage","@id":"https:\/\/teamsters.ca\/fr\/blog\/2017\/08\/16\/les-droits-des-travailleurs-et-solidarite-dans-la-renegociation-de-lalena\/","url":"https:\/\/teamsters.ca\/fr\/blog\/2017\/08\/16\/les-droits-des-travailleurs-et-solidarite-dans-la-renegociation-de-lalena\/","name":"Les droits des travailleurs et solidarit\u00e9 dans la ren\u00e9gociation de l\u2019ALENA | Teamsters Canada","isPartOf":{"@id":"https:\/\/teamsters.ca\/fr\/#website"},"primaryImageOfPage":{"@id":"https:\/\/teamsters.ca\/fr\/blog\/2017\/08\/16\/les-droits-des-travailleurs-et-solidarite-dans-la-renegociation-de-lalena\/#primaryimage"},"image":{"@id":"https:\/\/teamsters.ca\/fr\/blog\/2017\/08\/16\/les-droits-des-travailleurs-et-solidarite-dans-la-renegociation-de-lalena\/#primaryimage"},"thumbnailUrl":"https:\/\/teamsters.ca\/wp-content\/uploads\/2017\/08\/59933cb522000039001a6103.jpg","datePublished":"2017-08-16T09:55:22+00:00","dateModified":"2019-07-25T13:41:58+00:00","breadcrumb":{"@id":"https:\/\/teamsters.ca\/fr\/blog\/2017\/08\/16\/les-droits-des-travailleurs-et-solidarite-dans-la-renegociation-de-lalena\/#breadcrumb"},"inLanguage":"fr-CA","potentialAction":[{"@type":"ReadAction","target":["https:\/\/teamsters.ca\/fr\/blog\/2017\/08\/16\/les-droits-des-travailleurs-et-solidarite-dans-la-renegociation-de-lalena\/"]}]},{"@type":"ImageObject","inLanguage":"fr-CA","@id":"https:\/\/teamsters.ca\/fr\/blog\/2017\/08\/16\/les-droits-des-travailleurs-et-solidarite-dans-la-renegociation-de-lalena\/#primaryimage","url":"https:\/\/teamsters.ca\/wp-content\/uploads\/2017\/08\/59933cb522000039001a6103.jpg","contentUrl":"https:\/\/teamsters.ca\/wp-content\/uploads\/2017\/08\/59933cb522000039001a6103.jpg","width":720,"height":404},{"@type":"BreadcrumbList","@id":"https:\/\/teamsters.ca\/fr\/blog\/2017\/08\/16\/les-droits-des-travailleurs-et-solidarite-dans-la-renegociation-de-lalena\/#breadcrumb","itemListElement":[{"@type":"ListItem","position":1,"name":"Home","item":"https:\/\/teamsters.ca\/fr\/"},{"@type":"ListItem","position":2,"name":"Les droits des travailleurs et solidarit\u00e9 dans la ren\u00e9gociation de l\u2019ALENA"}]},{"@type":"WebSite","@id":"https:\/\/teamsters.ca\/fr\/#website","url":"https:\/\/teamsters.ca\/fr\/","name":"Teamsters Canada","description":"A Canadian union representing over 125 000 members","publisher":{"@id":"https:\/\/teamsters.ca\/fr\/#organization"},"potentialAction":[{"@type":"SearchAction","target":{"@type":"EntryPoint","urlTemplate":"https:\/\/teamsters.ca\/fr\/?s={search_term_string}"},"query-input":{"@type":"PropertyValueSpecification","valueRequired":true,"valueName":"search_term_string"}}],"inLanguage":"fr-CA"},{"@type":"Organization","@id":"https:\/\/teamsters.ca\/fr\/#organization","name":"Teamsters Canada","url":"https:\/\/teamsters.ca\/fr\/","logo":{"@type":"ImageObject","inLanguage":"fr-CA","@id":"https:\/\/teamsters.ca\/fr\/#\/schema\/logo\/image\/","url":"https:\/\/teamsters.ca\/wp-content\/uploads\/2019\/08\/TeamstersCanada.png","contentUrl":"https:\/\/teamsters.ca\/wp-content\/uploads\/2019\/08\/TeamstersCanada.png","width":545,"height":181,"caption":"Teamsters Canada"},"image":{"@id":"https:\/\/teamsters.ca\/fr\/#\/schema\/logo\/image\/"},"sameAs":["https:\/\/www.facebook.com\/Teamsterscanada\/","https:\/\/x.com\/TeamstersCanada"]},{"@type":"Person","@id":"https:\/\/teamsters.ca\/fr\/#\/schema\/person\/3e6ffefc39fe2f212400b7d8d0a4a0c1","name":"St\u00e9phanie Meunier","image":{"@type":"ImageObject","inLanguage":"fr-CA","@id":"https:\/\/teamsters.ca\/fr\/#\/schema\/person\/image\/","url":"https:\/\/secure.gravatar.com\/avatar\/e4e8404e91ed71cb473fa2708849669810cf083c89825a3d2dd0d47dd6b2be77?s=96&d=mm&r=g","contentUrl":"https:\/\/secure.gravatar.com\/avatar\/e4e8404e91ed71cb473fa2708849669810cf083c89825a3d2dd0d47dd6b2be77?s=96&d=mm&r=g","caption":"St\u00e9phanie Meunier"},"url":"https:\/\/teamsters.ca\/fr\/blog\/author\/smeunier\/"}]}},"_links":{"self":[{"href":"https:\/\/teamsters.ca\/fr\/wp-json\/wp\/v2\/posts\/7034","targetHints":{"allow":["GET"]}}],"collection":[{"href":"https:\/\/teamsters.ca\/fr\/wp-json\/wp\/v2\/posts"}],"about":[{"href":"https:\/\/teamsters.ca\/fr\/wp-json\/wp\/v2\/types\/post"}],"author":[{"embeddable":true,"href":"https:\/\/teamsters.ca\/fr\/wp-json\/wp\/v2\/users\/8"}],"replies":[{"embeddable":true,"href":"https:\/\/teamsters.ca\/fr\/wp-json\/wp\/v2\/comments?post=7034"}],"version-history":[{"count":2,"href":"https:\/\/teamsters.ca\/fr\/wp-json\/wp\/v2\/posts\/7034\/revisions"}],"predecessor-version":[{"id":13843,"href":"https:\/\/teamsters.ca\/fr\/wp-json\/wp\/v2\/posts\/7034\/revisions\/13843"}],"wp:featuredmedia":[{"embeddable":true,"href":"https:\/\/teamsters.ca\/fr\/wp-json\/wp\/v2\/media\/7036"}],"wp:attachment":[{"href":"https:\/\/teamsters.ca\/fr\/wp-json\/wp\/v2\/media?parent=7034"}],"wp:term":[{"taxonomy":"category","embeddable":true,"href":"https:\/\/teamsters.ca\/fr\/wp-json\/wp\/v2\/categories?post=7034"},{"taxonomy":"post_tag","embeddable":true,"href":"https:\/\/teamsters.ca\/fr\/wp-json\/wp\/v2\/tags?post=7034"}],"curies":[{"name":"wp","href":"https:\/\/api.w.org\/{rel}","templated":true}]}}