{"id":6913,"date":"2017-05-30T10:24:55","date_gmt":"2017-05-30T14:24:55","guid":{"rendered":"http:\/\/teamsters.ca\/?p=6913"},"modified":"2019-06-27T20:38:45","modified_gmt":"2019-06-27T20:38:45","slug":"les-teamsters-ratifient-un-nouveau-contrat-de-travail-chez-garda","status":"publish","type":"post","link":"https:\/\/teamsters.ca\/fr\/blog\/2017\/05\/30\/les-teamsters-ratifient-un-nouveau-contrat-de-travail-chez-garda\/","title":{"rendered":"Les Teamsters ratifient un nouveau contrat de travail chez Garda"},"content":{"rendered":"<p>Laval, 30 mai 2017 \u2014 Les travailleurs oeuvrant chez GardaWorld Transport de valeurs et affili\u00e9s au syndicat des Teamsters ont ratifi\u00e9 un nouveau contrat de travail hier. Plus de 90&nbsp;% des membres qui ont exerc\u00e9 leur droit de vote \u00e9taient en faveur des propositions patronales.<\/p>\n<p>La s\u00e9curit\u00e9 \u00e0 bord des blind\u00e9s \u00e9tait au centre des n\u00e9gociations. Les travailleurs prenant place \u00e0 bord seront mieux prot\u00e9g\u00e9s en vertu d\u2019une flotte de camion o\u00f9 les syst\u00e8mes de s\u00e9curit\u00e9 seront am\u00e9lior\u00e9s.<\/p>\n<p>\u00ab Je voudrais f\u00e9liciter le comit\u00e9 de n\u00e9gociations, sp\u00e9cialement Owen Lane qui a fait un travail remarquable, a expliqu\u00e9 Jason Sweet, le directeur de la Division des v\u00e9hicules blind\u00e9s de Teamsters Canada. Les membres ont soutenu leur syndicat, ce qui nous a donn\u00e9 le rapport de force n\u00e9cessaire \u00e0 la table de n\u00e9gociation.&nbsp;\u00bb<\/p>\n<p>Les Sections locales 419 et 879 repr\u00e9sentent plus de 600 travailleurs chez GardaWorld Transport de valeurs en Ontario. Le contrat de travail prendra fin en 2021.<\/p>\n<p><em>Teamsters represent 125,000 members in Canada in all industries. The International Brotherhood of Teamsters, with which Teamsters Canada is affiliated, has 1.4 million members in North America.<\/em><\/p>\n<p style=\"text-align: center;\">\u2013 30 \u2013<\/p>\n<p>Information:<\/p>\n<p>St\u00e9phane Lacroix, directeur du service des Relations publiques<br \/>\nCell: 514-609-5101<br \/>\n<a href=\"mailto:slacroix@teamsters.ca\">slacroix@teamsters.ca<\/a><\/p>\n","protected":false},"excerpt":{"rendered":"<p>Les travailleurs oeuvrant chez GardaWorld Transport de valeurs et affili\u00e9s au syndicat des Teamsters ont ratifi\u00e9 un nouveau contrat de travail hier. Plus de 90% des membres qui ont exerc\u00e9 leur droit de vote \u00e9taient en faveur des propositions patronales. La s\u00e9curit\u00e9 \u00e0 bord des blind\u00e9s \u00e9tait au centre des n\u00e9gociations&#8230;<\/p>\n","protected":false},"author":8,"featured_media":6917,"comment_status":"closed","ping_status":"closed","sticky":false,"template":"","format":"standard","meta":{"ngg_post_thumbnail":0,"mc4wp_mailchimp_campaign":[],"footnotes":""},"categories":[1114,1144,1137,1117],"tags":[],"class_list":{"0":"post-6913","1":"post","2":"type-post","3":"status-publish","4":"format-standard","5":"has-post-thumbnail","7":"category-nouvelles","8":"category-ontario-fr","9":"category-region-fr","10":"category-vehicules-blindes"},"yoast_head":"<!-- This site is optimized with the Yoast SEO Premium plugin v25.5 (Yoast SEO v25.5) - https:\/\/yoast.com\/wordpress\/plugins\/seo\/ -->\n<title>Les Teamsters ratifient un nouveau contrat de travail chez Garda | Teamsters Canada<\/title>\n<meta name=\"robots\" content=\"index, follow, max-snippet:-1, max-image-preview:large, max-video-preview:-1\" \/>\n<link rel=\"canonical\" href=\"https:\/\/teamsters.ca\/fr\/blog\/2017\/05\/30\/les-teamsters-ratifient-un-nouveau-contrat-de-travail-chez-garda\/\" \/>\n<meta property=\"og:locale\" content=\"fr_CA\" \/>\n<meta property=\"og:type\" content=\"article\" \/>\n<meta property=\"og:title\" content=\"Les Teamsters ratifient un nouveau contrat de travail chez Garda\" \/>\n<meta property=\"og:description\" content=\"Les travailleurs oeuvrant chez GardaWorld Transport de valeurs et affili\u00e9s au syndicat des Teamsters ont ratifi\u00e9 un nouveau contrat de travail hier. Plus de 90% des membres qui ont exerc\u00e9 leur droit de vote \u00e9taient en faveur des propositions patronales. La s\u00e9curit\u00e9 \u00e0 bord des blind\u00e9s \u00e9tait au centre des n\u00e9gociations...\" \/>\n<meta property=\"og:url\" content=\"https:\/\/teamsters.ca\/fr\/blog\/2017\/05\/30\/les-teamsters-ratifient-un-nouveau-contrat-de-travail-chez-garda\/\" \/>\n<meta property=\"og:site_name\" content=\"Teamsters Canada\" \/>\n<meta property=\"article:publisher\" content=\"https:\/\/www.facebook.com\/Teamsterscanada\/\" \/>\n<meta property=\"article:published_time\" content=\"2017-05-30T14:24:55+00:00\" \/>\n<meta property=\"article:modified_time\" content=\"2019-06-27T20:38:45+00:00\" \/>\n<meta property=\"og:image\" content=\"https:\/\/teamsters.ca\/wp-content\/uploads\/2017\/05\/garda-truck.jpg\" \/>\n\t<meta property=\"og:image:width\" content=\"533\" \/>\n\t<meta property=\"og:image:height\" content=\"300\" \/>\n\t<meta property=\"og:image:type\" content=\"image\/jpeg\" \/>\n<meta name=\"author\" content=\"St\u00e9phanie Meunier\" \/>\n<meta name=\"twitter:card\" content=\"summary_large_image\" \/>\n<meta name=\"twitter:creator\" content=\"@TeamstersCanada\" \/>\n<meta name=\"twitter:site\" content=\"@TeamstersCanada\" \/>\n<meta name=\"twitter:label1\" content=\"\u00c9crit par\" \/>\n\t<meta name=\"twitter:data1\" content=\"St\u00e9phanie Meunier\" \/>\n\t<meta name=\"twitter:label2\" content=\"Estimation du temps de lecture\" \/>\n\t<meta name=\"twitter:data2\" content=\"1 minute\" \/>\n<script type=\"application\/ld+json\" class=\"yoast-schema-graph\">{\"@context\":\"https:\/\/schema.org\",\"@graph\":[{\"@type\":\"Article\",\"@id\":\"https:\/\/teamsters.ca\/fr\/blog\/2017\/05\/30\/les-teamsters-ratifient-un-nouveau-contrat-de-travail-chez-garda\/#article\",\"isPartOf\":{\"@id\":\"https:\/\/teamsters.ca\/fr\/blog\/2017\/05\/30\/les-teamsters-ratifient-un-nouveau-contrat-de-travail-chez-garda\/\"},\"author\":{\"name\":\"St\u00e9phanie Meunier\",\"@id\":\"https:\/\/teamsters.ca\/fr\/#\/schema\/person\/3e6ffefc39fe2f212400b7d8d0a4a0c1\"},\"headline\":\"Les Teamsters ratifient un nouveau contrat de travail chez Garda\",\"datePublished\":\"2017-05-30T14:24:55+00:00\",\"dateModified\":\"2019-06-27T20:38:45+00:00\",\"mainEntityOfPage\":{\"@id\":\"https:\/\/teamsters.ca\/fr\/blog\/2017\/05\/30\/les-teamsters-ratifient-un-nouveau-contrat-de-travail-chez-garda\/\"},\"wordCount\":217,\"publisher\":{\"@id\":\"https:\/\/teamsters.ca\/fr\/#organization\"},\"image\":{\"@id\":\"https:\/\/teamsters.ca\/fr\/blog\/2017\/05\/30\/les-teamsters-ratifient-un-nouveau-contrat-de-travail-chez-garda\/#primaryimage\"},\"thumbnailUrl\":\"https:\/\/teamsters.ca\/wp-content\/uploads\/2017\/05\/garda-truck.jpg\",\"articleSection\":[\"Nouvelles\",\"Ontario\",\"R\u00e9gion\",\"V\u00e9hicules blind\u00e9s\"],\"inLanguage\":\"fr-CA\"},{\"@type\":\"WebPage\",\"@id\":\"https:\/\/teamsters.ca\/fr\/blog\/2017\/05\/30\/les-teamsters-ratifient-un-nouveau-contrat-de-travail-chez-garda\/\",\"url\":\"https:\/\/teamsters.ca\/fr\/blog\/2017\/05\/30\/les-teamsters-ratifient-un-nouveau-contrat-de-travail-chez-garda\/\",\"name\":\"Les Teamsters ratifient un nouveau contrat de travail chez Garda | Teamsters Canada\",\"isPartOf\":{\"@id\":\"https:\/\/teamsters.ca\/fr\/#website\"},\"primaryImageOfPage\":{\"@id\":\"https:\/\/teamsters.ca\/fr\/blog\/2017\/05\/30\/les-teamsters-ratifient-un-nouveau-contrat-de-travail-chez-garda\/#primaryimage\"},\"image\":{\"@id\":\"https:\/\/teamsters.ca\/fr\/blog\/2017\/05\/30\/les-teamsters-ratifient-un-nouveau-contrat-de-travail-chez-garda\/#primaryimage\"},\"thumbnailUrl\":\"https:\/\/teamsters.ca\/wp-content\/uploads\/2017\/05\/garda-truck.jpg\",\"datePublished\":\"2017-05-30T14:24:55+00:00\",\"dateModified\":\"2019-06-27T20:38:45+00:00\",\"breadcrumb\":{\"@id\":\"https:\/\/teamsters.ca\/fr\/blog\/2017\/05\/30\/les-teamsters-ratifient-un-nouveau-contrat-de-travail-chez-garda\/#breadcrumb\"},\"inLanguage\":\"fr-CA\",\"potentialAction\":[{\"@type\":\"ReadAction\",\"target\":[\"https:\/\/teamsters.ca\/fr\/blog\/2017\/05\/30\/les-teamsters-ratifient-un-nouveau-contrat-de-travail-chez-garda\/\"]}]},{\"@type\":\"ImageObject\",\"inLanguage\":\"fr-CA\",\"@id\":\"https:\/\/teamsters.ca\/fr\/blog\/2017\/05\/30\/les-teamsters-ratifient-un-nouveau-contrat-de-travail-chez-garda\/#primaryimage\",\"url\":\"https:\/\/teamsters.ca\/wp-content\/uploads\/2017\/05\/garda-truck.jpg\",\"contentUrl\":\"https:\/\/teamsters.ca\/wp-content\/uploads\/2017\/05\/garda-truck.jpg\",\"width\":533,\"height\":300},{\"@type\":\"BreadcrumbList\",\"@id\":\"https:\/\/teamsters.ca\/fr\/blog\/2017\/05\/30\/les-teamsters-ratifient-un-nouveau-contrat-de-travail-chez-garda\/#breadcrumb\",\"itemListElement\":[{\"@type\":\"ListItem\",\"position\":1,\"name\":\"Home\",\"item\":\"https:\/\/teamsters.ca\/fr\/\"},{\"@type\":\"ListItem\",\"position\":2,\"name\":\"Les Teamsters ratifient un nouveau contrat de travail chez Garda\"}]},{\"@type\":\"WebSite\",\"@id\":\"https:\/\/teamsters.ca\/fr\/#website\",\"url\":\"https:\/\/teamsters.ca\/fr\/\",\"name\":\"Teamsters Canada\",\"description\":\"A Canadian union representing over 125 000 members\",\"publisher\":{\"@id\":\"https:\/\/teamsters.ca\/fr\/#organization\"},\"potentialAction\":[{\"@type\":\"SearchAction\",\"target\":{\"@type\":\"EntryPoint\",\"urlTemplate\":\"https:\/\/teamsters.ca\/fr\/?s={search_term_string}\"},\"query-input\":{\"@type\":\"PropertyValueSpecification\",\"valueRequired\":true,\"valueName\":\"search_term_string\"}}],\"inLanguage\":\"fr-CA\"},{\"@type\":\"Organization\",\"@id\":\"https:\/\/teamsters.ca\/fr\/#organization\",\"name\":\"Teamsters Canada\",\"url\":\"https:\/\/teamsters.ca\/fr\/\",\"logo\":{\"@type\":\"ImageObject\",\"inLanguage\":\"fr-CA\",\"@id\":\"https:\/\/teamsters.ca\/fr\/#\/schema\/logo\/image\/\",\"url\":\"https:\/\/teamsters.ca\/wp-content\/uploads\/2019\/08\/TeamstersCanada.png\",\"contentUrl\":\"https:\/\/teamsters.ca\/wp-content\/uploads\/2019\/08\/TeamstersCanada.png\",\"width\":545,\"height\":181,\"caption\":\"Teamsters Canada\"},\"image\":{\"@id\":\"https:\/\/teamsters.ca\/fr\/#\/schema\/logo\/image\/\"},\"sameAs\":[\"https:\/\/www.facebook.com\/Teamsterscanada\/\",\"https:\/\/x.com\/TeamstersCanada\"]},{\"@type\":\"Person\",\"@id\":\"https:\/\/teamsters.ca\/fr\/#\/schema\/person\/3e6ffefc39fe2f212400b7d8d0a4a0c1\",\"name\":\"St\u00e9phanie Meunier\",\"image\":{\"@type\":\"ImageObject\",\"inLanguage\":\"fr-CA\",\"@id\":\"https:\/\/teamsters.ca\/fr\/#\/schema\/person\/image\/\",\"url\":\"https:\/\/secure.gravatar.com\/avatar\/e4e8404e91ed71cb473fa2708849669810cf083c89825a3d2dd0d47dd6b2be77?s=96&d=mm&r=g\",\"contentUrl\":\"https:\/\/secure.gravatar.com\/avatar\/e4e8404e91ed71cb473fa2708849669810cf083c89825a3d2dd0d47dd6b2be77?s=96&d=mm&r=g\",\"caption\":\"St\u00e9phanie Meunier\"},\"url\":\"https:\/\/teamsters.ca\/fr\/blog\/author\/smeunier\/\"}]}<\/script>\n<!-- \/ Yoast SEO Premium plugin. -->","yoast_head_json":{"title":"Les Teamsters ratifient un nouveau contrat de travail chez Garda | Teamsters Canada","robots":{"index":"index","follow":"follow","max-snippet":"max-snippet:-1","max-image-preview":"max-image-preview:large","max-video-preview":"max-video-preview:-1"},"canonical":"https:\/\/teamsters.ca\/fr\/blog\/2017\/05\/30\/les-teamsters-ratifient-un-nouveau-contrat-de-travail-chez-garda\/","og_locale":"fr_CA","og_type":"article","og_title":"Les Teamsters ratifient un nouveau contrat de travail chez Garda","og_description":"Les travailleurs oeuvrant chez GardaWorld Transport de valeurs et affili\u00e9s au syndicat des Teamsters ont ratifi\u00e9 un nouveau contrat de travail hier. Plus de 90% des membres qui ont exerc\u00e9 leur droit de vote \u00e9taient en faveur des propositions patronales. La s\u00e9curit\u00e9 \u00e0 bord des blind\u00e9s \u00e9tait au centre des n\u00e9gociations...","og_url":"https:\/\/teamsters.ca\/fr\/blog\/2017\/05\/30\/les-teamsters-ratifient-un-nouveau-contrat-de-travail-chez-garda\/","og_site_name":"Teamsters Canada","article_publisher":"https:\/\/www.facebook.com\/Teamsterscanada\/","article_published_time":"2017-05-30T14:24:55+00:00","article_modified_time":"2019-06-27T20:38:45+00:00","og_image":[{"width":533,"height":300,"url":"https:\/\/teamsters.ca\/wp-content\/uploads\/2017\/05\/garda-truck.jpg","type":"image\/jpeg"}],"author":"St\u00e9phanie Meunier","twitter_card":"summary_large_image","twitter_creator":"@TeamstersCanada","twitter_site":"@TeamstersCanada","twitter_misc":{"\u00c9crit par":"St\u00e9phanie Meunier","Estimation du temps de lecture":"1 minute"},"schema":{"@context":"https:\/\/schema.org","@graph":[{"@type":"Article","@id":"https:\/\/teamsters.ca\/fr\/blog\/2017\/05\/30\/les-teamsters-ratifient-un-nouveau-contrat-de-travail-chez-garda\/#article","isPartOf":{"@id":"https:\/\/teamsters.ca\/fr\/blog\/2017\/05\/30\/les-teamsters-ratifient-un-nouveau-contrat-de-travail-chez-garda\/"},"author":{"name":"St\u00e9phanie Meunier","@id":"https:\/\/teamsters.ca\/fr\/#\/schema\/person\/3e6ffefc39fe2f212400b7d8d0a4a0c1"},"headline":"Les Teamsters ratifient un nouveau contrat de travail chez Garda","datePublished":"2017-05-30T14:24:55+00:00","dateModified":"2019-06-27T20:38:45+00:00","mainEntityOfPage":{"@id":"https:\/\/teamsters.ca\/fr\/blog\/2017\/05\/30\/les-teamsters-ratifient-un-nouveau-contrat-de-travail-chez-garda\/"},"wordCount":217,"publisher":{"@id":"https:\/\/teamsters.ca\/fr\/#organization"},"image":{"@id":"https:\/\/teamsters.ca\/fr\/blog\/2017\/05\/30\/les-teamsters-ratifient-un-nouveau-contrat-de-travail-chez-garda\/#primaryimage"},"thumbnailUrl":"https:\/\/teamsters.ca\/wp-content\/uploads\/2017\/05\/garda-truck.jpg","articleSection":["Nouvelles","Ontario","R\u00e9gion","V\u00e9hicules blind\u00e9s"],"inLanguage":"fr-CA"},{"@type":"WebPage","@id":"https:\/\/teamsters.ca\/fr\/blog\/2017\/05\/30\/les-teamsters-ratifient-un-nouveau-contrat-de-travail-chez-garda\/","url":"https:\/\/teamsters.ca\/fr\/blog\/2017\/05\/30\/les-teamsters-ratifient-un-nouveau-contrat-de-travail-chez-garda\/","name":"Les Teamsters ratifient un nouveau contrat de travail chez Garda | Teamsters Canada","isPartOf":{"@id":"https:\/\/teamsters.ca\/fr\/#website"},"primaryImageOfPage":{"@id":"https:\/\/teamsters.ca\/fr\/blog\/2017\/05\/30\/les-teamsters-ratifient-un-nouveau-contrat-de-travail-chez-garda\/#primaryimage"},"image":{"@id":"https:\/\/teamsters.ca\/fr\/blog\/2017\/05\/30\/les-teamsters-ratifient-un-nouveau-contrat-de-travail-chez-garda\/#primaryimage"},"thumbnailUrl":"https:\/\/teamsters.ca\/wp-content\/uploads\/2017\/05\/garda-truck.jpg","datePublished":"2017-05-30T14:24:55+00:00","dateModified":"2019-06-27T20:38:45+00:00","breadcrumb":{"@id":"https:\/\/teamsters.ca\/fr\/blog\/2017\/05\/30\/les-teamsters-ratifient-un-nouveau-contrat-de-travail-chez-garda\/#breadcrumb"},"inLanguage":"fr-CA","potentialAction":[{"@type":"ReadAction","target":["https:\/\/teamsters.ca\/fr\/blog\/2017\/05\/30\/les-teamsters-ratifient-un-nouveau-contrat-de-travail-chez-garda\/"]}]},{"@type":"ImageObject","inLanguage":"fr-CA","@id":"https:\/\/teamsters.ca\/fr\/blog\/2017\/05\/30\/les-teamsters-ratifient-un-nouveau-contrat-de-travail-chez-garda\/#primaryimage","url":"https:\/\/teamsters.ca\/wp-content\/uploads\/2017\/05\/garda-truck.jpg","contentUrl":"https:\/\/teamsters.ca\/wp-content\/uploads\/2017\/05\/garda-truck.jpg","width":533,"height":300},{"@type":"BreadcrumbList","@id":"https:\/\/teamsters.ca\/fr\/blog\/2017\/05\/30\/les-teamsters-ratifient-un-nouveau-contrat-de-travail-chez-garda\/#breadcrumb","itemListElement":[{"@type":"ListItem","position":1,"name":"Home","item":"https:\/\/teamsters.ca\/fr\/"},{"@type":"ListItem","position":2,"name":"Les Teamsters ratifient un nouveau contrat de travail chez Garda"}]},{"@type":"WebSite","@id":"https:\/\/teamsters.ca\/fr\/#website","url":"https:\/\/teamsters.ca\/fr\/","name":"Teamsters Canada","description":"A Canadian union representing over 125 000 members","publisher":{"@id":"https:\/\/teamsters.ca\/fr\/#organization"},"potentialAction":[{"@type":"SearchAction","target":{"@type":"EntryPoint","urlTemplate":"https:\/\/teamsters.ca\/fr\/?s={search_term_string}"},"query-input":{"@type":"PropertyValueSpecification","valueRequired":true,"valueName":"search_term_string"}}],"inLanguage":"fr-CA"},{"@type":"Organization","@id":"https:\/\/teamsters.ca\/fr\/#organization","name":"Teamsters Canada","url":"https:\/\/teamsters.ca\/fr\/","logo":{"@type":"ImageObject","inLanguage":"fr-CA","@id":"https:\/\/teamsters.ca\/fr\/#\/schema\/logo\/image\/","url":"https:\/\/teamsters.ca\/wp-content\/uploads\/2019\/08\/TeamstersCanada.png","contentUrl":"https:\/\/teamsters.ca\/wp-content\/uploads\/2019\/08\/TeamstersCanada.png","width":545,"height":181,"caption":"Teamsters Canada"},"image":{"@id":"https:\/\/teamsters.ca\/fr\/#\/schema\/logo\/image\/"},"sameAs":["https:\/\/www.facebook.com\/Teamsterscanada\/","https:\/\/x.com\/TeamstersCanada"]},{"@type":"Person","@id":"https:\/\/teamsters.ca\/fr\/#\/schema\/person\/3e6ffefc39fe2f212400b7d8d0a4a0c1","name":"St\u00e9phanie Meunier","image":{"@type":"ImageObject","inLanguage":"fr-CA","@id":"https:\/\/teamsters.ca\/fr\/#\/schema\/person\/image\/","url":"https:\/\/secure.gravatar.com\/avatar\/e4e8404e91ed71cb473fa2708849669810cf083c89825a3d2dd0d47dd6b2be77?s=96&d=mm&r=g","contentUrl":"https:\/\/secure.gravatar.com\/avatar\/e4e8404e91ed71cb473fa2708849669810cf083c89825a3d2dd0d47dd6b2be77?s=96&d=mm&r=g","caption":"St\u00e9phanie Meunier"},"url":"https:\/\/teamsters.ca\/fr\/blog\/author\/smeunier\/"}]}},"_links":{"self":[{"href":"https:\/\/teamsters.ca\/fr\/wp-json\/wp\/v2\/posts\/6913","targetHints":{"allow":["GET"]}}],"collection":[{"href":"https:\/\/teamsters.ca\/fr\/wp-json\/wp\/v2\/posts"}],"about":[{"href":"https:\/\/teamsters.ca\/fr\/wp-json\/wp\/v2\/types\/post"}],"author":[{"embeddable":true,"href":"https:\/\/teamsters.ca\/fr\/wp-json\/wp\/v2\/users\/8"}],"replies":[{"embeddable":true,"href":"https:\/\/teamsters.ca\/fr\/wp-json\/wp\/v2\/comments?post=6913"}],"version-history":[{"count":1,"href":"https:\/\/teamsters.ca\/fr\/wp-json\/wp\/v2\/posts\/6913\/revisions"}],"predecessor-version":[{"id":10002,"href":"https:\/\/teamsters.ca\/fr\/wp-json\/wp\/v2\/posts\/6913\/revisions\/10002"}],"wp:featuredmedia":[{"embeddable":true,"href":"https:\/\/teamsters.ca\/fr\/wp-json\/wp\/v2\/media\/6917"}],"wp:attachment":[{"href":"https:\/\/teamsters.ca\/fr\/wp-json\/wp\/v2\/media?parent=6913"}],"wp:term":[{"taxonomy":"category","embeddable":true,"href":"https:\/\/teamsters.ca\/fr\/wp-json\/wp\/v2\/categories?post=6913"},{"taxonomy":"post_tag","embeddable":true,"href":"https:\/\/teamsters.ca\/fr\/wp-json\/wp\/v2\/tags?post=6913"}],"curies":[{"name":"wp","href":"https:\/\/api.w.org\/{rel}","templated":true}]}}