{"id":6759,"date":"2017-05-02T01:01:25","date_gmt":"2017-05-02T05:01:25","guid":{"rendered":"http:\/\/teamsters.ca\/?p=6759"},"modified":"2019-06-27T20:38:47","modified_gmt":"2019-06-27T20:38:47","slug":"le-confrere-ron-locas","status":"publish","type":"post","link":"https:\/\/teamsters.ca\/fr\/blog\/2017\/05\/02\/le-confrere-ron-locas\/","title":{"rendered":"Le confr\u00e8re Ron Locas"},"content":{"rendered":"<p>Teamsters Canada a appris que le confr\u00e8re Ron Locas est d\u00e9c\u00e9d\u00e9 la semaine pass\u00e9e \u00e0 68 ans. <\/p>\n<p>Le confr\u00e8re Locas s&rsquo;est d&rsquo;abord impliqu\u00e9 avec la Section locale 106 \u00e0 Montr\u00e9al avant de travailler pour le Conseil conjoint 52 \u00e0 Toronto. Il a termin\u00e9 sa carri\u00e8re \u00e0 Teamsters Canada en tant qu&rsquo;agent de recrutement. <\/p>\n<p>Nos plus sinc\u00e8res condol\u00e9ances \u00e0 sa famille et ses proches. <\/p>\n","protected":false},"excerpt":{"rendered":"<p>Teamsters Canada a appris que le confr\u00e8re Ron Locas est d\u00e9c\u00e9d\u00e9 la semaine pass\u00e9e \u00e0 68 ans. Le confr\u00e8re Locas s&rsquo;est d&rsquo;abord impliqu\u00e9 avec la Section locale 106 \u00e0 Montr\u00e9al avant de travailler pour le Conseil conjoint 52 \u00e0 Toronto. Il a termin\u00e9 sa carri\u00e8re \u00e0 Teamsters Canada en tant qu&rsquo;agent de recrutement. Nos plus [&hellip;]<\/p>\n","protected":false},"author":8,"featured_media":6755,"comment_status":"closed","ping_status":"closed","sticky":false,"template":"","format":"standard","meta":{"ngg_post_thumbnail":0,"mc4wp_mailchimp_campaign":[],"footnotes":""},"categories":[1128,1114,1145,1137],"tags":[],"class_list":{"0":"post-6759","1":"post","2":"type-post","3":"status-publish","4":"format-standard","5":"has-post-thumbnail","7":"category-autres","8":"category-nouvelles","9":"category-quebec-fr","10":"category-region-fr"},"yoast_head":"<!-- This site is optimized with the Yoast SEO Premium plugin v25.5 (Yoast SEO v25.5) - https:\/\/yoast.com\/wordpress\/plugins\/seo\/ -->\n<title>Le confr\u00e8re Ron Locas | Teamsters Canada<\/title>\n<meta name=\"robots\" content=\"index, follow, max-snippet:-1, max-image-preview:large, max-video-preview:-1\" \/>\n<link rel=\"canonical\" href=\"https:\/\/teamsters.ca\/fr\/blog\/2017\/05\/02\/le-confrere-ron-locas\/\" \/>\n<meta property=\"og:locale\" content=\"fr_CA\" \/>\n<meta property=\"og:type\" content=\"article\" \/>\n<meta property=\"og:title\" content=\"Le confr\u00e8re Ron Locas\" \/>\n<meta property=\"og:description\" content=\"Teamsters Canada a appris que le confr\u00e8re Ron Locas est d\u00e9c\u00e9d\u00e9 la semaine pass\u00e9e \u00e0 68 ans. Le confr\u00e8re Locas s&rsquo;est d&rsquo;abord impliqu\u00e9 avec la Section locale 106 \u00e0 Montr\u00e9al avant de travailler pour le Conseil conjoint 52 \u00e0 Toronto. Il a termin\u00e9 sa carri\u00e8re \u00e0 Teamsters Canada en tant qu&rsquo;agent de recrutement. Nos plus [&hellip;]\" \/>\n<meta property=\"og:url\" content=\"https:\/\/teamsters.ca\/fr\/blog\/2017\/05\/02\/le-confrere-ron-locas\/\" \/>\n<meta property=\"og:site_name\" content=\"Teamsters Canada\" \/>\n<meta property=\"article:publisher\" content=\"https:\/\/www.facebook.com\/Teamsterscanada\/\" \/>\n<meta property=\"article:published_time\" content=\"2017-05-02T05:01:25+00:00\" \/>\n<meta property=\"article:modified_time\" content=\"2019-06-27T20:38:47+00:00\" \/>\n<meta property=\"og:image\" content=\"https:\/\/teamsters.ca\/wp-content\/uploads\/2017\/05\/Ron-Locas-Teamsters-Canada.jpg\" \/>\n\t<meta property=\"og:image:width\" content=\"766\" \/>\n\t<meta property=\"og:image:height\" content=\"613\" \/>\n\t<meta property=\"og:image:type\" content=\"image\/jpeg\" \/>\n<meta name=\"author\" content=\"St\u00e9phanie Meunier\" \/>\n<meta name=\"twitter:card\" content=\"summary_large_image\" \/>\n<meta name=\"twitter:creator\" content=\"@TeamstersCanada\" \/>\n<meta name=\"twitter:site\" content=\"@TeamstersCanada\" \/>\n<meta name=\"twitter:label1\" content=\"\u00c9crit par\" \/>\n\t<meta name=\"twitter:data1\" content=\"St\u00e9phanie Meunier\" \/>\n<script type=\"application\/ld+json\" class=\"yoast-schema-graph\">{\"@context\":\"https:\/\/schema.org\",\"@graph\":[{\"@type\":\"Article\",\"@id\":\"https:\/\/teamsters.ca\/fr\/blog\/2017\/05\/02\/le-confrere-ron-locas\/#article\",\"isPartOf\":{\"@id\":\"https:\/\/teamsters.ca\/fr\/blog\/2017\/05\/02\/le-confrere-ron-locas\/\"},\"author\":{\"name\":\"St\u00e9phanie Meunier\",\"@id\":\"https:\/\/teamsters.ca\/fr\/#\/schema\/person\/3e6ffefc39fe2f212400b7d8d0a4a0c1\"},\"headline\":\"Le confr\u00e8re Ron Locas\",\"datePublished\":\"2017-05-02T05:01:25+00:00\",\"dateModified\":\"2019-06-27T20:38:47+00:00\",\"mainEntityOfPage\":{\"@id\":\"https:\/\/teamsters.ca\/fr\/blog\/2017\/05\/02\/le-confrere-ron-locas\/\"},\"wordCount\":69,\"publisher\":{\"@id\":\"https:\/\/teamsters.ca\/fr\/#organization\"},\"image\":{\"@id\":\"https:\/\/teamsters.ca\/fr\/blog\/2017\/05\/02\/le-confrere-ron-locas\/#primaryimage\"},\"thumbnailUrl\":\"https:\/\/teamsters.ca\/wp-content\/uploads\/2017\/05\/Ron-Locas-Teamsters-Canada.jpg\",\"articleSection\":[\"Autres\",\"Nouvelles\",\"Qu\u00e9bec\",\"R\u00e9gion\"],\"inLanguage\":\"fr-CA\"},{\"@type\":\"WebPage\",\"@id\":\"https:\/\/teamsters.ca\/fr\/blog\/2017\/05\/02\/le-confrere-ron-locas\/\",\"url\":\"https:\/\/teamsters.ca\/fr\/blog\/2017\/05\/02\/le-confrere-ron-locas\/\",\"name\":\"Le confr\u00e8re Ron Locas | Teamsters Canada\",\"isPartOf\":{\"@id\":\"https:\/\/teamsters.ca\/fr\/#website\"},\"primaryImageOfPage\":{\"@id\":\"https:\/\/teamsters.ca\/fr\/blog\/2017\/05\/02\/le-confrere-ron-locas\/#primaryimage\"},\"image\":{\"@id\":\"https:\/\/teamsters.ca\/fr\/blog\/2017\/05\/02\/le-confrere-ron-locas\/#primaryimage\"},\"thumbnailUrl\":\"https:\/\/teamsters.ca\/wp-content\/uploads\/2017\/05\/Ron-Locas-Teamsters-Canada.jpg\",\"datePublished\":\"2017-05-02T05:01:25+00:00\",\"dateModified\":\"2019-06-27T20:38:47+00:00\",\"breadcrumb\":{\"@id\":\"https:\/\/teamsters.ca\/fr\/blog\/2017\/05\/02\/le-confrere-ron-locas\/#breadcrumb\"},\"inLanguage\":\"fr-CA\",\"potentialAction\":[{\"@type\":\"ReadAction\",\"target\":[\"https:\/\/teamsters.ca\/fr\/blog\/2017\/05\/02\/le-confrere-ron-locas\/\"]}]},{\"@type\":\"ImageObject\",\"inLanguage\":\"fr-CA\",\"@id\":\"https:\/\/teamsters.ca\/fr\/blog\/2017\/05\/02\/le-confrere-ron-locas\/#primaryimage\",\"url\":\"https:\/\/teamsters.ca\/wp-content\/uploads\/2017\/05\/Ron-Locas-Teamsters-Canada.jpg\",\"contentUrl\":\"https:\/\/teamsters.ca\/wp-content\/uploads\/2017\/05\/Ron-Locas-Teamsters-Canada.jpg\",\"width\":766,\"height\":613},{\"@type\":\"BreadcrumbList\",\"@id\":\"https:\/\/teamsters.ca\/fr\/blog\/2017\/05\/02\/le-confrere-ron-locas\/#breadcrumb\",\"itemListElement\":[{\"@type\":\"ListItem\",\"position\":1,\"name\":\"Home\",\"item\":\"https:\/\/teamsters.ca\/fr\/\"},{\"@type\":\"ListItem\",\"position\":2,\"name\":\"Le confr\u00e8re Ron Locas\"}]},{\"@type\":\"WebSite\",\"@id\":\"https:\/\/teamsters.ca\/fr\/#website\",\"url\":\"https:\/\/teamsters.ca\/fr\/\",\"name\":\"Teamsters Canada\",\"description\":\"A Canadian union representing over 125 000 members\",\"publisher\":{\"@id\":\"https:\/\/teamsters.ca\/fr\/#organization\"},\"potentialAction\":[{\"@type\":\"SearchAction\",\"target\":{\"@type\":\"EntryPoint\",\"urlTemplate\":\"https:\/\/teamsters.ca\/fr\/?s={search_term_string}\"},\"query-input\":{\"@type\":\"PropertyValueSpecification\",\"valueRequired\":true,\"valueName\":\"search_term_string\"}}],\"inLanguage\":\"fr-CA\"},{\"@type\":\"Organization\",\"@id\":\"https:\/\/teamsters.ca\/fr\/#organization\",\"name\":\"Teamsters Canada\",\"url\":\"https:\/\/teamsters.ca\/fr\/\",\"logo\":{\"@type\":\"ImageObject\",\"inLanguage\":\"fr-CA\",\"@id\":\"https:\/\/teamsters.ca\/fr\/#\/schema\/logo\/image\/\",\"url\":\"https:\/\/teamsters.ca\/wp-content\/uploads\/2019\/08\/TeamstersCanada.png\",\"contentUrl\":\"https:\/\/teamsters.ca\/wp-content\/uploads\/2019\/08\/TeamstersCanada.png\",\"width\":545,\"height\":181,\"caption\":\"Teamsters Canada\"},\"image\":{\"@id\":\"https:\/\/teamsters.ca\/fr\/#\/schema\/logo\/image\/\"},\"sameAs\":[\"https:\/\/www.facebook.com\/Teamsterscanada\/\",\"https:\/\/x.com\/TeamstersCanada\"]},{\"@type\":\"Person\",\"@id\":\"https:\/\/teamsters.ca\/fr\/#\/schema\/person\/3e6ffefc39fe2f212400b7d8d0a4a0c1\",\"name\":\"St\u00e9phanie Meunier\",\"image\":{\"@type\":\"ImageObject\",\"inLanguage\":\"fr-CA\",\"@id\":\"https:\/\/teamsters.ca\/fr\/#\/schema\/person\/image\/\",\"url\":\"https:\/\/secure.gravatar.com\/avatar\/e4e8404e91ed71cb473fa2708849669810cf083c89825a3d2dd0d47dd6b2be77?s=96&d=mm&r=g\",\"contentUrl\":\"https:\/\/secure.gravatar.com\/avatar\/e4e8404e91ed71cb473fa2708849669810cf083c89825a3d2dd0d47dd6b2be77?s=96&d=mm&r=g\",\"caption\":\"St\u00e9phanie Meunier\"},\"url\":\"https:\/\/teamsters.ca\/fr\/blog\/author\/smeunier\/\"}]}<\/script>\n<!-- \/ Yoast SEO Premium plugin. -->","yoast_head_json":{"title":"Le confr\u00e8re Ron Locas | Teamsters Canada","robots":{"index":"index","follow":"follow","max-snippet":"max-snippet:-1","max-image-preview":"max-image-preview:large","max-video-preview":"max-video-preview:-1"},"canonical":"https:\/\/teamsters.ca\/fr\/blog\/2017\/05\/02\/le-confrere-ron-locas\/","og_locale":"fr_CA","og_type":"article","og_title":"Le confr\u00e8re Ron Locas","og_description":"Teamsters Canada a appris que le confr\u00e8re Ron Locas est d\u00e9c\u00e9d\u00e9 la semaine pass\u00e9e \u00e0 68 ans. Le confr\u00e8re Locas s&rsquo;est d&rsquo;abord impliqu\u00e9 avec la Section locale 106 \u00e0 Montr\u00e9al avant de travailler pour le Conseil conjoint 52 \u00e0 Toronto. Il a termin\u00e9 sa carri\u00e8re \u00e0 Teamsters Canada en tant qu&rsquo;agent de recrutement. Nos plus [&hellip;]","og_url":"https:\/\/teamsters.ca\/fr\/blog\/2017\/05\/02\/le-confrere-ron-locas\/","og_site_name":"Teamsters Canada","article_publisher":"https:\/\/www.facebook.com\/Teamsterscanada\/","article_published_time":"2017-05-02T05:01:25+00:00","article_modified_time":"2019-06-27T20:38:47+00:00","og_image":[{"width":766,"height":613,"url":"https:\/\/teamsters.ca\/wp-content\/uploads\/2017\/05\/Ron-Locas-Teamsters-Canada.jpg","type":"image\/jpeg"}],"author":"St\u00e9phanie Meunier","twitter_card":"summary_large_image","twitter_creator":"@TeamstersCanada","twitter_site":"@TeamstersCanada","twitter_misc":{"\u00c9crit par":"St\u00e9phanie Meunier"},"schema":{"@context":"https:\/\/schema.org","@graph":[{"@type":"Article","@id":"https:\/\/teamsters.ca\/fr\/blog\/2017\/05\/02\/le-confrere-ron-locas\/#article","isPartOf":{"@id":"https:\/\/teamsters.ca\/fr\/blog\/2017\/05\/02\/le-confrere-ron-locas\/"},"author":{"name":"St\u00e9phanie Meunier","@id":"https:\/\/teamsters.ca\/fr\/#\/schema\/person\/3e6ffefc39fe2f212400b7d8d0a4a0c1"},"headline":"Le confr\u00e8re Ron Locas","datePublished":"2017-05-02T05:01:25+00:00","dateModified":"2019-06-27T20:38:47+00:00","mainEntityOfPage":{"@id":"https:\/\/teamsters.ca\/fr\/blog\/2017\/05\/02\/le-confrere-ron-locas\/"},"wordCount":69,"publisher":{"@id":"https:\/\/teamsters.ca\/fr\/#organization"},"image":{"@id":"https:\/\/teamsters.ca\/fr\/blog\/2017\/05\/02\/le-confrere-ron-locas\/#primaryimage"},"thumbnailUrl":"https:\/\/teamsters.ca\/wp-content\/uploads\/2017\/05\/Ron-Locas-Teamsters-Canada.jpg","articleSection":["Autres","Nouvelles","Qu\u00e9bec","R\u00e9gion"],"inLanguage":"fr-CA"},{"@type":"WebPage","@id":"https:\/\/teamsters.ca\/fr\/blog\/2017\/05\/02\/le-confrere-ron-locas\/","url":"https:\/\/teamsters.ca\/fr\/blog\/2017\/05\/02\/le-confrere-ron-locas\/","name":"Le confr\u00e8re Ron Locas | Teamsters Canada","isPartOf":{"@id":"https:\/\/teamsters.ca\/fr\/#website"},"primaryImageOfPage":{"@id":"https:\/\/teamsters.ca\/fr\/blog\/2017\/05\/02\/le-confrere-ron-locas\/#primaryimage"},"image":{"@id":"https:\/\/teamsters.ca\/fr\/blog\/2017\/05\/02\/le-confrere-ron-locas\/#primaryimage"},"thumbnailUrl":"https:\/\/teamsters.ca\/wp-content\/uploads\/2017\/05\/Ron-Locas-Teamsters-Canada.jpg","datePublished":"2017-05-02T05:01:25+00:00","dateModified":"2019-06-27T20:38:47+00:00","breadcrumb":{"@id":"https:\/\/teamsters.ca\/fr\/blog\/2017\/05\/02\/le-confrere-ron-locas\/#breadcrumb"},"inLanguage":"fr-CA","potentialAction":[{"@type":"ReadAction","target":["https:\/\/teamsters.ca\/fr\/blog\/2017\/05\/02\/le-confrere-ron-locas\/"]}]},{"@type":"ImageObject","inLanguage":"fr-CA","@id":"https:\/\/teamsters.ca\/fr\/blog\/2017\/05\/02\/le-confrere-ron-locas\/#primaryimage","url":"https:\/\/teamsters.ca\/wp-content\/uploads\/2017\/05\/Ron-Locas-Teamsters-Canada.jpg","contentUrl":"https:\/\/teamsters.ca\/wp-content\/uploads\/2017\/05\/Ron-Locas-Teamsters-Canada.jpg","width":766,"height":613},{"@type":"BreadcrumbList","@id":"https:\/\/teamsters.ca\/fr\/blog\/2017\/05\/02\/le-confrere-ron-locas\/#breadcrumb","itemListElement":[{"@type":"ListItem","position":1,"name":"Home","item":"https:\/\/teamsters.ca\/fr\/"},{"@type":"ListItem","position":2,"name":"Le confr\u00e8re Ron Locas"}]},{"@type":"WebSite","@id":"https:\/\/teamsters.ca\/fr\/#website","url":"https:\/\/teamsters.ca\/fr\/","name":"Teamsters Canada","description":"A Canadian union representing over 125 000 members","publisher":{"@id":"https:\/\/teamsters.ca\/fr\/#organization"},"potentialAction":[{"@type":"SearchAction","target":{"@type":"EntryPoint","urlTemplate":"https:\/\/teamsters.ca\/fr\/?s={search_term_string}"},"query-input":{"@type":"PropertyValueSpecification","valueRequired":true,"valueName":"search_term_string"}}],"inLanguage":"fr-CA"},{"@type":"Organization","@id":"https:\/\/teamsters.ca\/fr\/#organization","name":"Teamsters Canada","url":"https:\/\/teamsters.ca\/fr\/","logo":{"@type":"ImageObject","inLanguage":"fr-CA","@id":"https:\/\/teamsters.ca\/fr\/#\/schema\/logo\/image\/","url":"https:\/\/teamsters.ca\/wp-content\/uploads\/2019\/08\/TeamstersCanada.png","contentUrl":"https:\/\/teamsters.ca\/wp-content\/uploads\/2019\/08\/TeamstersCanada.png","width":545,"height":181,"caption":"Teamsters Canada"},"image":{"@id":"https:\/\/teamsters.ca\/fr\/#\/schema\/logo\/image\/"},"sameAs":["https:\/\/www.facebook.com\/Teamsterscanada\/","https:\/\/x.com\/TeamstersCanada"]},{"@type":"Person","@id":"https:\/\/teamsters.ca\/fr\/#\/schema\/person\/3e6ffefc39fe2f212400b7d8d0a4a0c1","name":"St\u00e9phanie Meunier","image":{"@type":"ImageObject","inLanguage":"fr-CA","@id":"https:\/\/teamsters.ca\/fr\/#\/schema\/person\/image\/","url":"https:\/\/secure.gravatar.com\/avatar\/e4e8404e91ed71cb473fa2708849669810cf083c89825a3d2dd0d47dd6b2be77?s=96&d=mm&r=g","contentUrl":"https:\/\/secure.gravatar.com\/avatar\/e4e8404e91ed71cb473fa2708849669810cf083c89825a3d2dd0d47dd6b2be77?s=96&d=mm&r=g","caption":"St\u00e9phanie Meunier"},"url":"https:\/\/teamsters.ca\/fr\/blog\/author\/smeunier\/"}]}},"_links":{"self":[{"href":"https:\/\/teamsters.ca\/fr\/wp-json\/wp\/v2\/posts\/6759","targetHints":{"allow":["GET"]}}],"collection":[{"href":"https:\/\/teamsters.ca\/fr\/wp-json\/wp\/v2\/posts"}],"about":[{"href":"https:\/\/teamsters.ca\/fr\/wp-json\/wp\/v2\/types\/post"}],"author":[{"embeddable":true,"href":"https:\/\/teamsters.ca\/fr\/wp-json\/wp\/v2\/users\/8"}],"replies":[{"embeddable":true,"href":"https:\/\/teamsters.ca\/fr\/wp-json\/wp\/v2\/comments?post=6759"}],"version-history":[{"count":1,"href":"https:\/\/teamsters.ca\/fr\/wp-json\/wp\/v2\/posts\/6759\/revisions"}],"predecessor-version":[{"id":10035,"href":"https:\/\/teamsters.ca\/fr\/wp-json\/wp\/v2\/posts\/6759\/revisions\/10035"}],"wp:featuredmedia":[{"embeddable":true,"href":"https:\/\/teamsters.ca\/fr\/wp-json\/wp\/v2\/media\/6755"}],"wp:attachment":[{"href":"https:\/\/teamsters.ca\/fr\/wp-json\/wp\/v2\/media?parent=6759"}],"wp:term":[{"taxonomy":"category","embeddable":true,"href":"https:\/\/teamsters.ca\/fr\/wp-json\/wp\/v2\/categories?post=6759"},{"taxonomy":"post_tag","embeddable":true,"href":"https:\/\/teamsters.ca\/fr\/wp-json\/wp\/v2\/tags?post=6759"}],"curies":[{"name":"wp","href":"https:\/\/api.w.org\/{rel}","templated":true}]}}