{"id":6390,"date":"2017-02-13T14:09:24","date_gmt":"2017-02-13T19:09:24","guid":{"rendered":"http:\/\/teamsters.ca\/?p=6390"},"modified":"2019-06-27T20:38:49","modified_gmt":"2019-06-27T20:38:49","slug":"sommet-trump-trudeau-proteger-les-travailleurs-avant-tout","status":"publish","type":"post","link":"https:\/\/teamsters.ca\/fr\/blog\/2017\/02\/13\/sommet-trump-trudeau-proteger-les-travailleurs-avant-tout\/","title":{"rendered":"Sommet Trump-Trudeau : Prot\u00e9ger les travailleurs avant tout"},"content":{"rendered":"<p>Laval, 13 f\u00e9vrier 2017 \u2014 Teamsters Canada se f\u00e9licite de la rencontre entre le gouvernement canadien et l\u2019administration Trump et esp\u00e8re que les deux pays continueront de travailler ensemble dans l\u2019optique d\u2019assurer des \u00e9changes commerciaux profitables.<\/p>\n<p>\u00ab Des millions de travailleurs comptent sur la libre circulation des produits entre le Canada et les \u00c9tats-Unis, a expliqu\u00e9 le pr\u00e9sident de Teamsters Canada, Fran\u00e7ois Laporte. De plus, des centaines de milliers d\u2019emplois Teamsters, notamment dans le secteur manufacturier, ont \u00e9t\u00e9 cr\u00e9\u00e9s gr\u00e2ce \u00e0 un libre-\u00e9change stable et d\u00e9pendent du transport transfrontalier.\u00a0\u00bb<\/p>\n<p>Le syndicat des Teamsters soutient la position du gouvernement canadien puisqu\u2019il met l\u2019int\u00e9r\u00eat des travailleurs et de la classe moyenne \u00e0 l\u2019avant-plan. Le syndicat est d\u2019avis que le gouvernement canadien serait dans son droit de riposter advenant que des barri\u00e8res tarifaires soient impos\u00e9es par les \u00c9tats-Unis, m\u00eame si une telle situation \u00e9tait n\u00e9faste pour les \u00e9conomies des deux pays.<\/p>\n<p>Rappelons que les \u00e9conomies des deux pays sont int\u00e9gr\u00e9es puisque 35 \u00e9tats am\u00e9ricains exportent la majorit\u00e9 de leurs biens au Canada. Le contraire est aussi vrai du c\u00f4t\u00e9 des provinces canadiennes. De fait, il n\u2019y a pas de d\u00e9s\u00e9quilibre commercial entre le Canada et les \u00c9tats-Unis.<\/p>\n<p><strong>Les syndicats sont exclus des r\u00e9unions<\/strong><\/p>\n<p>Le syndicat tient aussi \u00e0 saluer la table ronde sur les femmes entrepreneures. Cependant, il est regrettable que seules des patronnes aient \u00e9t\u00e9 invit\u00e9es a participer \u00e0 cette rencontre. L\u2019absence des syndicats \u00e0 ces rencontres est remarqu\u00e9e et d\u00e9plor\u00e9e.<\/p>\n<p>\u00ab Je tiens \u00e0 rappeler \u00e0 nos dirigeants politiques qu\u2019une proportion importante des travailleurs est repr\u00e9sent\u00e9e par des syndicats, fait remarquer Fran\u00e7ois Laporte. Par cons\u00e9quent, les gouvernements canadien et am\u00e9ricain encourent le risque de mettre en place des politiques in\u00e9quitables qui auront des impacts n\u00e9gatifs sur l\u2019ensemble du march\u00e9 du travail s\u2019ils ne nous incluent pas dans ces discussions.\u00a0\u00bb<\/p>\n<p><em>Les Teamsters repr\u00e9sentent les int\u00e9r\u00eats de 115 000 membres au Canada dans tous les secteurs d\u2019activit\u00e9. La Fraternit\u00e9 internationale des Teamsters, \u00e0 laquelle Teamsters Canada est affili\u00e9, compte 1,4 million de membres en Am\u00e9rique du Nord.<\/em><\/p>\n<p style=\"text-align: center;\">-30-<\/p>\n<p>Renseignements :<\/p>\n<p>St\u00e9phane Lacroix, directeur des relations publiques<br \/>\nCell : 514 609-5101<br \/>\n<a href=\"mailto:slacroix@teamsters.ca\">slacroix@teamsters.ca<\/a><\/p>\n","protected":false},"excerpt":{"rendered":"<p>Teamsters Canada se f\u00e9licite de la rencontre entre le gouvernement canadien et l\u2019administration Trump et esp\u00e8re que les deux pays continueront de travailler ensemble dans l\u2019optique d\u2019assurer des \u00e9changes commerciaux profitables. Des millions de travailleurs comptent sur la libre circulation des produits entre le Canada et les \u00c9tats-Unis, a expliqu\u00e9 le pr\u00e9sident de Teamsters Canada, Fran\u00e7ois Laporte&#8230;<\/p>\n","protected":false},"author":8,"featured_media":6383,"comment_status":"closed","ping_status":"closed","sticky":false,"template":"","format":"standard","meta":{"ngg_post_thumbnail":0,"mc4wp_mailchimp_campaign":[],"footnotes":""},"categories":[1128,1140,1114,1137],"tags":[],"class_list":{"0":"post-6390","1":"post","2":"type-post","3":"status-publish","4":"format-standard","5":"has-post-thumbnail","7":"category-autres","8":"category-canada-region-fr","9":"category-nouvelles","10":"category-region-fr"},"yoast_head":"<!-- This site is optimized with the Yoast SEO Premium plugin v25.5 (Yoast SEO v25.5) - https:\/\/yoast.com\/wordpress\/plugins\/seo\/ -->\n<title>Sommet Trump-Trudeau : Prot\u00e9ger les travailleurs avant tout | Teamsters Canada<\/title>\n<meta name=\"robots\" content=\"index, follow, max-snippet:-1, max-image-preview:large, max-video-preview:-1\" \/>\n<link rel=\"canonical\" href=\"https:\/\/teamsters.ca\/fr\/blog\/2017\/02\/13\/sommet-trump-trudeau-proteger-les-travailleurs-avant-tout\/\" \/>\n<meta property=\"og:locale\" content=\"fr_CA\" \/>\n<meta property=\"og:type\" content=\"article\" \/>\n<meta property=\"og:title\" content=\"Sommet Trump-Trudeau : Prot\u00e9ger les travailleurs avant tout\" \/>\n<meta property=\"og:description\" content=\"Teamsters Canada se f\u00e9licite de la rencontre entre le gouvernement canadien et l\u2019administration Trump et esp\u00e8re que les deux pays continueront de travailler ensemble dans l\u2019optique d\u2019assurer des \u00e9changes commerciaux profitables. Des millions de travailleurs comptent sur la libre circulation des produits entre le Canada et les \u00c9tats-Unis, a expliqu\u00e9 le pr\u00e9sident de Teamsters Canada, Fran\u00e7ois Laporte...\" \/>\n<meta property=\"og:url\" content=\"https:\/\/teamsters.ca\/fr\/blog\/2017\/02\/13\/sommet-trump-trudeau-proteger-les-travailleurs-avant-tout\/\" \/>\n<meta property=\"og:site_name\" content=\"Teamsters Canada\" \/>\n<meta property=\"article:publisher\" content=\"https:\/\/www.facebook.com\/Teamsterscanada\/\" \/>\n<meta property=\"article:published_time\" content=\"2017-02-13T19:09:24+00:00\" \/>\n<meta property=\"article:modified_time\" content=\"2019-06-27T20:38:49+00:00\" \/>\n<meta property=\"og:image\" content=\"https:\/\/teamsters.ca\/wp-content\/uploads\/2017\/02\/trudeau-trump-summit.jpg\" \/>\n\t<meta property=\"og:image:width\" content=\"2000\" \/>\n\t<meta property=\"og:image:height\" content=\"1166\" \/>\n\t<meta property=\"og:image:type\" content=\"image\/jpeg\" \/>\n<meta name=\"author\" content=\"St\u00e9phanie Meunier\" \/>\n<meta name=\"twitter:card\" content=\"summary_large_image\" \/>\n<meta name=\"twitter:creator\" content=\"@TeamstersCanada\" \/>\n<meta name=\"twitter:site\" content=\"@TeamstersCanada\" \/>\n<meta name=\"twitter:label1\" content=\"\u00c9crit par\" \/>\n\t<meta name=\"twitter:data1\" content=\"St\u00e9phanie Meunier\" \/>\n\t<meta name=\"twitter:label2\" content=\"Estimation du temps de lecture\" \/>\n\t<meta name=\"twitter:data2\" content=\"2 minutes\" \/>\n<script type=\"application\/ld+json\" class=\"yoast-schema-graph\">{\"@context\":\"https:\/\/schema.org\",\"@graph\":[{\"@type\":\"Article\",\"@id\":\"https:\/\/teamsters.ca\/fr\/blog\/2017\/02\/13\/sommet-trump-trudeau-proteger-les-travailleurs-avant-tout\/#article\",\"isPartOf\":{\"@id\":\"https:\/\/teamsters.ca\/fr\/blog\/2017\/02\/13\/sommet-trump-trudeau-proteger-les-travailleurs-avant-tout\/\"},\"author\":{\"name\":\"St\u00e9phanie Meunier\",\"@id\":\"https:\/\/teamsters.ca\/fr\/#\/schema\/person\/3e6ffefc39fe2f212400b7d8d0a4a0c1\"},\"headline\":\"Sommet Trump-Trudeau : Prot\u00e9ger les travailleurs avant tout\",\"datePublished\":\"2017-02-13T19:09:24+00:00\",\"dateModified\":\"2019-06-27T20:38:49+00:00\",\"mainEntityOfPage\":{\"@id\":\"https:\/\/teamsters.ca\/fr\/blog\/2017\/02\/13\/sommet-trump-trudeau-proteger-les-travailleurs-avant-tout\/\"},\"wordCount\":391,\"publisher\":{\"@id\":\"https:\/\/teamsters.ca\/fr\/#organization\"},\"image\":{\"@id\":\"https:\/\/teamsters.ca\/fr\/blog\/2017\/02\/13\/sommet-trump-trudeau-proteger-les-travailleurs-avant-tout\/#primaryimage\"},\"thumbnailUrl\":\"https:\/\/teamsters.ca\/wp-content\/uploads\/2017\/02\/trudeau-trump-summit.jpg\",\"articleSection\":[\"Autres\",\"Canada\",\"Nouvelles\",\"R\u00e9gion\"],\"inLanguage\":\"fr-CA\"},{\"@type\":\"WebPage\",\"@id\":\"https:\/\/teamsters.ca\/fr\/blog\/2017\/02\/13\/sommet-trump-trudeau-proteger-les-travailleurs-avant-tout\/\",\"url\":\"https:\/\/teamsters.ca\/fr\/blog\/2017\/02\/13\/sommet-trump-trudeau-proteger-les-travailleurs-avant-tout\/\",\"name\":\"Sommet Trump-Trudeau : Prot\u00e9ger les travailleurs avant tout | Teamsters Canada\",\"isPartOf\":{\"@id\":\"https:\/\/teamsters.ca\/fr\/#website\"},\"primaryImageOfPage\":{\"@id\":\"https:\/\/teamsters.ca\/fr\/blog\/2017\/02\/13\/sommet-trump-trudeau-proteger-les-travailleurs-avant-tout\/#primaryimage\"},\"image\":{\"@id\":\"https:\/\/teamsters.ca\/fr\/blog\/2017\/02\/13\/sommet-trump-trudeau-proteger-les-travailleurs-avant-tout\/#primaryimage\"},\"thumbnailUrl\":\"https:\/\/teamsters.ca\/wp-content\/uploads\/2017\/02\/trudeau-trump-summit.jpg\",\"datePublished\":\"2017-02-13T19:09:24+00:00\",\"dateModified\":\"2019-06-27T20:38:49+00:00\",\"breadcrumb\":{\"@id\":\"https:\/\/teamsters.ca\/fr\/blog\/2017\/02\/13\/sommet-trump-trudeau-proteger-les-travailleurs-avant-tout\/#breadcrumb\"},\"inLanguage\":\"fr-CA\",\"potentialAction\":[{\"@type\":\"ReadAction\",\"target\":[\"https:\/\/teamsters.ca\/fr\/blog\/2017\/02\/13\/sommet-trump-trudeau-proteger-les-travailleurs-avant-tout\/\"]}]},{\"@type\":\"ImageObject\",\"inLanguage\":\"fr-CA\",\"@id\":\"https:\/\/teamsters.ca\/fr\/blog\/2017\/02\/13\/sommet-trump-trudeau-proteger-les-travailleurs-avant-tout\/#primaryimage\",\"url\":\"https:\/\/teamsters.ca\/wp-content\/uploads\/2017\/02\/trudeau-trump-summit.jpg\",\"contentUrl\":\"https:\/\/teamsters.ca\/wp-content\/uploads\/2017\/02\/trudeau-trump-summit.jpg\",\"width\":2000,\"height\":1166},{\"@type\":\"BreadcrumbList\",\"@id\":\"https:\/\/teamsters.ca\/fr\/blog\/2017\/02\/13\/sommet-trump-trudeau-proteger-les-travailleurs-avant-tout\/#breadcrumb\",\"itemListElement\":[{\"@type\":\"ListItem\",\"position\":1,\"name\":\"Home\",\"item\":\"https:\/\/teamsters.ca\/fr\/\"},{\"@type\":\"ListItem\",\"position\":2,\"name\":\"Sommet Trump-Trudeau : Prot\u00e9ger les travailleurs avant tout\"}]},{\"@type\":\"WebSite\",\"@id\":\"https:\/\/teamsters.ca\/fr\/#website\",\"url\":\"https:\/\/teamsters.ca\/fr\/\",\"name\":\"Teamsters Canada\",\"description\":\"A Canadian union representing over 125 000 members\",\"publisher\":{\"@id\":\"https:\/\/teamsters.ca\/fr\/#organization\"},\"potentialAction\":[{\"@type\":\"SearchAction\",\"target\":{\"@type\":\"EntryPoint\",\"urlTemplate\":\"https:\/\/teamsters.ca\/fr\/?s={search_term_string}\"},\"query-input\":{\"@type\":\"PropertyValueSpecification\",\"valueRequired\":true,\"valueName\":\"search_term_string\"}}],\"inLanguage\":\"fr-CA\"},{\"@type\":\"Organization\",\"@id\":\"https:\/\/teamsters.ca\/fr\/#organization\",\"name\":\"Teamsters Canada\",\"url\":\"https:\/\/teamsters.ca\/fr\/\",\"logo\":{\"@type\":\"ImageObject\",\"inLanguage\":\"fr-CA\",\"@id\":\"https:\/\/teamsters.ca\/fr\/#\/schema\/logo\/image\/\",\"url\":\"https:\/\/teamsters.ca\/wp-content\/uploads\/2019\/08\/TeamstersCanada.png\",\"contentUrl\":\"https:\/\/teamsters.ca\/wp-content\/uploads\/2019\/08\/TeamstersCanada.png\",\"width\":545,\"height\":181,\"caption\":\"Teamsters Canada\"},\"image\":{\"@id\":\"https:\/\/teamsters.ca\/fr\/#\/schema\/logo\/image\/\"},\"sameAs\":[\"https:\/\/www.facebook.com\/Teamsterscanada\/\",\"https:\/\/x.com\/TeamstersCanada\"]},{\"@type\":\"Person\",\"@id\":\"https:\/\/teamsters.ca\/fr\/#\/schema\/person\/3e6ffefc39fe2f212400b7d8d0a4a0c1\",\"name\":\"St\u00e9phanie Meunier\",\"image\":{\"@type\":\"ImageObject\",\"inLanguage\":\"fr-CA\",\"@id\":\"https:\/\/teamsters.ca\/fr\/#\/schema\/person\/image\/\",\"url\":\"https:\/\/secure.gravatar.com\/avatar\/e4e8404e91ed71cb473fa2708849669810cf083c89825a3d2dd0d47dd6b2be77?s=96&d=mm&r=g\",\"contentUrl\":\"https:\/\/secure.gravatar.com\/avatar\/e4e8404e91ed71cb473fa2708849669810cf083c89825a3d2dd0d47dd6b2be77?s=96&d=mm&r=g\",\"caption\":\"St\u00e9phanie Meunier\"},\"url\":\"https:\/\/teamsters.ca\/fr\/blog\/author\/smeunier\/\"}]}<\/script>\n<!-- \/ Yoast SEO Premium plugin. -->","yoast_head_json":{"title":"Sommet Trump-Trudeau : Prot\u00e9ger les travailleurs avant tout | Teamsters Canada","robots":{"index":"index","follow":"follow","max-snippet":"max-snippet:-1","max-image-preview":"max-image-preview:large","max-video-preview":"max-video-preview:-1"},"canonical":"https:\/\/teamsters.ca\/fr\/blog\/2017\/02\/13\/sommet-trump-trudeau-proteger-les-travailleurs-avant-tout\/","og_locale":"fr_CA","og_type":"article","og_title":"Sommet Trump-Trudeau : Prot\u00e9ger les travailleurs avant tout","og_description":"Teamsters Canada se f\u00e9licite de la rencontre entre le gouvernement canadien et l\u2019administration Trump et esp\u00e8re que les deux pays continueront de travailler ensemble dans l\u2019optique d\u2019assurer des \u00e9changes commerciaux profitables. Des millions de travailleurs comptent sur la libre circulation des produits entre le Canada et les \u00c9tats-Unis, a expliqu\u00e9 le pr\u00e9sident de Teamsters Canada, Fran\u00e7ois Laporte...","og_url":"https:\/\/teamsters.ca\/fr\/blog\/2017\/02\/13\/sommet-trump-trudeau-proteger-les-travailleurs-avant-tout\/","og_site_name":"Teamsters Canada","article_publisher":"https:\/\/www.facebook.com\/Teamsterscanada\/","article_published_time":"2017-02-13T19:09:24+00:00","article_modified_time":"2019-06-27T20:38:49+00:00","og_image":[{"width":2000,"height":1166,"url":"https:\/\/teamsters.ca\/wp-content\/uploads\/2017\/02\/trudeau-trump-summit.jpg","type":"image\/jpeg"}],"author":"St\u00e9phanie Meunier","twitter_card":"summary_large_image","twitter_creator":"@TeamstersCanada","twitter_site":"@TeamstersCanada","twitter_misc":{"\u00c9crit par":"St\u00e9phanie Meunier","Estimation du temps de lecture":"2 minutes"},"schema":{"@context":"https:\/\/schema.org","@graph":[{"@type":"Article","@id":"https:\/\/teamsters.ca\/fr\/blog\/2017\/02\/13\/sommet-trump-trudeau-proteger-les-travailleurs-avant-tout\/#article","isPartOf":{"@id":"https:\/\/teamsters.ca\/fr\/blog\/2017\/02\/13\/sommet-trump-trudeau-proteger-les-travailleurs-avant-tout\/"},"author":{"name":"St\u00e9phanie Meunier","@id":"https:\/\/teamsters.ca\/fr\/#\/schema\/person\/3e6ffefc39fe2f212400b7d8d0a4a0c1"},"headline":"Sommet Trump-Trudeau : Prot\u00e9ger les travailleurs avant tout","datePublished":"2017-02-13T19:09:24+00:00","dateModified":"2019-06-27T20:38:49+00:00","mainEntityOfPage":{"@id":"https:\/\/teamsters.ca\/fr\/blog\/2017\/02\/13\/sommet-trump-trudeau-proteger-les-travailleurs-avant-tout\/"},"wordCount":391,"publisher":{"@id":"https:\/\/teamsters.ca\/fr\/#organization"},"image":{"@id":"https:\/\/teamsters.ca\/fr\/blog\/2017\/02\/13\/sommet-trump-trudeau-proteger-les-travailleurs-avant-tout\/#primaryimage"},"thumbnailUrl":"https:\/\/teamsters.ca\/wp-content\/uploads\/2017\/02\/trudeau-trump-summit.jpg","articleSection":["Autres","Canada","Nouvelles","R\u00e9gion"],"inLanguage":"fr-CA"},{"@type":"WebPage","@id":"https:\/\/teamsters.ca\/fr\/blog\/2017\/02\/13\/sommet-trump-trudeau-proteger-les-travailleurs-avant-tout\/","url":"https:\/\/teamsters.ca\/fr\/blog\/2017\/02\/13\/sommet-trump-trudeau-proteger-les-travailleurs-avant-tout\/","name":"Sommet Trump-Trudeau : Prot\u00e9ger les travailleurs avant tout | Teamsters Canada","isPartOf":{"@id":"https:\/\/teamsters.ca\/fr\/#website"},"primaryImageOfPage":{"@id":"https:\/\/teamsters.ca\/fr\/blog\/2017\/02\/13\/sommet-trump-trudeau-proteger-les-travailleurs-avant-tout\/#primaryimage"},"image":{"@id":"https:\/\/teamsters.ca\/fr\/blog\/2017\/02\/13\/sommet-trump-trudeau-proteger-les-travailleurs-avant-tout\/#primaryimage"},"thumbnailUrl":"https:\/\/teamsters.ca\/wp-content\/uploads\/2017\/02\/trudeau-trump-summit.jpg","datePublished":"2017-02-13T19:09:24+00:00","dateModified":"2019-06-27T20:38:49+00:00","breadcrumb":{"@id":"https:\/\/teamsters.ca\/fr\/blog\/2017\/02\/13\/sommet-trump-trudeau-proteger-les-travailleurs-avant-tout\/#breadcrumb"},"inLanguage":"fr-CA","potentialAction":[{"@type":"ReadAction","target":["https:\/\/teamsters.ca\/fr\/blog\/2017\/02\/13\/sommet-trump-trudeau-proteger-les-travailleurs-avant-tout\/"]}]},{"@type":"ImageObject","inLanguage":"fr-CA","@id":"https:\/\/teamsters.ca\/fr\/blog\/2017\/02\/13\/sommet-trump-trudeau-proteger-les-travailleurs-avant-tout\/#primaryimage","url":"https:\/\/teamsters.ca\/wp-content\/uploads\/2017\/02\/trudeau-trump-summit.jpg","contentUrl":"https:\/\/teamsters.ca\/wp-content\/uploads\/2017\/02\/trudeau-trump-summit.jpg","width":2000,"height":1166},{"@type":"BreadcrumbList","@id":"https:\/\/teamsters.ca\/fr\/blog\/2017\/02\/13\/sommet-trump-trudeau-proteger-les-travailleurs-avant-tout\/#breadcrumb","itemListElement":[{"@type":"ListItem","position":1,"name":"Home","item":"https:\/\/teamsters.ca\/fr\/"},{"@type":"ListItem","position":2,"name":"Sommet Trump-Trudeau : Prot\u00e9ger les travailleurs avant tout"}]},{"@type":"WebSite","@id":"https:\/\/teamsters.ca\/fr\/#website","url":"https:\/\/teamsters.ca\/fr\/","name":"Teamsters Canada","description":"A Canadian union representing over 125 000 members","publisher":{"@id":"https:\/\/teamsters.ca\/fr\/#organization"},"potentialAction":[{"@type":"SearchAction","target":{"@type":"EntryPoint","urlTemplate":"https:\/\/teamsters.ca\/fr\/?s={search_term_string}"},"query-input":{"@type":"PropertyValueSpecification","valueRequired":true,"valueName":"search_term_string"}}],"inLanguage":"fr-CA"},{"@type":"Organization","@id":"https:\/\/teamsters.ca\/fr\/#organization","name":"Teamsters Canada","url":"https:\/\/teamsters.ca\/fr\/","logo":{"@type":"ImageObject","inLanguage":"fr-CA","@id":"https:\/\/teamsters.ca\/fr\/#\/schema\/logo\/image\/","url":"https:\/\/teamsters.ca\/wp-content\/uploads\/2019\/08\/TeamstersCanada.png","contentUrl":"https:\/\/teamsters.ca\/wp-content\/uploads\/2019\/08\/TeamstersCanada.png","width":545,"height":181,"caption":"Teamsters Canada"},"image":{"@id":"https:\/\/teamsters.ca\/fr\/#\/schema\/logo\/image\/"},"sameAs":["https:\/\/www.facebook.com\/Teamsterscanada\/","https:\/\/x.com\/TeamstersCanada"]},{"@type":"Person","@id":"https:\/\/teamsters.ca\/fr\/#\/schema\/person\/3e6ffefc39fe2f212400b7d8d0a4a0c1","name":"St\u00e9phanie Meunier","image":{"@type":"ImageObject","inLanguage":"fr-CA","@id":"https:\/\/teamsters.ca\/fr\/#\/schema\/person\/image\/","url":"https:\/\/secure.gravatar.com\/avatar\/e4e8404e91ed71cb473fa2708849669810cf083c89825a3d2dd0d47dd6b2be77?s=96&d=mm&r=g","contentUrl":"https:\/\/secure.gravatar.com\/avatar\/e4e8404e91ed71cb473fa2708849669810cf083c89825a3d2dd0d47dd6b2be77?s=96&d=mm&r=g","caption":"St\u00e9phanie Meunier"},"url":"https:\/\/teamsters.ca\/fr\/blog\/author\/smeunier\/"}]}},"_links":{"self":[{"href":"https:\/\/teamsters.ca\/fr\/wp-json\/wp\/v2\/posts\/6390","targetHints":{"allow":["GET"]}}],"collection":[{"href":"https:\/\/teamsters.ca\/fr\/wp-json\/wp\/v2\/posts"}],"about":[{"href":"https:\/\/teamsters.ca\/fr\/wp-json\/wp\/v2\/types\/post"}],"author":[{"embeddable":true,"href":"https:\/\/teamsters.ca\/fr\/wp-json\/wp\/v2\/users\/8"}],"replies":[{"embeddable":true,"href":"https:\/\/teamsters.ca\/fr\/wp-json\/wp\/v2\/comments?post=6390"}],"version-history":[{"count":1,"href":"https:\/\/teamsters.ca\/fr\/wp-json\/wp\/v2\/posts\/6390\/revisions"}],"predecessor-version":[{"id":10078,"href":"https:\/\/teamsters.ca\/fr\/wp-json\/wp\/v2\/posts\/6390\/revisions\/10078"}],"wp:featuredmedia":[{"embeddable":true,"href":"https:\/\/teamsters.ca\/fr\/wp-json\/wp\/v2\/media\/6383"}],"wp:attachment":[{"href":"https:\/\/teamsters.ca\/fr\/wp-json\/wp\/v2\/media?parent=6390"}],"wp:term":[{"taxonomy":"category","embeddable":true,"href":"https:\/\/teamsters.ca\/fr\/wp-json\/wp\/v2\/categories?post=6390"},{"taxonomy":"post_tag","embeddable":true,"href":"https:\/\/teamsters.ca\/fr\/wp-json\/wp\/v2\/tags?post=6390"}],"curies":[{"name":"wp","href":"https:\/\/api.w.org\/{rel}","templated":true}]}}