{"id":6374,"date":"2017-02-08T18:43:59","date_gmt":"2017-02-08T23:43:59","guid":{"rendered":"http:\/\/teamsters.ca\/?p=6374"},"modified":"2019-06-27T20:38:49","modified_gmt":"2019-06-27T20:38:49","slug":"les-travailleuses-et-travailleurs-de-robert-q-airbus-se-joignent-aux-teamsters","status":"publish","type":"post","link":"https:\/\/teamsters.ca\/fr\/blog\/2017\/02\/08\/les-travailleuses-et-travailleurs-de-robert-q-airbus-se-joignent-aux-teamsters\/","title":{"rendered":"Les travailleuses et travailleurs de Robert Q Airbus se joignent aux Teamsters"},"content":{"rendered":"<p>Plus t\u00f4t cette semaine, pr\u00e9s de 75 salari\u00e9s de Robert Q Airbus \u00e0 London, en Ontario, ont vot\u00e9 pour se syndiquer avec la Section locale\u00a0879 des Teamsters.<\/p>\n<p>L\u2019unit\u00e9 d\u2019accr\u00e9ditation inclut les chauffeurs qui transportent des voyageurs aux a\u00e9roports de Detroit et de Toronto, ainsi que le personnel charg\u00e9 de nettoyer les autobus. Selon la section locale, ils voulaient un milieu de travail plus juste et structur\u00e9.<\/p>\n<p>La Section locale\u00a0879 a tenu \u00e0 souligner le travail acharn\u00e9 de Fitos Vritsios, recruteur syndical de Teamsters Canada. \u00ab&nbsp;Fitos, mon ami, merci pour tout ton aide. On aurait eu beaucoup de difficult\u00e9s sans ton aide,&nbsp;\u00bb a \u00e9crit sur Facebook le coordonnateur de la section locale, Jim Killey.<\/p>\n<p>Aux travailleuses et travailleurs de Robert Q Airbus, bienvenue au syndicat des Teamsters!<\/p>\n","protected":false},"excerpt":{"rendered":"<p>Plus t\u00f4t cette semaine, pr\u00e9s de 75 salari\u00e9s de Robert Q Airbus \u00e0 London, en Ontario, ont vot\u00e9 pour se syndiquer avec la Section locale\u00a0879 des Teamsters. L\u2019unit\u00e9 d\u2019accr\u00e9ditation inclut les chauffeurs qui transportent des voyageurs aux a\u00e9roports de Detroit et de Toronto, ainsi que le personnel charg\u00e9 de nettoyer les autobus. Selon la section [&hellip;]<\/p>\n","protected":false},"author":8,"featured_media":6372,"comment_status":"closed","ping_status":"closed","sticky":false,"template":"","format":"standard","meta":{"ngg_post_thumbnail":0,"mc4wp_mailchimp_campaign":[],"footnotes":""},"categories":[1114,1144,1137,1134],"tags":[],"class_list":{"0":"post-6374","1":"post","2":"type-post","3":"status-publish","4":"format-standard","5":"has-post-thumbnail","7":"category-nouvelles","8":"category-ontario-fr","9":"category-region-fr","10":"category-transport-fr"},"yoast_head":"<!-- This site is optimized with the Yoast SEO Premium plugin v25.5 (Yoast SEO v25.5) - https:\/\/yoast.com\/wordpress\/plugins\/seo\/ -->\n<title>Les travailleuses et travailleurs de Robert Q Airbus se joignent aux Teamsters | Teamsters Canada<\/title>\n<meta name=\"robots\" content=\"index, follow, max-snippet:-1, max-image-preview:large, max-video-preview:-1\" \/>\n<link rel=\"canonical\" href=\"https:\/\/teamsters.ca\/fr\/blog\/2017\/02\/08\/les-travailleuses-et-travailleurs-de-robert-q-airbus-se-joignent-aux-teamsters\/\" \/>\n<meta property=\"og:locale\" content=\"fr_CA\" \/>\n<meta property=\"og:type\" content=\"article\" \/>\n<meta property=\"og:title\" content=\"Les travailleuses et travailleurs de Robert Q Airbus se joignent aux Teamsters\" \/>\n<meta property=\"og:description\" content=\"Plus t\u00f4t cette semaine, pr\u00e9s de 75 salari\u00e9s de Robert Q Airbus \u00e0 London, en Ontario, ont vot\u00e9 pour se syndiquer avec la Section locale\u00a0879 des Teamsters. L\u2019unit\u00e9 d\u2019accr\u00e9ditation inclut les chauffeurs qui transportent des voyageurs aux a\u00e9roports de Detroit et de Toronto, ainsi que le personnel charg\u00e9 de nettoyer les autobus. Selon la section [&hellip;]\" \/>\n<meta property=\"og:url\" content=\"https:\/\/teamsters.ca\/fr\/blog\/2017\/02\/08\/les-travailleuses-et-travailleurs-de-robert-q-airbus-se-joignent-aux-teamsters\/\" \/>\n<meta property=\"og:site_name\" content=\"Teamsters Canada\" \/>\n<meta property=\"article:publisher\" content=\"https:\/\/www.facebook.com\/Teamsterscanada\/\" \/>\n<meta property=\"article:published_time\" content=\"2017-02-08T23:43:59+00:00\" \/>\n<meta property=\"article:modified_time\" content=\"2019-06-27T20:38:49+00:00\" \/>\n<meta property=\"og:image\" content=\"https:\/\/teamsters.ca\/wp-content\/uploads\/2017\/02\/shuttle-driver-1.jpg\" \/>\n\t<meta property=\"og:image:width\" content=\"1166\" \/>\n\t<meta property=\"og:image:height\" content=\"698\" \/>\n\t<meta property=\"og:image:type\" content=\"image\/jpeg\" \/>\n<meta name=\"author\" content=\"St\u00e9phanie Meunier\" \/>\n<meta name=\"twitter:card\" content=\"summary_large_image\" \/>\n<meta name=\"twitter:creator\" content=\"@TeamstersCanada\" \/>\n<meta name=\"twitter:site\" content=\"@TeamstersCanada\" \/>\n<meta name=\"twitter:label1\" content=\"\u00c9crit par\" \/>\n\t<meta name=\"twitter:data1\" content=\"St\u00e9phanie Meunier\" \/>\n\t<meta name=\"twitter:label2\" content=\"Estimation du temps de lecture\" \/>\n\t<meta name=\"twitter:data2\" content=\"1 minute\" \/>\n<script type=\"application\/ld+json\" class=\"yoast-schema-graph\">{\"@context\":\"https:\/\/schema.org\",\"@graph\":[{\"@type\":\"Article\",\"@id\":\"https:\/\/teamsters.ca\/fr\/blog\/2017\/02\/08\/les-travailleuses-et-travailleurs-de-robert-q-airbus-se-joignent-aux-teamsters\/#article\",\"isPartOf\":{\"@id\":\"https:\/\/teamsters.ca\/fr\/blog\/2017\/02\/08\/les-travailleuses-et-travailleurs-de-robert-q-airbus-se-joignent-aux-teamsters\/\"},\"author\":{\"name\":\"St\u00e9phanie Meunier\",\"@id\":\"https:\/\/teamsters.ca\/fr\/#\/schema\/person\/3e6ffefc39fe2f212400b7d8d0a4a0c1\"},\"headline\":\"Les travailleuses et travailleurs de Robert Q Airbus se joignent aux Teamsters\",\"datePublished\":\"2017-02-08T23:43:59+00:00\",\"dateModified\":\"2019-06-27T20:38:49+00:00\",\"mainEntityOfPage\":{\"@id\":\"https:\/\/teamsters.ca\/fr\/blog\/2017\/02\/08\/les-travailleuses-et-travailleurs-de-robert-q-airbus-se-joignent-aux-teamsters\/\"},\"wordCount\":145,\"publisher\":{\"@id\":\"https:\/\/teamsters.ca\/fr\/#organization\"},\"image\":{\"@id\":\"https:\/\/teamsters.ca\/fr\/blog\/2017\/02\/08\/les-travailleuses-et-travailleurs-de-robert-q-airbus-se-joignent-aux-teamsters\/#primaryimage\"},\"thumbnailUrl\":\"https:\/\/teamsters.ca\/wp-content\/uploads\/2017\/02\/shuttle-driver-1.jpg\",\"articleSection\":[\"Nouvelles\",\"Ontario\",\"R\u00e9gion\",\"Transport\"],\"inLanguage\":\"fr-CA\"},{\"@type\":\"WebPage\",\"@id\":\"https:\/\/teamsters.ca\/fr\/blog\/2017\/02\/08\/les-travailleuses-et-travailleurs-de-robert-q-airbus-se-joignent-aux-teamsters\/\",\"url\":\"https:\/\/teamsters.ca\/fr\/blog\/2017\/02\/08\/les-travailleuses-et-travailleurs-de-robert-q-airbus-se-joignent-aux-teamsters\/\",\"name\":\"Les travailleuses et travailleurs de Robert Q Airbus se joignent aux Teamsters | Teamsters Canada\",\"isPartOf\":{\"@id\":\"https:\/\/teamsters.ca\/fr\/#website\"},\"primaryImageOfPage\":{\"@id\":\"https:\/\/teamsters.ca\/fr\/blog\/2017\/02\/08\/les-travailleuses-et-travailleurs-de-robert-q-airbus-se-joignent-aux-teamsters\/#primaryimage\"},\"image\":{\"@id\":\"https:\/\/teamsters.ca\/fr\/blog\/2017\/02\/08\/les-travailleuses-et-travailleurs-de-robert-q-airbus-se-joignent-aux-teamsters\/#primaryimage\"},\"thumbnailUrl\":\"https:\/\/teamsters.ca\/wp-content\/uploads\/2017\/02\/shuttle-driver-1.jpg\",\"datePublished\":\"2017-02-08T23:43:59+00:00\",\"dateModified\":\"2019-06-27T20:38:49+00:00\",\"breadcrumb\":{\"@id\":\"https:\/\/teamsters.ca\/fr\/blog\/2017\/02\/08\/les-travailleuses-et-travailleurs-de-robert-q-airbus-se-joignent-aux-teamsters\/#breadcrumb\"},\"inLanguage\":\"fr-CA\",\"potentialAction\":[{\"@type\":\"ReadAction\",\"target\":[\"https:\/\/teamsters.ca\/fr\/blog\/2017\/02\/08\/les-travailleuses-et-travailleurs-de-robert-q-airbus-se-joignent-aux-teamsters\/\"]}]},{\"@type\":\"ImageObject\",\"inLanguage\":\"fr-CA\",\"@id\":\"https:\/\/teamsters.ca\/fr\/blog\/2017\/02\/08\/les-travailleuses-et-travailleurs-de-robert-q-airbus-se-joignent-aux-teamsters\/#primaryimage\",\"url\":\"https:\/\/teamsters.ca\/wp-content\/uploads\/2017\/02\/shuttle-driver-1.jpg\",\"contentUrl\":\"https:\/\/teamsters.ca\/wp-content\/uploads\/2017\/02\/shuttle-driver-1.jpg\",\"width\":1166,\"height\":698,\"caption\":\"transport, tourism, road trip and people concept - happy driver driving intercity bus\"},{\"@type\":\"BreadcrumbList\",\"@id\":\"https:\/\/teamsters.ca\/fr\/blog\/2017\/02\/08\/les-travailleuses-et-travailleurs-de-robert-q-airbus-se-joignent-aux-teamsters\/#breadcrumb\",\"itemListElement\":[{\"@type\":\"ListItem\",\"position\":1,\"name\":\"Home\",\"item\":\"https:\/\/teamsters.ca\/fr\/\"},{\"@type\":\"ListItem\",\"position\":2,\"name\":\"Les travailleuses et travailleurs de Robert Q Airbus se joignent aux Teamsters\"}]},{\"@type\":\"WebSite\",\"@id\":\"https:\/\/teamsters.ca\/fr\/#website\",\"url\":\"https:\/\/teamsters.ca\/fr\/\",\"name\":\"Teamsters Canada\",\"description\":\"A Canadian union representing over 125 000 members\",\"publisher\":{\"@id\":\"https:\/\/teamsters.ca\/fr\/#organization\"},\"potentialAction\":[{\"@type\":\"SearchAction\",\"target\":{\"@type\":\"EntryPoint\",\"urlTemplate\":\"https:\/\/teamsters.ca\/fr\/?s={search_term_string}\"},\"query-input\":{\"@type\":\"PropertyValueSpecification\",\"valueRequired\":true,\"valueName\":\"search_term_string\"}}],\"inLanguage\":\"fr-CA\"},{\"@type\":\"Organization\",\"@id\":\"https:\/\/teamsters.ca\/fr\/#organization\",\"name\":\"Teamsters Canada\",\"url\":\"https:\/\/teamsters.ca\/fr\/\",\"logo\":{\"@type\":\"ImageObject\",\"inLanguage\":\"fr-CA\",\"@id\":\"https:\/\/teamsters.ca\/fr\/#\/schema\/logo\/image\/\",\"url\":\"https:\/\/teamsters.ca\/wp-content\/uploads\/2019\/08\/TeamstersCanada.png\",\"contentUrl\":\"https:\/\/teamsters.ca\/wp-content\/uploads\/2019\/08\/TeamstersCanada.png\",\"width\":545,\"height\":181,\"caption\":\"Teamsters Canada\"},\"image\":{\"@id\":\"https:\/\/teamsters.ca\/fr\/#\/schema\/logo\/image\/\"},\"sameAs\":[\"https:\/\/www.facebook.com\/Teamsterscanada\/\",\"https:\/\/x.com\/TeamstersCanada\"]},{\"@type\":\"Person\",\"@id\":\"https:\/\/teamsters.ca\/fr\/#\/schema\/person\/3e6ffefc39fe2f212400b7d8d0a4a0c1\",\"name\":\"St\u00e9phanie Meunier\",\"image\":{\"@type\":\"ImageObject\",\"inLanguage\":\"fr-CA\",\"@id\":\"https:\/\/teamsters.ca\/fr\/#\/schema\/person\/image\/\",\"url\":\"https:\/\/secure.gravatar.com\/avatar\/e4e8404e91ed71cb473fa2708849669810cf083c89825a3d2dd0d47dd6b2be77?s=96&d=mm&r=g\",\"contentUrl\":\"https:\/\/secure.gravatar.com\/avatar\/e4e8404e91ed71cb473fa2708849669810cf083c89825a3d2dd0d47dd6b2be77?s=96&d=mm&r=g\",\"caption\":\"St\u00e9phanie Meunier\"},\"url\":\"https:\/\/teamsters.ca\/fr\/blog\/author\/smeunier\/\"}]}<\/script>\n<!-- \/ Yoast SEO Premium plugin. -->","yoast_head_json":{"title":"Les travailleuses et travailleurs de Robert Q Airbus se joignent aux Teamsters | Teamsters Canada","robots":{"index":"index","follow":"follow","max-snippet":"max-snippet:-1","max-image-preview":"max-image-preview:large","max-video-preview":"max-video-preview:-1"},"canonical":"https:\/\/teamsters.ca\/fr\/blog\/2017\/02\/08\/les-travailleuses-et-travailleurs-de-robert-q-airbus-se-joignent-aux-teamsters\/","og_locale":"fr_CA","og_type":"article","og_title":"Les travailleuses et travailleurs de Robert Q Airbus se joignent aux Teamsters","og_description":"Plus t\u00f4t cette semaine, pr\u00e9s de 75 salari\u00e9s de Robert Q Airbus \u00e0 London, en Ontario, ont vot\u00e9 pour se syndiquer avec la Section locale\u00a0879 des Teamsters. L\u2019unit\u00e9 d\u2019accr\u00e9ditation inclut les chauffeurs qui transportent des voyageurs aux a\u00e9roports de Detroit et de Toronto, ainsi que le personnel charg\u00e9 de nettoyer les autobus. Selon la section [&hellip;]","og_url":"https:\/\/teamsters.ca\/fr\/blog\/2017\/02\/08\/les-travailleuses-et-travailleurs-de-robert-q-airbus-se-joignent-aux-teamsters\/","og_site_name":"Teamsters Canada","article_publisher":"https:\/\/www.facebook.com\/Teamsterscanada\/","article_published_time":"2017-02-08T23:43:59+00:00","article_modified_time":"2019-06-27T20:38:49+00:00","og_image":[{"width":1166,"height":698,"url":"https:\/\/teamsters.ca\/wp-content\/uploads\/2017\/02\/shuttle-driver-1.jpg","type":"image\/jpeg"}],"author":"St\u00e9phanie Meunier","twitter_card":"summary_large_image","twitter_creator":"@TeamstersCanada","twitter_site":"@TeamstersCanada","twitter_misc":{"\u00c9crit par":"St\u00e9phanie Meunier","Estimation du temps de lecture":"1 minute"},"schema":{"@context":"https:\/\/schema.org","@graph":[{"@type":"Article","@id":"https:\/\/teamsters.ca\/fr\/blog\/2017\/02\/08\/les-travailleuses-et-travailleurs-de-robert-q-airbus-se-joignent-aux-teamsters\/#article","isPartOf":{"@id":"https:\/\/teamsters.ca\/fr\/blog\/2017\/02\/08\/les-travailleuses-et-travailleurs-de-robert-q-airbus-se-joignent-aux-teamsters\/"},"author":{"name":"St\u00e9phanie Meunier","@id":"https:\/\/teamsters.ca\/fr\/#\/schema\/person\/3e6ffefc39fe2f212400b7d8d0a4a0c1"},"headline":"Les travailleuses et travailleurs de Robert Q Airbus se joignent aux Teamsters","datePublished":"2017-02-08T23:43:59+00:00","dateModified":"2019-06-27T20:38:49+00:00","mainEntityOfPage":{"@id":"https:\/\/teamsters.ca\/fr\/blog\/2017\/02\/08\/les-travailleuses-et-travailleurs-de-robert-q-airbus-se-joignent-aux-teamsters\/"},"wordCount":145,"publisher":{"@id":"https:\/\/teamsters.ca\/fr\/#organization"},"image":{"@id":"https:\/\/teamsters.ca\/fr\/blog\/2017\/02\/08\/les-travailleuses-et-travailleurs-de-robert-q-airbus-se-joignent-aux-teamsters\/#primaryimage"},"thumbnailUrl":"https:\/\/teamsters.ca\/wp-content\/uploads\/2017\/02\/shuttle-driver-1.jpg","articleSection":["Nouvelles","Ontario","R\u00e9gion","Transport"],"inLanguage":"fr-CA"},{"@type":"WebPage","@id":"https:\/\/teamsters.ca\/fr\/blog\/2017\/02\/08\/les-travailleuses-et-travailleurs-de-robert-q-airbus-se-joignent-aux-teamsters\/","url":"https:\/\/teamsters.ca\/fr\/blog\/2017\/02\/08\/les-travailleuses-et-travailleurs-de-robert-q-airbus-se-joignent-aux-teamsters\/","name":"Les travailleuses et travailleurs de Robert Q Airbus se joignent aux Teamsters | Teamsters Canada","isPartOf":{"@id":"https:\/\/teamsters.ca\/fr\/#website"},"primaryImageOfPage":{"@id":"https:\/\/teamsters.ca\/fr\/blog\/2017\/02\/08\/les-travailleuses-et-travailleurs-de-robert-q-airbus-se-joignent-aux-teamsters\/#primaryimage"},"image":{"@id":"https:\/\/teamsters.ca\/fr\/blog\/2017\/02\/08\/les-travailleuses-et-travailleurs-de-robert-q-airbus-se-joignent-aux-teamsters\/#primaryimage"},"thumbnailUrl":"https:\/\/teamsters.ca\/wp-content\/uploads\/2017\/02\/shuttle-driver-1.jpg","datePublished":"2017-02-08T23:43:59+00:00","dateModified":"2019-06-27T20:38:49+00:00","breadcrumb":{"@id":"https:\/\/teamsters.ca\/fr\/blog\/2017\/02\/08\/les-travailleuses-et-travailleurs-de-robert-q-airbus-se-joignent-aux-teamsters\/#breadcrumb"},"inLanguage":"fr-CA","potentialAction":[{"@type":"ReadAction","target":["https:\/\/teamsters.ca\/fr\/blog\/2017\/02\/08\/les-travailleuses-et-travailleurs-de-robert-q-airbus-se-joignent-aux-teamsters\/"]}]},{"@type":"ImageObject","inLanguage":"fr-CA","@id":"https:\/\/teamsters.ca\/fr\/blog\/2017\/02\/08\/les-travailleuses-et-travailleurs-de-robert-q-airbus-se-joignent-aux-teamsters\/#primaryimage","url":"https:\/\/teamsters.ca\/wp-content\/uploads\/2017\/02\/shuttle-driver-1.jpg","contentUrl":"https:\/\/teamsters.ca\/wp-content\/uploads\/2017\/02\/shuttle-driver-1.jpg","width":1166,"height":698,"caption":"transport, tourism, road trip and people concept - happy driver driving intercity bus"},{"@type":"BreadcrumbList","@id":"https:\/\/teamsters.ca\/fr\/blog\/2017\/02\/08\/les-travailleuses-et-travailleurs-de-robert-q-airbus-se-joignent-aux-teamsters\/#breadcrumb","itemListElement":[{"@type":"ListItem","position":1,"name":"Home","item":"https:\/\/teamsters.ca\/fr\/"},{"@type":"ListItem","position":2,"name":"Les travailleuses et travailleurs de Robert Q Airbus se joignent aux Teamsters"}]},{"@type":"WebSite","@id":"https:\/\/teamsters.ca\/fr\/#website","url":"https:\/\/teamsters.ca\/fr\/","name":"Teamsters Canada","description":"A Canadian union representing over 125 000 members","publisher":{"@id":"https:\/\/teamsters.ca\/fr\/#organization"},"potentialAction":[{"@type":"SearchAction","target":{"@type":"EntryPoint","urlTemplate":"https:\/\/teamsters.ca\/fr\/?s={search_term_string}"},"query-input":{"@type":"PropertyValueSpecification","valueRequired":true,"valueName":"search_term_string"}}],"inLanguage":"fr-CA"},{"@type":"Organization","@id":"https:\/\/teamsters.ca\/fr\/#organization","name":"Teamsters Canada","url":"https:\/\/teamsters.ca\/fr\/","logo":{"@type":"ImageObject","inLanguage":"fr-CA","@id":"https:\/\/teamsters.ca\/fr\/#\/schema\/logo\/image\/","url":"https:\/\/teamsters.ca\/wp-content\/uploads\/2019\/08\/TeamstersCanada.png","contentUrl":"https:\/\/teamsters.ca\/wp-content\/uploads\/2019\/08\/TeamstersCanada.png","width":545,"height":181,"caption":"Teamsters Canada"},"image":{"@id":"https:\/\/teamsters.ca\/fr\/#\/schema\/logo\/image\/"},"sameAs":["https:\/\/www.facebook.com\/Teamsterscanada\/","https:\/\/x.com\/TeamstersCanada"]},{"@type":"Person","@id":"https:\/\/teamsters.ca\/fr\/#\/schema\/person\/3e6ffefc39fe2f212400b7d8d0a4a0c1","name":"St\u00e9phanie Meunier","image":{"@type":"ImageObject","inLanguage":"fr-CA","@id":"https:\/\/teamsters.ca\/fr\/#\/schema\/person\/image\/","url":"https:\/\/secure.gravatar.com\/avatar\/e4e8404e91ed71cb473fa2708849669810cf083c89825a3d2dd0d47dd6b2be77?s=96&d=mm&r=g","contentUrl":"https:\/\/secure.gravatar.com\/avatar\/e4e8404e91ed71cb473fa2708849669810cf083c89825a3d2dd0d47dd6b2be77?s=96&d=mm&r=g","caption":"St\u00e9phanie Meunier"},"url":"https:\/\/teamsters.ca\/fr\/blog\/author\/smeunier\/"}]}},"_links":{"self":[{"href":"https:\/\/teamsters.ca\/fr\/wp-json\/wp\/v2\/posts\/6374","targetHints":{"allow":["GET"]}}],"collection":[{"href":"https:\/\/teamsters.ca\/fr\/wp-json\/wp\/v2\/posts"}],"about":[{"href":"https:\/\/teamsters.ca\/fr\/wp-json\/wp\/v2\/types\/post"}],"author":[{"embeddable":true,"href":"https:\/\/teamsters.ca\/fr\/wp-json\/wp\/v2\/users\/8"}],"replies":[{"embeddable":true,"href":"https:\/\/teamsters.ca\/fr\/wp-json\/wp\/v2\/comments?post=6374"}],"version-history":[{"count":1,"href":"https:\/\/teamsters.ca\/fr\/wp-json\/wp\/v2\/posts\/6374\/revisions"}],"predecessor-version":[{"id":10080,"href":"https:\/\/teamsters.ca\/fr\/wp-json\/wp\/v2\/posts\/6374\/revisions\/10080"}],"wp:featuredmedia":[{"embeddable":true,"href":"https:\/\/teamsters.ca\/fr\/wp-json\/wp\/v2\/media\/6372"}],"wp:attachment":[{"href":"https:\/\/teamsters.ca\/fr\/wp-json\/wp\/v2\/media?parent=6374"}],"wp:term":[{"taxonomy":"category","embeddable":true,"href":"https:\/\/teamsters.ca\/fr\/wp-json\/wp\/v2\/categories?post=6374"},{"taxonomy":"post_tag","embeddable":true,"href":"https:\/\/teamsters.ca\/fr\/wp-json\/wp\/v2\/tags?post=6374"}],"curies":[{"name":"wp","href":"https:\/\/api.w.org\/{rel}","templated":true}]}}