{"id":6194,"date":"2016-11-11T12:05:42","date_gmt":"2016-11-11T17:05:42","guid":{"rendered":"http:\/\/teamsters.ca\/?p=6194"},"modified":"2019-06-27T20:38:51","modified_gmt":"2019-06-27T20:38:51","slug":"notre-engagement-envers-les-anciens-combattants","status":"publish","type":"post","link":"https:\/\/teamsters.ca\/fr\/blog\/2016\/11\/11\/notre-engagement-envers-les-anciens-combattants\/","title":{"rendered":"Notre engagement envers les anciens combattants"},"content":{"rendered":"<p>Le syndicat des Teamsters reconnait l&rsquo;h\u00e9ro\u00efsme et le sacrifice de nos v\u00e9t\u00e9rans. C&rsquo;est pourquoi nous sommes si fiers d\u2019appuyer nos anciens combattants.<\/p>\n<p>Au cours des deux derni\u00e8res ann\u00e9es, cet appui s&rsquo;est concr\u00e9tis\u00e9 autour d&rsquo;une campagne avec <a href=\"http:\/\/www.helmetstohardhats.ca\/fr\/home.htm\" target=\"_blank\" rel=\"noopener noreferrer\">Du R\u00e9giment aux B\u00e2timents<\/a>, une organisation qui aide les v\u00e9t\u00e9rans \u00e0 trouver un emploi.<\/p>\n<p>Notre objectif fut de convaincre les gouvernements \u00e0 reconnaitre les permis de conduire militaires de classe MDN 404 pour leurs \u00e9quivalents de classe commerciale. Cela facilite la transition des militaires vers la vie civile en donnant acc\u00e8s aux emplois disponibles dans le transport et la construction.<\/p>\n<p>Ces v\u00e9t\u00e9rans savent op\u00e9rer des v\u00e9hicules militaires lourds dans des conditions extr\u00eames, sur des champs de bataille ou suite \u00e0 des catastrophes naturelles. Or, la majorit\u00e9 des gouvernements ne reconnaissaient pas leurs comp\u00e9tences. Ils devaient donc chercher un nouveau permis de conduire avant de prendre les routes canadiennes.<\/p>\n<p>Heureusement, nous avons contribu\u00e9 \u00e0 faire changer les choses. Toutes les provinces et les territoires (sauf le Nunavut) ont maintenant une proc\u00e9dure pour faire accr\u00e9diter les \u00e9quivalences du permis de conduire militaire.<\/p>\n<p>Les entreprises canadiennes ne peuvent se passer des talents de nos anciens combattants puisqu\u2019ils sont motiv\u00e9s, comp\u00e9tents et loyaux.<\/p>\n<p>Si vous \u00eates un v\u00e9t\u00e9ran et que vous d\u00e9sirez savoir comment transf\u00e9rer vos qualifications du MDN 404 vers votre permis provincial ou territorial, nous vous invitons \u00e0 <a href=\"http:\/\/www.helmetstohardhats.ca\/fr\/DND404.htm\" target=\"_blank\" rel=\"noopener noreferrer\">cliquer ici<\/a>.<\/p>\n<p>Nous invitions \u00e9galement, en ce jour du Souvenir, tous les Teamsters \u00e0 porter un coquelicot et <a href=\"http:\/\/www.veterans.gc.ca\/fra\/commemoration\" target=\"_blank\" rel=\"noopener noreferrer\">visiter le site d&rsquo;Anciens Combattants Canada<\/a> pour connaitre les nombreuses fa\u00e7ons de comm\u00e9morer cette importante journ\u00e9e.<\/p>\n<p>Nos v\u00e9t\u00e9rans ont fait tellement pour notre pays. D\u00e9montrons que nous ne les oublions pas en les appuyant. <\/p>\n","protected":false},"excerpt":{"rendered":"<p>Le syndicat des Teamsters reconnait l&rsquo;h\u00e9ro\u00efsme et le sacrifice de nos v\u00e9t\u00e9rans. C&rsquo;est pourquoi nous sommes si fiers d\u2019appuyer nos anciens combattants. Au cours des deux derni\u00e8res ann\u00e9es, cet appui s&rsquo;est concr\u00e9tis\u00e9 autour d&rsquo;une campagne avec Du R\u00e9giment aux B\u00e2timents, une organisation qui aide les v\u00e9t\u00e9rans \u00e0 trouver un emploi. Notre objectif fut de convaincre [&hellip;]<\/p>\n","protected":false},"author":8,"featured_media":6188,"comment_status":"closed","ping_status":"closed","sticky":false,"template":"","format":"standard","meta":{"ngg_post_thumbnail":0,"mc4wp_mailchimp_campaign":[],"footnotes":""},"categories":[1128,1140,1114,1137],"tags":[],"class_list":{"0":"post-6194","1":"post","2":"type-post","3":"status-publish","4":"format-standard","5":"has-post-thumbnail","7":"category-autres","8":"category-canada-region-fr","9":"category-nouvelles","10":"category-region-fr"},"yoast_head":"<!-- This site is optimized with the Yoast SEO Premium plugin v25.5 (Yoast SEO v25.5) - https:\/\/yoast.com\/wordpress\/plugins\/seo\/ -->\n<title>Notre engagement envers les anciens combattants | Teamsters Canada<\/title>\n<meta name=\"robots\" content=\"index, follow, max-snippet:-1, max-image-preview:large, max-video-preview:-1\" \/>\n<link rel=\"canonical\" href=\"https:\/\/teamsters.ca\/fr\/blog\/2016\/11\/11\/notre-engagement-envers-les-anciens-combattants\/\" \/>\n<meta property=\"og:locale\" content=\"fr_CA\" \/>\n<meta property=\"og:type\" content=\"article\" \/>\n<meta property=\"og:title\" content=\"Notre engagement envers les anciens combattants\" \/>\n<meta property=\"og:description\" content=\"Le syndicat des Teamsters reconnait l&rsquo;h\u00e9ro\u00efsme et le sacrifice de nos v\u00e9t\u00e9rans. C&rsquo;est pourquoi nous sommes si fiers d\u2019appuyer nos anciens combattants. Au cours des deux derni\u00e8res ann\u00e9es, cet appui s&rsquo;est concr\u00e9tis\u00e9 autour d&rsquo;une campagne avec Du R\u00e9giment aux B\u00e2timents, une organisation qui aide les v\u00e9t\u00e9rans \u00e0 trouver un emploi. Notre objectif fut de convaincre [&hellip;]\" \/>\n<meta property=\"og:url\" content=\"https:\/\/teamsters.ca\/fr\/blog\/2016\/11\/11\/notre-engagement-envers-les-anciens-combattants\/\" \/>\n<meta property=\"og:site_name\" content=\"Teamsters Canada\" \/>\n<meta property=\"article:publisher\" content=\"https:\/\/www.facebook.com\/Teamsterscanada\/\" \/>\n<meta property=\"article:published_time\" content=\"2016-11-11T17:05:42+00:00\" \/>\n<meta property=\"article:modified_time\" content=\"2019-06-27T20:38:51+00:00\" \/>\n<meta property=\"og:image\" content=\"https:\/\/teamsters.ca\/wp-content\/uploads\/2016\/11\/poppies_remembrance-day.jpg\" \/>\n\t<meta property=\"og:image:width\" content=\"1166\" \/>\n\t<meta property=\"og:image:height\" content=\"674\" \/>\n\t<meta property=\"og:image:type\" content=\"image\/jpeg\" \/>\n<meta name=\"author\" content=\"St\u00e9phanie Meunier\" \/>\n<meta name=\"twitter:card\" content=\"summary_large_image\" \/>\n<meta name=\"twitter:creator\" content=\"@TeamstersCanada\" \/>\n<meta name=\"twitter:site\" content=\"@TeamstersCanada\" \/>\n<meta name=\"twitter:label1\" content=\"\u00c9crit par\" \/>\n\t<meta name=\"twitter:data1\" content=\"St\u00e9phanie Meunier\" \/>\n\t<meta name=\"twitter:label2\" content=\"Estimation du temps de lecture\" \/>\n\t<meta name=\"twitter:data2\" content=\"2 minutes\" \/>\n<script type=\"application\/ld+json\" class=\"yoast-schema-graph\">{\"@context\":\"https:\/\/schema.org\",\"@graph\":[{\"@type\":\"Article\",\"@id\":\"https:\/\/teamsters.ca\/fr\/blog\/2016\/11\/11\/notre-engagement-envers-les-anciens-combattants\/#article\",\"isPartOf\":{\"@id\":\"https:\/\/teamsters.ca\/fr\/blog\/2016\/11\/11\/notre-engagement-envers-les-anciens-combattants\/\"},\"author\":{\"name\":\"St\u00e9phanie Meunier\",\"@id\":\"https:\/\/teamsters.ca\/fr\/#\/schema\/person\/3e6ffefc39fe2f212400b7d8d0a4a0c1\"},\"headline\":\"Notre engagement envers les anciens combattants\",\"datePublished\":\"2016-11-11T17:05:42+00:00\",\"dateModified\":\"2019-06-27T20:38:51+00:00\",\"mainEntityOfPage\":{\"@id\":\"https:\/\/teamsters.ca\/fr\/blog\/2016\/11\/11\/notre-engagement-envers-les-anciens-combattants\/\"},\"wordCount\":306,\"publisher\":{\"@id\":\"https:\/\/teamsters.ca\/fr\/#organization\"},\"image\":{\"@id\":\"https:\/\/teamsters.ca\/fr\/blog\/2016\/11\/11\/notre-engagement-envers-les-anciens-combattants\/#primaryimage\"},\"thumbnailUrl\":\"https:\/\/teamsters.ca\/wp-content\/uploads\/2016\/11\/poppies_remembrance-day.jpg\",\"articleSection\":[\"Autres\",\"Canada\",\"Nouvelles\",\"R\u00e9gion\"],\"inLanguage\":\"fr-CA\"},{\"@type\":\"WebPage\",\"@id\":\"https:\/\/teamsters.ca\/fr\/blog\/2016\/11\/11\/notre-engagement-envers-les-anciens-combattants\/\",\"url\":\"https:\/\/teamsters.ca\/fr\/blog\/2016\/11\/11\/notre-engagement-envers-les-anciens-combattants\/\",\"name\":\"Notre engagement envers les anciens combattants | Teamsters Canada\",\"isPartOf\":{\"@id\":\"https:\/\/teamsters.ca\/fr\/#website\"},\"primaryImageOfPage\":{\"@id\":\"https:\/\/teamsters.ca\/fr\/blog\/2016\/11\/11\/notre-engagement-envers-les-anciens-combattants\/#primaryimage\"},\"image\":{\"@id\":\"https:\/\/teamsters.ca\/fr\/blog\/2016\/11\/11\/notre-engagement-envers-les-anciens-combattants\/#primaryimage\"},\"thumbnailUrl\":\"https:\/\/teamsters.ca\/wp-content\/uploads\/2016\/11\/poppies_remembrance-day.jpg\",\"datePublished\":\"2016-11-11T17:05:42+00:00\",\"dateModified\":\"2019-06-27T20:38:51+00:00\",\"breadcrumb\":{\"@id\":\"https:\/\/teamsters.ca\/fr\/blog\/2016\/11\/11\/notre-engagement-envers-les-anciens-combattants\/#breadcrumb\"},\"inLanguage\":\"fr-CA\",\"potentialAction\":[{\"@type\":\"ReadAction\",\"target\":[\"https:\/\/teamsters.ca\/fr\/blog\/2016\/11\/11\/notre-engagement-envers-les-anciens-combattants\/\"]}]},{\"@type\":\"ImageObject\",\"inLanguage\":\"fr-CA\",\"@id\":\"https:\/\/teamsters.ca\/fr\/blog\/2016\/11\/11\/notre-engagement-envers-les-anciens-combattants\/#primaryimage\",\"url\":\"https:\/\/teamsters.ca\/wp-content\/uploads\/2016\/11\/poppies_remembrance-day.jpg\",\"contentUrl\":\"https:\/\/teamsters.ca\/wp-content\/uploads\/2016\/11\/poppies_remembrance-day.jpg\",\"width\":1166,\"height\":674,\"caption\":\"A person places a flag alongside thousands of poppies left on the Tomb of the Unknown Soldier following Remembrance Day ceremonies at the National War Memorial in Ottawa Friday, Nov. 11, 2005.(CP PHOTO\/Tom Hanson)\"},{\"@type\":\"BreadcrumbList\",\"@id\":\"https:\/\/teamsters.ca\/fr\/blog\/2016\/11\/11\/notre-engagement-envers-les-anciens-combattants\/#breadcrumb\",\"itemListElement\":[{\"@type\":\"ListItem\",\"position\":1,\"name\":\"Home\",\"item\":\"https:\/\/teamsters.ca\/fr\/\"},{\"@type\":\"ListItem\",\"position\":2,\"name\":\"Notre engagement envers les anciens combattants\"}]},{\"@type\":\"WebSite\",\"@id\":\"https:\/\/teamsters.ca\/fr\/#website\",\"url\":\"https:\/\/teamsters.ca\/fr\/\",\"name\":\"Teamsters Canada\",\"description\":\"A Canadian union representing over 125 000 members\",\"publisher\":{\"@id\":\"https:\/\/teamsters.ca\/fr\/#organization\"},\"potentialAction\":[{\"@type\":\"SearchAction\",\"target\":{\"@type\":\"EntryPoint\",\"urlTemplate\":\"https:\/\/teamsters.ca\/fr\/?s={search_term_string}\"},\"query-input\":{\"@type\":\"PropertyValueSpecification\",\"valueRequired\":true,\"valueName\":\"search_term_string\"}}],\"inLanguage\":\"fr-CA\"},{\"@type\":\"Organization\",\"@id\":\"https:\/\/teamsters.ca\/fr\/#organization\",\"name\":\"Teamsters Canada\",\"url\":\"https:\/\/teamsters.ca\/fr\/\",\"logo\":{\"@type\":\"ImageObject\",\"inLanguage\":\"fr-CA\",\"@id\":\"https:\/\/teamsters.ca\/fr\/#\/schema\/logo\/image\/\",\"url\":\"https:\/\/teamsters.ca\/wp-content\/uploads\/2019\/08\/TeamstersCanada.png\",\"contentUrl\":\"https:\/\/teamsters.ca\/wp-content\/uploads\/2019\/08\/TeamstersCanada.png\",\"width\":545,\"height\":181,\"caption\":\"Teamsters Canada\"},\"image\":{\"@id\":\"https:\/\/teamsters.ca\/fr\/#\/schema\/logo\/image\/\"},\"sameAs\":[\"https:\/\/www.facebook.com\/Teamsterscanada\/\",\"https:\/\/x.com\/TeamstersCanada\"]},{\"@type\":\"Person\",\"@id\":\"https:\/\/teamsters.ca\/fr\/#\/schema\/person\/3e6ffefc39fe2f212400b7d8d0a4a0c1\",\"name\":\"St\u00e9phanie Meunier\",\"image\":{\"@type\":\"ImageObject\",\"inLanguage\":\"fr-CA\",\"@id\":\"https:\/\/teamsters.ca\/fr\/#\/schema\/person\/image\/\",\"url\":\"https:\/\/secure.gravatar.com\/avatar\/e4e8404e91ed71cb473fa2708849669810cf083c89825a3d2dd0d47dd6b2be77?s=96&d=mm&r=g\",\"contentUrl\":\"https:\/\/secure.gravatar.com\/avatar\/e4e8404e91ed71cb473fa2708849669810cf083c89825a3d2dd0d47dd6b2be77?s=96&d=mm&r=g\",\"caption\":\"St\u00e9phanie Meunier\"},\"url\":\"https:\/\/teamsters.ca\/fr\/blog\/author\/smeunier\/\"}]}<\/script>\n<!-- \/ Yoast SEO Premium plugin. -->","yoast_head_json":{"title":"Notre engagement envers les anciens combattants | Teamsters Canada","robots":{"index":"index","follow":"follow","max-snippet":"max-snippet:-1","max-image-preview":"max-image-preview:large","max-video-preview":"max-video-preview:-1"},"canonical":"https:\/\/teamsters.ca\/fr\/blog\/2016\/11\/11\/notre-engagement-envers-les-anciens-combattants\/","og_locale":"fr_CA","og_type":"article","og_title":"Notre engagement envers les anciens combattants","og_description":"Le syndicat des Teamsters reconnait l&rsquo;h\u00e9ro\u00efsme et le sacrifice de nos v\u00e9t\u00e9rans. C&rsquo;est pourquoi nous sommes si fiers d\u2019appuyer nos anciens combattants. Au cours des deux derni\u00e8res ann\u00e9es, cet appui s&rsquo;est concr\u00e9tis\u00e9 autour d&rsquo;une campagne avec Du R\u00e9giment aux B\u00e2timents, une organisation qui aide les v\u00e9t\u00e9rans \u00e0 trouver un emploi. Notre objectif fut de convaincre [&hellip;]","og_url":"https:\/\/teamsters.ca\/fr\/blog\/2016\/11\/11\/notre-engagement-envers-les-anciens-combattants\/","og_site_name":"Teamsters Canada","article_publisher":"https:\/\/www.facebook.com\/Teamsterscanada\/","article_published_time":"2016-11-11T17:05:42+00:00","article_modified_time":"2019-06-27T20:38:51+00:00","og_image":[{"width":1166,"height":674,"url":"https:\/\/teamsters.ca\/wp-content\/uploads\/2016\/11\/poppies_remembrance-day.jpg","type":"image\/jpeg"}],"author":"St\u00e9phanie Meunier","twitter_card":"summary_large_image","twitter_creator":"@TeamstersCanada","twitter_site":"@TeamstersCanada","twitter_misc":{"\u00c9crit par":"St\u00e9phanie Meunier","Estimation du temps de lecture":"2 minutes"},"schema":{"@context":"https:\/\/schema.org","@graph":[{"@type":"Article","@id":"https:\/\/teamsters.ca\/fr\/blog\/2016\/11\/11\/notre-engagement-envers-les-anciens-combattants\/#article","isPartOf":{"@id":"https:\/\/teamsters.ca\/fr\/blog\/2016\/11\/11\/notre-engagement-envers-les-anciens-combattants\/"},"author":{"name":"St\u00e9phanie Meunier","@id":"https:\/\/teamsters.ca\/fr\/#\/schema\/person\/3e6ffefc39fe2f212400b7d8d0a4a0c1"},"headline":"Notre engagement envers les anciens combattants","datePublished":"2016-11-11T17:05:42+00:00","dateModified":"2019-06-27T20:38:51+00:00","mainEntityOfPage":{"@id":"https:\/\/teamsters.ca\/fr\/blog\/2016\/11\/11\/notre-engagement-envers-les-anciens-combattants\/"},"wordCount":306,"publisher":{"@id":"https:\/\/teamsters.ca\/fr\/#organization"},"image":{"@id":"https:\/\/teamsters.ca\/fr\/blog\/2016\/11\/11\/notre-engagement-envers-les-anciens-combattants\/#primaryimage"},"thumbnailUrl":"https:\/\/teamsters.ca\/wp-content\/uploads\/2016\/11\/poppies_remembrance-day.jpg","articleSection":["Autres","Canada","Nouvelles","R\u00e9gion"],"inLanguage":"fr-CA"},{"@type":"WebPage","@id":"https:\/\/teamsters.ca\/fr\/blog\/2016\/11\/11\/notre-engagement-envers-les-anciens-combattants\/","url":"https:\/\/teamsters.ca\/fr\/blog\/2016\/11\/11\/notre-engagement-envers-les-anciens-combattants\/","name":"Notre engagement envers les anciens combattants | Teamsters Canada","isPartOf":{"@id":"https:\/\/teamsters.ca\/fr\/#website"},"primaryImageOfPage":{"@id":"https:\/\/teamsters.ca\/fr\/blog\/2016\/11\/11\/notre-engagement-envers-les-anciens-combattants\/#primaryimage"},"image":{"@id":"https:\/\/teamsters.ca\/fr\/blog\/2016\/11\/11\/notre-engagement-envers-les-anciens-combattants\/#primaryimage"},"thumbnailUrl":"https:\/\/teamsters.ca\/wp-content\/uploads\/2016\/11\/poppies_remembrance-day.jpg","datePublished":"2016-11-11T17:05:42+00:00","dateModified":"2019-06-27T20:38:51+00:00","breadcrumb":{"@id":"https:\/\/teamsters.ca\/fr\/blog\/2016\/11\/11\/notre-engagement-envers-les-anciens-combattants\/#breadcrumb"},"inLanguage":"fr-CA","potentialAction":[{"@type":"ReadAction","target":["https:\/\/teamsters.ca\/fr\/blog\/2016\/11\/11\/notre-engagement-envers-les-anciens-combattants\/"]}]},{"@type":"ImageObject","inLanguage":"fr-CA","@id":"https:\/\/teamsters.ca\/fr\/blog\/2016\/11\/11\/notre-engagement-envers-les-anciens-combattants\/#primaryimage","url":"https:\/\/teamsters.ca\/wp-content\/uploads\/2016\/11\/poppies_remembrance-day.jpg","contentUrl":"https:\/\/teamsters.ca\/wp-content\/uploads\/2016\/11\/poppies_remembrance-day.jpg","width":1166,"height":674,"caption":"A person places a flag alongside thousands of poppies left on the Tomb of the Unknown Soldier following Remembrance Day ceremonies at the National War Memorial in Ottawa Friday, Nov. 11, 2005.(CP PHOTO\/Tom Hanson)"},{"@type":"BreadcrumbList","@id":"https:\/\/teamsters.ca\/fr\/blog\/2016\/11\/11\/notre-engagement-envers-les-anciens-combattants\/#breadcrumb","itemListElement":[{"@type":"ListItem","position":1,"name":"Home","item":"https:\/\/teamsters.ca\/fr\/"},{"@type":"ListItem","position":2,"name":"Notre engagement envers les anciens combattants"}]},{"@type":"WebSite","@id":"https:\/\/teamsters.ca\/fr\/#website","url":"https:\/\/teamsters.ca\/fr\/","name":"Teamsters Canada","description":"A Canadian union representing over 125 000 members","publisher":{"@id":"https:\/\/teamsters.ca\/fr\/#organization"},"potentialAction":[{"@type":"SearchAction","target":{"@type":"EntryPoint","urlTemplate":"https:\/\/teamsters.ca\/fr\/?s={search_term_string}"},"query-input":{"@type":"PropertyValueSpecification","valueRequired":true,"valueName":"search_term_string"}}],"inLanguage":"fr-CA"},{"@type":"Organization","@id":"https:\/\/teamsters.ca\/fr\/#organization","name":"Teamsters Canada","url":"https:\/\/teamsters.ca\/fr\/","logo":{"@type":"ImageObject","inLanguage":"fr-CA","@id":"https:\/\/teamsters.ca\/fr\/#\/schema\/logo\/image\/","url":"https:\/\/teamsters.ca\/wp-content\/uploads\/2019\/08\/TeamstersCanada.png","contentUrl":"https:\/\/teamsters.ca\/wp-content\/uploads\/2019\/08\/TeamstersCanada.png","width":545,"height":181,"caption":"Teamsters Canada"},"image":{"@id":"https:\/\/teamsters.ca\/fr\/#\/schema\/logo\/image\/"},"sameAs":["https:\/\/www.facebook.com\/Teamsterscanada\/","https:\/\/x.com\/TeamstersCanada"]},{"@type":"Person","@id":"https:\/\/teamsters.ca\/fr\/#\/schema\/person\/3e6ffefc39fe2f212400b7d8d0a4a0c1","name":"St\u00e9phanie Meunier","image":{"@type":"ImageObject","inLanguage":"fr-CA","@id":"https:\/\/teamsters.ca\/fr\/#\/schema\/person\/image\/","url":"https:\/\/secure.gravatar.com\/avatar\/e4e8404e91ed71cb473fa2708849669810cf083c89825a3d2dd0d47dd6b2be77?s=96&d=mm&r=g","contentUrl":"https:\/\/secure.gravatar.com\/avatar\/e4e8404e91ed71cb473fa2708849669810cf083c89825a3d2dd0d47dd6b2be77?s=96&d=mm&r=g","caption":"St\u00e9phanie Meunier"},"url":"https:\/\/teamsters.ca\/fr\/blog\/author\/smeunier\/"}]}},"_links":{"self":[{"href":"https:\/\/teamsters.ca\/fr\/wp-json\/wp\/v2\/posts\/6194","targetHints":{"allow":["GET"]}}],"collection":[{"href":"https:\/\/teamsters.ca\/fr\/wp-json\/wp\/v2\/posts"}],"about":[{"href":"https:\/\/teamsters.ca\/fr\/wp-json\/wp\/v2\/types\/post"}],"author":[{"embeddable":true,"href":"https:\/\/teamsters.ca\/fr\/wp-json\/wp\/v2\/users\/8"}],"replies":[{"embeddable":true,"href":"https:\/\/teamsters.ca\/fr\/wp-json\/wp\/v2\/comments?post=6194"}],"version-history":[{"count":1,"href":"https:\/\/teamsters.ca\/fr\/wp-json\/wp\/v2\/posts\/6194\/revisions"}],"predecessor-version":[{"id":10112,"href":"https:\/\/teamsters.ca\/fr\/wp-json\/wp\/v2\/posts\/6194\/revisions\/10112"}],"wp:featuredmedia":[{"embeddable":true,"href":"https:\/\/teamsters.ca\/fr\/wp-json\/wp\/v2\/media\/6188"}],"wp:attachment":[{"href":"https:\/\/teamsters.ca\/fr\/wp-json\/wp\/v2\/media?parent=6194"}],"wp:term":[{"taxonomy":"category","embeddable":true,"href":"https:\/\/teamsters.ca\/fr\/wp-json\/wp\/v2\/categories?post=6194"},{"taxonomy":"post_tag","embeddable":true,"href":"https:\/\/teamsters.ca\/fr\/wp-json\/wp\/v2\/tags?post=6194"}],"curies":[{"name":"wp","href":"https:\/\/api.w.org\/{rel}","templated":true}]}}