{"id":5974,"date":"2016-09-04T11:00:28","date_gmt":"2016-09-04T15:00:28","guid":{"rendered":"http:\/\/teamsters.ca\/?p=5974"},"modified":"2019-07-25T09:43:23","modified_gmt":"2019-07-25T13:43:23","slug":"message-du-president-francois-laporte-a-loccasion-de-la-fete-du-travail","status":"publish","type":"post","link":"https:\/\/teamsters.ca\/fr\/blog\/2016\/09\/04\/message-du-president-francois-laporte-a-loccasion-de-la-fete-du-travail\/","title":{"rendered":"Message du pr\u00e9sident Fran\u00e7ois Laporte \u00e0 l\u2019occasion de la f\u00eate du Travail"},"content":{"rendered":"<p>Ch\u00e8res consoeurs,<br \/>\nChers confr\u00e8res,<\/p>\n<p>La f\u00eate du Travail est plus qu\u2019une pause avant l\u2019automne, c\u2019est d\u2019abord et avant tout un moment pour se rappeler les grandes batailles syndicales du pass\u00e9\u2026 et celles que nous menons en ce moment. On se souviendra d\u2019ailleurs que cette f\u00eate prend son origine dans le combat pour instaurer la journ\u00e9e de travail de huit heures au 19e si\u00e8cle.<\/p>\n<p>Plus de 100 ans plus tard, notre organisation est engag\u00e9e dans des luttes importantes, notamment dans le transport ferroviaire et routier, o\u00f9 la journ\u00e9e de 8 heures n\u2019existe pratiquement pas. Le syndicat des Teamsters est aux premi\u00e8res loges des d\u00e9veloppements dans ces industries et constate que les travailleurs subissent une pression de plus en plus grande afin d\u2019\u00eatre plus productifs et d\u2019effectuer les livraisons en temps record.<\/p>\n<p>Depuis sa fondation en 1903, le syndicat des Teamsters pr\u00f4ne la sant\u00e9 et la s\u00e9curit\u00e9 des travailleurs et de la population. C\u2019est la raison pour laquelle nous avons \u00e0 coeur la gestion de la fatigue de nos membres dans l\u2019industrie des transports. Par ailleurs, les mises \u00e0 pied chez les grands transporteurs ferroviaires nous inqui\u00e8tent grandement et nous resterons tr\u00e8s vigilants afin de prot\u00e9ger les travailleurs ainsi que la population aux abords des voies ferr\u00e9es.<\/p>\n<p><strong>Le R\u00e9gime de pensions du Canada et l\u2019augmentation du salaire minimum<\/strong><\/p>\n<p>L\u2019une des grandes victoires syndicales de 2016 est l\u2019am\u00e9lioration apport\u00e9e au R\u00e9gime de pensions du Canada. Apr\u00e8s des ann\u00e9es de repr\u00e9sentations acharn\u00e9es de la part du mouvement ouvrier, le gouvernement canadien a finalement consenti \u00e0 bonifier ce r\u00e9gime.<\/p>\n<p>Nous demandions l\u2019am\u00e9lioration du r\u00e9gime de retraite canadien depuis des ann\u00e9es et je crois que le mouvement syndical peut \u00eatre fier puisque ses efforts permettront \u00e0 de nombreux futurs retrait\u00e9s d\u2019am\u00e9liorer leur sort.<\/p>\n<p>Une autre des grandes campagnes syndicales est celle qui concerne le salaire minimum. Le seuil de 15 $ de l\u2019heure, que le mouvement syndical r\u00e9clame depuis des ann\u00e9es, n\u2019est que le d\u00e9but d\u2019un r\u00e9ajustement qui permettra aux plus vuln\u00e9rables d\u2019entre nous de vivre d\u00e9cemment.<\/p>\n<p>Bref, il faut reconna\u00eetre que le mouvement syndical est aujourd\u2019hui encore la derni\u00e8re ligne de d\u00e9fense des travailleurs. Quand on pense au chemin parcouru depuis plus de 100 ans, ainsi qu\u2019aux batailles \u00e0 venir, il m\u2019apparait \u00e9vident que nous resterons pertinents tr\u00e8s longtemps.<\/p>\n<p>Sur ce, bonne f\u00eate du Travail et bon automne \u00e0 vous et \u00e0 votre famille!<\/p>\n<p>Fran\u00e7ois Laporte<br \/>\nPr\u00e9sident<br \/>\nTeamsters Canada<\/p>\n","protected":false},"excerpt":{"rendered":"<p>La f\u00eate du Travail est plus qu\u2019une pause avant l\u2019automne, c\u2019est d\u2019abord et avant tout un moment pour se rappeler les grandes batailles syndicales du pass\u00e9\u2026 et celles que nous menons en ce moment.<\/p>\n","protected":false},"author":8,"featured_media":5982,"comment_status":"closed","ping_status":"closed","sticky":false,"template":"","format":"standard","meta":{"ngg_post_thumbnail":0,"mc4wp_mailchimp_campaign":[],"footnotes":""},"categories":[1128,1140,1124,1114,1137],"tags":[],"class_list":{"0":"post-5974","1":"post","2":"type-post","3":"status-publish","4":"format-standard","5":"has-post-thumbnail","7":"category-autres","8":"category-canada-region-fr","9":"category-president-fr","10":"category-nouvelles","11":"category-region-fr"},"yoast_head":"<!-- This site is optimized with the Yoast SEO Premium plugin v25.5 (Yoast SEO v25.5) - https:\/\/yoast.com\/wordpress\/plugins\/seo\/ -->\n<title>Message du pr\u00e9sident Fran\u00e7ois Laporte \u00e0 l\u2019occasion de la f\u00eate du Travail | Teamsters Canada<\/title>\n<meta name=\"robots\" content=\"index, follow, max-snippet:-1, max-image-preview:large, max-video-preview:-1\" \/>\n<link rel=\"canonical\" href=\"https:\/\/teamsters.ca\/fr\/blog\/2016\/09\/04\/message-du-president-francois-laporte-a-loccasion-de-la-fete-du-travail\/\" \/>\n<meta property=\"og:locale\" content=\"fr_CA\" \/>\n<meta property=\"og:type\" content=\"article\" \/>\n<meta property=\"og:title\" content=\"Message du pr\u00e9sident Fran\u00e7ois Laporte \u00e0 l\u2019occasion de la f\u00eate du Travail\" \/>\n<meta property=\"og:description\" content=\"La f\u00eate du Travail est plus qu\u2019une pause avant l\u2019automne, c\u2019est d\u2019abord et avant tout un moment pour se rappeler les grandes batailles syndicales du pass\u00e9\u2026 et celles que nous menons en ce moment.\" \/>\n<meta property=\"og:url\" content=\"https:\/\/teamsters.ca\/fr\/blog\/2016\/09\/04\/message-du-president-francois-laporte-a-loccasion-de-la-fete-du-travail\/\" \/>\n<meta property=\"og:site_name\" content=\"Teamsters Canada\" \/>\n<meta property=\"article:publisher\" content=\"https:\/\/www.facebook.com\/Teamsterscanada\/\" \/>\n<meta property=\"article:published_time\" content=\"2016-09-04T15:00:28+00:00\" \/>\n<meta property=\"article:modified_time\" content=\"2019-07-25T13:43:23+00:00\" \/>\n<meta property=\"og:image\" content=\"https:\/\/teamsters.ca\/wp-content\/uploads\/2016\/09\/Francois-Laporte-President-Teamsters-Canada-1.jpg\" \/>\n\t<meta property=\"og:image:width\" content=\"1200\" \/>\n\t<meta property=\"og:image:height\" content=\"819\" \/>\n\t<meta property=\"og:image:type\" content=\"image\/jpeg\" \/>\n<meta name=\"author\" content=\"St\u00e9phanie Meunier\" \/>\n<meta name=\"twitter:card\" content=\"summary_large_image\" \/>\n<meta name=\"twitter:creator\" content=\"@TeamstersCanada\" \/>\n<meta name=\"twitter:site\" content=\"@TeamstersCanada\" \/>\n<meta name=\"twitter:label1\" content=\"\u00c9crit par\" \/>\n\t<meta name=\"twitter:data1\" content=\"St\u00e9phanie Meunier\" \/>\n\t<meta name=\"twitter:label2\" content=\"Estimation du temps de lecture\" \/>\n\t<meta name=\"twitter:data2\" content=\"2 minutes\" \/>\n<script type=\"application\/ld+json\" class=\"yoast-schema-graph\">{\"@context\":\"https:\/\/schema.org\",\"@graph\":[{\"@type\":\"Article\",\"@id\":\"https:\/\/teamsters.ca\/fr\/blog\/2016\/09\/04\/message-du-president-francois-laporte-a-loccasion-de-la-fete-du-travail\/#article\",\"isPartOf\":{\"@id\":\"https:\/\/teamsters.ca\/fr\/blog\/2016\/09\/04\/message-du-president-francois-laporte-a-loccasion-de-la-fete-du-travail\/\"},\"author\":{\"name\":\"St\u00e9phanie Meunier\",\"@id\":\"https:\/\/teamsters.ca\/fr\/#\/schema\/person\/3e6ffefc39fe2f212400b7d8d0a4a0c1\"},\"headline\":\"Message du pr\u00e9sident Fran\u00e7ois Laporte \u00e0 l\u2019occasion de la f\u00eate du Travail\",\"datePublished\":\"2016-09-04T15:00:28+00:00\",\"dateModified\":\"2019-07-25T13:43:23+00:00\",\"mainEntityOfPage\":{\"@id\":\"https:\/\/teamsters.ca\/fr\/blog\/2016\/09\/04\/message-du-president-francois-laporte-a-loccasion-de-la-fete-du-travail\/\"},\"wordCount\":460,\"publisher\":{\"@id\":\"https:\/\/teamsters.ca\/fr\/#organization\"},\"image\":{\"@id\":\"https:\/\/teamsters.ca\/fr\/blog\/2016\/09\/04\/message-du-president-francois-laporte-a-loccasion-de-la-fete-du-travail\/#primaryimage\"},\"thumbnailUrl\":\"https:\/\/teamsters.ca\/wp-content\/uploads\/2016\/09\/Francois-Laporte-President-Teamsters-Canada-1.jpg\",\"articleSection\":[\"Autres\",\"Canada\",\"Lettres du pr\u00e9sident\",\"Nouvelles\",\"R\u00e9gion\"],\"inLanguage\":\"fr-CA\"},{\"@type\":\"WebPage\",\"@id\":\"https:\/\/teamsters.ca\/fr\/blog\/2016\/09\/04\/message-du-president-francois-laporte-a-loccasion-de-la-fete-du-travail\/\",\"url\":\"https:\/\/teamsters.ca\/fr\/blog\/2016\/09\/04\/message-du-president-francois-laporte-a-loccasion-de-la-fete-du-travail\/\",\"name\":\"Message du pr\u00e9sident Fran\u00e7ois Laporte \u00e0 l\u2019occasion de la f\u00eate du Travail | Teamsters Canada\",\"isPartOf\":{\"@id\":\"https:\/\/teamsters.ca\/fr\/#website\"},\"primaryImageOfPage\":{\"@id\":\"https:\/\/teamsters.ca\/fr\/blog\/2016\/09\/04\/message-du-president-francois-laporte-a-loccasion-de-la-fete-du-travail\/#primaryimage\"},\"image\":{\"@id\":\"https:\/\/teamsters.ca\/fr\/blog\/2016\/09\/04\/message-du-president-francois-laporte-a-loccasion-de-la-fete-du-travail\/#primaryimage\"},\"thumbnailUrl\":\"https:\/\/teamsters.ca\/wp-content\/uploads\/2016\/09\/Francois-Laporte-President-Teamsters-Canada-1.jpg\",\"datePublished\":\"2016-09-04T15:00:28+00:00\",\"dateModified\":\"2019-07-25T13:43:23+00:00\",\"breadcrumb\":{\"@id\":\"https:\/\/teamsters.ca\/fr\/blog\/2016\/09\/04\/message-du-president-francois-laporte-a-loccasion-de-la-fete-du-travail\/#breadcrumb\"},\"inLanguage\":\"fr-CA\",\"potentialAction\":[{\"@type\":\"ReadAction\",\"target\":[\"https:\/\/teamsters.ca\/fr\/blog\/2016\/09\/04\/message-du-president-francois-laporte-a-loccasion-de-la-fete-du-travail\/\"]}]},{\"@type\":\"ImageObject\",\"inLanguage\":\"fr-CA\",\"@id\":\"https:\/\/teamsters.ca\/fr\/blog\/2016\/09\/04\/message-du-president-francois-laporte-a-loccasion-de-la-fete-du-travail\/#primaryimage\",\"url\":\"https:\/\/teamsters.ca\/wp-content\/uploads\/2016\/09\/Francois-Laporte-President-Teamsters-Canada-1.jpg\",\"contentUrl\":\"https:\/\/teamsters.ca\/wp-content\/uploads\/2016\/09\/Francois-Laporte-President-Teamsters-Canada-1.jpg\",\"width\":1200,\"height\":819,\"caption\":\"Fran\u00e7ois Laporte, President, Teamsters Canada\"},{\"@type\":\"BreadcrumbList\",\"@id\":\"https:\/\/teamsters.ca\/fr\/blog\/2016\/09\/04\/message-du-president-francois-laporte-a-loccasion-de-la-fete-du-travail\/#breadcrumb\",\"itemListElement\":[{\"@type\":\"ListItem\",\"position\":1,\"name\":\"Home\",\"item\":\"https:\/\/teamsters.ca\/fr\/\"},{\"@type\":\"ListItem\",\"position\":2,\"name\":\"Message du pr\u00e9sident Fran\u00e7ois Laporte \u00e0 l\u2019occasion de la f\u00eate du Travail\"}]},{\"@type\":\"WebSite\",\"@id\":\"https:\/\/teamsters.ca\/fr\/#website\",\"url\":\"https:\/\/teamsters.ca\/fr\/\",\"name\":\"Teamsters Canada\",\"description\":\"A Canadian union representing over 125 000 members\",\"publisher\":{\"@id\":\"https:\/\/teamsters.ca\/fr\/#organization\"},\"potentialAction\":[{\"@type\":\"SearchAction\",\"target\":{\"@type\":\"EntryPoint\",\"urlTemplate\":\"https:\/\/teamsters.ca\/fr\/?s={search_term_string}\"},\"query-input\":{\"@type\":\"PropertyValueSpecification\",\"valueRequired\":true,\"valueName\":\"search_term_string\"}}],\"inLanguage\":\"fr-CA\"},{\"@type\":\"Organization\",\"@id\":\"https:\/\/teamsters.ca\/fr\/#organization\",\"name\":\"Teamsters Canada\",\"url\":\"https:\/\/teamsters.ca\/fr\/\",\"logo\":{\"@type\":\"ImageObject\",\"inLanguage\":\"fr-CA\",\"@id\":\"https:\/\/teamsters.ca\/fr\/#\/schema\/logo\/image\/\",\"url\":\"https:\/\/teamsters.ca\/wp-content\/uploads\/2019\/08\/TeamstersCanada.png\",\"contentUrl\":\"https:\/\/teamsters.ca\/wp-content\/uploads\/2019\/08\/TeamstersCanada.png\",\"width\":545,\"height\":181,\"caption\":\"Teamsters Canada\"},\"image\":{\"@id\":\"https:\/\/teamsters.ca\/fr\/#\/schema\/logo\/image\/\"},\"sameAs\":[\"https:\/\/www.facebook.com\/Teamsterscanada\/\",\"https:\/\/x.com\/TeamstersCanada\"]},{\"@type\":\"Person\",\"@id\":\"https:\/\/teamsters.ca\/fr\/#\/schema\/person\/3e6ffefc39fe2f212400b7d8d0a4a0c1\",\"name\":\"St\u00e9phanie Meunier\",\"image\":{\"@type\":\"ImageObject\",\"inLanguage\":\"fr-CA\",\"@id\":\"https:\/\/teamsters.ca\/fr\/#\/schema\/person\/image\/\",\"url\":\"https:\/\/secure.gravatar.com\/avatar\/e4e8404e91ed71cb473fa2708849669810cf083c89825a3d2dd0d47dd6b2be77?s=96&d=mm&r=g\",\"contentUrl\":\"https:\/\/secure.gravatar.com\/avatar\/e4e8404e91ed71cb473fa2708849669810cf083c89825a3d2dd0d47dd6b2be77?s=96&d=mm&r=g\",\"caption\":\"St\u00e9phanie Meunier\"},\"url\":\"https:\/\/teamsters.ca\/fr\/blog\/author\/smeunier\/\"}]}<\/script>\n<!-- \/ Yoast SEO Premium plugin. -->","yoast_head_json":{"title":"Message du pr\u00e9sident Fran\u00e7ois Laporte \u00e0 l\u2019occasion de la f\u00eate du Travail | Teamsters Canada","robots":{"index":"index","follow":"follow","max-snippet":"max-snippet:-1","max-image-preview":"max-image-preview:large","max-video-preview":"max-video-preview:-1"},"canonical":"https:\/\/teamsters.ca\/fr\/blog\/2016\/09\/04\/message-du-president-francois-laporte-a-loccasion-de-la-fete-du-travail\/","og_locale":"fr_CA","og_type":"article","og_title":"Message du pr\u00e9sident Fran\u00e7ois Laporte \u00e0 l\u2019occasion de la f\u00eate du Travail","og_description":"La f\u00eate du Travail est plus qu\u2019une pause avant l\u2019automne, c\u2019est d\u2019abord et avant tout un moment pour se rappeler les grandes batailles syndicales du pass\u00e9\u2026 et celles que nous menons en ce moment.","og_url":"https:\/\/teamsters.ca\/fr\/blog\/2016\/09\/04\/message-du-president-francois-laporte-a-loccasion-de-la-fete-du-travail\/","og_site_name":"Teamsters Canada","article_publisher":"https:\/\/www.facebook.com\/Teamsterscanada\/","article_published_time":"2016-09-04T15:00:28+00:00","article_modified_time":"2019-07-25T13:43:23+00:00","og_image":[{"width":1200,"height":819,"url":"https:\/\/teamsters.ca\/wp-content\/uploads\/2016\/09\/Francois-Laporte-President-Teamsters-Canada-1.jpg","type":"image\/jpeg"}],"author":"St\u00e9phanie Meunier","twitter_card":"summary_large_image","twitter_creator":"@TeamstersCanada","twitter_site":"@TeamstersCanada","twitter_misc":{"\u00c9crit par":"St\u00e9phanie Meunier","Estimation du temps de lecture":"2 minutes"},"schema":{"@context":"https:\/\/schema.org","@graph":[{"@type":"Article","@id":"https:\/\/teamsters.ca\/fr\/blog\/2016\/09\/04\/message-du-president-francois-laporte-a-loccasion-de-la-fete-du-travail\/#article","isPartOf":{"@id":"https:\/\/teamsters.ca\/fr\/blog\/2016\/09\/04\/message-du-president-francois-laporte-a-loccasion-de-la-fete-du-travail\/"},"author":{"name":"St\u00e9phanie Meunier","@id":"https:\/\/teamsters.ca\/fr\/#\/schema\/person\/3e6ffefc39fe2f212400b7d8d0a4a0c1"},"headline":"Message du pr\u00e9sident Fran\u00e7ois Laporte \u00e0 l\u2019occasion de la f\u00eate du Travail","datePublished":"2016-09-04T15:00:28+00:00","dateModified":"2019-07-25T13:43:23+00:00","mainEntityOfPage":{"@id":"https:\/\/teamsters.ca\/fr\/blog\/2016\/09\/04\/message-du-president-francois-laporte-a-loccasion-de-la-fete-du-travail\/"},"wordCount":460,"publisher":{"@id":"https:\/\/teamsters.ca\/fr\/#organization"},"image":{"@id":"https:\/\/teamsters.ca\/fr\/blog\/2016\/09\/04\/message-du-president-francois-laporte-a-loccasion-de-la-fete-du-travail\/#primaryimage"},"thumbnailUrl":"https:\/\/teamsters.ca\/wp-content\/uploads\/2016\/09\/Francois-Laporte-President-Teamsters-Canada-1.jpg","articleSection":["Autres","Canada","Lettres du pr\u00e9sident","Nouvelles","R\u00e9gion"],"inLanguage":"fr-CA"},{"@type":"WebPage","@id":"https:\/\/teamsters.ca\/fr\/blog\/2016\/09\/04\/message-du-president-francois-laporte-a-loccasion-de-la-fete-du-travail\/","url":"https:\/\/teamsters.ca\/fr\/blog\/2016\/09\/04\/message-du-president-francois-laporte-a-loccasion-de-la-fete-du-travail\/","name":"Message du pr\u00e9sident Fran\u00e7ois Laporte \u00e0 l\u2019occasion de la f\u00eate du Travail | Teamsters Canada","isPartOf":{"@id":"https:\/\/teamsters.ca\/fr\/#website"},"primaryImageOfPage":{"@id":"https:\/\/teamsters.ca\/fr\/blog\/2016\/09\/04\/message-du-president-francois-laporte-a-loccasion-de-la-fete-du-travail\/#primaryimage"},"image":{"@id":"https:\/\/teamsters.ca\/fr\/blog\/2016\/09\/04\/message-du-president-francois-laporte-a-loccasion-de-la-fete-du-travail\/#primaryimage"},"thumbnailUrl":"https:\/\/teamsters.ca\/wp-content\/uploads\/2016\/09\/Francois-Laporte-President-Teamsters-Canada-1.jpg","datePublished":"2016-09-04T15:00:28+00:00","dateModified":"2019-07-25T13:43:23+00:00","breadcrumb":{"@id":"https:\/\/teamsters.ca\/fr\/blog\/2016\/09\/04\/message-du-president-francois-laporte-a-loccasion-de-la-fete-du-travail\/#breadcrumb"},"inLanguage":"fr-CA","potentialAction":[{"@type":"ReadAction","target":["https:\/\/teamsters.ca\/fr\/blog\/2016\/09\/04\/message-du-president-francois-laporte-a-loccasion-de-la-fete-du-travail\/"]}]},{"@type":"ImageObject","inLanguage":"fr-CA","@id":"https:\/\/teamsters.ca\/fr\/blog\/2016\/09\/04\/message-du-president-francois-laporte-a-loccasion-de-la-fete-du-travail\/#primaryimage","url":"https:\/\/teamsters.ca\/wp-content\/uploads\/2016\/09\/Francois-Laporte-President-Teamsters-Canada-1.jpg","contentUrl":"https:\/\/teamsters.ca\/wp-content\/uploads\/2016\/09\/Francois-Laporte-President-Teamsters-Canada-1.jpg","width":1200,"height":819,"caption":"Fran\u00e7ois Laporte, President, Teamsters Canada"},{"@type":"BreadcrumbList","@id":"https:\/\/teamsters.ca\/fr\/blog\/2016\/09\/04\/message-du-president-francois-laporte-a-loccasion-de-la-fete-du-travail\/#breadcrumb","itemListElement":[{"@type":"ListItem","position":1,"name":"Home","item":"https:\/\/teamsters.ca\/fr\/"},{"@type":"ListItem","position":2,"name":"Message du pr\u00e9sident Fran\u00e7ois Laporte \u00e0 l\u2019occasion de la f\u00eate du Travail"}]},{"@type":"WebSite","@id":"https:\/\/teamsters.ca\/fr\/#website","url":"https:\/\/teamsters.ca\/fr\/","name":"Teamsters Canada","description":"A Canadian union representing over 125 000 members","publisher":{"@id":"https:\/\/teamsters.ca\/fr\/#organization"},"potentialAction":[{"@type":"SearchAction","target":{"@type":"EntryPoint","urlTemplate":"https:\/\/teamsters.ca\/fr\/?s={search_term_string}"},"query-input":{"@type":"PropertyValueSpecification","valueRequired":true,"valueName":"search_term_string"}}],"inLanguage":"fr-CA"},{"@type":"Organization","@id":"https:\/\/teamsters.ca\/fr\/#organization","name":"Teamsters Canada","url":"https:\/\/teamsters.ca\/fr\/","logo":{"@type":"ImageObject","inLanguage":"fr-CA","@id":"https:\/\/teamsters.ca\/fr\/#\/schema\/logo\/image\/","url":"https:\/\/teamsters.ca\/wp-content\/uploads\/2019\/08\/TeamstersCanada.png","contentUrl":"https:\/\/teamsters.ca\/wp-content\/uploads\/2019\/08\/TeamstersCanada.png","width":545,"height":181,"caption":"Teamsters Canada"},"image":{"@id":"https:\/\/teamsters.ca\/fr\/#\/schema\/logo\/image\/"},"sameAs":["https:\/\/www.facebook.com\/Teamsterscanada\/","https:\/\/x.com\/TeamstersCanada"]},{"@type":"Person","@id":"https:\/\/teamsters.ca\/fr\/#\/schema\/person\/3e6ffefc39fe2f212400b7d8d0a4a0c1","name":"St\u00e9phanie Meunier","image":{"@type":"ImageObject","inLanguage":"fr-CA","@id":"https:\/\/teamsters.ca\/fr\/#\/schema\/person\/image\/","url":"https:\/\/secure.gravatar.com\/avatar\/e4e8404e91ed71cb473fa2708849669810cf083c89825a3d2dd0d47dd6b2be77?s=96&d=mm&r=g","contentUrl":"https:\/\/secure.gravatar.com\/avatar\/e4e8404e91ed71cb473fa2708849669810cf083c89825a3d2dd0d47dd6b2be77?s=96&d=mm&r=g","caption":"St\u00e9phanie Meunier"},"url":"https:\/\/teamsters.ca\/fr\/blog\/author\/smeunier\/"}]}},"_links":{"self":[{"href":"https:\/\/teamsters.ca\/fr\/wp-json\/wp\/v2\/posts\/5974","targetHints":{"allow":["GET"]}}],"collection":[{"href":"https:\/\/teamsters.ca\/fr\/wp-json\/wp\/v2\/posts"}],"about":[{"href":"https:\/\/teamsters.ca\/fr\/wp-json\/wp\/v2\/types\/post"}],"author":[{"embeddable":true,"href":"https:\/\/teamsters.ca\/fr\/wp-json\/wp\/v2\/users\/8"}],"replies":[{"embeddable":true,"href":"https:\/\/teamsters.ca\/fr\/wp-json\/wp\/v2\/comments?post=5974"}],"version-history":[{"count":2,"href":"https:\/\/teamsters.ca\/fr\/wp-json\/wp\/v2\/posts\/5974\/revisions"}],"predecessor-version":[{"id":13847,"href":"https:\/\/teamsters.ca\/fr\/wp-json\/wp\/v2\/posts\/5974\/revisions\/13847"}],"wp:featuredmedia":[{"embeddable":true,"href":"https:\/\/teamsters.ca\/fr\/wp-json\/wp\/v2\/media\/5982"}],"wp:attachment":[{"href":"https:\/\/teamsters.ca\/fr\/wp-json\/wp\/v2\/media?parent=5974"}],"wp:term":[{"taxonomy":"category","embeddable":true,"href":"https:\/\/teamsters.ca\/fr\/wp-json\/wp\/v2\/categories?post=5974"},{"taxonomy":"post_tag","embeddable":true,"href":"https:\/\/teamsters.ca\/fr\/wp-json\/wp\/v2\/tags?post=5974"}],"curies":[{"name":"wp","href":"https:\/\/api.w.org\/{rel}","templated":true}]}}