{"id":5839,"date":"2016-07-13T11:55:17","date_gmt":"2016-07-13T15:55:17","guid":{"rendered":"http:\/\/teamsters.ca\/?p=5839"},"modified":"2019-06-27T20:38:54","modified_gmt":"2019-06-27T20:38:54","slug":"greve-au-manoir-sainte-julie-des-residences-soleil","status":"publish","type":"post","link":"https:\/\/teamsters.ca\/fr\/blog\/2016\/07\/13\/greve-au-manoir-sainte-julie-des-residences-soleil\/","title":{"rendered":"Gr\u00e8ve au Manoir Sainte-Julie des R\u00e9sidences Soleil"},"content":{"rendered":"<p>Les Teamsters se sont engag\u00e9s \u00e0 assurer 100 % des services aux r\u00e9sidents et ainsi, garantir leur bien-\u00eatre\u2026<\/p>\n<p>Laval, 13 juillet 2016 \u2014 La gr\u00e8ve sera d\u00e9clench\u00e9e demain matin au Manoir Sainte-Julie, une r\u00e9sidence pour personnes \u00e2g\u00e9es du propri\u00e9taire milliardaire des R\u00e9sidences Soleil, Eddy Savoie.<\/p>\n<p>Les travailleurs ont majoritairement rejet\u00e9 les trois propositions de l\u2019employeur d\u00e9pos\u00e9es en avril, en juin et en juillet. Ces pr\u00e9pos\u00e9s aux b\u00e9n\u00e9ficiaires exigent notamment des augmentations substantielles qui refl\u00e8teront la qualit\u00e9 de leur travail et leur d\u00e9vouement.<\/p>\n<p>Les quelque 74 travailleurs et travailleuses, repr\u00e9sent\u00e9s par le syndicat des Teamsters, feront du piquetage devant l\u2019\u00e9tablissement lors de leurs cong\u00e9s ou leurs pauses. Il s\u2019agit d\u2019une premi\u00e8re puisque les Teamsters se sont engag\u00e9s \u00e0 assurer 100 % des services aux r\u00e9sidents.<\/p>\n<p>\u00ab Nous estimons que le confort de nos a\u00een\u00e9s est plus important que tout, explique le pr\u00e9sident de la Section locale 106 des Teamsters, Jean Chartrand. Ils nous le rendent bien puisque plusieurs d\u2019entre eux sont venus nous voir au cours des derni\u00e8res semaines pour exprimer leur solidarit\u00e9 \u00e0 l\u2019\u00e9gard de nos revendications. \u00bb<\/p>\n<p>Les travailleurs r\u00e9clament une augmentation de 1,50 $ l\u2019heure pour un contrat de travail d\u2019une dur\u00e9e de deux ans, ainsi que l\u2019\u00e9tablissement de primes de nuit.<\/p>\n<p>La derni\u00e8re convention collective est \u00e9chue depuis le 18 septembre 2015.<\/p>\n<p>\u00ab Personne ne pourra reprocher aux Teamsters de ne pas respecter les a\u00een\u00e9s, termine le syndicaliste. \u00c0 Eddy Savoie maintenant de d\u00e9montrer qu\u2019il respecte ses travailleurs. \u00bb<\/p>\n<p><em>Les Teamsters repr\u00e9sentent les int\u00e9r\u00eats de 120 000 membres au Canada dans tous les secteurs d\u2019activit\u00e9. La Fraternit\u00e9 internationale des Teamsters, \u00e0 laquelle Teamsters Canada est affili\u00e9, compte 1,4 million de membres en Am\u00e9rique du Nord.<\/em><\/p>\n<p style=\"text-align: center;\">-30-<\/p>\n<p>Renseignements :<\/p>\n<p>St\u00e9phane Lacroix, directeur des relations publiques<br \/>\nCell : 514 609-5101<br \/>\n<a href=\"mailto:slacroix@teamsters.ca\">slacroix@teamsters.ca<\/a><\/p>\n","protected":false},"excerpt":{"rendered":"<p>Les Teamsters se sont engag\u00e9s \u00e0 assurer 100 % des services aux r\u00e9sidents et ainsi, garantir leur bien-\u00eatre. Les travailleurs ont majoritairement rejet\u00e9 les propositions de l\u2019employeur, et la gr\u00e8ve sera d\u00e9clench\u00e9e demain matin au Manoir Sainte-Julie, une r\u00e9sidence pour personnes \u00e2g\u00e9es du propri\u00e9taire milliardaire des R\u00e9sidences Soleil, Eddy Savoie.<\/p>\n","protected":false},"author":8,"featured_media":5835,"comment_status":"closed","ping_status":"closed","sticky":false,"template":"","format":"standard","meta":{"ngg_post_thumbnail":0,"mc4wp_mailchimp_campaign":[],"footnotes":""},"categories":[1128,1114,1145,1137],"tags":[],"class_list":{"0":"post-5839","1":"post","2":"type-post","3":"status-publish","4":"format-standard","5":"has-post-thumbnail","7":"category-autres","8":"category-nouvelles","9":"category-quebec-fr","10":"category-region-fr"},"yoast_head":"<!-- This site is optimized with the Yoast SEO Premium plugin v25.5 (Yoast SEO v25.5) - https:\/\/yoast.com\/wordpress\/plugins\/seo\/ -->\n<title>Gr\u00e8ve au Manoir Sainte-Julie des R\u00e9sidences Soleil | Teamsters Canada<\/title>\n<meta name=\"robots\" content=\"index, follow, max-snippet:-1, max-image-preview:large, max-video-preview:-1\" \/>\n<link rel=\"canonical\" href=\"https:\/\/teamsters.ca\/fr\/blog\/2016\/07\/13\/greve-au-manoir-sainte-julie-des-residences-soleil\/\" \/>\n<meta property=\"og:locale\" content=\"fr_CA\" \/>\n<meta property=\"og:type\" content=\"article\" \/>\n<meta property=\"og:title\" content=\"Gr\u00e8ve au Manoir Sainte-Julie des R\u00e9sidences Soleil\" \/>\n<meta property=\"og:description\" content=\"Les Teamsters se sont engag\u00e9s \u00e0 assurer 100 % des services aux r\u00e9sidents et ainsi, garantir leur bien-\u00eatre. Les travailleurs ont majoritairement rejet\u00e9 les propositions de l\u2019employeur, et la gr\u00e8ve sera d\u00e9clench\u00e9e demain matin au Manoir Sainte-Julie, une r\u00e9sidence pour personnes \u00e2g\u00e9es du propri\u00e9taire milliardaire des R\u00e9sidences Soleil, Eddy Savoie.\" \/>\n<meta property=\"og:url\" content=\"https:\/\/teamsters.ca\/fr\/blog\/2016\/07\/13\/greve-au-manoir-sainte-julie-des-residences-soleil\/\" \/>\n<meta property=\"og:site_name\" content=\"Teamsters Canada\" \/>\n<meta property=\"article:publisher\" content=\"https:\/\/www.facebook.com\/Teamsterscanada\/\" \/>\n<meta property=\"article:published_time\" content=\"2016-07-13T15:55:17+00:00\" \/>\n<meta property=\"article:modified_time\" content=\"2019-06-27T20:38:54+00:00\" \/>\n<meta property=\"og:image\" content=\"https:\/\/teamsters.ca\/wp-content\/uploads\/2016\/07\/CnLzECRXYAQVp4H.jpg\" \/>\n\t<meta property=\"og:image:width\" content=\"745\" \/>\n\t<meta property=\"og:image:height\" content=\"466\" \/>\n\t<meta property=\"og:image:type\" content=\"image\/jpeg\" \/>\n<meta name=\"author\" content=\"St\u00e9phanie Meunier\" \/>\n<meta name=\"twitter:card\" content=\"summary_large_image\" \/>\n<meta name=\"twitter:creator\" content=\"@TeamstersCanada\" \/>\n<meta name=\"twitter:site\" content=\"@TeamstersCanada\" \/>\n<meta name=\"twitter:label1\" content=\"\u00c9crit par\" \/>\n\t<meta name=\"twitter:data1\" content=\"St\u00e9phanie Meunier\" \/>\n\t<meta name=\"twitter:label2\" content=\"Estimation du temps de lecture\" \/>\n\t<meta name=\"twitter:data2\" content=\"2 minutes\" \/>\n<script type=\"application\/ld+json\" class=\"yoast-schema-graph\">{\"@context\":\"https:\/\/schema.org\",\"@graph\":[{\"@type\":\"Article\",\"@id\":\"https:\/\/teamsters.ca\/fr\/blog\/2016\/07\/13\/greve-au-manoir-sainte-julie-des-residences-soleil\/#article\",\"isPartOf\":{\"@id\":\"https:\/\/teamsters.ca\/fr\/blog\/2016\/07\/13\/greve-au-manoir-sainte-julie-des-residences-soleil\/\"},\"author\":{\"name\":\"St\u00e9phanie Meunier\",\"@id\":\"https:\/\/teamsters.ca\/fr\/#\/schema\/person\/3e6ffefc39fe2f212400b7d8d0a4a0c1\"},\"headline\":\"Gr\u00e8ve au Manoir Sainte-Julie des R\u00e9sidences Soleil\",\"datePublished\":\"2016-07-13T15:55:17+00:00\",\"dateModified\":\"2019-06-27T20:38:54+00:00\",\"mainEntityOfPage\":{\"@id\":\"https:\/\/teamsters.ca\/fr\/blog\/2016\/07\/13\/greve-au-manoir-sainte-julie-des-residences-soleil\/\"},\"wordCount\":326,\"publisher\":{\"@id\":\"https:\/\/teamsters.ca\/fr\/#organization\"},\"image\":{\"@id\":\"https:\/\/teamsters.ca\/fr\/blog\/2016\/07\/13\/greve-au-manoir-sainte-julie-des-residences-soleil\/#primaryimage\"},\"thumbnailUrl\":\"https:\/\/teamsters.ca\/wp-content\/uploads\/2016\/07\/CnLzECRXYAQVp4H.jpg\",\"articleSection\":[\"Autres\",\"Nouvelles\",\"Qu\u00e9bec\",\"R\u00e9gion\"],\"inLanguage\":\"fr-CA\"},{\"@type\":\"WebPage\",\"@id\":\"https:\/\/teamsters.ca\/fr\/blog\/2016\/07\/13\/greve-au-manoir-sainte-julie-des-residences-soleil\/\",\"url\":\"https:\/\/teamsters.ca\/fr\/blog\/2016\/07\/13\/greve-au-manoir-sainte-julie-des-residences-soleil\/\",\"name\":\"Gr\u00e8ve au Manoir Sainte-Julie des R\u00e9sidences Soleil | Teamsters Canada\",\"isPartOf\":{\"@id\":\"https:\/\/teamsters.ca\/fr\/#website\"},\"primaryImageOfPage\":{\"@id\":\"https:\/\/teamsters.ca\/fr\/blog\/2016\/07\/13\/greve-au-manoir-sainte-julie-des-residences-soleil\/#primaryimage\"},\"image\":{\"@id\":\"https:\/\/teamsters.ca\/fr\/blog\/2016\/07\/13\/greve-au-manoir-sainte-julie-des-residences-soleil\/#primaryimage\"},\"thumbnailUrl\":\"https:\/\/teamsters.ca\/wp-content\/uploads\/2016\/07\/CnLzECRXYAQVp4H.jpg\",\"datePublished\":\"2016-07-13T15:55:17+00:00\",\"dateModified\":\"2019-06-27T20:38:54+00:00\",\"breadcrumb\":{\"@id\":\"https:\/\/teamsters.ca\/fr\/blog\/2016\/07\/13\/greve-au-manoir-sainte-julie-des-residences-soleil\/#breadcrumb\"},\"inLanguage\":\"fr-CA\",\"potentialAction\":[{\"@type\":\"ReadAction\",\"target\":[\"https:\/\/teamsters.ca\/fr\/blog\/2016\/07\/13\/greve-au-manoir-sainte-julie-des-residences-soleil\/\"]}]},{\"@type\":\"ImageObject\",\"inLanguage\":\"fr-CA\",\"@id\":\"https:\/\/teamsters.ca\/fr\/blog\/2016\/07\/13\/greve-au-manoir-sainte-julie-des-residences-soleil\/#primaryimage\",\"url\":\"https:\/\/teamsters.ca\/wp-content\/uploads\/2016\/07\/CnLzECRXYAQVp4H.jpg\",\"contentUrl\":\"https:\/\/teamsters.ca\/wp-content\/uploads\/2016\/07\/CnLzECRXYAQVp4H.jpg\",\"width\":745,\"height\":466},{\"@type\":\"BreadcrumbList\",\"@id\":\"https:\/\/teamsters.ca\/fr\/blog\/2016\/07\/13\/greve-au-manoir-sainte-julie-des-residences-soleil\/#breadcrumb\",\"itemListElement\":[{\"@type\":\"ListItem\",\"position\":1,\"name\":\"Home\",\"item\":\"https:\/\/teamsters.ca\/fr\/\"},{\"@type\":\"ListItem\",\"position\":2,\"name\":\"Gr\u00e8ve au Manoir Sainte-Julie des R\u00e9sidences Soleil\"}]},{\"@type\":\"WebSite\",\"@id\":\"https:\/\/teamsters.ca\/fr\/#website\",\"url\":\"https:\/\/teamsters.ca\/fr\/\",\"name\":\"Teamsters Canada\",\"description\":\"A Canadian union representing over 125 000 members\",\"publisher\":{\"@id\":\"https:\/\/teamsters.ca\/fr\/#organization\"},\"potentialAction\":[{\"@type\":\"SearchAction\",\"target\":{\"@type\":\"EntryPoint\",\"urlTemplate\":\"https:\/\/teamsters.ca\/fr\/?s={search_term_string}\"},\"query-input\":{\"@type\":\"PropertyValueSpecification\",\"valueRequired\":true,\"valueName\":\"search_term_string\"}}],\"inLanguage\":\"fr-CA\"},{\"@type\":\"Organization\",\"@id\":\"https:\/\/teamsters.ca\/fr\/#organization\",\"name\":\"Teamsters Canada\",\"url\":\"https:\/\/teamsters.ca\/fr\/\",\"logo\":{\"@type\":\"ImageObject\",\"inLanguage\":\"fr-CA\",\"@id\":\"https:\/\/teamsters.ca\/fr\/#\/schema\/logo\/image\/\",\"url\":\"https:\/\/teamsters.ca\/wp-content\/uploads\/2019\/08\/TeamstersCanada.png\",\"contentUrl\":\"https:\/\/teamsters.ca\/wp-content\/uploads\/2019\/08\/TeamstersCanada.png\",\"width\":545,\"height\":181,\"caption\":\"Teamsters Canada\"},\"image\":{\"@id\":\"https:\/\/teamsters.ca\/fr\/#\/schema\/logo\/image\/\"},\"sameAs\":[\"https:\/\/www.facebook.com\/Teamsterscanada\/\",\"https:\/\/x.com\/TeamstersCanada\"]},{\"@type\":\"Person\",\"@id\":\"https:\/\/teamsters.ca\/fr\/#\/schema\/person\/3e6ffefc39fe2f212400b7d8d0a4a0c1\",\"name\":\"St\u00e9phanie Meunier\",\"image\":{\"@type\":\"ImageObject\",\"inLanguage\":\"fr-CA\",\"@id\":\"https:\/\/teamsters.ca\/fr\/#\/schema\/person\/image\/\",\"url\":\"https:\/\/secure.gravatar.com\/avatar\/e4e8404e91ed71cb473fa2708849669810cf083c89825a3d2dd0d47dd6b2be77?s=96&d=mm&r=g\",\"contentUrl\":\"https:\/\/secure.gravatar.com\/avatar\/e4e8404e91ed71cb473fa2708849669810cf083c89825a3d2dd0d47dd6b2be77?s=96&d=mm&r=g\",\"caption\":\"St\u00e9phanie Meunier\"},\"url\":\"https:\/\/teamsters.ca\/fr\/blog\/author\/smeunier\/\"}]}<\/script>\n<!-- \/ Yoast SEO Premium plugin. -->","yoast_head_json":{"title":"Gr\u00e8ve au Manoir Sainte-Julie des R\u00e9sidences Soleil | Teamsters Canada","robots":{"index":"index","follow":"follow","max-snippet":"max-snippet:-1","max-image-preview":"max-image-preview:large","max-video-preview":"max-video-preview:-1"},"canonical":"https:\/\/teamsters.ca\/fr\/blog\/2016\/07\/13\/greve-au-manoir-sainte-julie-des-residences-soleil\/","og_locale":"fr_CA","og_type":"article","og_title":"Gr\u00e8ve au Manoir Sainte-Julie des R\u00e9sidences Soleil","og_description":"Les Teamsters se sont engag\u00e9s \u00e0 assurer 100 % des services aux r\u00e9sidents et ainsi, garantir leur bien-\u00eatre. Les travailleurs ont majoritairement rejet\u00e9 les propositions de l\u2019employeur, et la gr\u00e8ve sera d\u00e9clench\u00e9e demain matin au Manoir Sainte-Julie, une r\u00e9sidence pour personnes \u00e2g\u00e9es du propri\u00e9taire milliardaire des R\u00e9sidences Soleil, Eddy Savoie.","og_url":"https:\/\/teamsters.ca\/fr\/blog\/2016\/07\/13\/greve-au-manoir-sainte-julie-des-residences-soleil\/","og_site_name":"Teamsters Canada","article_publisher":"https:\/\/www.facebook.com\/Teamsterscanada\/","article_published_time":"2016-07-13T15:55:17+00:00","article_modified_time":"2019-06-27T20:38:54+00:00","og_image":[{"width":745,"height":466,"url":"https:\/\/teamsters.ca\/wp-content\/uploads\/2016\/07\/CnLzECRXYAQVp4H.jpg","type":"image\/jpeg"}],"author":"St\u00e9phanie Meunier","twitter_card":"summary_large_image","twitter_creator":"@TeamstersCanada","twitter_site":"@TeamstersCanada","twitter_misc":{"\u00c9crit par":"St\u00e9phanie Meunier","Estimation du temps de lecture":"2 minutes"},"schema":{"@context":"https:\/\/schema.org","@graph":[{"@type":"Article","@id":"https:\/\/teamsters.ca\/fr\/blog\/2016\/07\/13\/greve-au-manoir-sainte-julie-des-residences-soleil\/#article","isPartOf":{"@id":"https:\/\/teamsters.ca\/fr\/blog\/2016\/07\/13\/greve-au-manoir-sainte-julie-des-residences-soleil\/"},"author":{"name":"St\u00e9phanie Meunier","@id":"https:\/\/teamsters.ca\/fr\/#\/schema\/person\/3e6ffefc39fe2f212400b7d8d0a4a0c1"},"headline":"Gr\u00e8ve au Manoir Sainte-Julie des R\u00e9sidences Soleil","datePublished":"2016-07-13T15:55:17+00:00","dateModified":"2019-06-27T20:38:54+00:00","mainEntityOfPage":{"@id":"https:\/\/teamsters.ca\/fr\/blog\/2016\/07\/13\/greve-au-manoir-sainte-julie-des-residences-soleil\/"},"wordCount":326,"publisher":{"@id":"https:\/\/teamsters.ca\/fr\/#organization"},"image":{"@id":"https:\/\/teamsters.ca\/fr\/blog\/2016\/07\/13\/greve-au-manoir-sainte-julie-des-residences-soleil\/#primaryimage"},"thumbnailUrl":"https:\/\/teamsters.ca\/wp-content\/uploads\/2016\/07\/CnLzECRXYAQVp4H.jpg","articleSection":["Autres","Nouvelles","Qu\u00e9bec","R\u00e9gion"],"inLanguage":"fr-CA"},{"@type":"WebPage","@id":"https:\/\/teamsters.ca\/fr\/blog\/2016\/07\/13\/greve-au-manoir-sainte-julie-des-residences-soleil\/","url":"https:\/\/teamsters.ca\/fr\/blog\/2016\/07\/13\/greve-au-manoir-sainte-julie-des-residences-soleil\/","name":"Gr\u00e8ve au Manoir Sainte-Julie des R\u00e9sidences Soleil | Teamsters Canada","isPartOf":{"@id":"https:\/\/teamsters.ca\/fr\/#website"},"primaryImageOfPage":{"@id":"https:\/\/teamsters.ca\/fr\/blog\/2016\/07\/13\/greve-au-manoir-sainte-julie-des-residences-soleil\/#primaryimage"},"image":{"@id":"https:\/\/teamsters.ca\/fr\/blog\/2016\/07\/13\/greve-au-manoir-sainte-julie-des-residences-soleil\/#primaryimage"},"thumbnailUrl":"https:\/\/teamsters.ca\/wp-content\/uploads\/2016\/07\/CnLzECRXYAQVp4H.jpg","datePublished":"2016-07-13T15:55:17+00:00","dateModified":"2019-06-27T20:38:54+00:00","breadcrumb":{"@id":"https:\/\/teamsters.ca\/fr\/blog\/2016\/07\/13\/greve-au-manoir-sainte-julie-des-residences-soleil\/#breadcrumb"},"inLanguage":"fr-CA","potentialAction":[{"@type":"ReadAction","target":["https:\/\/teamsters.ca\/fr\/blog\/2016\/07\/13\/greve-au-manoir-sainte-julie-des-residences-soleil\/"]}]},{"@type":"ImageObject","inLanguage":"fr-CA","@id":"https:\/\/teamsters.ca\/fr\/blog\/2016\/07\/13\/greve-au-manoir-sainte-julie-des-residences-soleil\/#primaryimage","url":"https:\/\/teamsters.ca\/wp-content\/uploads\/2016\/07\/CnLzECRXYAQVp4H.jpg","contentUrl":"https:\/\/teamsters.ca\/wp-content\/uploads\/2016\/07\/CnLzECRXYAQVp4H.jpg","width":745,"height":466},{"@type":"BreadcrumbList","@id":"https:\/\/teamsters.ca\/fr\/blog\/2016\/07\/13\/greve-au-manoir-sainte-julie-des-residences-soleil\/#breadcrumb","itemListElement":[{"@type":"ListItem","position":1,"name":"Home","item":"https:\/\/teamsters.ca\/fr\/"},{"@type":"ListItem","position":2,"name":"Gr\u00e8ve au Manoir Sainte-Julie des R\u00e9sidences Soleil"}]},{"@type":"WebSite","@id":"https:\/\/teamsters.ca\/fr\/#website","url":"https:\/\/teamsters.ca\/fr\/","name":"Teamsters Canada","description":"A Canadian union representing over 125 000 members","publisher":{"@id":"https:\/\/teamsters.ca\/fr\/#organization"},"potentialAction":[{"@type":"SearchAction","target":{"@type":"EntryPoint","urlTemplate":"https:\/\/teamsters.ca\/fr\/?s={search_term_string}"},"query-input":{"@type":"PropertyValueSpecification","valueRequired":true,"valueName":"search_term_string"}}],"inLanguage":"fr-CA"},{"@type":"Organization","@id":"https:\/\/teamsters.ca\/fr\/#organization","name":"Teamsters Canada","url":"https:\/\/teamsters.ca\/fr\/","logo":{"@type":"ImageObject","inLanguage":"fr-CA","@id":"https:\/\/teamsters.ca\/fr\/#\/schema\/logo\/image\/","url":"https:\/\/teamsters.ca\/wp-content\/uploads\/2019\/08\/TeamstersCanada.png","contentUrl":"https:\/\/teamsters.ca\/wp-content\/uploads\/2019\/08\/TeamstersCanada.png","width":545,"height":181,"caption":"Teamsters Canada"},"image":{"@id":"https:\/\/teamsters.ca\/fr\/#\/schema\/logo\/image\/"},"sameAs":["https:\/\/www.facebook.com\/Teamsterscanada\/","https:\/\/x.com\/TeamstersCanada"]},{"@type":"Person","@id":"https:\/\/teamsters.ca\/fr\/#\/schema\/person\/3e6ffefc39fe2f212400b7d8d0a4a0c1","name":"St\u00e9phanie Meunier","image":{"@type":"ImageObject","inLanguage":"fr-CA","@id":"https:\/\/teamsters.ca\/fr\/#\/schema\/person\/image\/","url":"https:\/\/secure.gravatar.com\/avatar\/e4e8404e91ed71cb473fa2708849669810cf083c89825a3d2dd0d47dd6b2be77?s=96&d=mm&r=g","contentUrl":"https:\/\/secure.gravatar.com\/avatar\/e4e8404e91ed71cb473fa2708849669810cf083c89825a3d2dd0d47dd6b2be77?s=96&d=mm&r=g","caption":"St\u00e9phanie Meunier"},"url":"https:\/\/teamsters.ca\/fr\/blog\/author\/smeunier\/"}]}},"_links":{"self":[{"href":"https:\/\/teamsters.ca\/fr\/wp-json\/wp\/v2\/posts\/5839","targetHints":{"allow":["GET"]}}],"collection":[{"href":"https:\/\/teamsters.ca\/fr\/wp-json\/wp\/v2\/posts"}],"about":[{"href":"https:\/\/teamsters.ca\/fr\/wp-json\/wp\/v2\/types\/post"}],"author":[{"embeddable":true,"href":"https:\/\/teamsters.ca\/fr\/wp-json\/wp\/v2\/users\/8"}],"replies":[{"embeddable":true,"href":"https:\/\/teamsters.ca\/fr\/wp-json\/wp\/v2\/comments?post=5839"}],"version-history":[{"count":1,"href":"https:\/\/teamsters.ca\/fr\/wp-json\/wp\/v2\/posts\/5839\/revisions"}],"predecessor-version":[{"id":10156,"href":"https:\/\/teamsters.ca\/fr\/wp-json\/wp\/v2\/posts\/5839\/revisions\/10156"}],"wp:featuredmedia":[{"embeddable":true,"href":"https:\/\/teamsters.ca\/fr\/wp-json\/wp\/v2\/media\/5835"}],"wp:attachment":[{"href":"https:\/\/teamsters.ca\/fr\/wp-json\/wp\/v2\/media?parent=5839"}],"wp:term":[{"taxonomy":"category","embeddable":true,"href":"https:\/\/teamsters.ca\/fr\/wp-json\/wp\/v2\/categories?post=5839"},{"taxonomy":"post_tag","embeddable":true,"href":"https:\/\/teamsters.ca\/fr\/wp-json\/wp\/v2\/tags?post=5839"}],"curies":[{"name":"wp","href":"https:\/\/api.w.org\/{rel}","templated":true}]}}