{"id":5721,"date":"2016-06-15T18:50:01","date_gmt":"2016-06-15T22:50:01","guid":{"rendered":"http:\/\/teamsters.ca\/?p=5721"},"modified":"2019-06-27T20:38:55","modified_gmt":"2019-06-27T20:38:55","slug":"nous-noublierons-jamais","status":"publish","type":"post","link":"https:\/\/teamsters.ca\/fr\/blog\/2016\/06\/15\/nous-noublierons-jamais\/","title":{"rendered":"Nous n\u2019oublierons jamais"},"content":{"rendered":"<p>Il y a quatre ans aujourd\u2019hui, la trag\u00e9die secouait G4S. Pendant un transfert d\u2019esp\u00e8ces au HUB Mall de l\u2019Universit\u00e9 de l\u2019Alberta, Travis Baumgartner a tu\u00e9 par arme \u00e0 feu ses coll\u00e8gues Eddie Rejano, Brian Ilesic et Michelle Shegelski, puis a gravement bless\u00e9 un quatri\u00e8me, Matthew Schuman.<\/p>\n<p>Cette terrible trag\u00e9die nous a \u00e9mus et choqu\u00e9s, mais elle provoqua un puissant d\u00e9sir de comprendre et de pr\u00e9venir.<\/p>\n<p>Les membres de la Section locale 362 ont notamment d\u00e9couvert que les r\u00e9percussions de cet incident ont \u00e9t\u00e9 d\u00e9vastatrices pour la sant\u00e9 mentale des personnes touch\u00e9es directement ainsi que de leurs proches, amis et coll\u00e8gues de travail.<\/p>\n<p>En ce triste anniversaire, je vous demande de penser aux vies qu&rsquo;on a perdues. Mais je vous demande aussi de prendre le temps de revoir quelques-unes des vid\u00e9os produites par la Section locale 362 au sujet de cette fusillade.<\/p>\n<p>http:\/\/www.youtube.com\/watch?v=qxO9GR0Hu7o<\/p>\n<p><a href=\"http:\/\/www.teamsters362.com\/mental-health\/\" target=\"_blank\" rel=\"noopener noreferrer\">Vous pouvez voir toute la campagne du 362 en cliquant ici<\/a>.<\/p>\n<p>Solidairement,<\/p>\n<p>Fran\u00e7ois Laporte<br \/>\nPr\u00e9sident<br \/>\nTeamsters Canada<\/p>\n","protected":false},"excerpt":{"rendered":"<p>Il y a quatre ans aujourd\u2019hui, la trag\u00e9die secouait G4S. Pendant un transfert d\u2019esp\u00e8ces au HUB Mall de l\u2019Universit\u00e9 de l\u2019Alberta, Travis Baumgartner a tu\u00e9 par arme \u00e0 feu ses coll\u00e8gues Eddie Rejano, Brian Ilesic et Michelle Shegelski, puis a gravement bless\u00e9 un quatri\u00e8me, Matthew Schuman. Cette terrible trag\u00e9die nous a \u00e9mus et choqu\u00e9s, mais [&hellip;]<\/p>\n","protected":false},"author":8,"featured_media":5709,"comment_status":"closed","ping_status":"closed","sticky":false,"template":"","format":"standard","meta":{"ngg_post_thumbnail":0,"mc4wp_mailchimp_campaign":[],"footnotes":""},"categories":[1138,1140,1114,1137],"tags":[],"class_list":{"0":"post-5721","1":"post","2":"type-post","3":"status-publish","4":"format-standard","5":"has-post-thumbnail","7":"category-alberta-fr","8":"category-canada-region-fr","9":"category-nouvelles","10":"category-region-fr"},"yoast_head":"<!-- This site is optimized with the Yoast SEO Premium plugin v25.5 (Yoast SEO v25.5) - https:\/\/yoast.com\/wordpress\/plugins\/seo\/ -->\n<title>Nous n\u2019oublierons jamais | Teamsters Canada<\/title>\n<meta name=\"robots\" content=\"index, follow, max-snippet:-1, max-image-preview:large, max-video-preview:-1\" \/>\n<link rel=\"canonical\" href=\"https:\/\/teamsters.ca\/fr\/blog\/2016\/06\/15\/nous-noublierons-jamais\/\" \/>\n<meta property=\"og:locale\" content=\"fr_CA\" \/>\n<meta property=\"og:type\" content=\"article\" \/>\n<meta property=\"og:title\" content=\"Nous n\u2019oublierons jamais\" \/>\n<meta property=\"og:description\" content=\"Il y a quatre ans aujourd\u2019hui, la trag\u00e9die secouait G4S. Pendant un transfert d\u2019esp\u00e8ces au HUB Mall de l\u2019Universit\u00e9 de l\u2019Alberta, Travis Baumgartner a tu\u00e9 par arme \u00e0 feu ses coll\u00e8gues Eddie Rejano, Brian Ilesic et Michelle Shegelski, puis a gravement bless\u00e9 un quatri\u00e8me, Matthew Schuman. Cette terrible trag\u00e9die nous a \u00e9mus et choqu\u00e9s, mais [&hellip;]\" \/>\n<meta property=\"og:url\" content=\"https:\/\/teamsters.ca\/fr\/blog\/2016\/06\/15\/nous-noublierons-jamais\/\" \/>\n<meta property=\"og:site_name\" content=\"Teamsters Canada\" \/>\n<meta property=\"article:publisher\" content=\"https:\/\/www.facebook.com\/Teamsterscanada\/\" \/>\n<meta property=\"article:published_time\" content=\"2016-06-15T22:50:01+00:00\" \/>\n<meta property=\"article:modified_time\" content=\"2019-06-27T20:38:55+00:00\" \/>\n<meta property=\"og:image\" content=\"https:\/\/teamsters.ca\/wp-content\/uploads\/2016\/06\/g4s_twitter.jpg\" \/>\n\t<meta property=\"og:image:width\" content=\"1166\" \/>\n\t<meta property=\"og:image:height\" content=\"623\" \/>\n\t<meta property=\"og:image:type\" content=\"image\/jpeg\" \/>\n<meta name=\"author\" content=\"St\u00e9phanie Meunier\" \/>\n<meta name=\"twitter:card\" content=\"summary_large_image\" \/>\n<meta name=\"twitter:creator\" content=\"@TeamstersCanada\" \/>\n<meta name=\"twitter:site\" content=\"@TeamstersCanada\" \/>\n<meta name=\"twitter:label1\" content=\"\u00c9crit par\" \/>\n\t<meta name=\"twitter:data1\" content=\"St\u00e9phanie Meunier\" \/>\n\t<meta name=\"twitter:label2\" content=\"Estimation du temps de lecture\" \/>\n\t<meta name=\"twitter:data2\" content=\"1 minute\" \/>\n<script type=\"application\/ld+json\" class=\"yoast-schema-graph\">{\"@context\":\"https:\/\/schema.org\",\"@graph\":[{\"@type\":\"Article\",\"@id\":\"https:\/\/teamsters.ca\/fr\/blog\/2016\/06\/15\/nous-noublierons-jamais\/#article\",\"isPartOf\":{\"@id\":\"https:\/\/teamsters.ca\/fr\/blog\/2016\/06\/15\/nous-noublierons-jamais\/\"},\"author\":{\"name\":\"St\u00e9phanie Meunier\",\"@id\":\"https:\/\/teamsters.ca\/fr\/#\/schema\/person\/3e6ffefc39fe2f212400b7d8d0a4a0c1\"},\"headline\":\"Nous n\u2019oublierons jamais\",\"datePublished\":\"2016-06-15T22:50:01+00:00\",\"dateModified\":\"2019-06-27T20:38:55+00:00\",\"mainEntityOfPage\":{\"@id\":\"https:\/\/teamsters.ca\/fr\/blog\/2016\/06\/15\/nous-noublierons-jamais\/\"},\"wordCount\":189,\"publisher\":{\"@id\":\"https:\/\/teamsters.ca\/fr\/#organization\"},\"image\":{\"@id\":\"https:\/\/teamsters.ca\/fr\/blog\/2016\/06\/15\/nous-noublierons-jamais\/#primaryimage\"},\"thumbnailUrl\":\"https:\/\/teamsters.ca\/wp-content\/uploads\/2016\/06\/g4s_twitter.jpg\",\"articleSection\":[\"Alberta\",\"Canada\",\"Nouvelles\",\"R\u00e9gion\"],\"inLanguage\":\"fr-CA\"},{\"@type\":\"WebPage\",\"@id\":\"https:\/\/teamsters.ca\/fr\/blog\/2016\/06\/15\/nous-noublierons-jamais\/\",\"url\":\"https:\/\/teamsters.ca\/fr\/blog\/2016\/06\/15\/nous-noublierons-jamais\/\",\"name\":\"Nous n\u2019oublierons jamais | Teamsters Canada\",\"isPartOf\":{\"@id\":\"https:\/\/teamsters.ca\/fr\/#website\"},\"primaryImageOfPage\":{\"@id\":\"https:\/\/teamsters.ca\/fr\/blog\/2016\/06\/15\/nous-noublierons-jamais\/#primaryimage\"},\"image\":{\"@id\":\"https:\/\/teamsters.ca\/fr\/blog\/2016\/06\/15\/nous-noublierons-jamais\/#primaryimage\"},\"thumbnailUrl\":\"https:\/\/teamsters.ca\/wp-content\/uploads\/2016\/06\/g4s_twitter.jpg\",\"datePublished\":\"2016-06-15T22:50:01+00:00\",\"dateModified\":\"2019-06-27T20:38:55+00:00\",\"breadcrumb\":{\"@id\":\"https:\/\/teamsters.ca\/fr\/blog\/2016\/06\/15\/nous-noublierons-jamais\/#breadcrumb\"},\"inLanguage\":\"fr-CA\",\"potentialAction\":[{\"@type\":\"ReadAction\",\"target\":[\"https:\/\/teamsters.ca\/fr\/blog\/2016\/06\/15\/nous-noublierons-jamais\/\"]}]},{\"@type\":\"ImageObject\",\"inLanguage\":\"fr-CA\",\"@id\":\"https:\/\/teamsters.ca\/fr\/blog\/2016\/06\/15\/nous-noublierons-jamais\/#primaryimage\",\"url\":\"https:\/\/teamsters.ca\/wp-content\/uploads\/2016\/06\/g4s_twitter.jpg\",\"contentUrl\":\"https:\/\/teamsters.ca\/wp-content\/uploads\/2016\/06\/g4s_twitter.jpg\",\"width\":1166,\"height\":623},{\"@type\":\"BreadcrumbList\",\"@id\":\"https:\/\/teamsters.ca\/fr\/blog\/2016\/06\/15\/nous-noublierons-jamais\/#breadcrumb\",\"itemListElement\":[{\"@type\":\"ListItem\",\"position\":1,\"name\":\"Home\",\"item\":\"https:\/\/teamsters.ca\/fr\/\"},{\"@type\":\"ListItem\",\"position\":2,\"name\":\"Nous n\u2019oublierons jamais\"}]},{\"@type\":\"WebSite\",\"@id\":\"https:\/\/teamsters.ca\/fr\/#website\",\"url\":\"https:\/\/teamsters.ca\/fr\/\",\"name\":\"Teamsters Canada\",\"description\":\"A Canadian union representing over 125 000 members\",\"publisher\":{\"@id\":\"https:\/\/teamsters.ca\/fr\/#organization\"},\"potentialAction\":[{\"@type\":\"SearchAction\",\"target\":{\"@type\":\"EntryPoint\",\"urlTemplate\":\"https:\/\/teamsters.ca\/fr\/?s={search_term_string}\"},\"query-input\":{\"@type\":\"PropertyValueSpecification\",\"valueRequired\":true,\"valueName\":\"search_term_string\"}}],\"inLanguage\":\"fr-CA\"},{\"@type\":\"Organization\",\"@id\":\"https:\/\/teamsters.ca\/fr\/#organization\",\"name\":\"Teamsters Canada\",\"url\":\"https:\/\/teamsters.ca\/fr\/\",\"logo\":{\"@type\":\"ImageObject\",\"inLanguage\":\"fr-CA\",\"@id\":\"https:\/\/teamsters.ca\/fr\/#\/schema\/logo\/image\/\",\"url\":\"https:\/\/teamsters.ca\/wp-content\/uploads\/2019\/08\/TeamstersCanada.png\",\"contentUrl\":\"https:\/\/teamsters.ca\/wp-content\/uploads\/2019\/08\/TeamstersCanada.png\",\"width\":545,\"height\":181,\"caption\":\"Teamsters Canada\"},\"image\":{\"@id\":\"https:\/\/teamsters.ca\/fr\/#\/schema\/logo\/image\/\"},\"sameAs\":[\"https:\/\/www.facebook.com\/Teamsterscanada\/\",\"https:\/\/x.com\/TeamstersCanada\"]},{\"@type\":\"Person\",\"@id\":\"https:\/\/teamsters.ca\/fr\/#\/schema\/person\/3e6ffefc39fe2f212400b7d8d0a4a0c1\",\"name\":\"St\u00e9phanie Meunier\",\"image\":{\"@type\":\"ImageObject\",\"inLanguage\":\"fr-CA\",\"@id\":\"https:\/\/teamsters.ca\/fr\/#\/schema\/person\/image\/\",\"url\":\"https:\/\/secure.gravatar.com\/avatar\/e4e8404e91ed71cb473fa2708849669810cf083c89825a3d2dd0d47dd6b2be77?s=96&d=mm&r=g\",\"contentUrl\":\"https:\/\/secure.gravatar.com\/avatar\/e4e8404e91ed71cb473fa2708849669810cf083c89825a3d2dd0d47dd6b2be77?s=96&d=mm&r=g\",\"caption\":\"St\u00e9phanie Meunier\"},\"url\":\"https:\/\/teamsters.ca\/fr\/blog\/author\/smeunier\/\"}]}<\/script>\n<!-- \/ Yoast SEO Premium plugin. -->","yoast_head_json":{"title":"Nous n\u2019oublierons jamais | Teamsters Canada","robots":{"index":"index","follow":"follow","max-snippet":"max-snippet:-1","max-image-preview":"max-image-preview:large","max-video-preview":"max-video-preview:-1"},"canonical":"https:\/\/teamsters.ca\/fr\/blog\/2016\/06\/15\/nous-noublierons-jamais\/","og_locale":"fr_CA","og_type":"article","og_title":"Nous n\u2019oublierons jamais","og_description":"Il y a quatre ans aujourd\u2019hui, la trag\u00e9die secouait G4S. Pendant un transfert d\u2019esp\u00e8ces au HUB Mall de l\u2019Universit\u00e9 de l\u2019Alberta, Travis Baumgartner a tu\u00e9 par arme \u00e0 feu ses coll\u00e8gues Eddie Rejano, Brian Ilesic et Michelle Shegelski, puis a gravement bless\u00e9 un quatri\u00e8me, Matthew Schuman. Cette terrible trag\u00e9die nous a \u00e9mus et choqu\u00e9s, mais [&hellip;]","og_url":"https:\/\/teamsters.ca\/fr\/blog\/2016\/06\/15\/nous-noublierons-jamais\/","og_site_name":"Teamsters Canada","article_publisher":"https:\/\/www.facebook.com\/Teamsterscanada\/","article_published_time":"2016-06-15T22:50:01+00:00","article_modified_time":"2019-06-27T20:38:55+00:00","og_image":[{"width":1166,"height":623,"url":"https:\/\/teamsters.ca\/wp-content\/uploads\/2016\/06\/g4s_twitter.jpg","type":"image\/jpeg"}],"author":"St\u00e9phanie Meunier","twitter_card":"summary_large_image","twitter_creator":"@TeamstersCanada","twitter_site":"@TeamstersCanada","twitter_misc":{"\u00c9crit par":"St\u00e9phanie Meunier","Estimation du temps de lecture":"1 minute"},"schema":{"@context":"https:\/\/schema.org","@graph":[{"@type":"Article","@id":"https:\/\/teamsters.ca\/fr\/blog\/2016\/06\/15\/nous-noublierons-jamais\/#article","isPartOf":{"@id":"https:\/\/teamsters.ca\/fr\/blog\/2016\/06\/15\/nous-noublierons-jamais\/"},"author":{"name":"St\u00e9phanie Meunier","@id":"https:\/\/teamsters.ca\/fr\/#\/schema\/person\/3e6ffefc39fe2f212400b7d8d0a4a0c1"},"headline":"Nous n\u2019oublierons jamais","datePublished":"2016-06-15T22:50:01+00:00","dateModified":"2019-06-27T20:38:55+00:00","mainEntityOfPage":{"@id":"https:\/\/teamsters.ca\/fr\/blog\/2016\/06\/15\/nous-noublierons-jamais\/"},"wordCount":189,"publisher":{"@id":"https:\/\/teamsters.ca\/fr\/#organization"},"image":{"@id":"https:\/\/teamsters.ca\/fr\/blog\/2016\/06\/15\/nous-noublierons-jamais\/#primaryimage"},"thumbnailUrl":"https:\/\/teamsters.ca\/wp-content\/uploads\/2016\/06\/g4s_twitter.jpg","articleSection":["Alberta","Canada","Nouvelles","R\u00e9gion"],"inLanguage":"fr-CA"},{"@type":"WebPage","@id":"https:\/\/teamsters.ca\/fr\/blog\/2016\/06\/15\/nous-noublierons-jamais\/","url":"https:\/\/teamsters.ca\/fr\/blog\/2016\/06\/15\/nous-noublierons-jamais\/","name":"Nous n\u2019oublierons jamais | Teamsters Canada","isPartOf":{"@id":"https:\/\/teamsters.ca\/fr\/#website"},"primaryImageOfPage":{"@id":"https:\/\/teamsters.ca\/fr\/blog\/2016\/06\/15\/nous-noublierons-jamais\/#primaryimage"},"image":{"@id":"https:\/\/teamsters.ca\/fr\/blog\/2016\/06\/15\/nous-noublierons-jamais\/#primaryimage"},"thumbnailUrl":"https:\/\/teamsters.ca\/wp-content\/uploads\/2016\/06\/g4s_twitter.jpg","datePublished":"2016-06-15T22:50:01+00:00","dateModified":"2019-06-27T20:38:55+00:00","breadcrumb":{"@id":"https:\/\/teamsters.ca\/fr\/blog\/2016\/06\/15\/nous-noublierons-jamais\/#breadcrumb"},"inLanguage":"fr-CA","potentialAction":[{"@type":"ReadAction","target":["https:\/\/teamsters.ca\/fr\/blog\/2016\/06\/15\/nous-noublierons-jamais\/"]}]},{"@type":"ImageObject","inLanguage":"fr-CA","@id":"https:\/\/teamsters.ca\/fr\/blog\/2016\/06\/15\/nous-noublierons-jamais\/#primaryimage","url":"https:\/\/teamsters.ca\/wp-content\/uploads\/2016\/06\/g4s_twitter.jpg","contentUrl":"https:\/\/teamsters.ca\/wp-content\/uploads\/2016\/06\/g4s_twitter.jpg","width":1166,"height":623},{"@type":"BreadcrumbList","@id":"https:\/\/teamsters.ca\/fr\/blog\/2016\/06\/15\/nous-noublierons-jamais\/#breadcrumb","itemListElement":[{"@type":"ListItem","position":1,"name":"Home","item":"https:\/\/teamsters.ca\/fr\/"},{"@type":"ListItem","position":2,"name":"Nous n\u2019oublierons jamais"}]},{"@type":"WebSite","@id":"https:\/\/teamsters.ca\/fr\/#website","url":"https:\/\/teamsters.ca\/fr\/","name":"Teamsters Canada","description":"A Canadian union representing over 125 000 members","publisher":{"@id":"https:\/\/teamsters.ca\/fr\/#organization"},"potentialAction":[{"@type":"SearchAction","target":{"@type":"EntryPoint","urlTemplate":"https:\/\/teamsters.ca\/fr\/?s={search_term_string}"},"query-input":{"@type":"PropertyValueSpecification","valueRequired":true,"valueName":"search_term_string"}}],"inLanguage":"fr-CA"},{"@type":"Organization","@id":"https:\/\/teamsters.ca\/fr\/#organization","name":"Teamsters Canada","url":"https:\/\/teamsters.ca\/fr\/","logo":{"@type":"ImageObject","inLanguage":"fr-CA","@id":"https:\/\/teamsters.ca\/fr\/#\/schema\/logo\/image\/","url":"https:\/\/teamsters.ca\/wp-content\/uploads\/2019\/08\/TeamstersCanada.png","contentUrl":"https:\/\/teamsters.ca\/wp-content\/uploads\/2019\/08\/TeamstersCanada.png","width":545,"height":181,"caption":"Teamsters Canada"},"image":{"@id":"https:\/\/teamsters.ca\/fr\/#\/schema\/logo\/image\/"},"sameAs":["https:\/\/www.facebook.com\/Teamsterscanada\/","https:\/\/x.com\/TeamstersCanada"]},{"@type":"Person","@id":"https:\/\/teamsters.ca\/fr\/#\/schema\/person\/3e6ffefc39fe2f212400b7d8d0a4a0c1","name":"St\u00e9phanie Meunier","image":{"@type":"ImageObject","inLanguage":"fr-CA","@id":"https:\/\/teamsters.ca\/fr\/#\/schema\/person\/image\/","url":"https:\/\/secure.gravatar.com\/avatar\/e4e8404e91ed71cb473fa2708849669810cf083c89825a3d2dd0d47dd6b2be77?s=96&d=mm&r=g","contentUrl":"https:\/\/secure.gravatar.com\/avatar\/e4e8404e91ed71cb473fa2708849669810cf083c89825a3d2dd0d47dd6b2be77?s=96&d=mm&r=g","caption":"St\u00e9phanie Meunier"},"url":"https:\/\/teamsters.ca\/fr\/blog\/author\/smeunier\/"}]}},"_links":{"self":[{"href":"https:\/\/teamsters.ca\/fr\/wp-json\/wp\/v2\/posts\/5721","targetHints":{"allow":["GET"]}}],"collection":[{"href":"https:\/\/teamsters.ca\/fr\/wp-json\/wp\/v2\/posts"}],"about":[{"href":"https:\/\/teamsters.ca\/fr\/wp-json\/wp\/v2\/types\/post"}],"author":[{"embeddable":true,"href":"https:\/\/teamsters.ca\/fr\/wp-json\/wp\/v2\/users\/8"}],"replies":[{"embeddable":true,"href":"https:\/\/teamsters.ca\/fr\/wp-json\/wp\/v2\/comments?post=5721"}],"version-history":[{"count":1,"href":"https:\/\/teamsters.ca\/fr\/wp-json\/wp\/v2\/posts\/5721\/revisions"}],"predecessor-version":[{"id":10176,"href":"https:\/\/teamsters.ca\/fr\/wp-json\/wp\/v2\/posts\/5721\/revisions\/10176"}],"wp:featuredmedia":[{"embeddable":true,"href":"https:\/\/teamsters.ca\/fr\/wp-json\/wp\/v2\/media\/5709"}],"wp:attachment":[{"href":"https:\/\/teamsters.ca\/fr\/wp-json\/wp\/v2\/media?parent=5721"}],"wp:term":[{"taxonomy":"category","embeddable":true,"href":"https:\/\/teamsters.ca\/fr\/wp-json\/wp\/v2\/categories?post=5721"},{"taxonomy":"post_tag","embeddable":true,"href":"https:\/\/teamsters.ca\/fr\/wp-json\/wp\/v2\/tags?post=5721"}],"curies":[{"name":"wp","href":"https:\/\/api.w.org\/{rel}","templated":true}]}}