{"id":5703,"date":"2016-06-12T17:15:10","date_gmt":"2016-06-12T21:15:10","guid":{"rendered":"http:\/\/teamsters.ca\/?p=5703"},"modified":"2019-06-27T20:38:55","modified_gmt":"2019-06-27T20:38:55","slug":"declaration-au-sujet-de-la-fusillade-a-orlando","status":"publish","type":"post","link":"https:\/\/teamsters.ca\/fr\/blog\/2016\/06\/12\/declaration-au-sujet-de-la-fusillade-a-orlando\/","title":{"rendered":"D\u00e9claration sur la fusillade \u00e0 Orlando"},"content":{"rendered":"<p>Ce massacre brutal \u00e0 Orlando nous a tous profond\u00e9ment choqu\u00e9s et attrist\u00e9s. <\/p>\n<p>Au nom des 120 000 membres du syndicat des Teamsters canadien, j\u2019offre mes plus sinc\u00e8res condol\u00e9ances au peuple am\u00e9ricain et aux familles des victimes. Je souhaite \u00e9galement un prompt r\u00e9tablissement \u00e0 tous ceux qui ont \u00e9t\u00e9 bless\u00e9s.<\/p>\n<p>Enfin, j\u2019aimerais offrir toute notre solidarit\u00e9 \u00e0 la communaut\u00e9 LGBTQ2 en ces temps difficiles. La haine qui a motiv\u00e9 cette attaque meurtri\u00e8re n\u2019est rien de moins qu\u2019une haine envers les valeurs d\u2019\u00e9galit\u00e9 et de dignit\u00e9 qui d\u00e9finissent notre soci\u00e9t\u00e9. <\/p>\n<p>Solidairement, <\/p>\n<p>Fran\u00e7ois Laporte<br \/>\nPr\u00e9sident<br \/>\nTeamsters Canada<\/p>\n","protected":false},"excerpt":{"rendered":"<p>Ce massacre brutal \u00e0 Orlando nous a tous profond\u00e9ment choqu\u00e9s et attrist\u00e9s. Au nom des 120 000 membres du syndicat des Teamsters canadien, j\u2019offre mes plus sinc\u00e8res condol\u00e9ances au peuple am\u00e9ricain et aux familles des victimes. Je souhaite \u00e9galement un prompt r\u00e9tablissement \u00e0 tous ceux qui ont \u00e9t\u00e9 bless\u00e9s. Enfin, j\u2019aimerais offrir toute notre solidarit\u00e9 [&hellip;]<\/p>\n","protected":false},"author":8,"featured_media":5699,"comment_status":"closed","ping_status":"closed","sticky":false,"template":"","format":"standard","meta":{"ngg_post_thumbnail":0,"mc4wp_mailchimp_campaign":[],"footnotes":""},"categories":[1128,1140,1114,1137],"tags":[],"class_list":{"0":"post-5703","1":"post","2":"type-post","3":"status-publish","4":"format-standard","5":"has-post-thumbnail","7":"category-autres","8":"category-canada-region-fr","9":"category-nouvelles","10":"category-region-fr"},"yoast_head":"<!-- This site is optimized with the Yoast SEO Premium plugin v25.5 (Yoast SEO v25.5) - https:\/\/yoast.com\/wordpress\/plugins\/seo\/ -->\n<title>D\u00e9claration sur la fusillade \u00e0 Orlando | Teamsters Canada<\/title>\n<meta name=\"robots\" content=\"index, follow, max-snippet:-1, max-image-preview:large, max-video-preview:-1\" \/>\n<link rel=\"canonical\" href=\"https:\/\/teamsters.ca\/fr\/blog\/2016\/06\/12\/declaration-au-sujet-de-la-fusillade-a-orlando\/\" \/>\n<meta property=\"og:locale\" content=\"fr_CA\" \/>\n<meta property=\"og:type\" content=\"article\" \/>\n<meta property=\"og:title\" content=\"D\u00e9claration sur la fusillade \u00e0 Orlando\" \/>\n<meta property=\"og:description\" content=\"Ce massacre brutal \u00e0 Orlando nous a tous profond\u00e9ment choqu\u00e9s et attrist\u00e9s. Au nom des 120 000 membres du syndicat des Teamsters canadien, j\u2019offre mes plus sinc\u00e8res condol\u00e9ances au peuple am\u00e9ricain et aux familles des victimes. Je souhaite \u00e9galement un prompt r\u00e9tablissement \u00e0 tous ceux qui ont \u00e9t\u00e9 bless\u00e9s. Enfin, j\u2019aimerais offrir toute notre solidarit\u00e9 [&hellip;]\" \/>\n<meta property=\"og:url\" content=\"https:\/\/teamsters.ca\/fr\/blog\/2016\/06\/12\/declaration-au-sujet-de-la-fusillade-a-orlando\/\" \/>\n<meta property=\"og:site_name\" content=\"Teamsters Canada\" \/>\n<meta property=\"article:publisher\" content=\"https:\/\/www.facebook.com\/Teamsterscanada\/\" \/>\n<meta property=\"article:published_time\" content=\"2016-06-12T21:15:10+00:00\" \/>\n<meta property=\"article:modified_time\" content=\"2019-06-27T20:38:55+00:00\" \/>\n<meta property=\"og:image\" content=\"https:\/\/teamsters.ca\/wp-content\/uploads\/2016\/06\/idahot_link.jpg\" \/>\n\t<meta property=\"og:image:width\" content=\"1166\" \/>\n\t<meta property=\"og:image:height\" content=\"592\" \/>\n\t<meta property=\"og:image:type\" content=\"image\/jpeg\" \/>\n<meta name=\"author\" content=\"St\u00e9phanie Meunier\" \/>\n<meta name=\"twitter:card\" content=\"summary_large_image\" \/>\n<meta name=\"twitter:creator\" content=\"@TeamstersCanada\" \/>\n<meta name=\"twitter:site\" content=\"@TeamstersCanada\" \/>\n<meta name=\"twitter:label1\" content=\"\u00c9crit par\" \/>\n\t<meta name=\"twitter:data1\" content=\"St\u00e9phanie Meunier\" \/>\n\t<meta name=\"twitter:label2\" content=\"Estimation du temps de lecture\" \/>\n\t<meta name=\"twitter:data2\" content=\"1 minute\" \/>\n<script type=\"application\/ld+json\" class=\"yoast-schema-graph\">{\"@context\":\"https:\/\/schema.org\",\"@graph\":[{\"@type\":\"Article\",\"@id\":\"https:\/\/teamsters.ca\/fr\/blog\/2016\/06\/12\/declaration-au-sujet-de-la-fusillade-a-orlando\/#article\",\"isPartOf\":{\"@id\":\"https:\/\/teamsters.ca\/fr\/blog\/2016\/06\/12\/declaration-au-sujet-de-la-fusillade-a-orlando\/\"},\"author\":{\"name\":\"St\u00e9phanie Meunier\",\"@id\":\"https:\/\/teamsters.ca\/fr\/#\/schema\/person\/3e6ffefc39fe2f212400b7d8d0a4a0c1\"},\"headline\":\"D\u00e9claration sur la fusillade \u00e0 Orlando\",\"datePublished\":\"2016-06-12T21:15:10+00:00\",\"dateModified\":\"2019-06-27T20:38:55+00:00\",\"mainEntityOfPage\":{\"@id\":\"https:\/\/teamsters.ca\/fr\/blog\/2016\/06\/12\/declaration-au-sujet-de-la-fusillade-a-orlando\/\"},\"wordCount\":113,\"publisher\":{\"@id\":\"https:\/\/teamsters.ca\/fr\/#organization\"},\"image\":{\"@id\":\"https:\/\/teamsters.ca\/fr\/blog\/2016\/06\/12\/declaration-au-sujet-de-la-fusillade-a-orlando\/#primaryimage\"},\"thumbnailUrl\":\"https:\/\/teamsters.ca\/wp-content\/uploads\/2016\/06\/idahot_link.jpg\",\"articleSection\":[\"Autres\",\"Canada\",\"Nouvelles\",\"R\u00e9gion\"],\"inLanguage\":\"fr-CA\"},{\"@type\":\"WebPage\",\"@id\":\"https:\/\/teamsters.ca\/fr\/blog\/2016\/06\/12\/declaration-au-sujet-de-la-fusillade-a-orlando\/\",\"url\":\"https:\/\/teamsters.ca\/fr\/blog\/2016\/06\/12\/declaration-au-sujet-de-la-fusillade-a-orlando\/\",\"name\":\"D\u00e9claration sur la fusillade \u00e0 Orlando | Teamsters Canada\",\"isPartOf\":{\"@id\":\"https:\/\/teamsters.ca\/fr\/#website\"},\"primaryImageOfPage\":{\"@id\":\"https:\/\/teamsters.ca\/fr\/blog\/2016\/06\/12\/declaration-au-sujet-de-la-fusillade-a-orlando\/#primaryimage\"},\"image\":{\"@id\":\"https:\/\/teamsters.ca\/fr\/blog\/2016\/06\/12\/declaration-au-sujet-de-la-fusillade-a-orlando\/#primaryimage\"},\"thumbnailUrl\":\"https:\/\/teamsters.ca\/wp-content\/uploads\/2016\/06\/idahot_link.jpg\",\"datePublished\":\"2016-06-12T21:15:10+00:00\",\"dateModified\":\"2019-06-27T20:38:55+00:00\",\"breadcrumb\":{\"@id\":\"https:\/\/teamsters.ca\/fr\/blog\/2016\/06\/12\/declaration-au-sujet-de-la-fusillade-a-orlando\/#breadcrumb\"},\"inLanguage\":\"fr-CA\",\"potentialAction\":[{\"@type\":\"ReadAction\",\"target\":[\"https:\/\/teamsters.ca\/fr\/blog\/2016\/06\/12\/declaration-au-sujet-de-la-fusillade-a-orlando\/\"]}]},{\"@type\":\"ImageObject\",\"inLanguage\":\"fr-CA\",\"@id\":\"https:\/\/teamsters.ca\/fr\/blog\/2016\/06\/12\/declaration-au-sujet-de-la-fusillade-a-orlando\/#primaryimage\",\"url\":\"https:\/\/teamsters.ca\/wp-content\/uploads\/2016\/06\/idahot_link.jpg\",\"contentUrl\":\"https:\/\/teamsters.ca\/wp-content\/uploads\/2016\/06\/idahot_link.jpg\",\"width\":1166,\"height\":592},{\"@type\":\"BreadcrumbList\",\"@id\":\"https:\/\/teamsters.ca\/fr\/blog\/2016\/06\/12\/declaration-au-sujet-de-la-fusillade-a-orlando\/#breadcrumb\",\"itemListElement\":[{\"@type\":\"ListItem\",\"position\":1,\"name\":\"Home\",\"item\":\"https:\/\/teamsters.ca\/fr\/\"},{\"@type\":\"ListItem\",\"position\":2,\"name\":\"D\u00e9claration sur la fusillade \u00e0 Orlando\"}]},{\"@type\":\"WebSite\",\"@id\":\"https:\/\/teamsters.ca\/fr\/#website\",\"url\":\"https:\/\/teamsters.ca\/fr\/\",\"name\":\"Teamsters Canada\",\"description\":\"A Canadian union representing over 125 000 members\",\"publisher\":{\"@id\":\"https:\/\/teamsters.ca\/fr\/#organization\"},\"potentialAction\":[{\"@type\":\"SearchAction\",\"target\":{\"@type\":\"EntryPoint\",\"urlTemplate\":\"https:\/\/teamsters.ca\/fr\/?s={search_term_string}\"},\"query-input\":{\"@type\":\"PropertyValueSpecification\",\"valueRequired\":true,\"valueName\":\"search_term_string\"}}],\"inLanguage\":\"fr-CA\"},{\"@type\":\"Organization\",\"@id\":\"https:\/\/teamsters.ca\/fr\/#organization\",\"name\":\"Teamsters Canada\",\"url\":\"https:\/\/teamsters.ca\/fr\/\",\"logo\":{\"@type\":\"ImageObject\",\"inLanguage\":\"fr-CA\",\"@id\":\"https:\/\/teamsters.ca\/fr\/#\/schema\/logo\/image\/\",\"url\":\"https:\/\/teamsters.ca\/wp-content\/uploads\/2019\/08\/TeamstersCanada.png\",\"contentUrl\":\"https:\/\/teamsters.ca\/wp-content\/uploads\/2019\/08\/TeamstersCanada.png\",\"width\":545,\"height\":181,\"caption\":\"Teamsters Canada\"},\"image\":{\"@id\":\"https:\/\/teamsters.ca\/fr\/#\/schema\/logo\/image\/\"},\"sameAs\":[\"https:\/\/www.facebook.com\/Teamsterscanada\/\",\"https:\/\/x.com\/TeamstersCanada\"]},{\"@type\":\"Person\",\"@id\":\"https:\/\/teamsters.ca\/fr\/#\/schema\/person\/3e6ffefc39fe2f212400b7d8d0a4a0c1\",\"name\":\"St\u00e9phanie Meunier\",\"image\":{\"@type\":\"ImageObject\",\"inLanguage\":\"fr-CA\",\"@id\":\"https:\/\/teamsters.ca\/fr\/#\/schema\/person\/image\/\",\"url\":\"https:\/\/secure.gravatar.com\/avatar\/e4e8404e91ed71cb473fa2708849669810cf083c89825a3d2dd0d47dd6b2be77?s=96&d=mm&r=g\",\"contentUrl\":\"https:\/\/secure.gravatar.com\/avatar\/e4e8404e91ed71cb473fa2708849669810cf083c89825a3d2dd0d47dd6b2be77?s=96&d=mm&r=g\",\"caption\":\"St\u00e9phanie Meunier\"},\"url\":\"https:\/\/teamsters.ca\/fr\/blog\/author\/smeunier\/\"}]}<\/script>\n<!-- \/ Yoast SEO Premium plugin. -->","yoast_head_json":{"title":"D\u00e9claration sur la fusillade \u00e0 Orlando | Teamsters Canada","robots":{"index":"index","follow":"follow","max-snippet":"max-snippet:-1","max-image-preview":"max-image-preview:large","max-video-preview":"max-video-preview:-1"},"canonical":"https:\/\/teamsters.ca\/fr\/blog\/2016\/06\/12\/declaration-au-sujet-de-la-fusillade-a-orlando\/","og_locale":"fr_CA","og_type":"article","og_title":"D\u00e9claration sur la fusillade \u00e0 Orlando","og_description":"Ce massacre brutal \u00e0 Orlando nous a tous profond\u00e9ment choqu\u00e9s et attrist\u00e9s. Au nom des 120 000 membres du syndicat des Teamsters canadien, j\u2019offre mes plus sinc\u00e8res condol\u00e9ances au peuple am\u00e9ricain et aux familles des victimes. Je souhaite \u00e9galement un prompt r\u00e9tablissement \u00e0 tous ceux qui ont \u00e9t\u00e9 bless\u00e9s. Enfin, j\u2019aimerais offrir toute notre solidarit\u00e9 [&hellip;]","og_url":"https:\/\/teamsters.ca\/fr\/blog\/2016\/06\/12\/declaration-au-sujet-de-la-fusillade-a-orlando\/","og_site_name":"Teamsters Canada","article_publisher":"https:\/\/www.facebook.com\/Teamsterscanada\/","article_published_time":"2016-06-12T21:15:10+00:00","article_modified_time":"2019-06-27T20:38:55+00:00","og_image":[{"width":1166,"height":592,"url":"https:\/\/teamsters.ca\/wp-content\/uploads\/2016\/06\/idahot_link.jpg","type":"image\/jpeg"}],"author":"St\u00e9phanie Meunier","twitter_card":"summary_large_image","twitter_creator":"@TeamstersCanada","twitter_site":"@TeamstersCanada","twitter_misc":{"\u00c9crit par":"St\u00e9phanie Meunier","Estimation du temps de lecture":"1 minute"},"schema":{"@context":"https:\/\/schema.org","@graph":[{"@type":"Article","@id":"https:\/\/teamsters.ca\/fr\/blog\/2016\/06\/12\/declaration-au-sujet-de-la-fusillade-a-orlando\/#article","isPartOf":{"@id":"https:\/\/teamsters.ca\/fr\/blog\/2016\/06\/12\/declaration-au-sujet-de-la-fusillade-a-orlando\/"},"author":{"name":"St\u00e9phanie Meunier","@id":"https:\/\/teamsters.ca\/fr\/#\/schema\/person\/3e6ffefc39fe2f212400b7d8d0a4a0c1"},"headline":"D\u00e9claration sur la fusillade \u00e0 Orlando","datePublished":"2016-06-12T21:15:10+00:00","dateModified":"2019-06-27T20:38:55+00:00","mainEntityOfPage":{"@id":"https:\/\/teamsters.ca\/fr\/blog\/2016\/06\/12\/declaration-au-sujet-de-la-fusillade-a-orlando\/"},"wordCount":113,"publisher":{"@id":"https:\/\/teamsters.ca\/fr\/#organization"},"image":{"@id":"https:\/\/teamsters.ca\/fr\/blog\/2016\/06\/12\/declaration-au-sujet-de-la-fusillade-a-orlando\/#primaryimage"},"thumbnailUrl":"https:\/\/teamsters.ca\/wp-content\/uploads\/2016\/06\/idahot_link.jpg","articleSection":["Autres","Canada","Nouvelles","R\u00e9gion"],"inLanguage":"fr-CA"},{"@type":"WebPage","@id":"https:\/\/teamsters.ca\/fr\/blog\/2016\/06\/12\/declaration-au-sujet-de-la-fusillade-a-orlando\/","url":"https:\/\/teamsters.ca\/fr\/blog\/2016\/06\/12\/declaration-au-sujet-de-la-fusillade-a-orlando\/","name":"D\u00e9claration sur la fusillade \u00e0 Orlando | Teamsters Canada","isPartOf":{"@id":"https:\/\/teamsters.ca\/fr\/#website"},"primaryImageOfPage":{"@id":"https:\/\/teamsters.ca\/fr\/blog\/2016\/06\/12\/declaration-au-sujet-de-la-fusillade-a-orlando\/#primaryimage"},"image":{"@id":"https:\/\/teamsters.ca\/fr\/blog\/2016\/06\/12\/declaration-au-sujet-de-la-fusillade-a-orlando\/#primaryimage"},"thumbnailUrl":"https:\/\/teamsters.ca\/wp-content\/uploads\/2016\/06\/idahot_link.jpg","datePublished":"2016-06-12T21:15:10+00:00","dateModified":"2019-06-27T20:38:55+00:00","breadcrumb":{"@id":"https:\/\/teamsters.ca\/fr\/blog\/2016\/06\/12\/declaration-au-sujet-de-la-fusillade-a-orlando\/#breadcrumb"},"inLanguage":"fr-CA","potentialAction":[{"@type":"ReadAction","target":["https:\/\/teamsters.ca\/fr\/blog\/2016\/06\/12\/declaration-au-sujet-de-la-fusillade-a-orlando\/"]}]},{"@type":"ImageObject","inLanguage":"fr-CA","@id":"https:\/\/teamsters.ca\/fr\/blog\/2016\/06\/12\/declaration-au-sujet-de-la-fusillade-a-orlando\/#primaryimage","url":"https:\/\/teamsters.ca\/wp-content\/uploads\/2016\/06\/idahot_link.jpg","contentUrl":"https:\/\/teamsters.ca\/wp-content\/uploads\/2016\/06\/idahot_link.jpg","width":1166,"height":592},{"@type":"BreadcrumbList","@id":"https:\/\/teamsters.ca\/fr\/blog\/2016\/06\/12\/declaration-au-sujet-de-la-fusillade-a-orlando\/#breadcrumb","itemListElement":[{"@type":"ListItem","position":1,"name":"Home","item":"https:\/\/teamsters.ca\/fr\/"},{"@type":"ListItem","position":2,"name":"D\u00e9claration sur la fusillade \u00e0 Orlando"}]},{"@type":"WebSite","@id":"https:\/\/teamsters.ca\/fr\/#website","url":"https:\/\/teamsters.ca\/fr\/","name":"Teamsters Canada","description":"A Canadian union representing over 125 000 members","publisher":{"@id":"https:\/\/teamsters.ca\/fr\/#organization"},"potentialAction":[{"@type":"SearchAction","target":{"@type":"EntryPoint","urlTemplate":"https:\/\/teamsters.ca\/fr\/?s={search_term_string}"},"query-input":{"@type":"PropertyValueSpecification","valueRequired":true,"valueName":"search_term_string"}}],"inLanguage":"fr-CA"},{"@type":"Organization","@id":"https:\/\/teamsters.ca\/fr\/#organization","name":"Teamsters Canada","url":"https:\/\/teamsters.ca\/fr\/","logo":{"@type":"ImageObject","inLanguage":"fr-CA","@id":"https:\/\/teamsters.ca\/fr\/#\/schema\/logo\/image\/","url":"https:\/\/teamsters.ca\/wp-content\/uploads\/2019\/08\/TeamstersCanada.png","contentUrl":"https:\/\/teamsters.ca\/wp-content\/uploads\/2019\/08\/TeamstersCanada.png","width":545,"height":181,"caption":"Teamsters Canada"},"image":{"@id":"https:\/\/teamsters.ca\/fr\/#\/schema\/logo\/image\/"},"sameAs":["https:\/\/www.facebook.com\/Teamsterscanada\/","https:\/\/x.com\/TeamstersCanada"]},{"@type":"Person","@id":"https:\/\/teamsters.ca\/fr\/#\/schema\/person\/3e6ffefc39fe2f212400b7d8d0a4a0c1","name":"St\u00e9phanie Meunier","image":{"@type":"ImageObject","inLanguage":"fr-CA","@id":"https:\/\/teamsters.ca\/fr\/#\/schema\/person\/image\/","url":"https:\/\/secure.gravatar.com\/avatar\/e4e8404e91ed71cb473fa2708849669810cf083c89825a3d2dd0d47dd6b2be77?s=96&d=mm&r=g","contentUrl":"https:\/\/secure.gravatar.com\/avatar\/e4e8404e91ed71cb473fa2708849669810cf083c89825a3d2dd0d47dd6b2be77?s=96&d=mm&r=g","caption":"St\u00e9phanie Meunier"},"url":"https:\/\/teamsters.ca\/fr\/blog\/author\/smeunier\/"}]}},"_links":{"self":[{"href":"https:\/\/teamsters.ca\/fr\/wp-json\/wp\/v2\/posts\/5703","targetHints":{"allow":["GET"]}}],"collection":[{"href":"https:\/\/teamsters.ca\/fr\/wp-json\/wp\/v2\/posts"}],"about":[{"href":"https:\/\/teamsters.ca\/fr\/wp-json\/wp\/v2\/types\/post"}],"author":[{"embeddable":true,"href":"https:\/\/teamsters.ca\/fr\/wp-json\/wp\/v2\/users\/8"}],"replies":[{"embeddable":true,"href":"https:\/\/teamsters.ca\/fr\/wp-json\/wp\/v2\/comments?post=5703"}],"version-history":[{"count":1,"href":"https:\/\/teamsters.ca\/fr\/wp-json\/wp\/v2\/posts\/5703\/revisions"}],"predecessor-version":[{"id":10178,"href":"https:\/\/teamsters.ca\/fr\/wp-json\/wp\/v2\/posts\/5703\/revisions\/10178"}],"wp:featuredmedia":[{"embeddable":true,"href":"https:\/\/teamsters.ca\/fr\/wp-json\/wp\/v2\/media\/5699"}],"wp:attachment":[{"href":"https:\/\/teamsters.ca\/fr\/wp-json\/wp\/v2\/media?parent=5703"}],"wp:term":[{"taxonomy":"category","embeddable":true,"href":"https:\/\/teamsters.ca\/fr\/wp-json\/wp\/v2\/categories?post=5703"},{"taxonomy":"post_tag","embeddable":true,"href":"https:\/\/teamsters.ca\/fr\/wp-json\/wp\/v2\/tags?post=5703"}],"curies":[{"name":"wp","href":"https:\/\/api.w.org\/{rel}","templated":true}]}}