{"id":5643,"date":"2016-06-07T07:34:07","date_gmt":"2016-06-07T11:34:07","guid":{"rendered":"http:\/\/teamsters.ca\/?p=5643"},"modified":"2019-06-27T20:38:56","modified_gmt":"2019-06-27T20:38:56","slug":"les-travailleuses-et-travailleurs-de-sandoz-declenchent-une-greve-de-24-heures","status":"publish","type":"post","link":"https:\/\/teamsters.ca\/fr\/blog\/2016\/06\/07\/les-travailleuses-et-travailleurs-de-sandoz-declenchent-une-greve-de-24-heures\/","title":{"rendered":"Les travailleuses et travailleurs de Sandoz d\u00e9clenchent une gr\u00e8ve de 24 heures"},"content":{"rendered":"<p><strong>MISE \u00c0 JOUR :<\/strong> <em>La gr\u00e8ve de 24 heures \u00e0 Sandoz se transforme en lockout.  L&rsquo;entreprise fabrique de la morphine pour les h\u00f4pitaux. Nous craignons une \u00e9ventuelle p\u00e9nurie. <a href=\"https:\/\/teamsters.ca\/fr\/blog\/2016\/06\/08\/5662\/\">Plus de d\u00e9tails<\/a>.<\/em><\/p>\n<p>Laval, 7 juin 2016 \u2014 Les travailleuses et travailleurs de l\u2019usine Sandoz de Boucherville ont d\u00e9-clench\u00e9 une gr\u00e8ve de 24 heures \u00e0 7 h ce matin.<\/p>\n<p>Les acquis obtenus par les travailleuses et travailleurs au cours des ann\u00e9es pass\u00e9es, le r\u00e9gime de retraite ainsi que les salaires sont au centre du litige entre les parties.<\/p>\n<p>Ces 267 travailleuses et travailleurs affili\u00e9s \u00e0 la Section locale 1999 du syndicat des Teamsters se sont donn\u00e9s, dans une proportion de 91 %, un mandat de gr\u00e8ve le 14 mai dernier.<\/p>\n<p><em><a href=\"https:\/\/teamsters.ca\/fr\/blog\/2016\/05\/16\/vote-de-greve-chez-sandoz\/\" target=\"_blank\" rel=\"noopener noreferrer\">Voir aussi : Vote de gr\u00e8ve chez Sandoz<\/a><\/em><\/p>\n<p><strong>\u00c0 propos de Sandoz<\/strong><\/p>\n<p>L\u2019usine de Sandoz, qui a \u00e9t\u00e9 inaugur\u00e9e sous la raison sociale Sabex en 1980, fabrique des m\u00e9di-caments injectables comme la morphine et l\u2019infuvite qui sont destin\u00e9s aux ambulances et aux blocs op\u00e9ratoires des h\u00f4pitaux.<\/p>\n<p><strong>\u00c0 propos des Teamsters<\/strong><\/p>\n<p>Les Teamsters repr\u00e9sentent les int\u00e9r\u00eats de 120\u2009000 membres au Canada dans tous les secteurs d\u2019activit\u00e9. La Fraternit\u00e9 internationale des Teamsters, \u00e0 laquelle Teamsters Canada est affili\u00e9, compte 1,4 million de membres en Am\u00e9rique du Nord.<\/p>\n<p><strong>Entrevues avec les m\u00e9dias<\/strong><\/p>\n<p>Qui: St\u00e9phane Lacroix, directeur des relations publiques et porte-parole des Teamsters<br \/>\nO\u00f9: 145, rue Jules-L\u00e9ger, Boucherville QC J4B 7K8<br \/>\nQuand: D\u00e8s 8 h 15 le 7 juin 2016<br \/>\nCellulaire: Contacter Christopher Monette pour planifier une entrevue (voir ci-dessous)<\/p>\n<p style=\"text-align: center;\">-30-<\/p>\n<p>Renseignements pour entrevues :<\/p>\n<p>Christopher Monette<br \/>\nCellulaire : 514 226-6002<br \/>\n<a href=\"mailto:cmonette@teamsters.ca\" target=\"_blank\" rel=\"noopener noreferrer\">cmonette@teamsters.ca<\/a><\/p>\n","protected":false},"excerpt":{"rendered":"<p>Les travailleuses et travailleurs de l\u2019usine Sandoz de Boucherville ont d\u00e9-clench\u00e9 une gr\u00e8ve de 24 heures \u00e0 7 h ce matin. Les acquis obtenus par les travailleuses et travailleurs au cours des ann\u00e9es pass\u00e9es, le r\u00e9gime de retraite ainsi que les salaires sont au centre du litige entre les parties. <\/p>\n","protected":false},"author":8,"featured_media":5518,"comment_status":"closed","ping_status":"closed","sticky":false,"template":"","format":"standard","meta":{"ngg_post_thumbnail":0,"mc4wp_mailchimp_campaign":[],"footnotes":""},"categories":[1122,1114,1145,1137],"tags":[],"class_list":{"0":"post-5643","1":"post","2":"type-post","3":"status-publish","4":"format-standard","5":"has-post-thumbnail","7":"category-industriel","8":"category-nouvelles","9":"category-quebec-fr","10":"category-region-fr"},"yoast_head":"<!-- This site is optimized with the Yoast SEO Premium plugin v25.5 (Yoast SEO v25.5) - https:\/\/yoast.com\/wordpress\/plugins\/seo\/ -->\n<title>Les travailleuses et travailleurs de Sandoz d\u00e9clenchent une gr\u00e8ve de 24 heures | Teamsters Canada<\/title>\n<meta name=\"robots\" content=\"index, follow, max-snippet:-1, max-image-preview:large, max-video-preview:-1\" \/>\n<link rel=\"canonical\" href=\"https:\/\/teamsters.ca\/fr\/blog\/2016\/06\/07\/les-travailleuses-et-travailleurs-de-sandoz-declenchent-une-greve-de-24-heures\/\" \/>\n<meta property=\"og:locale\" content=\"fr_CA\" \/>\n<meta property=\"og:type\" content=\"article\" \/>\n<meta property=\"og:title\" content=\"Les travailleuses et travailleurs de Sandoz d\u00e9clenchent une gr\u00e8ve de 24 heures\" \/>\n<meta property=\"og:description\" content=\"Les travailleuses et travailleurs de l\u2019usine Sandoz de Boucherville ont d\u00e9-clench\u00e9 une gr\u00e8ve de 24 heures \u00e0 7 h ce matin. Les acquis obtenus par les travailleuses et travailleurs au cours des ann\u00e9es pass\u00e9es, le r\u00e9gime de retraite ainsi que les salaires sont au centre du litige entre les parties.\" \/>\n<meta property=\"og:url\" content=\"https:\/\/teamsters.ca\/fr\/blog\/2016\/06\/07\/les-travailleuses-et-travailleurs-de-sandoz-declenchent-une-greve-de-24-heures\/\" \/>\n<meta property=\"og:site_name\" content=\"Teamsters Canada\" \/>\n<meta property=\"article:publisher\" content=\"https:\/\/www.facebook.com\/Teamsterscanada\/\" \/>\n<meta property=\"article:published_time\" content=\"2016-06-07T11:34:07+00:00\" \/>\n<meta property=\"article:modified_time\" content=\"2019-06-27T20:38:56+00:00\" \/>\n<meta property=\"og:image\" content=\"https:\/\/teamsters.ca\/wp-content\/uploads\/2016\/05\/Sandoz.jpg\" \/>\n\t<meta property=\"og:image:width\" content=\"1408\" \/>\n\t<meta property=\"og:image:height\" content=\"792\" \/>\n\t<meta property=\"og:image:type\" content=\"image\/jpeg\" \/>\n<meta name=\"author\" content=\"St\u00e9phanie Meunier\" \/>\n<meta name=\"twitter:card\" content=\"summary_large_image\" \/>\n<meta name=\"twitter:creator\" content=\"@TeamstersCanada\" \/>\n<meta name=\"twitter:site\" content=\"@TeamstersCanada\" \/>\n<meta name=\"twitter:label1\" content=\"\u00c9crit par\" \/>\n\t<meta name=\"twitter:data1\" content=\"St\u00e9phanie Meunier\" \/>\n\t<meta name=\"twitter:label2\" content=\"Estimation du temps de lecture\" \/>\n\t<meta name=\"twitter:data2\" content=\"1 minute\" \/>\n<script type=\"application\/ld+json\" class=\"yoast-schema-graph\">{\"@context\":\"https:\/\/schema.org\",\"@graph\":[{\"@type\":\"Article\",\"@id\":\"https:\/\/teamsters.ca\/fr\/blog\/2016\/06\/07\/les-travailleuses-et-travailleurs-de-sandoz-declenchent-une-greve-de-24-heures\/#article\",\"isPartOf\":{\"@id\":\"https:\/\/teamsters.ca\/fr\/blog\/2016\/06\/07\/les-travailleuses-et-travailleurs-de-sandoz-declenchent-une-greve-de-24-heures\/\"},\"author\":{\"name\":\"St\u00e9phanie Meunier\",\"@id\":\"https:\/\/teamsters.ca\/fr\/#\/schema\/person\/3e6ffefc39fe2f212400b7d8d0a4a0c1\"},\"headline\":\"Les travailleuses et travailleurs de Sandoz d\u00e9clenchent une gr\u00e8ve de 24 heures\",\"datePublished\":\"2016-06-07T11:34:07+00:00\",\"dateModified\":\"2019-06-27T20:38:56+00:00\",\"mainEntityOfPage\":{\"@id\":\"https:\/\/teamsters.ca\/fr\/blog\/2016\/06\/07\/les-travailleuses-et-travailleurs-de-sandoz-declenchent-une-greve-de-24-heures\/\"},\"wordCount\":273,\"publisher\":{\"@id\":\"https:\/\/teamsters.ca\/fr\/#organization\"},\"image\":{\"@id\":\"https:\/\/teamsters.ca\/fr\/blog\/2016\/06\/07\/les-travailleuses-et-travailleurs-de-sandoz-declenchent-une-greve-de-24-heures\/#primaryimage\"},\"thumbnailUrl\":\"https:\/\/teamsters.ca\/wp-content\/uploads\/2016\/05\/Sandoz.jpg\",\"articleSection\":[\"Industriel\",\"Nouvelles\",\"Qu\u00e9bec\",\"R\u00e9gion\"],\"inLanguage\":\"fr-CA\"},{\"@type\":\"WebPage\",\"@id\":\"https:\/\/teamsters.ca\/fr\/blog\/2016\/06\/07\/les-travailleuses-et-travailleurs-de-sandoz-declenchent-une-greve-de-24-heures\/\",\"url\":\"https:\/\/teamsters.ca\/fr\/blog\/2016\/06\/07\/les-travailleuses-et-travailleurs-de-sandoz-declenchent-une-greve-de-24-heures\/\",\"name\":\"Les travailleuses et travailleurs de Sandoz d\u00e9clenchent une gr\u00e8ve de 24 heures | Teamsters Canada\",\"isPartOf\":{\"@id\":\"https:\/\/teamsters.ca\/fr\/#website\"},\"primaryImageOfPage\":{\"@id\":\"https:\/\/teamsters.ca\/fr\/blog\/2016\/06\/07\/les-travailleuses-et-travailleurs-de-sandoz-declenchent-une-greve-de-24-heures\/#primaryimage\"},\"image\":{\"@id\":\"https:\/\/teamsters.ca\/fr\/blog\/2016\/06\/07\/les-travailleuses-et-travailleurs-de-sandoz-declenchent-une-greve-de-24-heures\/#primaryimage\"},\"thumbnailUrl\":\"https:\/\/teamsters.ca\/wp-content\/uploads\/2016\/05\/Sandoz.jpg\",\"datePublished\":\"2016-06-07T11:34:07+00:00\",\"dateModified\":\"2019-06-27T20:38:56+00:00\",\"breadcrumb\":{\"@id\":\"https:\/\/teamsters.ca\/fr\/blog\/2016\/06\/07\/les-travailleuses-et-travailleurs-de-sandoz-declenchent-une-greve-de-24-heures\/#breadcrumb\"},\"inLanguage\":\"fr-CA\",\"potentialAction\":[{\"@type\":\"ReadAction\",\"target\":[\"https:\/\/teamsters.ca\/fr\/blog\/2016\/06\/07\/les-travailleuses-et-travailleurs-de-sandoz-declenchent-une-greve-de-24-heures\/\"]}]},{\"@type\":\"ImageObject\",\"inLanguage\":\"fr-CA\",\"@id\":\"https:\/\/teamsters.ca\/fr\/blog\/2016\/06\/07\/les-travailleuses-et-travailleurs-de-sandoz-declenchent-une-greve-de-24-heures\/#primaryimage\",\"url\":\"https:\/\/teamsters.ca\/wp-content\/uploads\/2016\/05\/Sandoz.jpg\",\"contentUrl\":\"https:\/\/teamsters.ca\/wp-content\/uploads\/2016\/05\/Sandoz.jpg\",\"width\":1408,\"height\":792},{\"@type\":\"BreadcrumbList\",\"@id\":\"https:\/\/teamsters.ca\/fr\/blog\/2016\/06\/07\/les-travailleuses-et-travailleurs-de-sandoz-declenchent-une-greve-de-24-heures\/#breadcrumb\",\"itemListElement\":[{\"@type\":\"ListItem\",\"position\":1,\"name\":\"Home\",\"item\":\"https:\/\/teamsters.ca\/fr\/\"},{\"@type\":\"ListItem\",\"position\":2,\"name\":\"Les travailleuses et travailleurs de Sandoz d\u00e9clenchent une gr\u00e8ve de 24 heures\"}]},{\"@type\":\"WebSite\",\"@id\":\"https:\/\/teamsters.ca\/fr\/#website\",\"url\":\"https:\/\/teamsters.ca\/fr\/\",\"name\":\"Teamsters Canada\",\"description\":\"A Canadian union representing over 125 000 members\",\"publisher\":{\"@id\":\"https:\/\/teamsters.ca\/fr\/#organization\"},\"potentialAction\":[{\"@type\":\"SearchAction\",\"target\":{\"@type\":\"EntryPoint\",\"urlTemplate\":\"https:\/\/teamsters.ca\/fr\/?s={search_term_string}\"},\"query-input\":{\"@type\":\"PropertyValueSpecification\",\"valueRequired\":true,\"valueName\":\"search_term_string\"}}],\"inLanguage\":\"fr-CA\"},{\"@type\":\"Organization\",\"@id\":\"https:\/\/teamsters.ca\/fr\/#organization\",\"name\":\"Teamsters Canada\",\"url\":\"https:\/\/teamsters.ca\/fr\/\",\"logo\":{\"@type\":\"ImageObject\",\"inLanguage\":\"fr-CA\",\"@id\":\"https:\/\/teamsters.ca\/fr\/#\/schema\/logo\/image\/\",\"url\":\"https:\/\/teamsters.ca\/wp-content\/uploads\/2019\/08\/TeamstersCanada.png\",\"contentUrl\":\"https:\/\/teamsters.ca\/wp-content\/uploads\/2019\/08\/TeamstersCanada.png\",\"width\":545,\"height\":181,\"caption\":\"Teamsters Canada\"},\"image\":{\"@id\":\"https:\/\/teamsters.ca\/fr\/#\/schema\/logo\/image\/\"},\"sameAs\":[\"https:\/\/www.facebook.com\/Teamsterscanada\/\",\"https:\/\/x.com\/TeamstersCanada\"]},{\"@type\":\"Person\",\"@id\":\"https:\/\/teamsters.ca\/fr\/#\/schema\/person\/3e6ffefc39fe2f212400b7d8d0a4a0c1\",\"name\":\"St\u00e9phanie Meunier\",\"image\":{\"@type\":\"ImageObject\",\"inLanguage\":\"fr-CA\",\"@id\":\"https:\/\/teamsters.ca\/fr\/#\/schema\/person\/image\/\",\"url\":\"https:\/\/secure.gravatar.com\/avatar\/e4e8404e91ed71cb473fa2708849669810cf083c89825a3d2dd0d47dd6b2be77?s=96&d=mm&r=g\",\"contentUrl\":\"https:\/\/secure.gravatar.com\/avatar\/e4e8404e91ed71cb473fa2708849669810cf083c89825a3d2dd0d47dd6b2be77?s=96&d=mm&r=g\",\"caption\":\"St\u00e9phanie Meunier\"},\"url\":\"https:\/\/teamsters.ca\/fr\/blog\/author\/smeunier\/\"}]}<\/script>\n<!-- \/ Yoast SEO Premium plugin. -->","yoast_head_json":{"title":"Les travailleuses et travailleurs de Sandoz d\u00e9clenchent une gr\u00e8ve de 24 heures | Teamsters Canada","robots":{"index":"index","follow":"follow","max-snippet":"max-snippet:-1","max-image-preview":"max-image-preview:large","max-video-preview":"max-video-preview:-1"},"canonical":"https:\/\/teamsters.ca\/fr\/blog\/2016\/06\/07\/les-travailleuses-et-travailleurs-de-sandoz-declenchent-une-greve-de-24-heures\/","og_locale":"fr_CA","og_type":"article","og_title":"Les travailleuses et travailleurs de Sandoz d\u00e9clenchent une gr\u00e8ve de 24 heures","og_description":"Les travailleuses et travailleurs de l\u2019usine Sandoz de Boucherville ont d\u00e9-clench\u00e9 une gr\u00e8ve de 24 heures \u00e0 7 h ce matin. Les acquis obtenus par les travailleuses et travailleurs au cours des ann\u00e9es pass\u00e9es, le r\u00e9gime de retraite ainsi que les salaires sont au centre du litige entre les parties.","og_url":"https:\/\/teamsters.ca\/fr\/blog\/2016\/06\/07\/les-travailleuses-et-travailleurs-de-sandoz-declenchent-une-greve-de-24-heures\/","og_site_name":"Teamsters Canada","article_publisher":"https:\/\/www.facebook.com\/Teamsterscanada\/","article_published_time":"2016-06-07T11:34:07+00:00","article_modified_time":"2019-06-27T20:38:56+00:00","og_image":[{"width":1408,"height":792,"url":"https:\/\/teamsters.ca\/wp-content\/uploads\/2016\/05\/Sandoz.jpg","type":"image\/jpeg"}],"author":"St\u00e9phanie Meunier","twitter_card":"summary_large_image","twitter_creator":"@TeamstersCanada","twitter_site":"@TeamstersCanada","twitter_misc":{"\u00c9crit par":"St\u00e9phanie Meunier","Estimation du temps de lecture":"1 minute"},"schema":{"@context":"https:\/\/schema.org","@graph":[{"@type":"Article","@id":"https:\/\/teamsters.ca\/fr\/blog\/2016\/06\/07\/les-travailleuses-et-travailleurs-de-sandoz-declenchent-une-greve-de-24-heures\/#article","isPartOf":{"@id":"https:\/\/teamsters.ca\/fr\/blog\/2016\/06\/07\/les-travailleuses-et-travailleurs-de-sandoz-declenchent-une-greve-de-24-heures\/"},"author":{"name":"St\u00e9phanie Meunier","@id":"https:\/\/teamsters.ca\/fr\/#\/schema\/person\/3e6ffefc39fe2f212400b7d8d0a4a0c1"},"headline":"Les travailleuses et travailleurs de Sandoz d\u00e9clenchent une gr\u00e8ve de 24 heures","datePublished":"2016-06-07T11:34:07+00:00","dateModified":"2019-06-27T20:38:56+00:00","mainEntityOfPage":{"@id":"https:\/\/teamsters.ca\/fr\/blog\/2016\/06\/07\/les-travailleuses-et-travailleurs-de-sandoz-declenchent-une-greve-de-24-heures\/"},"wordCount":273,"publisher":{"@id":"https:\/\/teamsters.ca\/fr\/#organization"},"image":{"@id":"https:\/\/teamsters.ca\/fr\/blog\/2016\/06\/07\/les-travailleuses-et-travailleurs-de-sandoz-declenchent-une-greve-de-24-heures\/#primaryimage"},"thumbnailUrl":"https:\/\/teamsters.ca\/wp-content\/uploads\/2016\/05\/Sandoz.jpg","articleSection":["Industriel","Nouvelles","Qu\u00e9bec","R\u00e9gion"],"inLanguage":"fr-CA"},{"@type":"WebPage","@id":"https:\/\/teamsters.ca\/fr\/blog\/2016\/06\/07\/les-travailleuses-et-travailleurs-de-sandoz-declenchent-une-greve-de-24-heures\/","url":"https:\/\/teamsters.ca\/fr\/blog\/2016\/06\/07\/les-travailleuses-et-travailleurs-de-sandoz-declenchent-une-greve-de-24-heures\/","name":"Les travailleuses et travailleurs de Sandoz d\u00e9clenchent une gr\u00e8ve de 24 heures | Teamsters Canada","isPartOf":{"@id":"https:\/\/teamsters.ca\/fr\/#website"},"primaryImageOfPage":{"@id":"https:\/\/teamsters.ca\/fr\/blog\/2016\/06\/07\/les-travailleuses-et-travailleurs-de-sandoz-declenchent-une-greve-de-24-heures\/#primaryimage"},"image":{"@id":"https:\/\/teamsters.ca\/fr\/blog\/2016\/06\/07\/les-travailleuses-et-travailleurs-de-sandoz-declenchent-une-greve-de-24-heures\/#primaryimage"},"thumbnailUrl":"https:\/\/teamsters.ca\/wp-content\/uploads\/2016\/05\/Sandoz.jpg","datePublished":"2016-06-07T11:34:07+00:00","dateModified":"2019-06-27T20:38:56+00:00","breadcrumb":{"@id":"https:\/\/teamsters.ca\/fr\/blog\/2016\/06\/07\/les-travailleuses-et-travailleurs-de-sandoz-declenchent-une-greve-de-24-heures\/#breadcrumb"},"inLanguage":"fr-CA","potentialAction":[{"@type":"ReadAction","target":["https:\/\/teamsters.ca\/fr\/blog\/2016\/06\/07\/les-travailleuses-et-travailleurs-de-sandoz-declenchent-une-greve-de-24-heures\/"]}]},{"@type":"ImageObject","inLanguage":"fr-CA","@id":"https:\/\/teamsters.ca\/fr\/blog\/2016\/06\/07\/les-travailleuses-et-travailleurs-de-sandoz-declenchent-une-greve-de-24-heures\/#primaryimage","url":"https:\/\/teamsters.ca\/wp-content\/uploads\/2016\/05\/Sandoz.jpg","contentUrl":"https:\/\/teamsters.ca\/wp-content\/uploads\/2016\/05\/Sandoz.jpg","width":1408,"height":792},{"@type":"BreadcrumbList","@id":"https:\/\/teamsters.ca\/fr\/blog\/2016\/06\/07\/les-travailleuses-et-travailleurs-de-sandoz-declenchent-une-greve-de-24-heures\/#breadcrumb","itemListElement":[{"@type":"ListItem","position":1,"name":"Home","item":"https:\/\/teamsters.ca\/fr\/"},{"@type":"ListItem","position":2,"name":"Les travailleuses et travailleurs de Sandoz d\u00e9clenchent une gr\u00e8ve de 24 heures"}]},{"@type":"WebSite","@id":"https:\/\/teamsters.ca\/fr\/#website","url":"https:\/\/teamsters.ca\/fr\/","name":"Teamsters Canada","description":"A Canadian union representing over 125 000 members","publisher":{"@id":"https:\/\/teamsters.ca\/fr\/#organization"},"potentialAction":[{"@type":"SearchAction","target":{"@type":"EntryPoint","urlTemplate":"https:\/\/teamsters.ca\/fr\/?s={search_term_string}"},"query-input":{"@type":"PropertyValueSpecification","valueRequired":true,"valueName":"search_term_string"}}],"inLanguage":"fr-CA"},{"@type":"Organization","@id":"https:\/\/teamsters.ca\/fr\/#organization","name":"Teamsters Canada","url":"https:\/\/teamsters.ca\/fr\/","logo":{"@type":"ImageObject","inLanguage":"fr-CA","@id":"https:\/\/teamsters.ca\/fr\/#\/schema\/logo\/image\/","url":"https:\/\/teamsters.ca\/wp-content\/uploads\/2019\/08\/TeamstersCanada.png","contentUrl":"https:\/\/teamsters.ca\/wp-content\/uploads\/2019\/08\/TeamstersCanada.png","width":545,"height":181,"caption":"Teamsters Canada"},"image":{"@id":"https:\/\/teamsters.ca\/fr\/#\/schema\/logo\/image\/"},"sameAs":["https:\/\/www.facebook.com\/Teamsterscanada\/","https:\/\/x.com\/TeamstersCanada"]},{"@type":"Person","@id":"https:\/\/teamsters.ca\/fr\/#\/schema\/person\/3e6ffefc39fe2f212400b7d8d0a4a0c1","name":"St\u00e9phanie Meunier","image":{"@type":"ImageObject","inLanguage":"fr-CA","@id":"https:\/\/teamsters.ca\/fr\/#\/schema\/person\/image\/","url":"https:\/\/secure.gravatar.com\/avatar\/e4e8404e91ed71cb473fa2708849669810cf083c89825a3d2dd0d47dd6b2be77?s=96&d=mm&r=g","contentUrl":"https:\/\/secure.gravatar.com\/avatar\/e4e8404e91ed71cb473fa2708849669810cf083c89825a3d2dd0d47dd6b2be77?s=96&d=mm&r=g","caption":"St\u00e9phanie Meunier"},"url":"https:\/\/teamsters.ca\/fr\/blog\/author\/smeunier\/"}]}},"_links":{"self":[{"href":"https:\/\/teamsters.ca\/fr\/wp-json\/wp\/v2\/posts\/5643","targetHints":{"allow":["GET"]}}],"collection":[{"href":"https:\/\/teamsters.ca\/fr\/wp-json\/wp\/v2\/posts"}],"about":[{"href":"https:\/\/teamsters.ca\/fr\/wp-json\/wp\/v2\/types\/post"}],"author":[{"embeddable":true,"href":"https:\/\/teamsters.ca\/fr\/wp-json\/wp\/v2\/users\/8"}],"replies":[{"embeddable":true,"href":"https:\/\/teamsters.ca\/fr\/wp-json\/wp\/v2\/comments?post=5643"}],"version-history":[{"count":1,"href":"https:\/\/teamsters.ca\/fr\/wp-json\/wp\/v2\/posts\/5643\/revisions"}],"predecessor-version":[{"id":10182,"href":"https:\/\/teamsters.ca\/fr\/wp-json\/wp\/v2\/posts\/5643\/revisions\/10182"}],"wp:featuredmedia":[{"embeddable":true,"href":"https:\/\/teamsters.ca\/fr\/wp-json\/wp\/v2\/media\/5518"}],"wp:attachment":[{"href":"https:\/\/teamsters.ca\/fr\/wp-json\/wp\/v2\/media?parent=5643"}],"wp:term":[{"taxonomy":"category","embeddable":true,"href":"https:\/\/teamsters.ca\/fr\/wp-json\/wp\/v2\/categories?post=5643"},{"taxonomy":"post_tag","embeddable":true,"href":"https:\/\/teamsters.ca\/fr\/wp-json\/wp\/v2\/tags?post=5643"}],"curies":[{"name":"wp","href":"https:\/\/api.w.org\/{rel}","templated":true}]}}