{"id":5119,"date":"2016-02-03T11:11:16","date_gmt":"2016-02-03T16:11:16","guid":{"rendered":"http:\/\/teamsters.ca\/?p=5119"},"modified":"2019-06-27T20:38:59","modified_gmt":"2019-06-27T20:38:59","slug":"la-vente-de-rona-suscite-des-inquietudes","status":"publish","type":"post","link":"https:\/\/teamsters.ca\/fr\/blog\/2016\/02\/03\/la-vente-de-rona-suscite-des-inquietudes\/","title":{"rendered":"La vente de Rona suscite des inqui\u00e9tudes"},"content":{"rendered":"<p>Laval, le 3 f\u00e9vrier 2016 \u2013 L\u2019annonce de l\u2019achat de Rona par Lowe\u2019s, le g\u00e9ant am\u00e9ricain de la r\u00e9novation r\u00e9sidentielle, suscite des inqui\u00e9tudes parmi les travailleurs repr\u00e9sent\u00e9s par la Section locale 1999 du syndicat des Teamsters.<\/p>\n<p>Rappelons que la tentative de prise de contr\u00f4le de Rona par la soci\u00e9t\u00e9 am\u00e9ricaine en 2012 s\u2019\u00e9tait heurt\u00e9e \u00e0 l\u2019opposition du ministre des Finances de l\u2019\u00e9poque, Raymond Bachand. La Caisse de d\u00e9p\u00f4t et placement avait alors augment\u00e9 sa participation dans Rona \u00e0 hauteur de 14,18 %.<\/p>\n<p>Rona est un fleuron de l\u2019\u00e9conomie qu\u00e9b\u00e9coise, et sa vente \u00e0 des int\u00e9r\u00eats am\u00e9ricains soul\u00e8ve de nombreuses questions, et ce, malgr\u00e9 que la soci\u00e9t\u00e9 am\u00e9ricaine ait indiqu\u00e9 dans un communiqu\u00e9 de presse vouloir conserver la vase majorit\u00e9 des emplois.<\/p>\n<p>\u00ab Les dirigeants de Lowe\u2019s doivent prendre note que nous serons tr\u00e8s vigilants en ce qui a trait aux emplois des plus de 2 000 Teamsters chez Rona, met en garde le pr\u00e9sident de la Section locale 1999 des Teamsters, Serge B\u00e9rub\u00e9. Le syndicat et la nouvelle direction se sont d\u2019ailleurs rencontr\u00e9s ce matin et d\u2019autres rencontres sont pr\u00e9vues au courant de la journ\u00e9e. \u00bb<\/p>\n<p>\u00ab Notre \u00e9quipe est \u00e0 l\u2019\u0153uvre sur le terrain pour r\u00e9pondre aux questions des membres dans la mesure du possible et des renseignements dont nous disposons, ajoute le leader syndical. \u00c0 ce stade-ci, rien n\u2019indique que la transaction aura des r\u00e9percussions sur les activit\u00e9s de Rona. \u00bb<\/p>\n<p>En 2012, on reprochait \u00e0 Lowe\u2019s que sa culture organisationnelle n\u2019\u00e9tait pas compatible avec le mod\u00e8le d\u2019affaires de Rona, ax\u00e9 davantage sur les magasins de proximit\u00e9. La situation a-t-elle chang\u00e9e depuis?<\/p>\n<p>La r\u00e9ponse est venue du communiqu\u00e9 de presse de Lowe\u2019s, dans lequel le g\u00e9ant de la r\u00e9novation pr\u00e9cise que les banni\u00e8res qu\u00e9b\u00e9coises de Rona resteront ouvertes et que le si\u00e8ge social canadien de Rona sera maintenu \u00e0 Boucherville.<\/p>\n<p>Rona est vendue \u00e0 Lowe\u2019s pour 3,2 milliards de dollars canadiens. La transaction devra \u00eatre approuv\u00e9e par les autorit\u00e9s r\u00e8glementaires.<\/p>\n<p><em>Les Teamsters repr\u00e9sentent les int\u00e9r\u00eats de 120 000 membres au Canada dans tous les secteurs d\u2019activit\u00e9. La Fraternit\u00e9 internationale des Teamsters, \u00e0 laquelle Teamsters Canada est affili\u00e9, compte 1,4 million de membres en Am\u00e9rique du Nord.<\/em><\/p>\n<p style=\"text-align: center;\">-30-<\/p>\n<p>Renseignements :<\/p>\n<p>St\u00e9phane Lacroix, directeur des relations publiques<br \/>\nCellulaire : 514 609-5101<br \/>\n<a href=\"mailto:slacroix@teamsters.ca\">slacroix@teamsters.ca<\/a><\/p>\n","protected":false},"excerpt":{"rendered":"<p> Les dirigeants de Lowe\u2019s doivent prendre note que nous serons tr\u00e8s vigilants en ce qui a trait aux emplois de plus de 2000 Teamsters chez Rona,  met en garde Serge B\u00e9rub\u00e9.<\/p>\n","protected":false},"author":8,"featured_media":5120,"comment_status":"closed","ping_status":"closed","sticky":false,"template":"","format":"standard","meta":{"ngg_post_thumbnail":0,"mc4wp_mailchimp_campaign":[],"footnotes":""},"categories":[1128,1114,1145,1137],"tags":[],"class_list":{"0":"post-5119","1":"post","2":"type-post","3":"status-publish","4":"format-standard","5":"has-post-thumbnail","7":"category-autres","8":"category-nouvelles","9":"category-quebec-fr","10":"category-region-fr"},"yoast_head":"<!-- This site is optimized with the Yoast SEO Premium plugin v25.5 (Yoast SEO v25.5) - https:\/\/yoast.com\/wordpress\/plugins\/seo\/ -->\n<title>La vente de Rona suscite des inqui\u00e9tudes | Teamsters Canada<\/title>\n<meta name=\"robots\" content=\"index, follow, max-snippet:-1, max-image-preview:large, max-video-preview:-1\" \/>\n<link rel=\"canonical\" href=\"https:\/\/teamsters.ca\/fr\/blog\/2016\/02\/03\/la-vente-de-rona-suscite-des-inquietudes\/\" \/>\n<meta property=\"og:locale\" content=\"fr_CA\" \/>\n<meta property=\"og:type\" content=\"article\" \/>\n<meta property=\"og:title\" content=\"La vente de Rona suscite des inqui\u00e9tudes\" \/>\n<meta property=\"og:description\" content=\"Les dirigeants de Lowe\u2019s doivent prendre note que nous serons tr\u00e8s vigilants en ce qui a trait aux emplois de plus de 2000 Teamsters chez Rona, met en garde Serge B\u00e9rub\u00e9.\" \/>\n<meta property=\"og:url\" content=\"https:\/\/teamsters.ca\/fr\/blog\/2016\/02\/03\/la-vente-de-rona-suscite-des-inquietudes\/\" \/>\n<meta property=\"og:site_name\" content=\"Teamsters Canada\" \/>\n<meta property=\"article:publisher\" content=\"https:\/\/www.facebook.com\/Teamsterscanada\/\" \/>\n<meta property=\"article:published_time\" content=\"2016-02-03T16:11:16+00:00\" \/>\n<meta property=\"article:modified_time\" content=\"2019-06-27T20:38:59+00:00\" \/>\n<meta property=\"og:image\" content=\"https:\/\/teamsters.ca\/wp-content\/uploads\/2016\/02\/16616586951_2b4013a0be_o.jpg\" \/>\n\t<meta property=\"og:image:width\" content=\"800\" \/>\n\t<meta property=\"og:image:height\" content=\"532\" \/>\n\t<meta property=\"og:image:type\" content=\"image\/jpeg\" \/>\n<meta name=\"author\" content=\"St\u00e9phanie Meunier\" \/>\n<meta name=\"twitter:card\" content=\"summary_large_image\" \/>\n<meta name=\"twitter:creator\" content=\"@TeamstersCanada\" \/>\n<meta name=\"twitter:site\" content=\"@TeamstersCanada\" \/>\n<meta name=\"twitter:label1\" content=\"\u00c9crit par\" \/>\n\t<meta name=\"twitter:data1\" content=\"St\u00e9phanie Meunier\" \/>\n\t<meta name=\"twitter:label2\" content=\"Estimation du temps de lecture\" \/>\n\t<meta name=\"twitter:data2\" content=\"2 minutes\" \/>\n<script type=\"application\/ld+json\" class=\"yoast-schema-graph\">{\"@context\":\"https:\/\/schema.org\",\"@graph\":[{\"@type\":\"Article\",\"@id\":\"https:\/\/teamsters.ca\/fr\/blog\/2016\/02\/03\/la-vente-de-rona-suscite-des-inquietudes\/#article\",\"isPartOf\":{\"@id\":\"https:\/\/teamsters.ca\/fr\/blog\/2016\/02\/03\/la-vente-de-rona-suscite-des-inquietudes\/\"},\"author\":{\"name\":\"St\u00e9phanie Meunier\",\"@id\":\"https:\/\/teamsters.ca\/fr\/#\/schema\/person\/3e6ffefc39fe2f212400b7d8d0a4a0c1\"},\"headline\":\"La vente de Rona suscite des inqui\u00e9tudes\",\"datePublished\":\"2016-02-03T16:11:16+00:00\",\"dateModified\":\"2019-06-27T20:38:59+00:00\",\"mainEntityOfPage\":{\"@id\":\"https:\/\/teamsters.ca\/fr\/blog\/2016\/02\/03\/la-vente-de-rona-suscite-des-inquietudes\/\"},\"wordCount\":419,\"publisher\":{\"@id\":\"https:\/\/teamsters.ca\/fr\/#organization\"},\"image\":{\"@id\":\"https:\/\/teamsters.ca\/fr\/blog\/2016\/02\/03\/la-vente-de-rona-suscite-des-inquietudes\/#primaryimage\"},\"thumbnailUrl\":\"https:\/\/teamsters.ca\/wp-content\/uploads\/2016\/02\/16616586951_2b4013a0be_o.jpg\",\"articleSection\":[\"Autres\",\"Nouvelles\",\"Qu\u00e9bec\",\"R\u00e9gion\"],\"inLanguage\":\"fr-CA\"},{\"@type\":\"WebPage\",\"@id\":\"https:\/\/teamsters.ca\/fr\/blog\/2016\/02\/03\/la-vente-de-rona-suscite-des-inquietudes\/\",\"url\":\"https:\/\/teamsters.ca\/fr\/blog\/2016\/02\/03\/la-vente-de-rona-suscite-des-inquietudes\/\",\"name\":\"La vente de Rona suscite des inqui\u00e9tudes | Teamsters Canada\",\"isPartOf\":{\"@id\":\"https:\/\/teamsters.ca\/fr\/#website\"},\"primaryImageOfPage\":{\"@id\":\"https:\/\/teamsters.ca\/fr\/blog\/2016\/02\/03\/la-vente-de-rona-suscite-des-inquietudes\/#primaryimage\"},\"image\":{\"@id\":\"https:\/\/teamsters.ca\/fr\/blog\/2016\/02\/03\/la-vente-de-rona-suscite-des-inquietudes\/#primaryimage\"},\"thumbnailUrl\":\"https:\/\/teamsters.ca\/wp-content\/uploads\/2016\/02\/16616586951_2b4013a0be_o.jpg\",\"datePublished\":\"2016-02-03T16:11:16+00:00\",\"dateModified\":\"2019-06-27T20:38:59+00:00\",\"breadcrumb\":{\"@id\":\"https:\/\/teamsters.ca\/fr\/blog\/2016\/02\/03\/la-vente-de-rona-suscite-des-inquietudes\/#breadcrumb\"},\"inLanguage\":\"fr-CA\",\"potentialAction\":[{\"@type\":\"ReadAction\",\"target\":[\"https:\/\/teamsters.ca\/fr\/blog\/2016\/02\/03\/la-vente-de-rona-suscite-des-inquietudes\/\"]}]},{\"@type\":\"ImageObject\",\"inLanguage\":\"fr-CA\",\"@id\":\"https:\/\/teamsters.ca\/fr\/blog\/2016\/02\/03\/la-vente-de-rona-suscite-des-inquietudes\/#primaryimage\",\"url\":\"https:\/\/teamsters.ca\/wp-content\/uploads\/2016\/02\/16616586951_2b4013a0be_o.jpg\",\"contentUrl\":\"https:\/\/teamsters.ca\/wp-content\/uploads\/2016\/02\/16616586951_2b4013a0be_o.jpg\",\"width\":800,\"height\":532},{\"@type\":\"BreadcrumbList\",\"@id\":\"https:\/\/teamsters.ca\/fr\/blog\/2016\/02\/03\/la-vente-de-rona-suscite-des-inquietudes\/#breadcrumb\",\"itemListElement\":[{\"@type\":\"ListItem\",\"position\":1,\"name\":\"Home\",\"item\":\"https:\/\/teamsters.ca\/fr\/\"},{\"@type\":\"ListItem\",\"position\":2,\"name\":\"La vente de Rona suscite des inqui\u00e9tudes\"}]},{\"@type\":\"WebSite\",\"@id\":\"https:\/\/teamsters.ca\/fr\/#website\",\"url\":\"https:\/\/teamsters.ca\/fr\/\",\"name\":\"Teamsters Canada\",\"description\":\"A Canadian union representing over 125 000 members\",\"publisher\":{\"@id\":\"https:\/\/teamsters.ca\/fr\/#organization\"},\"potentialAction\":[{\"@type\":\"SearchAction\",\"target\":{\"@type\":\"EntryPoint\",\"urlTemplate\":\"https:\/\/teamsters.ca\/fr\/?s={search_term_string}\"},\"query-input\":{\"@type\":\"PropertyValueSpecification\",\"valueRequired\":true,\"valueName\":\"search_term_string\"}}],\"inLanguage\":\"fr-CA\"},{\"@type\":\"Organization\",\"@id\":\"https:\/\/teamsters.ca\/fr\/#organization\",\"name\":\"Teamsters Canada\",\"url\":\"https:\/\/teamsters.ca\/fr\/\",\"logo\":{\"@type\":\"ImageObject\",\"inLanguage\":\"fr-CA\",\"@id\":\"https:\/\/teamsters.ca\/fr\/#\/schema\/logo\/image\/\",\"url\":\"https:\/\/teamsters.ca\/wp-content\/uploads\/2019\/08\/TeamstersCanada.png\",\"contentUrl\":\"https:\/\/teamsters.ca\/wp-content\/uploads\/2019\/08\/TeamstersCanada.png\",\"width\":545,\"height\":181,\"caption\":\"Teamsters Canada\"},\"image\":{\"@id\":\"https:\/\/teamsters.ca\/fr\/#\/schema\/logo\/image\/\"},\"sameAs\":[\"https:\/\/www.facebook.com\/Teamsterscanada\/\",\"https:\/\/x.com\/TeamstersCanada\"]},{\"@type\":\"Person\",\"@id\":\"https:\/\/teamsters.ca\/fr\/#\/schema\/person\/3e6ffefc39fe2f212400b7d8d0a4a0c1\",\"name\":\"St\u00e9phanie Meunier\",\"image\":{\"@type\":\"ImageObject\",\"inLanguage\":\"fr-CA\",\"@id\":\"https:\/\/teamsters.ca\/fr\/#\/schema\/person\/image\/\",\"url\":\"https:\/\/secure.gravatar.com\/avatar\/e4e8404e91ed71cb473fa2708849669810cf083c89825a3d2dd0d47dd6b2be77?s=96&d=mm&r=g\",\"contentUrl\":\"https:\/\/secure.gravatar.com\/avatar\/e4e8404e91ed71cb473fa2708849669810cf083c89825a3d2dd0d47dd6b2be77?s=96&d=mm&r=g\",\"caption\":\"St\u00e9phanie Meunier\"},\"url\":\"https:\/\/teamsters.ca\/fr\/blog\/author\/smeunier\/\"}]}<\/script>\n<!-- \/ Yoast SEO Premium plugin. -->","yoast_head_json":{"title":"La vente de Rona suscite des inqui\u00e9tudes | Teamsters Canada","robots":{"index":"index","follow":"follow","max-snippet":"max-snippet:-1","max-image-preview":"max-image-preview:large","max-video-preview":"max-video-preview:-1"},"canonical":"https:\/\/teamsters.ca\/fr\/blog\/2016\/02\/03\/la-vente-de-rona-suscite-des-inquietudes\/","og_locale":"fr_CA","og_type":"article","og_title":"La vente de Rona suscite des inqui\u00e9tudes","og_description":"Les dirigeants de Lowe\u2019s doivent prendre note que nous serons tr\u00e8s vigilants en ce qui a trait aux emplois de plus de 2000 Teamsters chez Rona, met en garde Serge B\u00e9rub\u00e9.","og_url":"https:\/\/teamsters.ca\/fr\/blog\/2016\/02\/03\/la-vente-de-rona-suscite-des-inquietudes\/","og_site_name":"Teamsters Canada","article_publisher":"https:\/\/www.facebook.com\/Teamsterscanada\/","article_published_time":"2016-02-03T16:11:16+00:00","article_modified_time":"2019-06-27T20:38:59+00:00","og_image":[{"width":800,"height":532,"url":"https:\/\/teamsters.ca\/wp-content\/uploads\/2016\/02\/16616586951_2b4013a0be_o.jpg","type":"image\/jpeg"}],"author":"St\u00e9phanie Meunier","twitter_card":"summary_large_image","twitter_creator":"@TeamstersCanada","twitter_site":"@TeamstersCanada","twitter_misc":{"\u00c9crit par":"St\u00e9phanie Meunier","Estimation du temps de lecture":"2 minutes"},"schema":{"@context":"https:\/\/schema.org","@graph":[{"@type":"Article","@id":"https:\/\/teamsters.ca\/fr\/blog\/2016\/02\/03\/la-vente-de-rona-suscite-des-inquietudes\/#article","isPartOf":{"@id":"https:\/\/teamsters.ca\/fr\/blog\/2016\/02\/03\/la-vente-de-rona-suscite-des-inquietudes\/"},"author":{"name":"St\u00e9phanie Meunier","@id":"https:\/\/teamsters.ca\/fr\/#\/schema\/person\/3e6ffefc39fe2f212400b7d8d0a4a0c1"},"headline":"La vente de Rona suscite des inqui\u00e9tudes","datePublished":"2016-02-03T16:11:16+00:00","dateModified":"2019-06-27T20:38:59+00:00","mainEntityOfPage":{"@id":"https:\/\/teamsters.ca\/fr\/blog\/2016\/02\/03\/la-vente-de-rona-suscite-des-inquietudes\/"},"wordCount":419,"publisher":{"@id":"https:\/\/teamsters.ca\/fr\/#organization"},"image":{"@id":"https:\/\/teamsters.ca\/fr\/blog\/2016\/02\/03\/la-vente-de-rona-suscite-des-inquietudes\/#primaryimage"},"thumbnailUrl":"https:\/\/teamsters.ca\/wp-content\/uploads\/2016\/02\/16616586951_2b4013a0be_o.jpg","articleSection":["Autres","Nouvelles","Qu\u00e9bec","R\u00e9gion"],"inLanguage":"fr-CA"},{"@type":"WebPage","@id":"https:\/\/teamsters.ca\/fr\/blog\/2016\/02\/03\/la-vente-de-rona-suscite-des-inquietudes\/","url":"https:\/\/teamsters.ca\/fr\/blog\/2016\/02\/03\/la-vente-de-rona-suscite-des-inquietudes\/","name":"La vente de Rona suscite des inqui\u00e9tudes | Teamsters Canada","isPartOf":{"@id":"https:\/\/teamsters.ca\/fr\/#website"},"primaryImageOfPage":{"@id":"https:\/\/teamsters.ca\/fr\/blog\/2016\/02\/03\/la-vente-de-rona-suscite-des-inquietudes\/#primaryimage"},"image":{"@id":"https:\/\/teamsters.ca\/fr\/blog\/2016\/02\/03\/la-vente-de-rona-suscite-des-inquietudes\/#primaryimage"},"thumbnailUrl":"https:\/\/teamsters.ca\/wp-content\/uploads\/2016\/02\/16616586951_2b4013a0be_o.jpg","datePublished":"2016-02-03T16:11:16+00:00","dateModified":"2019-06-27T20:38:59+00:00","breadcrumb":{"@id":"https:\/\/teamsters.ca\/fr\/blog\/2016\/02\/03\/la-vente-de-rona-suscite-des-inquietudes\/#breadcrumb"},"inLanguage":"fr-CA","potentialAction":[{"@type":"ReadAction","target":["https:\/\/teamsters.ca\/fr\/blog\/2016\/02\/03\/la-vente-de-rona-suscite-des-inquietudes\/"]}]},{"@type":"ImageObject","inLanguage":"fr-CA","@id":"https:\/\/teamsters.ca\/fr\/blog\/2016\/02\/03\/la-vente-de-rona-suscite-des-inquietudes\/#primaryimage","url":"https:\/\/teamsters.ca\/wp-content\/uploads\/2016\/02\/16616586951_2b4013a0be_o.jpg","contentUrl":"https:\/\/teamsters.ca\/wp-content\/uploads\/2016\/02\/16616586951_2b4013a0be_o.jpg","width":800,"height":532},{"@type":"BreadcrumbList","@id":"https:\/\/teamsters.ca\/fr\/blog\/2016\/02\/03\/la-vente-de-rona-suscite-des-inquietudes\/#breadcrumb","itemListElement":[{"@type":"ListItem","position":1,"name":"Home","item":"https:\/\/teamsters.ca\/fr\/"},{"@type":"ListItem","position":2,"name":"La vente de Rona suscite des inqui\u00e9tudes"}]},{"@type":"WebSite","@id":"https:\/\/teamsters.ca\/fr\/#website","url":"https:\/\/teamsters.ca\/fr\/","name":"Teamsters Canada","description":"A Canadian union representing over 125 000 members","publisher":{"@id":"https:\/\/teamsters.ca\/fr\/#organization"},"potentialAction":[{"@type":"SearchAction","target":{"@type":"EntryPoint","urlTemplate":"https:\/\/teamsters.ca\/fr\/?s={search_term_string}"},"query-input":{"@type":"PropertyValueSpecification","valueRequired":true,"valueName":"search_term_string"}}],"inLanguage":"fr-CA"},{"@type":"Organization","@id":"https:\/\/teamsters.ca\/fr\/#organization","name":"Teamsters Canada","url":"https:\/\/teamsters.ca\/fr\/","logo":{"@type":"ImageObject","inLanguage":"fr-CA","@id":"https:\/\/teamsters.ca\/fr\/#\/schema\/logo\/image\/","url":"https:\/\/teamsters.ca\/wp-content\/uploads\/2019\/08\/TeamstersCanada.png","contentUrl":"https:\/\/teamsters.ca\/wp-content\/uploads\/2019\/08\/TeamstersCanada.png","width":545,"height":181,"caption":"Teamsters Canada"},"image":{"@id":"https:\/\/teamsters.ca\/fr\/#\/schema\/logo\/image\/"},"sameAs":["https:\/\/www.facebook.com\/Teamsterscanada\/","https:\/\/x.com\/TeamstersCanada"]},{"@type":"Person","@id":"https:\/\/teamsters.ca\/fr\/#\/schema\/person\/3e6ffefc39fe2f212400b7d8d0a4a0c1","name":"St\u00e9phanie Meunier","image":{"@type":"ImageObject","inLanguage":"fr-CA","@id":"https:\/\/teamsters.ca\/fr\/#\/schema\/person\/image\/","url":"https:\/\/secure.gravatar.com\/avatar\/e4e8404e91ed71cb473fa2708849669810cf083c89825a3d2dd0d47dd6b2be77?s=96&d=mm&r=g","contentUrl":"https:\/\/secure.gravatar.com\/avatar\/e4e8404e91ed71cb473fa2708849669810cf083c89825a3d2dd0d47dd6b2be77?s=96&d=mm&r=g","caption":"St\u00e9phanie Meunier"},"url":"https:\/\/teamsters.ca\/fr\/blog\/author\/smeunier\/"}]}},"_links":{"self":[{"href":"https:\/\/teamsters.ca\/fr\/wp-json\/wp\/v2\/posts\/5119","targetHints":{"allow":["GET"]}}],"collection":[{"href":"https:\/\/teamsters.ca\/fr\/wp-json\/wp\/v2\/posts"}],"about":[{"href":"https:\/\/teamsters.ca\/fr\/wp-json\/wp\/v2\/types\/post"}],"author":[{"embeddable":true,"href":"https:\/\/teamsters.ca\/fr\/wp-json\/wp\/v2\/users\/8"}],"replies":[{"embeddable":true,"href":"https:\/\/teamsters.ca\/fr\/wp-json\/wp\/v2\/comments?post=5119"}],"version-history":[{"count":1,"href":"https:\/\/teamsters.ca\/fr\/wp-json\/wp\/v2\/posts\/5119\/revisions"}],"predecessor-version":[{"id":10240,"href":"https:\/\/teamsters.ca\/fr\/wp-json\/wp\/v2\/posts\/5119\/revisions\/10240"}],"wp:featuredmedia":[{"embeddable":true,"href":"https:\/\/teamsters.ca\/fr\/wp-json\/wp\/v2\/media\/5120"}],"wp:attachment":[{"href":"https:\/\/teamsters.ca\/fr\/wp-json\/wp\/v2\/media?parent=5119"}],"wp:term":[{"taxonomy":"category","embeddable":true,"href":"https:\/\/teamsters.ca\/fr\/wp-json\/wp\/v2\/categories?post=5119"},{"taxonomy":"post_tag","embeddable":true,"href":"https:\/\/teamsters.ca\/fr\/wp-json\/wp\/v2\/tags?post=5119"}],"curies":[{"name":"wp","href":"https:\/\/api.w.org\/{rel}","templated":true}]}}