{"id":4967,"date":"2016-01-27T16:37:19","date_gmt":"2016-01-27T21:37:19","guid":{"rendered":"http:\/\/teamsters.ca\/?p=4967"},"modified":"2019-06-27T20:38:59","modified_gmt":"2019-06-27T20:38:59","slug":"consternation-a-lusine-transcontinental-de-quebec","status":"publish","type":"post","link":"https:\/\/teamsters.ca\/fr\/blog\/2016\/01\/27\/consternation-a-lusine-transcontinental-de-quebec\/","title":{"rendered":"Consternation \u00e0 l\u2019usine Transcontinental de Qu\u00e9bec"},"content":{"rendered":"<p>Qu\u00e9bec, le 27 janvier 2016 \u2013 Une bien mauvaise nouvelle attendait aujourd\u2019hui les quelque 100 travailleurs de l\u2019usine Transcontinental de Qu\u00e9bec. En effet, la direction a annonc\u00e9 qu\u2019elle fermait l\u2019usine et transf\u00e9rait ses contrats commerciaux \u00e0 ses autres usines, exploit\u00e9es notamment en Beauce et \u00e0 Montr\u00e9al.<\/p>\n<p>\u00ab Nos membres ne perdent pas qu\u2019un emploi, ils perdent aussi pour la plupart leur m\u00e9tier, a indiqu\u00e9 St\u00e9phane Lacroix, directeur du Service des relations publiques de Teamsters Canada. Le boulot se fait rare dans l\u2019industrie de l\u2019imprimerie et cela rend l\u2019annonce de ce matin encore plus tragique. \u00bb<\/p>\n<p>L\u2019\u00e2ge moyen des travailleurs de cette usine, repr\u00e9sent\u00e9s par la Section locale 555M de Teamsters Canada, se chiffre \u00e0 45 ans.<\/p>\n<p>Les travailleurs sont constern\u00e9s \u00e9tant donn\u00e9 qu\u2019ils avaient accept\u00e9 des concessions, il y a deux ans, dans le cadre des derni\u00e8res n\u00e9gociations collectives. Sachant que la survie de leur usine \u00e9tait en p\u00e9ril, les syndiqu\u00e9s esp\u00e9raient que l\u2019employeur investisse les sommes n\u00e9cessaires pour mettre l\u2019\u00e9quipement \u00e0 niveau. Malheureusement, ces investissements n\u2019ont jamais \u00e9t\u00e9 faits.<\/p>\n<p>La fermeture de l\u2019usine de Qu\u00e9bec n\u2019affecte pas le quotidien Le Soleil, qui est imprim\u00e9 par une autre usine du groupe Transcontinental.<\/p>\n<p>Un comit\u00e9 de reclassement a \u00e9t\u00e9 mis sur pied et les derniers travailleurs quitteront l\u2019usine le 30 avril prochain.<\/p>\n<p><em>Les Teamsters repr\u00e9sentent les int\u00e9r\u00eats de 120 000 membres au Canada dans tous les secteurs d\u2019activit\u00e9. La Fraternit\u00e9 internationale des Teamsters, \u00e0 laquelle Teamsters Canada est affili\u00e9, compte 1,4 million de membres en Am\u00e9rique du Nord.<\/em><\/p>\n<p style=\"text-align: center;\">-30-<\/p>\n<p>Renseignements :<\/p>\n<p>St\u00e9phane Lacroix, directeur des relations publiques<br \/>\nCellulaire : 514 609-5101<br \/>\nCourriel : <a href=\"mailto:slacroix@teamsters.ca\">slacroix@teamsters.ca<\/a><\/p>\n","protected":false},"excerpt":{"rendered":"<p>Ces travailleuses et travailleurs ne perdent pas qu\u2019un emploi, ils perdent aussi pour la plupart leur m\u00e9tier.<\/p>\n","protected":false},"author":8,"featured_media":4183,"comment_status":"closed","ping_status":"closed","sticky":false,"template":"","format":"standard","meta":{"ngg_post_thumbnail":0,"mc4wp_mailchimp_campaign":[],"footnotes":""},"categories":[1128,1114,1145,1137],"tags":[],"class_list":{"0":"post-4967","1":"post","2":"type-post","3":"status-publish","4":"format-standard","5":"has-post-thumbnail","7":"category-autres","8":"category-nouvelles","9":"category-quebec-fr","10":"category-region-fr"},"yoast_head":"<!-- This site is optimized with the Yoast SEO Premium plugin v25.5 (Yoast SEO v25.5) - https:\/\/yoast.com\/wordpress\/plugins\/seo\/ -->\n<title>Consternation \u00e0 l\u2019usine Transcontinental de Qu\u00e9bec | Teamsters Canada<\/title>\n<meta name=\"robots\" content=\"index, follow, max-snippet:-1, max-image-preview:large, max-video-preview:-1\" \/>\n<link rel=\"canonical\" href=\"https:\/\/teamsters.ca\/fr\/blog\/2016\/01\/27\/consternation-a-lusine-transcontinental-de-quebec\/\" \/>\n<meta property=\"og:locale\" content=\"fr_CA\" \/>\n<meta property=\"og:type\" content=\"article\" \/>\n<meta property=\"og:title\" content=\"Consternation \u00e0 l\u2019usine Transcontinental de Qu\u00e9bec\" \/>\n<meta property=\"og:description\" content=\"Ces travailleuses et travailleurs ne perdent pas qu\u2019un emploi, ils perdent aussi pour la plupart leur m\u00e9tier.\" \/>\n<meta property=\"og:url\" content=\"https:\/\/teamsters.ca\/fr\/blog\/2016\/01\/27\/consternation-a-lusine-transcontinental-de-quebec\/\" \/>\n<meta property=\"og:site_name\" content=\"Teamsters Canada\" \/>\n<meta property=\"article:publisher\" content=\"https:\/\/www.facebook.com\/Teamsterscanada\/\" \/>\n<meta property=\"article:published_time\" content=\"2016-01-27T21:37:19+00:00\" \/>\n<meta property=\"article:modified_time\" content=\"2019-06-27T20:38:59+00:00\" \/>\n<meta property=\"og:image\" content=\"https:\/\/teamsters.ca\/wp-content\/uploads\/2015\/09\/Print.jpg\" \/>\n\t<meta property=\"og:image:width\" content=\"4724\" \/>\n\t<meta property=\"og:image:height\" content=\"2953\" \/>\n\t<meta property=\"og:image:type\" content=\"image\/jpeg\" \/>\n<meta name=\"author\" content=\"St\u00e9phanie Meunier\" \/>\n<meta name=\"twitter:card\" content=\"summary_large_image\" \/>\n<meta name=\"twitter:creator\" content=\"@TeamstersCanada\" \/>\n<meta name=\"twitter:site\" content=\"@TeamstersCanada\" \/>\n<meta name=\"twitter:label1\" content=\"\u00c9crit par\" \/>\n\t<meta name=\"twitter:data1\" content=\"St\u00e9phanie Meunier\" \/>\n\t<meta name=\"twitter:label2\" content=\"Estimation du temps de lecture\" \/>\n\t<meta name=\"twitter:data2\" content=\"1 minute\" \/>\n<script type=\"application\/ld+json\" class=\"yoast-schema-graph\">{\"@context\":\"https:\/\/schema.org\",\"@graph\":[{\"@type\":\"Article\",\"@id\":\"https:\/\/teamsters.ca\/fr\/blog\/2016\/01\/27\/consternation-a-lusine-transcontinental-de-quebec\/#article\",\"isPartOf\":{\"@id\":\"https:\/\/teamsters.ca\/fr\/blog\/2016\/01\/27\/consternation-a-lusine-transcontinental-de-quebec\/\"},\"author\":{\"name\":\"St\u00e9phanie Meunier\",\"@id\":\"https:\/\/teamsters.ca\/fr\/#\/schema\/person\/3e6ffefc39fe2f212400b7d8d0a4a0c1\"},\"headline\":\"Consternation \u00e0 l\u2019usine Transcontinental de Qu\u00e9bec\",\"datePublished\":\"2016-01-27T21:37:19+00:00\",\"dateModified\":\"2019-06-27T20:38:59+00:00\",\"mainEntityOfPage\":{\"@id\":\"https:\/\/teamsters.ca\/fr\/blog\/2016\/01\/27\/consternation-a-lusine-transcontinental-de-quebec\/\"},\"wordCount\":292,\"publisher\":{\"@id\":\"https:\/\/teamsters.ca\/fr\/#organization\"},\"image\":{\"@id\":\"https:\/\/teamsters.ca\/fr\/blog\/2016\/01\/27\/consternation-a-lusine-transcontinental-de-quebec\/#primaryimage\"},\"thumbnailUrl\":\"https:\/\/teamsters.ca\/wp-content\/uploads\/2015\/09\/Print.jpg\",\"articleSection\":[\"Autres\",\"Nouvelles\",\"Qu\u00e9bec\",\"R\u00e9gion\"],\"inLanguage\":\"fr-CA\"},{\"@type\":\"WebPage\",\"@id\":\"https:\/\/teamsters.ca\/fr\/blog\/2016\/01\/27\/consternation-a-lusine-transcontinental-de-quebec\/\",\"url\":\"https:\/\/teamsters.ca\/fr\/blog\/2016\/01\/27\/consternation-a-lusine-transcontinental-de-quebec\/\",\"name\":\"Consternation \u00e0 l\u2019usine Transcontinental de Qu\u00e9bec | Teamsters Canada\",\"isPartOf\":{\"@id\":\"https:\/\/teamsters.ca\/fr\/#website\"},\"primaryImageOfPage\":{\"@id\":\"https:\/\/teamsters.ca\/fr\/blog\/2016\/01\/27\/consternation-a-lusine-transcontinental-de-quebec\/#primaryimage\"},\"image\":{\"@id\":\"https:\/\/teamsters.ca\/fr\/blog\/2016\/01\/27\/consternation-a-lusine-transcontinental-de-quebec\/#primaryimage\"},\"thumbnailUrl\":\"https:\/\/teamsters.ca\/wp-content\/uploads\/2015\/09\/Print.jpg\",\"datePublished\":\"2016-01-27T21:37:19+00:00\",\"dateModified\":\"2019-06-27T20:38:59+00:00\",\"breadcrumb\":{\"@id\":\"https:\/\/teamsters.ca\/fr\/blog\/2016\/01\/27\/consternation-a-lusine-transcontinental-de-quebec\/#breadcrumb\"},\"inLanguage\":\"fr-CA\",\"potentialAction\":[{\"@type\":\"ReadAction\",\"target\":[\"https:\/\/teamsters.ca\/fr\/blog\/2016\/01\/27\/consternation-a-lusine-transcontinental-de-quebec\/\"]}]},{\"@type\":\"ImageObject\",\"inLanguage\":\"fr-CA\",\"@id\":\"https:\/\/teamsters.ca\/fr\/blog\/2016\/01\/27\/consternation-a-lusine-transcontinental-de-quebec\/#primaryimage\",\"url\":\"https:\/\/teamsters.ca\/wp-content\/uploads\/2015\/09\/Print.jpg\",\"contentUrl\":\"https:\/\/teamsters.ca\/wp-content\/uploads\/2015\/09\/Print.jpg\",\"width\":4724,\"height\":2953},{\"@type\":\"BreadcrumbList\",\"@id\":\"https:\/\/teamsters.ca\/fr\/blog\/2016\/01\/27\/consternation-a-lusine-transcontinental-de-quebec\/#breadcrumb\",\"itemListElement\":[{\"@type\":\"ListItem\",\"position\":1,\"name\":\"Home\",\"item\":\"https:\/\/teamsters.ca\/fr\/\"},{\"@type\":\"ListItem\",\"position\":2,\"name\":\"Consternation \u00e0 l\u2019usine Transcontinental de Qu\u00e9bec\"}]},{\"@type\":\"WebSite\",\"@id\":\"https:\/\/teamsters.ca\/fr\/#website\",\"url\":\"https:\/\/teamsters.ca\/fr\/\",\"name\":\"Teamsters Canada\",\"description\":\"A Canadian union representing over 125 000 members\",\"publisher\":{\"@id\":\"https:\/\/teamsters.ca\/fr\/#organization\"},\"potentialAction\":[{\"@type\":\"SearchAction\",\"target\":{\"@type\":\"EntryPoint\",\"urlTemplate\":\"https:\/\/teamsters.ca\/fr\/?s={search_term_string}\"},\"query-input\":{\"@type\":\"PropertyValueSpecification\",\"valueRequired\":true,\"valueName\":\"search_term_string\"}}],\"inLanguage\":\"fr-CA\"},{\"@type\":\"Organization\",\"@id\":\"https:\/\/teamsters.ca\/fr\/#organization\",\"name\":\"Teamsters Canada\",\"url\":\"https:\/\/teamsters.ca\/fr\/\",\"logo\":{\"@type\":\"ImageObject\",\"inLanguage\":\"fr-CA\",\"@id\":\"https:\/\/teamsters.ca\/fr\/#\/schema\/logo\/image\/\",\"url\":\"https:\/\/teamsters.ca\/wp-content\/uploads\/2019\/08\/TeamstersCanada.png\",\"contentUrl\":\"https:\/\/teamsters.ca\/wp-content\/uploads\/2019\/08\/TeamstersCanada.png\",\"width\":545,\"height\":181,\"caption\":\"Teamsters Canada\"},\"image\":{\"@id\":\"https:\/\/teamsters.ca\/fr\/#\/schema\/logo\/image\/\"},\"sameAs\":[\"https:\/\/www.facebook.com\/Teamsterscanada\/\",\"https:\/\/x.com\/TeamstersCanada\"]},{\"@type\":\"Person\",\"@id\":\"https:\/\/teamsters.ca\/fr\/#\/schema\/person\/3e6ffefc39fe2f212400b7d8d0a4a0c1\",\"name\":\"St\u00e9phanie Meunier\",\"image\":{\"@type\":\"ImageObject\",\"inLanguage\":\"fr-CA\",\"@id\":\"https:\/\/teamsters.ca\/fr\/#\/schema\/person\/image\/\",\"url\":\"https:\/\/secure.gravatar.com\/avatar\/e4e8404e91ed71cb473fa2708849669810cf083c89825a3d2dd0d47dd6b2be77?s=96&d=mm&r=g\",\"contentUrl\":\"https:\/\/secure.gravatar.com\/avatar\/e4e8404e91ed71cb473fa2708849669810cf083c89825a3d2dd0d47dd6b2be77?s=96&d=mm&r=g\",\"caption\":\"St\u00e9phanie Meunier\"},\"url\":\"https:\/\/teamsters.ca\/fr\/blog\/author\/smeunier\/\"}]}<\/script>\n<!-- \/ Yoast SEO Premium plugin. -->","yoast_head_json":{"title":"Consternation \u00e0 l\u2019usine Transcontinental de Qu\u00e9bec | Teamsters Canada","robots":{"index":"index","follow":"follow","max-snippet":"max-snippet:-1","max-image-preview":"max-image-preview:large","max-video-preview":"max-video-preview:-1"},"canonical":"https:\/\/teamsters.ca\/fr\/blog\/2016\/01\/27\/consternation-a-lusine-transcontinental-de-quebec\/","og_locale":"fr_CA","og_type":"article","og_title":"Consternation \u00e0 l\u2019usine Transcontinental de Qu\u00e9bec","og_description":"Ces travailleuses et travailleurs ne perdent pas qu\u2019un emploi, ils perdent aussi pour la plupart leur m\u00e9tier.","og_url":"https:\/\/teamsters.ca\/fr\/blog\/2016\/01\/27\/consternation-a-lusine-transcontinental-de-quebec\/","og_site_name":"Teamsters Canada","article_publisher":"https:\/\/www.facebook.com\/Teamsterscanada\/","article_published_time":"2016-01-27T21:37:19+00:00","article_modified_time":"2019-06-27T20:38:59+00:00","og_image":[{"width":4724,"height":2953,"url":"https:\/\/teamsters.ca\/wp-content\/uploads\/2015\/09\/Print.jpg","type":"image\/jpeg"}],"author":"St\u00e9phanie Meunier","twitter_card":"summary_large_image","twitter_creator":"@TeamstersCanada","twitter_site":"@TeamstersCanada","twitter_misc":{"\u00c9crit par":"St\u00e9phanie Meunier","Estimation du temps de lecture":"1 minute"},"schema":{"@context":"https:\/\/schema.org","@graph":[{"@type":"Article","@id":"https:\/\/teamsters.ca\/fr\/blog\/2016\/01\/27\/consternation-a-lusine-transcontinental-de-quebec\/#article","isPartOf":{"@id":"https:\/\/teamsters.ca\/fr\/blog\/2016\/01\/27\/consternation-a-lusine-transcontinental-de-quebec\/"},"author":{"name":"St\u00e9phanie Meunier","@id":"https:\/\/teamsters.ca\/fr\/#\/schema\/person\/3e6ffefc39fe2f212400b7d8d0a4a0c1"},"headline":"Consternation \u00e0 l\u2019usine Transcontinental de Qu\u00e9bec","datePublished":"2016-01-27T21:37:19+00:00","dateModified":"2019-06-27T20:38:59+00:00","mainEntityOfPage":{"@id":"https:\/\/teamsters.ca\/fr\/blog\/2016\/01\/27\/consternation-a-lusine-transcontinental-de-quebec\/"},"wordCount":292,"publisher":{"@id":"https:\/\/teamsters.ca\/fr\/#organization"},"image":{"@id":"https:\/\/teamsters.ca\/fr\/blog\/2016\/01\/27\/consternation-a-lusine-transcontinental-de-quebec\/#primaryimage"},"thumbnailUrl":"https:\/\/teamsters.ca\/wp-content\/uploads\/2015\/09\/Print.jpg","articleSection":["Autres","Nouvelles","Qu\u00e9bec","R\u00e9gion"],"inLanguage":"fr-CA"},{"@type":"WebPage","@id":"https:\/\/teamsters.ca\/fr\/blog\/2016\/01\/27\/consternation-a-lusine-transcontinental-de-quebec\/","url":"https:\/\/teamsters.ca\/fr\/blog\/2016\/01\/27\/consternation-a-lusine-transcontinental-de-quebec\/","name":"Consternation \u00e0 l\u2019usine Transcontinental de Qu\u00e9bec | Teamsters Canada","isPartOf":{"@id":"https:\/\/teamsters.ca\/fr\/#website"},"primaryImageOfPage":{"@id":"https:\/\/teamsters.ca\/fr\/blog\/2016\/01\/27\/consternation-a-lusine-transcontinental-de-quebec\/#primaryimage"},"image":{"@id":"https:\/\/teamsters.ca\/fr\/blog\/2016\/01\/27\/consternation-a-lusine-transcontinental-de-quebec\/#primaryimage"},"thumbnailUrl":"https:\/\/teamsters.ca\/wp-content\/uploads\/2015\/09\/Print.jpg","datePublished":"2016-01-27T21:37:19+00:00","dateModified":"2019-06-27T20:38:59+00:00","breadcrumb":{"@id":"https:\/\/teamsters.ca\/fr\/blog\/2016\/01\/27\/consternation-a-lusine-transcontinental-de-quebec\/#breadcrumb"},"inLanguage":"fr-CA","potentialAction":[{"@type":"ReadAction","target":["https:\/\/teamsters.ca\/fr\/blog\/2016\/01\/27\/consternation-a-lusine-transcontinental-de-quebec\/"]}]},{"@type":"ImageObject","inLanguage":"fr-CA","@id":"https:\/\/teamsters.ca\/fr\/blog\/2016\/01\/27\/consternation-a-lusine-transcontinental-de-quebec\/#primaryimage","url":"https:\/\/teamsters.ca\/wp-content\/uploads\/2015\/09\/Print.jpg","contentUrl":"https:\/\/teamsters.ca\/wp-content\/uploads\/2015\/09\/Print.jpg","width":4724,"height":2953},{"@type":"BreadcrumbList","@id":"https:\/\/teamsters.ca\/fr\/blog\/2016\/01\/27\/consternation-a-lusine-transcontinental-de-quebec\/#breadcrumb","itemListElement":[{"@type":"ListItem","position":1,"name":"Home","item":"https:\/\/teamsters.ca\/fr\/"},{"@type":"ListItem","position":2,"name":"Consternation \u00e0 l\u2019usine Transcontinental de Qu\u00e9bec"}]},{"@type":"WebSite","@id":"https:\/\/teamsters.ca\/fr\/#website","url":"https:\/\/teamsters.ca\/fr\/","name":"Teamsters Canada","description":"A Canadian union representing over 125 000 members","publisher":{"@id":"https:\/\/teamsters.ca\/fr\/#organization"},"potentialAction":[{"@type":"SearchAction","target":{"@type":"EntryPoint","urlTemplate":"https:\/\/teamsters.ca\/fr\/?s={search_term_string}"},"query-input":{"@type":"PropertyValueSpecification","valueRequired":true,"valueName":"search_term_string"}}],"inLanguage":"fr-CA"},{"@type":"Organization","@id":"https:\/\/teamsters.ca\/fr\/#organization","name":"Teamsters Canada","url":"https:\/\/teamsters.ca\/fr\/","logo":{"@type":"ImageObject","inLanguage":"fr-CA","@id":"https:\/\/teamsters.ca\/fr\/#\/schema\/logo\/image\/","url":"https:\/\/teamsters.ca\/wp-content\/uploads\/2019\/08\/TeamstersCanada.png","contentUrl":"https:\/\/teamsters.ca\/wp-content\/uploads\/2019\/08\/TeamstersCanada.png","width":545,"height":181,"caption":"Teamsters Canada"},"image":{"@id":"https:\/\/teamsters.ca\/fr\/#\/schema\/logo\/image\/"},"sameAs":["https:\/\/www.facebook.com\/Teamsterscanada\/","https:\/\/x.com\/TeamstersCanada"]},{"@type":"Person","@id":"https:\/\/teamsters.ca\/fr\/#\/schema\/person\/3e6ffefc39fe2f212400b7d8d0a4a0c1","name":"St\u00e9phanie Meunier","image":{"@type":"ImageObject","inLanguage":"fr-CA","@id":"https:\/\/teamsters.ca\/fr\/#\/schema\/person\/image\/","url":"https:\/\/secure.gravatar.com\/avatar\/e4e8404e91ed71cb473fa2708849669810cf083c89825a3d2dd0d47dd6b2be77?s=96&d=mm&r=g","contentUrl":"https:\/\/secure.gravatar.com\/avatar\/e4e8404e91ed71cb473fa2708849669810cf083c89825a3d2dd0d47dd6b2be77?s=96&d=mm&r=g","caption":"St\u00e9phanie Meunier"},"url":"https:\/\/teamsters.ca\/fr\/blog\/author\/smeunier\/"}]}},"_links":{"self":[{"href":"https:\/\/teamsters.ca\/fr\/wp-json\/wp\/v2\/posts\/4967","targetHints":{"allow":["GET"]}}],"collection":[{"href":"https:\/\/teamsters.ca\/fr\/wp-json\/wp\/v2\/posts"}],"about":[{"href":"https:\/\/teamsters.ca\/fr\/wp-json\/wp\/v2\/types\/post"}],"author":[{"embeddable":true,"href":"https:\/\/teamsters.ca\/fr\/wp-json\/wp\/v2\/users\/8"}],"replies":[{"embeddable":true,"href":"https:\/\/teamsters.ca\/fr\/wp-json\/wp\/v2\/comments?post=4967"}],"version-history":[{"count":1,"href":"https:\/\/teamsters.ca\/fr\/wp-json\/wp\/v2\/posts\/4967\/revisions"}],"predecessor-version":[{"id":10243,"href":"https:\/\/teamsters.ca\/fr\/wp-json\/wp\/v2\/posts\/4967\/revisions\/10243"}],"wp:featuredmedia":[{"embeddable":true,"href":"https:\/\/teamsters.ca\/fr\/wp-json\/wp\/v2\/media\/4183"}],"wp:attachment":[{"href":"https:\/\/teamsters.ca\/fr\/wp-json\/wp\/v2\/media?parent=4967"}],"wp:term":[{"taxonomy":"category","embeddable":true,"href":"https:\/\/teamsters.ca\/fr\/wp-json\/wp\/v2\/categories?post=4967"},{"taxonomy":"post_tag","embeddable":true,"href":"https:\/\/teamsters.ca\/fr\/wp-json\/wp\/v2\/tags?post=4967"}],"curies":[{"name":"wp","href":"https:\/\/api.w.org\/{rel}","templated":true}]}}