{"id":4316,"date":"2015-10-05T09:37:27","date_gmt":"2015-10-05T13:37:27","guid":{"rendered":"http:\/\/teamsters.ca\/?p=4316"},"modified":"2019-06-27T20:39:36","modified_gmt":"2019-06-27T20:39:36","slug":"les-teamsters-exigent-la-reintegration-dun-travailleur-haitien-congedie-abusivement-dans-une-usine-du-groupe-heineken","status":"publish","type":"post","link":"https:\/\/teamsters.ca\/fr\/blog\/2015\/10\/05\/les-teamsters-exigent-la-reintegration-dun-travailleur-haitien-congedie-abusivement-dans-une-usine-du-groupe-heineken\/","title":{"rendered":"Les Teamsters exigent la r\u00e9int\u00e9gration d\u2019un travailleur ha\u00eftien cong\u00e9di\u00e9 abusivement dans une usine du groupe Heineken"},"content":{"rendered":"<p>Laval, 5 octobre 2015 \u2014 Wilson Celin\u00e9, un travailleur \u0153uvrant \u00e0 la brasserie nationale d\u2019Ha\u00efti (BRANA), pensait entrer tranquillement au travail le 1<sup>er<\/sup> septembre dernier, mais une triste nouvelle l\u2019attendait: une lettre de cong\u00e9diement.<\/p>\n<p>Cet ing\u00e9nieur de formation et technicien \u00e0 l\u2019entretien &#8211; ainsi qu\u2019activiste syndical &#8211;\u00a0 embauch\u00e9 en 2006 par cette usine affili\u00e9e au g\u00e9ant international Heineken aurait subi les foudres de son employeur parce qu\u2019il a particip\u00e9 \u00e0 une activit\u00e9 syndicale et parce qu\u2019il a d\u00e9pos\u00e9 une plainte contre un de ses sup\u00e9rieurs.<\/p>\n<p>Pour comprendre cette triste histoire, il faut remonter \u00e0 un s\u00e9minaire organis\u00e9 par plusieurs organisations syndicales, dont Teamsters Canada. En janvier dernier, M. Celin\u00e9 aurait demand\u00e9 et obtenu l\u2019autorisation des dirigeants de l\u2019usine de participer \u00e0 ce s\u00e9minaire organis\u00e9 \u00e0 Port-au-Prince, mais on lui aurait dit de \u00ab\u00a0surveiller ses arri\u00e8res dans l\u2019usine\u00a0\u00bb \u00e0 son retour.<\/p>\n<p>Monsieur Celin\u00e9 fut cong\u00e9di\u00e9 le 1<sup>er<\/sup> septembre malgr\u00e9 l\u2019insistance du syndicat de l\u2019usine, le SYTBRANA, \u00e0 discuter de la situation. Selon ce syndicat, les responsables des ressources humaines de l\u2019usine n\u2019auraient jamais daign\u00e9 justifier leur d\u00e9cision. Deux dirigeants de l\u2019usine auraient m\u00eame indiqu\u00e9 \u00e0 Wilson Celin\u00e9 que son \u00ab\u00a0profil\u00a0\u00bb ne correspondait pas aux besoins de Heineken et que la plainte d\u00e9pos\u00e9e par le travailleur contre un de ses sup\u00e9rieurs expliquerait en partie son cong\u00e9diement.<\/p>\n<p>Cette plainte faisait suite a un incident impliquant Wilson Celin\u00e9 qui aurait pu \u00eatre gravement bless\u00e9 lors de l\u2019entretien d\u2019une laveuse de bouteilles qu\u2019un de ses sup\u00e9rieurs aurait red\u00e9marr\u00e9 alors que le travailleur effectuait des travaux \u00e0 la sortie de la machine.<\/p>\n<p>\u00ab\u00a0On m\u2019a dit que depuis le cong\u00e9diement de M. Celin\u00e9, les salari\u00e9s de l\u2019usine vivent dans la peur, a d\u00e9plor\u00e9 le pr\u00e9sident de Teamsters Canada, Fran\u00e7ois Laporte. Les dirigeants de la BRANA doivent s\u2019asseoir avec le SYTBRANA afin de trouver des solutions et instaurer la paix industrielle.\u00a0\u00bb<\/p>\n<p>En plus de M. Celin\u00e9, un commissaire syndical, Jean Derlin, ainsi qu\u2019un membre, Joseph Rodely, ont \u00e9t\u00e9 cong\u00e9di\u00e9s en ao\u00fbt dernier.<\/p>\n<p>Le syndicat des Teamsters canadiens demande donc au responsable des ressources humaines de la brasserie Heineken, Jean-Fran\u00e7ois Van Steenbergen, qu\u2019une rencontre avec les dirigeants du SYTBRANA soit organis\u00e9e dans les plus brefs d\u00e9lais afin de discuter de la situation \u00e0 l\u2019usine ha\u00eftienne et la r\u00e9int\u00e9gration des trois travailleurs.<\/p>\n<p>Heineken est le 3<sup>e <\/sup>groupe brassicole mondial et il est d\u2019origine n\u00e9erlandaise. Cette soci\u00e9t\u00e9 produit 250 marques de bi\u00e8res et de cidres. En 2007, le groupe Heineken a cr\u00e9\u00e9 la fondation Afrique Heineken afin d\u2019am\u00e9liorer la sant\u00e9 des populations de l\u2019Afrique subsaharienne, mais il semble qu\u2019il reste encore bien du travail \u00e0 faire aupr\u00e8s des dirigeants de leur usine ha\u00eftienne.<\/p>\n<p><em>Les Teamsters repr\u00e9sentent les int\u00e9r\u00eats de 120 000 membres au Canada dans tous les secteurs d\u2019activit\u00e9. La Fraternit\u00e9 internationale des Teamsters, \u00e0 laquelle Teamsters Canada est affili\u00e9, compte 1,4 million de membres en Am\u00e9rique du Nord.<\/em><\/p>\n<p style=\"text-align: center;\">-30-<\/p>\n<p>Renseignements :<\/p>\n<p>St\u00e9phane Lacroix, Directeur du Service des relations publiques<br \/>\nCell : 514 609-5101<br \/>\nCourriel : slacroix@teamsters.ca<\/p>\n","protected":false},"excerpt":{"rendered":"<p>Le syndicat des Teamsters s\u2019inqui\u00e8te de la culture de peur qui serait en train de s\u2019installer \u00e0 l\u2019usine de la BRANA en Ha\u00efti.<\/p>\n","protected":false},"author":8,"featured_media":4314,"comment_status":"closed","ping_status":"closed","sticky":false,"template":"","format":"standard","meta":{"ngg_post_thumbnail":0,"mc4wp_mailchimp_campaign":[],"footnotes":""},"categories":[1128,1140,1114,1137],"tags":[],"class_list":{"0":"post-4316","1":"post","2":"type-post","3":"status-publish","4":"format-standard","5":"has-post-thumbnail","7":"category-autres","8":"category-canada-region-fr","9":"category-nouvelles","10":"category-region-fr"},"yoast_head":"<!-- This site is optimized with the Yoast SEO Premium plugin v25.5 (Yoast SEO v25.5) - https:\/\/yoast.com\/wordpress\/plugins\/seo\/ -->\n<title>Les Teamsters exigent la r\u00e9int\u00e9gration d\u2019un travailleur ha\u00eftien cong\u00e9di\u00e9 abusivement dans une usine du groupe Heineken | Teamsters Canada<\/title>\n<meta name=\"robots\" content=\"index, follow, max-snippet:-1, max-image-preview:large, max-video-preview:-1\" \/>\n<link rel=\"canonical\" href=\"https:\/\/teamsters.ca\/fr\/blog\/2015\/10\/05\/les-teamsters-exigent-la-reintegration-dun-travailleur-haitien-congedie-abusivement-dans-une-usine-du-groupe-heineken\/\" \/>\n<meta property=\"og:locale\" content=\"fr_CA\" \/>\n<meta property=\"og:type\" content=\"article\" \/>\n<meta property=\"og:title\" content=\"Les Teamsters exigent la r\u00e9int\u00e9gration d\u2019un travailleur ha\u00eftien cong\u00e9di\u00e9 abusivement dans une usine du groupe Heineken\" \/>\n<meta property=\"og:description\" content=\"Le syndicat des Teamsters s\u2019inqui\u00e8te de la culture de peur qui serait en train de s\u2019installer \u00e0 l\u2019usine de la BRANA en Ha\u00efti.\" \/>\n<meta property=\"og:url\" content=\"https:\/\/teamsters.ca\/fr\/blog\/2015\/10\/05\/les-teamsters-exigent-la-reintegration-dun-travailleur-haitien-congedie-abusivement-dans-une-usine-du-groupe-heineken\/\" \/>\n<meta property=\"og:site_name\" content=\"Teamsters Canada\" \/>\n<meta property=\"article:publisher\" content=\"https:\/\/www.facebook.com\/Teamsterscanada\/\" \/>\n<meta property=\"article:published_time\" content=\"2015-10-05T13:37:27+00:00\" \/>\n<meta property=\"article:modified_time\" content=\"2019-06-27T20:39:36+00:00\" \/>\n<meta property=\"og:image\" content=\"https:\/\/teamsters.ca\/wp-content\/uploads\/2015\/10\/16701423136_b280c63747_b-1.jpg\" \/>\n\t<meta property=\"og:image:width\" content=\"1024\" \/>\n\t<meta property=\"og:image:height\" content=\"609\" \/>\n\t<meta property=\"og:image:type\" content=\"image\/jpeg\" \/>\n<meta name=\"author\" content=\"St\u00e9phanie Meunier\" \/>\n<meta name=\"twitter:card\" content=\"summary_large_image\" \/>\n<meta name=\"twitter:creator\" content=\"@TeamstersCanada\" \/>\n<meta name=\"twitter:site\" content=\"@TeamstersCanada\" \/>\n<meta name=\"twitter:label1\" content=\"\u00c9crit par\" \/>\n\t<meta name=\"twitter:data1\" content=\"St\u00e9phanie Meunier\" \/>\n\t<meta name=\"twitter:label2\" content=\"Estimation du temps de lecture\" \/>\n\t<meta name=\"twitter:data2\" content=\"3 minutes\" \/>\n<script type=\"application\/ld+json\" class=\"yoast-schema-graph\">{\"@context\":\"https:\/\/schema.org\",\"@graph\":[{\"@type\":\"Article\",\"@id\":\"https:\/\/teamsters.ca\/fr\/blog\/2015\/10\/05\/les-teamsters-exigent-la-reintegration-dun-travailleur-haitien-congedie-abusivement-dans-une-usine-du-groupe-heineken\/#article\",\"isPartOf\":{\"@id\":\"https:\/\/teamsters.ca\/fr\/blog\/2015\/10\/05\/les-teamsters-exigent-la-reintegration-dun-travailleur-haitien-congedie-abusivement-dans-une-usine-du-groupe-heineken\/\"},\"author\":{\"name\":\"St\u00e9phanie Meunier\",\"@id\":\"https:\/\/teamsters.ca\/fr\/#\/schema\/person\/3e6ffefc39fe2f212400b7d8d0a4a0c1\"},\"headline\":\"Les Teamsters exigent la r\u00e9int\u00e9gration d\u2019un travailleur ha\u00eftien cong\u00e9di\u00e9 abusivement dans une usine du groupe Heineken\",\"datePublished\":\"2015-10-05T13:37:27+00:00\",\"dateModified\":\"2019-06-27T20:39:36+00:00\",\"mainEntityOfPage\":{\"@id\":\"https:\/\/teamsters.ca\/fr\/blog\/2015\/10\/05\/les-teamsters-exigent-la-reintegration-dun-travailleur-haitien-congedie-abusivement-dans-une-usine-du-groupe-heineken\/\"},\"wordCount\":556,\"publisher\":{\"@id\":\"https:\/\/teamsters.ca\/fr\/#organization\"},\"image\":{\"@id\":\"https:\/\/teamsters.ca\/fr\/blog\/2015\/10\/05\/les-teamsters-exigent-la-reintegration-dun-travailleur-haitien-congedie-abusivement-dans-une-usine-du-groupe-heineken\/#primaryimage\"},\"thumbnailUrl\":\"https:\/\/teamsters.ca\/wp-content\/uploads\/2015\/10\/16701423136_b280c63747_b-1.jpg\",\"articleSection\":[\"Autres\",\"Canada\",\"Nouvelles\",\"R\u00e9gion\"],\"inLanguage\":\"fr-CA\"},{\"@type\":\"WebPage\",\"@id\":\"https:\/\/teamsters.ca\/fr\/blog\/2015\/10\/05\/les-teamsters-exigent-la-reintegration-dun-travailleur-haitien-congedie-abusivement-dans-une-usine-du-groupe-heineken\/\",\"url\":\"https:\/\/teamsters.ca\/fr\/blog\/2015\/10\/05\/les-teamsters-exigent-la-reintegration-dun-travailleur-haitien-congedie-abusivement-dans-une-usine-du-groupe-heineken\/\",\"name\":\"Les Teamsters exigent la r\u00e9int\u00e9gration d\u2019un travailleur ha\u00eftien cong\u00e9di\u00e9 abusivement dans une usine du groupe Heineken | Teamsters Canada\",\"isPartOf\":{\"@id\":\"https:\/\/teamsters.ca\/fr\/#website\"},\"primaryImageOfPage\":{\"@id\":\"https:\/\/teamsters.ca\/fr\/blog\/2015\/10\/05\/les-teamsters-exigent-la-reintegration-dun-travailleur-haitien-congedie-abusivement-dans-une-usine-du-groupe-heineken\/#primaryimage\"},\"image\":{\"@id\":\"https:\/\/teamsters.ca\/fr\/blog\/2015\/10\/05\/les-teamsters-exigent-la-reintegration-dun-travailleur-haitien-congedie-abusivement-dans-une-usine-du-groupe-heineken\/#primaryimage\"},\"thumbnailUrl\":\"https:\/\/teamsters.ca\/wp-content\/uploads\/2015\/10\/16701423136_b280c63747_b-1.jpg\",\"datePublished\":\"2015-10-05T13:37:27+00:00\",\"dateModified\":\"2019-06-27T20:39:36+00:00\",\"breadcrumb\":{\"@id\":\"https:\/\/teamsters.ca\/fr\/blog\/2015\/10\/05\/les-teamsters-exigent-la-reintegration-dun-travailleur-haitien-congedie-abusivement-dans-une-usine-du-groupe-heineken\/#breadcrumb\"},\"inLanguage\":\"fr-CA\",\"potentialAction\":[{\"@type\":\"ReadAction\",\"target\":[\"https:\/\/teamsters.ca\/fr\/blog\/2015\/10\/05\/les-teamsters-exigent-la-reintegration-dun-travailleur-haitien-congedie-abusivement-dans-une-usine-du-groupe-heineken\/\"]}]},{\"@type\":\"ImageObject\",\"inLanguage\":\"fr-CA\",\"@id\":\"https:\/\/teamsters.ca\/fr\/blog\/2015\/10\/05\/les-teamsters-exigent-la-reintegration-dun-travailleur-haitien-congedie-abusivement-dans-une-usine-du-groupe-heineken\/#primaryimage\",\"url\":\"https:\/\/teamsters.ca\/wp-content\/uploads\/2015\/10\/16701423136_b280c63747_b-1.jpg\",\"contentUrl\":\"https:\/\/teamsters.ca\/wp-content\/uploads\/2015\/10\/16701423136_b280c63747_b-1.jpg\",\"width\":1024,\"height\":609},{\"@type\":\"BreadcrumbList\",\"@id\":\"https:\/\/teamsters.ca\/fr\/blog\/2015\/10\/05\/les-teamsters-exigent-la-reintegration-dun-travailleur-haitien-congedie-abusivement-dans-une-usine-du-groupe-heineken\/#breadcrumb\",\"itemListElement\":[{\"@type\":\"ListItem\",\"position\":1,\"name\":\"Home\",\"item\":\"https:\/\/teamsters.ca\/fr\/\"},{\"@type\":\"ListItem\",\"position\":2,\"name\":\"Les Teamsters exigent la r\u00e9int\u00e9gration d\u2019un travailleur ha\u00eftien cong\u00e9di\u00e9 abusivement dans une usine du groupe Heineken\"}]},{\"@type\":\"WebSite\",\"@id\":\"https:\/\/teamsters.ca\/fr\/#website\",\"url\":\"https:\/\/teamsters.ca\/fr\/\",\"name\":\"Teamsters Canada\",\"description\":\"A Canadian union representing over 125 000 members\",\"publisher\":{\"@id\":\"https:\/\/teamsters.ca\/fr\/#organization\"},\"potentialAction\":[{\"@type\":\"SearchAction\",\"target\":{\"@type\":\"EntryPoint\",\"urlTemplate\":\"https:\/\/teamsters.ca\/fr\/?s={search_term_string}\"},\"query-input\":{\"@type\":\"PropertyValueSpecification\",\"valueRequired\":true,\"valueName\":\"search_term_string\"}}],\"inLanguage\":\"fr-CA\"},{\"@type\":\"Organization\",\"@id\":\"https:\/\/teamsters.ca\/fr\/#organization\",\"name\":\"Teamsters Canada\",\"url\":\"https:\/\/teamsters.ca\/fr\/\",\"logo\":{\"@type\":\"ImageObject\",\"inLanguage\":\"fr-CA\",\"@id\":\"https:\/\/teamsters.ca\/fr\/#\/schema\/logo\/image\/\",\"url\":\"https:\/\/teamsters.ca\/wp-content\/uploads\/2019\/08\/TeamstersCanada.png\",\"contentUrl\":\"https:\/\/teamsters.ca\/wp-content\/uploads\/2019\/08\/TeamstersCanada.png\",\"width\":545,\"height\":181,\"caption\":\"Teamsters Canada\"},\"image\":{\"@id\":\"https:\/\/teamsters.ca\/fr\/#\/schema\/logo\/image\/\"},\"sameAs\":[\"https:\/\/www.facebook.com\/Teamsterscanada\/\",\"https:\/\/x.com\/TeamstersCanada\"]},{\"@type\":\"Person\",\"@id\":\"https:\/\/teamsters.ca\/fr\/#\/schema\/person\/3e6ffefc39fe2f212400b7d8d0a4a0c1\",\"name\":\"St\u00e9phanie Meunier\",\"image\":{\"@type\":\"ImageObject\",\"inLanguage\":\"fr-CA\",\"@id\":\"https:\/\/teamsters.ca\/fr\/#\/schema\/person\/image\/\",\"url\":\"https:\/\/secure.gravatar.com\/avatar\/e4e8404e91ed71cb473fa2708849669810cf083c89825a3d2dd0d47dd6b2be77?s=96&d=mm&r=g\",\"contentUrl\":\"https:\/\/secure.gravatar.com\/avatar\/e4e8404e91ed71cb473fa2708849669810cf083c89825a3d2dd0d47dd6b2be77?s=96&d=mm&r=g\",\"caption\":\"St\u00e9phanie Meunier\"},\"url\":\"https:\/\/teamsters.ca\/fr\/blog\/author\/smeunier\/\"}]}<\/script>\n<!-- \/ Yoast SEO Premium plugin. -->","yoast_head_json":{"title":"Les Teamsters exigent la r\u00e9int\u00e9gration d\u2019un travailleur ha\u00eftien cong\u00e9di\u00e9 abusivement dans une usine du groupe Heineken | Teamsters Canada","robots":{"index":"index","follow":"follow","max-snippet":"max-snippet:-1","max-image-preview":"max-image-preview:large","max-video-preview":"max-video-preview:-1"},"canonical":"https:\/\/teamsters.ca\/fr\/blog\/2015\/10\/05\/les-teamsters-exigent-la-reintegration-dun-travailleur-haitien-congedie-abusivement-dans-une-usine-du-groupe-heineken\/","og_locale":"fr_CA","og_type":"article","og_title":"Les Teamsters exigent la r\u00e9int\u00e9gration d\u2019un travailleur ha\u00eftien cong\u00e9di\u00e9 abusivement dans une usine du groupe Heineken","og_description":"Le syndicat des Teamsters s\u2019inqui\u00e8te de la culture de peur qui serait en train de s\u2019installer \u00e0 l\u2019usine de la BRANA en Ha\u00efti.","og_url":"https:\/\/teamsters.ca\/fr\/blog\/2015\/10\/05\/les-teamsters-exigent-la-reintegration-dun-travailleur-haitien-congedie-abusivement-dans-une-usine-du-groupe-heineken\/","og_site_name":"Teamsters Canada","article_publisher":"https:\/\/www.facebook.com\/Teamsterscanada\/","article_published_time":"2015-10-05T13:37:27+00:00","article_modified_time":"2019-06-27T20:39:36+00:00","og_image":[{"width":1024,"height":609,"url":"https:\/\/teamsters.ca\/wp-content\/uploads\/2015\/10\/16701423136_b280c63747_b-1.jpg","type":"image\/jpeg"}],"author":"St\u00e9phanie Meunier","twitter_card":"summary_large_image","twitter_creator":"@TeamstersCanada","twitter_site":"@TeamstersCanada","twitter_misc":{"\u00c9crit par":"St\u00e9phanie Meunier","Estimation du temps de lecture":"3 minutes"},"schema":{"@context":"https:\/\/schema.org","@graph":[{"@type":"Article","@id":"https:\/\/teamsters.ca\/fr\/blog\/2015\/10\/05\/les-teamsters-exigent-la-reintegration-dun-travailleur-haitien-congedie-abusivement-dans-une-usine-du-groupe-heineken\/#article","isPartOf":{"@id":"https:\/\/teamsters.ca\/fr\/blog\/2015\/10\/05\/les-teamsters-exigent-la-reintegration-dun-travailleur-haitien-congedie-abusivement-dans-une-usine-du-groupe-heineken\/"},"author":{"name":"St\u00e9phanie Meunier","@id":"https:\/\/teamsters.ca\/fr\/#\/schema\/person\/3e6ffefc39fe2f212400b7d8d0a4a0c1"},"headline":"Les Teamsters exigent la r\u00e9int\u00e9gration d\u2019un travailleur ha\u00eftien cong\u00e9di\u00e9 abusivement dans une usine du groupe Heineken","datePublished":"2015-10-05T13:37:27+00:00","dateModified":"2019-06-27T20:39:36+00:00","mainEntityOfPage":{"@id":"https:\/\/teamsters.ca\/fr\/blog\/2015\/10\/05\/les-teamsters-exigent-la-reintegration-dun-travailleur-haitien-congedie-abusivement-dans-une-usine-du-groupe-heineken\/"},"wordCount":556,"publisher":{"@id":"https:\/\/teamsters.ca\/fr\/#organization"},"image":{"@id":"https:\/\/teamsters.ca\/fr\/blog\/2015\/10\/05\/les-teamsters-exigent-la-reintegration-dun-travailleur-haitien-congedie-abusivement-dans-une-usine-du-groupe-heineken\/#primaryimage"},"thumbnailUrl":"https:\/\/teamsters.ca\/wp-content\/uploads\/2015\/10\/16701423136_b280c63747_b-1.jpg","articleSection":["Autres","Canada","Nouvelles","R\u00e9gion"],"inLanguage":"fr-CA"},{"@type":"WebPage","@id":"https:\/\/teamsters.ca\/fr\/blog\/2015\/10\/05\/les-teamsters-exigent-la-reintegration-dun-travailleur-haitien-congedie-abusivement-dans-une-usine-du-groupe-heineken\/","url":"https:\/\/teamsters.ca\/fr\/blog\/2015\/10\/05\/les-teamsters-exigent-la-reintegration-dun-travailleur-haitien-congedie-abusivement-dans-une-usine-du-groupe-heineken\/","name":"Les Teamsters exigent la r\u00e9int\u00e9gration d\u2019un travailleur ha\u00eftien cong\u00e9di\u00e9 abusivement dans une usine du groupe Heineken | Teamsters Canada","isPartOf":{"@id":"https:\/\/teamsters.ca\/fr\/#website"},"primaryImageOfPage":{"@id":"https:\/\/teamsters.ca\/fr\/blog\/2015\/10\/05\/les-teamsters-exigent-la-reintegration-dun-travailleur-haitien-congedie-abusivement-dans-une-usine-du-groupe-heineken\/#primaryimage"},"image":{"@id":"https:\/\/teamsters.ca\/fr\/blog\/2015\/10\/05\/les-teamsters-exigent-la-reintegration-dun-travailleur-haitien-congedie-abusivement-dans-une-usine-du-groupe-heineken\/#primaryimage"},"thumbnailUrl":"https:\/\/teamsters.ca\/wp-content\/uploads\/2015\/10\/16701423136_b280c63747_b-1.jpg","datePublished":"2015-10-05T13:37:27+00:00","dateModified":"2019-06-27T20:39:36+00:00","breadcrumb":{"@id":"https:\/\/teamsters.ca\/fr\/blog\/2015\/10\/05\/les-teamsters-exigent-la-reintegration-dun-travailleur-haitien-congedie-abusivement-dans-une-usine-du-groupe-heineken\/#breadcrumb"},"inLanguage":"fr-CA","potentialAction":[{"@type":"ReadAction","target":["https:\/\/teamsters.ca\/fr\/blog\/2015\/10\/05\/les-teamsters-exigent-la-reintegration-dun-travailleur-haitien-congedie-abusivement-dans-une-usine-du-groupe-heineken\/"]}]},{"@type":"ImageObject","inLanguage":"fr-CA","@id":"https:\/\/teamsters.ca\/fr\/blog\/2015\/10\/05\/les-teamsters-exigent-la-reintegration-dun-travailleur-haitien-congedie-abusivement-dans-une-usine-du-groupe-heineken\/#primaryimage","url":"https:\/\/teamsters.ca\/wp-content\/uploads\/2015\/10\/16701423136_b280c63747_b-1.jpg","contentUrl":"https:\/\/teamsters.ca\/wp-content\/uploads\/2015\/10\/16701423136_b280c63747_b-1.jpg","width":1024,"height":609},{"@type":"BreadcrumbList","@id":"https:\/\/teamsters.ca\/fr\/blog\/2015\/10\/05\/les-teamsters-exigent-la-reintegration-dun-travailleur-haitien-congedie-abusivement-dans-une-usine-du-groupe-heineken\/#breadcrumb","itemListElement":[{"@type":"ListItem","position":1,"name":"Home","item":"https:\/\/teamsters.ca\/fr\/"},{"@type":"ListItem","position":2,"name":"Les Teamsters exigent la r\u00e9int\u00e9gration d\u2019un travailleur ha\u00eftien cong\u00e9di\u00e9 abusivement dans une usine du groupe Heineken"}]},{"@type":"WebSite","@id":"https:\/\/teamsters.ca\/fr\/#website","url":"https:\/\/teamsters.ca\/fr\/","name":"Teamsters Canada","description":"A Canadian union representing over 125 000 members","publisher":{"@id":"https:\/\/teamsters.ca\/fr\/#organization"},"potentialAction":[{"@type":"SearchAction","target":{"@type":"EntryPoint","urlTemplate":"https:\/\/teamsters.ca\/fr\/?s={search_term_string}"},"query-input":{"@type":"PropertyValueSpecification","valueRequired":true,"valueName":"search_term_string"}}],"inLanguage":"fr-CA"},{"@type":"Organization","@id":"https:\/\/teamsters.ca\/fr\/#organization","name":"Teamsters Canada","url":"https:\/\/teamsters.ca\/fr\/","logo":{"@type":"ImageObject","inLanguage":"fr-CA","@id":"https:\/\/teamsters.ca\/fr\/#\/schema\/logo\/image\/","url":"https:\/\/teamsters.ca\/wp-content\/uploads\/2019\/08\/TeamstersCanada.png","contentUrl":"https:\/\/teamsters.ca\/wp-content\/uploads\/2019\/08\/TeamstersCanada.png","width":545,"height":181,"caption":"Teamsters Canada"},"image":{"@id":"https:\/\/teamsters.ca\/fr\/#\/schema\/logo\/image\/"},"sameAs":["https:\/\/www.facebook.com\/Teamsterscanada\/","https:\/\/x.com\/TeamstersCanada"]},{"@type":"Person","@id":"https:\/\/teamsters.ca\/fr\/#\/schema\/person\/3e6ffefc39fe2f212400b7d8d0a4a0c1","name":"St\u00e9phanie Meunier","image":{"@type":"ImageObject","inLanguage":"fr-CA","@id":"https:\/\/teamsters.ca\/fr\/#\/schema\/person\/image\/","url":"https:\/\/secure.gravatar.com\/avatar\/e4e8404e91ed71cb473fa2708849669810cf083c89825a3d2dd0d47dd6b2be77?s=96&d=mm&r=g","contentUrl":"https:\/\/secure.gravatar.com\/avatar\/e4e8404e91ed71cb473fa2708849669810cf083c89825a3d2dd0d47dd6b2be77?s=96&d=mm&r=g","caption":"St\u00e9phanie Meunier"},"url":"https:\/\/teamsters.ca\/fr\/blog\/author\/smeunier\/"}]}},"_links":{"self":[{"href":"https:\/\/teamsters.ca\/fr\/wp-json\/wp\/v2\/posts\/4316","targetHints":{"allow":["GET"]}}],"collection":[{"href":"https:\/\/teamsters.ca\/fr\/wp-json\/wp\/v2\/posts"}],"about":[{"href":"https:\/\/teamsters.ca\/fr\/wp-json\/wp\/v2\/types\/post"}],"author":[{"embeddable":true,"href":"https:\/\/teamsters.ca\/fr\/wp-json\/wp\/v2\/users\/8"}],"replies":[{"embeddable":true,"href":"https:\/\/teamsters.ca\/fr\/wp-json\/wp\/v2\/comments?post=4316"}],"version-history":[{"count":1,"href":"https:\/\/teamsters.ca\/fr\/wp-json\/wp\/v2\/posts\/4316\/revisions"}],"predecessor-version":[{"id":10301,"href":"https:\/\/teamsters.ca\/fr\/wp-json\/wp\/v2\/posts\/4316\/revisions\/10301"}],"wp:featuredmedia":[{"embeddable":true,"href":"https:\/\/teamsters.ca\/fr\/wp-json\/wp\/v2\/media\/4314"}],"wp:attachment":[{"href":"https:\/\/teamsters.ca\/fr\/wp-json\/wp\/v2\/media?parent=4316"}],"wp:term":[{"taxonomy":"category","embeddable":true,"href":"https:\/\/teamsters.ca\/fr\/wp-json\/wp\/v2\/categories?post=4316"},{"taxonomy":"post_tag","embeddable":true,"href":"https:\/\/teamsters.ca\/fr\/wp-json\/wp\/v2\/tags?post=4316"}],"curies":[{"name":"wp","href":"https:\/\/api.w.org\/{rel}","templated":true}]}}