{"id":4279,"date":"2015-09-16T10:40:00","date_gmt":"2015-09-16T14:40:00","guid":{"rendered":"http:\/\/teamsters.ca\/?p=4279"},"modified":"2019-06-27T20:39:36","modified_gmt":"2019-06-27T20:39:36","slug":"le-journal-de-montreal-et-limprimerie-quebecor-media-de-mirabel-devront-reintegrer-des-travailleurs-mis-a-pied","status":"publish","type":"post","link":"https:\/\/teamsters.ca\/fr\/blog\/2015\/09\/16\/le-journal-de-montreal-et-limprimerie-quebecor-media-de-mirabel-devront-reintegrer-des-travailleurs-mis-a-pied\/","title":{"rendered":"Le Journal de Montr\u00e9al et l\u2019imprimerie Qu\u00e9becor M\u00e9dia de Mirabel devront r\u00e9int\u00e9grer des travailleurs mis \u00e0 pied"},"content":{"rendered":"<p>Laval, 16 septembre 2015 \u2014 Premi\u00e8re bonne nouvelle dans un lockout qui s\u2019annonce interminable, un tribunal d\u2019arbitrage a ordonn\u00e9 hier matin aux dirigeants du Journal de Montr\u00e9al et de l\u2019imprimerie Qu\u00e9becor M\u00e9dia de Mirabel de r\u00e9int\u00e9grer 13 travailleurs et travailleuses avec tous leurs droits et privil\u00e8ges dans les 7 jours de la sentence arbitrale. De plus, les travailleurs r\u00e9cup\u00e8reront l\u2019\u00e9quivalent du salaire et des autres avantages dont ils ont \u00e9t\u00e9 priv\u00e9s depuis le d\u00e9but de l\u2019ann\u00e9e. Cela repr\u00e9sente au bas mot des centaines de milliers de dollars.<\/p>\n<p><a title=\"Les pressiers du Journal de Montr\u00e9al sont en lockout\" href=\"https:\/\/teamsters.ca\/fr\/blog\/2015\/09\/01\/lockoutjdem-2\/\" target=\"_blank\" rel=\"noopener noreferrer\"><em>Voir aussi : Les pressiers du Journal de Montr\u00e9al sont en lockout<\/em><\/a><\/p>\n<p>Rappelons que les travailleurs dont il est question ont \u00e9t\u00e9 mis \u00e0 pied en janvier dernier. L\u2019employeur invoquait une baisse du volume pour justifier les mises \u00e0 pied. Cette d\u00e9cision constitue donc une violation des obligations l\u00e9gales de la direction de l\u2019imprimerie \u00e0 l\u2019\u00e9gard de ses travailleurs et travailleuses.<\/p>\n<p>Les membres de la Section locale 555M du syndicat des Teamsters canadiens \u0153uvrant \u00e0 l\u2019imprimerie de Mirabel b\u00e9n\u00e9ficient d\u2019une entente sur la s\u00e9curit\u00e9 d\u2019emploi et c\u2019est sur cette clause de la convention collective que l\u2019arbitre Suzanne Moro a pris sa d\u00e9cision.<\/p>\n<p>\u00ab\u00a0Nos membres ont \u00e9t\u00e9 inform\u00e9s [hier matin] de la bonne nouvelle, se r\u00e9jouit Denis Fournier, permanent syndical de la Section locale 555M. Nous croyons que les autres travailleurs qui ont \u00e9t\u00e9 mis \u00e0 pied b\u00e9n\u00e9ficieront d\u2019une d\u00e9cision similaire dans les prochaines semaines.\u00a0\u00bb<\/p>\n<p>En effet, les trente autres membres du syndicat des Teamsters mis \u00e0 pied r\u00e9cemment par la direction de l\u2019usine attendent une d\u00e9cision arbitrale qui ira sans doute dans la m\u00eame direction.<\/p>\n<p>\u00ab\u00a0La confiance et le sentiment d\u2019appartenance des travailleurs se b\u00e2tissent sur le respect qu\u2019ils per\u00e7oivent de la part de leur employeur, souligne Denis Fournier. Ces mises \u00e0 pied et le lockout antagonisent encore plus les relations entre les parties.\u00a0\u00bb<\/p>\n<p>\u00ab\u00a0Pourtant, tout ce que nous voulons c\u2019est de n\u00e9gocier afin non seulement d\u2019assurer le bien-\u00eatre des travailleurs, mais aussi la p\u00e9rennit\u00e9 de l\u2019usine.\u00a0\u00bb<\/p>\n<p><em>Les Teamsters repr\u00e9sentent les int\u00e9r\u00eats de 120 000 membres au Canada dans tous les secteurs d\u2019activit\u00e9. La Fraternit\u00e9 internationale des Teamsters, \u00e0 laquelle Teamsters Canada est affili\u00e9, compte 1,4 million de membres en Am\u00e9rique du Nord.<\/em><\/p>\n<p style=\"text-align: center;\">&#8211; 30 &#8211;<\/p>\n<p>Renseignements :<\/p>\n<p>St\u00e9phane Lacroix, Directeur du Service des relations publiques<br \/>\nCell : 514 609-5101<br \/>\nCourriel : <a href=\"mailto:slacroix@teamsters.ca\">slacroix@teamsters.ca<\/a><\/p>\n","protected":false},"excerpt":{"rendered":"<p>Un tribunal d\u2019arbitrage ordonne la r\u00e9int\u00e9gration de 13 travailleurs de l\u2019usine Qu\u00e9becor de Mirabel avec pleines compensations.<\/p>\n","protected":false},"author":8,"featured_media":4276,"comment_status":"closed","ping_status":"closed","sticky":false,"template":"","format":"standard","meta":{"ngg_post_thumbnail":0,"mc4wp_mailchimp_campaign":[],"footnotes":""},"categories":[1127,1114,1145,1137],"tags":[],"class_list":{"0":"post-4279","1":"post","2":"type-post","3":"status-publish","4":"format-standard","5":"has-post-thumbnail","7":"category-journaux-et-communications","8":"category-nouvelles","9":"category-quebec-fr","10":"category-region-fr"},"yoast_head":"<!-- This site is optimized with the Yoast SEO Premium plugin v25.5 (Yoast SEO v25.5) - https:\/\/yoast.com\/wordpress\/plugins\/seo\/ -->\n<title>Le Journal de Montr\u00e9al et l\u2019imprimerie Qu\u00e9becor M\u00e9dia de Mirabel devront r\u00e9int\u00e9grer des travailleurs mis \u00e0 pied | Teamsters Canada<\/title>\n<meta name=\"robots\" content=\"index, follow, max-snippet:-1, max-image-preview:large, max-video-preview:-1\" \/>\n<link rel=\"canonical\" href=\"https:\/\/teamsters.ca\/fr\/blog\/2015\/09\/16\/le-journal-de-montreal-et-limprimerie-quebecor-media-de-mirabel-devront-reintegrer-des-travailleurs-mis-a-pied\/\" \/>\n<meta property=\"og:locale\" content=\"fr_CA\" \/>\n<meta property=\"og:type\" content=\"article\" \/>\n<meta property=\"og:title\" content=\"Le Journal de Montr\u00e9al et l\u2019imprimerie Qu\u00e9becor M\u00e9dia de Mirabel devront r\u00e9int\u00e9grer des travailleurs mis \u00e0 pied\" \/>\n<meta property=\"og:description\" content=\"Un tribunal d\u2019arbitrage ordonne la r\u00e9int\u00e9gration de 13 travailleurs de l\u2019usine Qu\u00e9becor de Mirabel avec pleines compensations.\" \/>\n<meta property=\"og:url\" content=\"https:\/\/teamsters.ca\/fr\/blog\/2015\/09\/16\/le-journal-de-montreal-et-limprimerie-quebecor-media-de-mirabel-devront-reintegrer-des-travailleurs-mis-a-pied\/\" \/>\n<meta property=\"og:site_name\" content=\"Teamsters Canada\" \/>\n<meta property=\"article:publisher\" content=\"https:\/\/www.facebook.com\/Teamsterscanada\/\" \/>\n<meta property=\"article:published_time\" content=\"2015-09-16T14:40:00+00:00\" \/>\n<meta property=\"article:modified_time\" content=\"2019-06-27T20:39:36+00:00\" \/>\n<meta property=\"og:image\" content=\"https:\/\/teamsters.ca\/wp-content\/uploads\/2015\/09\/Mirabel-Lock-out-Journal-de-Montreal-Quebecor-PKP-Ligne-de-piquetage.jpg\" \/>\n\t<meta property=\"og:image:width\" content=\"1166\" \/>\n\t<meta property=\"og:image:height\" content=\"656\" \/>\n\t<meta property=\"og:image:type\" content=\"image\/jpeg\" \/>\n<meta name=\"author\" content=\"St\u00e9phanie Meunier\" \/>\n<meta name=\"twitter:card\" content=\"summary_large_image\" \/>\n<meta name=\"twitter:creator\" content=\"@TeamstersCanada\" \/>\n<meta name=\"twitter:site\" content=\"@TeamstersCanada\" \/>\n<meta name=\"twitter:label1\" content=\"\u00c9crit par\" \/>\n\t<meta name=\"twitter:data1\" content=\"St\u00e9phanie Meunier\" \/>\n\t<meta name=\"twitter:label2\" content=\"Estimation du temps de lecture\" \/>\n\t<meta name=\"twitter:data2\" content=\"2 minutes\" \/>\n<script type=\"application\/ld+json\" class=\"yoast-schema-graph\">{\"@context\":\"https:\/\/schema.org\",\"@graph\":[{\"@type\":\"Article\",\"@id\":\"https:\/\/teamsters.ca\/fr\/blog\/2015\/09\/16\/le-journal-de-montreal-et-limprimerie-quebecor-media-de-mirabel-devront-reintegrer-des-travailleurs-mis-a-pied\/#article\",\"isPartOf\":{\"@id\":\"https:\/\/teamsters.ca\/fr\/blog\/2015\/09\/16\/le-journal-de-montreal-et-limprimerie-quebecor-media-de-mirabel-devront-reintegrer-des-travailleurs-mis-a-pied\/\"},\"author\":{\"name\":\"St\u00e9phanie Meunier\",\"@id\":\"https:\/\/teamsters.ca\/fr\/#\/schema\/person\/3e6ffefc39fe2f212400b7d8d0a4a0c1\"},\"headline\":\"Le Journal de Montr\u00e9al et l\u2019imprimerie Qu\u00e9becor M\u00e9dia de Mirabel devront r\u00e9int\u00e9grer des travailleurs mis \u00e0 pied\",\"datePublished\":\"2015-09-16T14:40:00+00:00\",\"dateModified\":\"2019-06-27T20:39:36+00:00\",\"mainEntityOfPage\":{\"@id\":\"https:\/\/teamsters.ca\/fr\/blog\/2015\/09\/16\/le-journal-de-montreal-et-limprimerie-quebecor-media-de-mirabel-devront-reintegrer-des-travailleurs-mis-a-pied\/\"},\"wordCount\":441,\"publisher\":{\"@id\":\"https:\/\/teamsters.ca\/fr\/#organization\"},\"image\":{\"@id\":\"https:\/\/teamsters.ca\/fr\/blog\/2015\/09\/16\/le-journal-de-montreal-et-limprimerie-quebecor-media-de-mirabel-devront-reintegrer-des-travailleurs-mis-a-pied\/#primaryimage\"},\"thumbnailUrl\":\"https:\/\/teamsters.ca\/wp-content\/uploads\/2015\/09\/Mirabel-Lock-out-Journal-de-Montreal-Quebecor-PKP-Ligne-de-piquetage.jpg\",\"articleSection\":[\"Journaux et communications\",\"Nouvelles\",\"Qu\u00e9bec\",\"R\u00e9gion\"],\"inLanguage\":\"fr-CA\"},{\"@type\":\"WebPage\",\"@id\":\"https:\/\/teamsters.ca\/fr\/blog\/2015\/09\/16\/le-journal-de-montreal-et-limprimerie-quebecor-media-de-mirabel-devront-reintegrer-des-travailleurs-mis-a-pied\/\",\"url\":\"https:\/\/teamsters.ca\/fr\/blog\/2015\/09\/16\/le-journal-de-montreal-et-limprimerie-quebecor-media-de-mirabel-devront-reintegrer-des-travailleurs-mis-a-pied\/\",\"name\":\"Le Journal de Montr\u00e9al et l\u2019imprimerie Qu\u00e9becor M\u00e9dia de Mirabel devront r\u00e9int\u00e9grer des travailleurs mis \u00e0 pied | Teamsters Canada\",\"isPartOf\":{\"@id\":\"https:\/\/teamsters.ca\/fr\/#website\"},\"primaryImageOfPage\":{\"@id\":\"https:\/\/teamsters.ca\/fr\/blog\/2015\/09\/16\/le-journal-de-montreal-et-limprimerie-quebecor-media-de-mirabel-devront-reintegrer-des-travailleurs-mis-a-pied\/#primaryimage\"},\"image\":{\"@id\":\"https:\/\/teamsters.ca\/fr\/blog\/2015\/09\/16\/le-journal-de-montreal-et-limprimerie-quebecor-media-de-mirabel-devront-reintegrer-des-travailleurs-mis-a-pied\/#primaryimage\"},\"thumbnailUrl\":\"https:\/\/teamsters.ca\/wp-content\/uploads\/2015\/09\/Mirabel-Lock-out-Journal-de-Montreal-Quebecor-PKP-Ligne-de-piquetage.jpg\",\"datePublished\":\"2015-09-16T14:40:00+00:00\",\"dateModified\":\"2019-06-27T20:39:36+00:00\",\"breadcrumb\":{\"@id\":\"https:\/\/teamsters.ca\/fr\/blog\/2015\/09\/16\/le-journal-de-montreal-et-limprimerie-quebecor-media-de-mirabel-devront-reintegrer-des-travailleurs-mis-a-pied\/#breadcrumb\"},\"inLanguage\":\"fr-CA\",\"potentialAction\":[{\"@type\":\"ReadAction\",\"target\":[\"https:\/\/teamsters.ca\/fr\/blog\/2015\/09\/16\/le-journal-de-montreal-et-limprimerie-quebecor-media-de-mirabel-devront-reintegrer-des-travailleurs-mis-a-pied\/\"]}]},{\"@type\":\"ImageObject\",\"inLanguage\":\"fr-CA\",\"@id\":\"https:\/\/teamsters.ca\/fr\/blog\/2015\/09\/16\/le-journal-de-montreal-et-limprimerie-quebecor-media-de-mirabel-devront-reintegrer-des-travailleurs-mis-a-pied\/#primaryimage\",\"url\":\"https:\/\/teamsters.ca\/wp-content\/uploads\/2015\/09\/Mirabel-Lock-out-Journal-de-Montreal-Quebecor-PKP-Ligne-de-piquetage.jpg\",\"contentUrl\":\"https:\/\/teamsters.ca\/wp-content\/uploads\/2015\/09\/Mirabel-Lock-out-Journal-de-Montreal-Quebecor-PKP-Ligne-de-piquetage.jpg\",\"width\":1166,\"height\":656},{\"@type\":\"BreadcrumbList\",\"@id\":\"https:\/\/teamsters.ca\/fr\/blog\/2015\/09\/16\/le-journal-de-montreal-et-limprimerie-quebecor-media-de-mirabel-devront-reintegrer-des-travailleurs-mis-a-pied\/#breadcrumb\",\"itemListElement\":[{\"@type\":\"ListItem\",\"position\":1,\"name\":\"Home\",\"item\":\"https:\/\/teamsters.ca\/fr\/\"},{\"@type\":\"ListItem\",\"position\":2,\"name\":\"Le Journal de Montr\u00e9al et l\u2019imprimerie Qu\u00e9becor M\u00e9dia de Mirabel devront r\u00e9int\u00e9grer des travailleurs mis \u00e0 pied\"}]},{\"@type\":\"WebSite\",\"@id\":\"https:\/\/teamsters.ca\/fr\/#website\",\"url\":\"https:\/\/teamsters.ca\/fr\/\",\"name\":\"Teamsters Canada\",\"description\":\"A Canadian union representing over 125 000 members\",\"publisher\":{\"@id\":\"https:\/\/teamsters.ca\/fr\/#organization\"},\"potentialAction\":[{\"@type\":\"SearchAction\",\"target\":{\"@type\":\"EntryPoint\",\"urlTemplate\":\"https:\/\/teamsters.ca\/fr\/?s={search_term_string}\"},\"query-input\":{\"@type\":\"PropertyValueSpecification\",\"valueRequired\":true,\"valueName\":\"search_term_string\"}}],\"inLanguage\":\"fr-CA\"},{\"@type\":\"Organization\",\"@id\":\"https:\/\/teamsters.ca\/fr\/#organization\",\"name\":\"Teamsters Canada\",\"url\":\"https:\/\/teamsters.ca\/fr\/\",\"logo\":{\"@type\":\"ImageObject\",\"inLanguage\":\"fr-CA\",\"@id\":\"https:\/\/teamsters.ca\/fr\/#\/schema\/logo\/image\/\",\"url\":\"https:\/\/teamsters.ca\/wp-content\/uploads\/2019\/08\/TeamstersCanada.png\",\"contentUrl\":\"https:\/\/teamsters.ca\/wp-content\/uploads\/2019\/08\/TeamstersCanada.png\",\"width\":545,\"height\":181,\"caption\":\"Teamsters Canada\"},\"image\":{\"@id\":\"https:\/\/teamsters.ca\/fr\/#\/schema\/logo\/image\/\"},\"sameAs\":[\"https:\/\/www.facebook.com\/Teamsterscanada\/\",\"https:\/\/x.com\/TeamstersCanada\"]},{\"@type\":\"Person\",\"@id\":\"https:\/\/teamsters.ca\/fr\/#\/schema\/person\/3e6ffefc39fe2f212400b7d8d0a4a0c1\",\"name\":\"St\u00e9phanie Meunier\",\"image\":{\"@type\":\"ImageObject\",\"inLanguage\":\"fr-CA\",\"@id\":\"https:\/\/teamsters.ca\/fr\/#\/schema\/person\/image\/\",\"url\":\"https:\/\/secure.gravatar.com\/avatar\/e4e8404e91ed71cb473fa2708849669810cf083c89825a3d2dd0d47dd6b2be77?s=96&d=mm&r=g\",\"contentUrl\":\"https:\/\/secure.gravatar.com\/avatar\/e4e8404e91ed71cb473fa2708849669810cf083c89825a3d2dd0d47dd6b2be77?s=96&d=mm&r=g\",\"caption\":\"St\u00e9phanie Meunier\"},\"url\":\"https:\/\/teamsters.ca\/fr\/blog\/author\/smeunier\/\"}]}<\/script>\n<!-- \/ Yoast SEO Premium plugin. -->","yoast_head_json":{"title":"Le Journal de Montr\u00e9al et l\u2019imprimerie Qu\u00e9becor M\u00e9dia de Mirabel devront r\u00e9int\u00e9grer des travailleurs mis \u00e0 pied | Teamsters Canada","robots":{"index":"index","follow":"follow","max-snippet":"max-snippet:-1","max-image-preview":"max-image-preview:large","max-video-preview":"max-video-preview:-1"},"canonical":"https:\/\/teamsters.ca\/fr\/blog\/2015\/09\/16\/le-journal-de-montreal-et-limprimerie-quebecor-media-de-mirabel-devront-reintegrer-des-travailleurs-mis-a-pied\/","og_locale":"fr_CA","og_type":"article","og_title":"Le Journal de Montr\u00e9al et l\u2019imprimerie Qu\u00e9becor M\u00e9dia de Mirabel devront r\u00e9int\u00e9grer des travailleurs mis \u00e0 pied","og_description":"Un tribunal d\u2019arbitrage ordonne la r\u00e9int\u00e9gration de 13 travailleurs de l\u2019usine Qu\u00e9becor de Mirabel avec pleines compensations.","og_url":"https:\/\/teamsters.ca\/fr\/blog\/2015\/09\/16\/le-journal-de-montreal-et-limprimerie-quebecor-media-de-mirabel-devront-reintegrer-des-travailleurs-mis-a-pied\/","og_site_name":"Teamsters Canada","article_publisher":"https:\/\/www.facebook.com\/Teamsterscanada\/","article_published_time":"2015-09-16T14:40:00+00:00","article_modified_time":"2019-06-27T20:39:36+00:00","og_image":[{"width":1166,"height":656,"url":"https:\/\/teamsters.ca\/wp-content\/uploads\/2015\/09\/Mirabel-Lock-out-Journal-de-Montreal-Quebecor-PKP-Ligne-de-piquetage.jpg","type":"image\/jpeg"}],"author":"St\u00e9phanie Meunier","twitter_card":"summary_large_image","twitter_creator":"@TeamstersCanada","twitter_site":"@TeamstersCanada","twitter_misc":{"\u00c9crit par":"St\u00e9phanie Meunier","Estimation du temps de lecture":"2 minutes"},"schema":{"@context":"https:\/\/schema.org","@graph":[{"@type":"Article","@id":"https:\/\/teamsters.ca\/fr\/blog\/2015\/09\/16\/le-journal-de-montreal-et-limprimerie-quebecor-media-de-mirabel-devront-reintegrer-des-travailleurs-mis-a-pied\/#article","isPartOf":{"@id":"https:\/\/teamsters.ca\/fr\/blog\/2015\/09\/16\/le-journal-de-montreal-et-limprimerie-quebecor-media-de-mirabel-devront-reintegrer-des-travailleurs-mis-a-pied\/"},"author":{"name":"St\u00e9phanie Meunier","@id":"https:\/\/teamsters.ca\/fr\/#\/schema\/person\/3e6ffefc39fe2f212400b7d8d0a4a0c1"},"headline":"Le Journal de Montr\u00e9al et l\u2019imprimerie Qu\u00e9becor M\u00e9dia de Mirabel devront r\u00e9int\u00e9grer des travailleurs mis \u00e0 pied","datePublished":"2015-09-16T14:40:00+00:00","dateModified":"2019-06-27T20:39:36+00:00","mainEntityOfPage":{"@id":"https:\/\/teamsters.ca\/fr\/blog\/2015\/09\/16\/le-journal-de-montreal-et-limprimerie-quebecor-media-de-mirabel-devront-reintegrer-des-travailleurs-mis-a-pied\/"},"wordCount":441,"publisher":{"@id":"https:\/\/teamsters.ca\/fr\/#organization"},"image":{"@id":"https:\/\/teamsters.ca\/fr\/blog\/2015\/09\/16\/le-journal-de-montreal-et-limprimerie-quebecor-media-de-mirabel-devront-reintegrer-des-travailleurs-mis-a-pied\/#primaryimage"},"thumbnailUrl":"https:\/\/teamsters.ca\/wp-content\/uploads\/2015\/09\/Mirabel-Lock-out-Journal-de-Montreal-Quebecor-PKP-Ligne-de-piquetage.jpg","articleSection":["Journaux et communications","Nouvelles","Qu\u00e9bec","R\u00e9gion"],"inLanguage":"fr-CA"},{"@type":"WebPage","@id":"https:\/\/teamsters.ca\/fr\/blog\/2015\/09\/16\/le-journal-de-montreal-et-limprimerie-quebecor-media-de-mirabel-devront-reintegrer-des-travailleurs-mis-a-pied\/","url":"https:\/\/teamsters.ca\/fr\/blog\/2015\/09\/16\/le-journal-de-montreal-et-limprimerie-quebecor-media-de-mirabel-devront-reintegrer-des-travailleurs-mis-a-pied\/","name":"Le Journal de Montr\u00e9al et l\u2019imprimerie Qu\u00e9becor M\u00e9dia de Mirabel devront r\u00e9int\u00e9grer des travailleurs mis \u00e0 pied | Teamsters Canada","isPartOf":{"@id":"https:\/\/teamsters.ca\/fr\/#website"},"primaryImageOfPage":{"@id":"https:\/\/teamsters.ca\/fr\/blog\/2015\/09\/16\/le-journal-de-montreal-et-limprimerie-quebecor-media-de-mirabel-devront-reintegrer-des-travailleurs-mis-a-pied\/#primaryimage"},"image":{"@id":"https:\/\/teamsters.ca\/fr\/blog\/2015\/09\/16\/le-journal-de-montreal-et-limprimerie-quebecor-media-de-mirabel-devront-reintegrer-des-travailleurs-mis-a-pied\/#primaryimage"},"thumbnailUrl":"https:\/\/teamsters.ca\/wp-content\/uploads\/2015\/09\/Mirabel-Lock-out-Journal-de-Montreal-Quebecor-PKP-Ligne-de-piquetage.jpg","datePublished":"2015-09-16T14:40:00+00:00","dateModified":"2019-06-27T20:39:36+00:00","breadcrumb":{"@id":"https:\/\/teamsters.ca\/fr\/blog\/2015\/09\/16\/le-journal-de-montreal-et-limprimerie-quebecor-media-de-mirabel-devront-reintegrer-des-travailleurs-mis-a-pied\/#breadcrumb"},"inLanguage":"fr-CA","potentialAction":[{"@type":"ReadAction","target":["https:\/\/teamsters.ca\/fr\/blog\/2015\/09\/16\/le-journal-de-montreal-et-limprimerie-quebecor-media-de-mirabel-devront-reintegrer-des-travailleurs-mis-a-pied\/"]}]},{"@type":"ImageObject","inLanguage":"fr-CA","@id":"https:\/\/teamsters.ca\/fr\/blog\/2015\/09\/16\/le-journal-de-montreal-et-limprimerie-quebecor-media-de-mirabel-devront-reintegrer-des-travailleurs-mis-a-pied\/#primaryimage","url":"https:\/\/teamsters.ca\/wp-content\/uploads\/2015\/09\/Mirabel-Lock-out-Journal-de-Montreal-Quebecor-PKP-Ligne-de-piquetage.jpg","contentUrl":"https:\/\/teamsters.ca\/wp-content\/uploads\/2015\/09\/Mirabel-Lock-out-Journal-de-Montreal-Quebecor-PKP-Ligne-de-piquetage.jpg","width":1166,"height":656},{"@type":"BreadcrumbList","@id":"https:\/\/teamsters.ca\/fr\/blog\/2015\/09\/16\/le-journal-de-montreal-et-limprimerie-quebecor-media-de-mirabel-devront-reintegrer-des-travailleurs-mis-a-pied\/#breadcrumb","itemListElement":[{"@type":"ListItem","position":1,"name":"Home","item":"https:\/\/teamsters.ca\/fr\/"},{"@type":"ListItem","position":2,"name":"Le Journal de Montr\u00e9al et l\u2019imprimerie Qu\u00e9becor M\u00e9dia de Mirabel devront r\u00e9int\u00e9grer des travailleurs mis \u00e0 pied"}]},{"@type":"WebSite","@id":"https:\/\/teamsters.ca\/fr\/#website","url":"https:\/\/teamsters.ca\/fr\/","name":"Teamsters Canada","description":"A Canadian union representing over 125 000 members","publisher":{"@id":"https:\/\/teamsters.ca\/fr\/#organization"},"potentialAction":[{"@type":"SearchAction","target":{"@type":"EntryPoint","urlTemplate":"https:\/\/teamsters.ca\/fr\/?s={search_term_string}"},"query-input":{"@type":"PropertyValueSpecification","valueRequired":true,"valueName":"search_term_string"}}],"inLanguage":"fr-CA"},{"@type":"Organization","@id":"https:\/\/teamsters.ca\/fr\/#organization","name":"Teamsters Canada","url":"https:\/\/teamsters.ca\/fr\/","logo":{"@type":"ImageObject","inLanguage":"fr-CA","@id":"https:\/\/teamsters.ca\/fr\/#\/schema\/logo\/image\/","url":"https:\/\/teamsters.ca\/wp-content\/uploads\/2019\/08\/TeamstersCanada.png","contentUrl":"https:\/\/teamsters.ca\/wp-content\/uploads\/2019\/08\/TeamstersCanada.png","width":545,"height":181,"caption":"Teamsters Canada"},"image":{"@id":"https:\/\/teamsters.ca\/fr\/#\/schema\/logo\/image\/"},"sameAs":["https:\/\/www.facebook.com\/Teamsterscanada\/","https:\/\/x.com\/TeamstersCanada"]},{"@type":"Person","@id":"https:\/\/teamsters.ca\/fr\/#\/schema\/person\/3e6ffefc39fe2f212400b7d8d0a4a0c1","name":"St\u00e9phanie Meunier","image":{"@type":"ImageObject","inLanguage":"fr-CA","@id":"https:\/\/teamsters.ca\/fr\/#\/schema\/person\/image\/","url":"https:\/\/secure.gravatar.com\/avatar\/e4e8404e91ed71cb473fa2708849669810cf083c89825a3d2dd0d47dd6b2be77?s=96&d=mm&r=g","contentUrl":"https:\/\/secure.gravatar.com\/avatar\/e4e8404e91ed71cb473fa2708849669810cf083c89825a3d2dd0d47dd6b2be77?s=96&d=mm&r=g","caption":"St\u00e9phanie Meunier"},"url":"https:\/\/teamsters.ca\/fr\/blog\/author\/smeunier\/"}]}},"_links":{"self":[{"href":"https:\/\/teamsters.ca\/fr\/wp-json\/wp\/v2\/posts\/4279","targetHints":{"allow":["GET"]}}],"collection":[{"href":"https:\/\/teamsters.ca\/fr\/wp-json\/wp\/v2\/posts"}],"about":[{"href":"https:\/\/teamsters.ca\/fr\/wp-json\/wp\/v2\/types\/post"}],"author":[{"embeddable":true,"href":"https:\/\/teamsters.ca\/fr\/wp-json\/wp\/v2\/users\/8"}],"replies":[{"embeddable":true,"href":"https:\/\/teamsters.ca\/fr\/wp-json\/wp\/v2\/comments?post=4279"}],"version-history":[{"count":1,"href":"https:\/\/teamsters.ca\/fr\/wp-json\/wp\/v2\/posts\/4279\/revisions"}],"predecessor-version":[{"id":10306,"href":"https:\/\/teamsters.ca\/fr\/wp-json\/wp\/v2\/posts\/4279\/revisions\/10306"}],"wp:featuredmedia":[{"embeddable":true,"href":"https:\/\/teamsters.ca\/fr\/wp-json\/wp\/v2\/media\/4276"}],"wp:attachment":[{"href":"https:\/\/teamsters.ca\/fr\/wp-json\/wp\/v2\/media?parent=4279"}],"wp:term":[{"taxonomy":"category","embeddable":true,"href":"https:\/\/teamsters.ca\/fr\/wp-json\/wp\/v2\/categories?post=4279"},{"taxonomy":"post_tag","embeddable":true,"href":"https:\/\/teamsters.ca\/fr\/wp-json\/wp\/v2\/tags?post=4279"}],"curies":[{"name":"wp","href":"https:\/\/api.w.org\/{rel}","templated":true}]}}