{"id":4019,"date":"2015-07-30T11:10:46","date_gmt":"2015-07-30T15:10:46","guid":{"rendered":"http:\/\/teamsters.ca\/?p=4019"},"modified":"2019-06-27T20:39:38","modified_gmt":"2019-06-27T20:39:38","slug":"souvenons-nous-de-jimmy-hoffa","status":"publish","type":"post","link":"https:\/\/teamsters.ca\/fr\/blog\/2015\/07\/30\/souvenons-nous-de-jimmy-hoffa\/","title":{"rendered":"Souvenons-nous de Jimmy Hoffa"},"content":{"rendered":"<p><em>Originalement paru sur <a href=\"http:\/\/teamster.org\/news\/2015\/07\/teamsters-remember-james-r-hoffa-40th-anniversary-disappearance\" target=\"_blank\" rel=\"noopener noreferrer\">teamsters.org<\/a><\/em><\/p>\n<p>Le 30 juillet 2015 marque le 40e anniversaire de la disparition d\u2019un des plus grands leaders syndicaux de l\u2019histoire am\u00e9ricaine \u2013 James R. Hoffa.<\/p>\n<p>En tant que Pr\u00e9sident g\u00e9n\u00e9ral des Teamsters, Hoffa s&rsquo;est m\u00e9rit\u00e9 une r\u00e9putation de n\u00e9gociateur coriace et a gagn\u00e9 le respect des travailleurs et travailleuses de m\u00eame que les dirigeants d\u2019affaires \u00e0 travers les \u00c9tats-Unis. Il a travaill\u00e9 fort pour augmenter le nombre de personnes prot\u00e9g\u00e9es par une convention collective et, sous sa direction, le nombre de membres au sein du syndicat a d\u00e9pass\u00e9 2 millions.<\/p>\n<p>Sa plus grande r\u00e9ussite fut le National Master Freight Agreement de 1964, qui a uni plus de 400 000 chauffeurs sous un contrat. Ce contrat, un exploit que plusieurs ont cru impossible, a fait sortir plus de travailleurs et travailleuse de la pauvret\u00e9 que n\u2019importe quel autre \u00e9v\u00e9nement dans l\u2019histoire syndical.<\/p>\n<p>Elmer Holland (D-PA), un ancien repr\u00e9sentant au Congr\u00e8s am\u00e9ricain, a dit que \u00ab Jimmy Hoffa a mis plus de pain sur la table pour les Am\u00e9ricains que tous ses d\u00e9tracteurs r\u00e9unis. \u00bb<\/p>\n<p>Hoffa fut d\u00e9vou\u00e9 au syndicat et \u00e0 sa famille. Il a donn\u00e9 sa vie en essayant de faire sortir la corruption des Teamsters et de redonner aux membres le pouvoir qui leur est d\u00fb.<\/p>\n<p>Sur ce triste anniversaire, les membres et les retraites des Teamsters de partout en Am\u00e9rique du Nord sont ensemble pour c\u00e9l\u00e9brer l\u2019homme qui a am\u00e9lior\u00e9 les vies de millions de familles.<\/p>\n<p><em>Les Teamsters repr\u00e9sentent les int\u00e9r\u00eats de 120 000 membres au Canada dans tous les secteurs d\u2019activit\u00e9. La Fraternit\u00e9 internationale des Teamsters, \u00e0 laquelle Teamsters Canada est affili\u00e9, compte 1,4 million de membres en Am\u00e9rique du Nord.<\/em><\/p>\n","protected":false},"excerpt":{"rendered":"<p>Le 30 juillet 2015 marque le 40e anniversaire de la disparition d\u2019un des plus grands leaders syndicaux de l\u2019histoire am\u00e9ricaine : James R. Hoffa.<\/p>\n","protected":false},"author":8,"featured_media":4016,"comment_status":"closed","ping_status":"closed","sticky":false,"template":"","format":"standard","meta":{"ngg_post_thumbnail":0,"mc4wp_mailchimp_campaign":[],"footnotes":""},"categories":[1128,1140,1114,1137],"tags":[],"class_list":{"0":"post-4019","1":"post","2":"type-post","3":"status-publish","4":"format-standard","5":"has-post-thumbnail","7":"category-autres","8":"category-canada-region-fr","9":"category-nouvelles","10":"category-region-fr"},"yoast_head":"<!-- This site is optimized with the Yoast SEO Premium plugin v25.5 (Yoast SEO v25.5) - https:\/\/yoast.com\/wordpress\/plugins\/seo\/ -->\n<title>Souvenons-nous de Jimmy Hoffa | Teamsters Canada<\/title>\n<meta name=\"robots\" content=\"index, follow, max-snippet:-1, max-image-preview:large, max-video-preview:-1\" \/>\n<link rel=\"canonical\" href=\"https:\/\/teamsters.ca\/fr\/blog\/2015\/07\/30\/souvenons-nous-de-jimmy-hoffa\/\" \/>\n<meta property=\"og:locale\" content=\"fr_CA\" \/>\n<meta property=\"og:type\" content=\"article\" \/>\n<meta property=\"og:title\" content=\"Souvenons-nous de Jimmy Hoffa\" \/>\n<meta property=\"og:description\" content=\"Le 30 juillet 2015 marque le 40e anniversaire de la disparition d\u2019un des plus grands leaders syndicaux de l\u2019histoire am\u00e9ricaine : James R. Hoffa.\" \/>\n<meta property=\"og:url\" content=\"https:\/\/teamsters.ca\/fr\/blog\/2015\/07\/30\/souvenons-nous-de-jimmy-hoffa\/\" \/>\n<meta property=\"og:site_name\" content=\"Teamsters Canada\" \/>\n<meta property=\"article:publisher\" content=\"https:\/\/www.facebook.com\/Teamsterscanada\/\" \/>\n<meta property=\"article:published_time\" content=\"2015-07-30T15:10:46+00:00\" \/>\n<meta property=\"article:modified_time\" content=\"2019-06-27T20:39:38+00:00\" \/>\n<meta property=\"og:image\" content=\"https:\/\/teamsters.ca\/wp-content\/uploads\/2015\/07\/Jimmy-Hoffa.jpg\" \/>\n\t<meta property=\"og:image:width\" content=\"3990\" \/>\n\t<meta property=\"og:image:height\" content=\"2676\" \/>\n\t<meta property=\"og:image:type\" content=\"image\/jpeg\" \/>\n<meta name=\"author\" content=\"St\u00e9phanie Meunier\" \/>\n<meta name=\"twitter:card\" content=\"summary_large_image\" \/>\n<meta name=\"twitter:creator\" content=\"@TeamstersCanada\" \/>\n<meta name=\"twitter:site\" content=\"@TeamstersCanada\" \/>\n<meta name=\"twitter:label1\" content=\"\u00c9crit par\" \/>\n\t<meta name=\"twitter:data1\" content=\"St\u00e9phanie Meunier\" \/>\n\t<meta name=\"twitter:label2\" content=\"Estimation du temps de lecture\" \/>\n\t<meta name=\"twitter:data2\" content=\"1 minute\" \/>\n<script type=\"application\/ld+json\" class=\"yoast-schema-graph\">{\"@context\":\"https:\/\/schema.org\",\"@graph\":[{\"@type\":\"Article\",\"@id\":\"https:\/\/teamsters.ca\/fr\/blog\/2015\/07\/30\/souvenons-nous-de-jimmy-hoffa\/#article\",\"isPartOf\":{\"@id\":\"https:\/\/teamsters.ca\/fr\/blog\/2015\/07\/30\/souvenons-nous-de-jimmy-hoffa\/\"},\"author\":{\"name\":\"St\u00e9phanie Meunier\",\"@id\":\"https:\/\/teamsters.ca\/fr\/#\/schema\/person\/3e6ffefc39fe2f212400b7d8d0a4a0c1\"},\"headline\":\"Souvenons-nous de Jimmy Hoffa\",\"datePublished\":\"2015-07-30T15:10:46+00:00\",\"dateModified\":\"2019-06-27T20:39:38+00:00\",\"mainEntityOfPage\":{\"@id\":\"https:\/\/teamsters.ca\/fr\/blog\/2015\/07\/30\/souvenons-nous-de-jimmy-hoffa\/\"},\"wordCount\":302,\"publisher\":{\"@id\":\"https:\/\/teamsters.ca\/fr\/#organization\"},\"image\":{\"@id\":\"https:\/\/teamsters.ca\/fr\/blog\/2015\/07\/30\/souvenons-nous-de-jimmy-hoffa\/#primaryimage\"},\"thumbnailUrl\":\"https:\/\/teamsters.ca\/wp-content\/uploads\/2015\/07\/Jimmy-Hoffa.jpg\",\"articleSection\":[\"Autres\",\"Canada\",\"Nouvelles\",\"R\u00e9gion\"],\"inLanguage\":\"fr-CA\"},{\"@type\":\"WebPage\",\"@id\":\"https:\/\/teamsters.ca\/fr\/blog\/2015\/07\/30\/souvenons-nous-de-jimmy-hoffa\/\",\"url\":\"https:\/\/teamsters.ca\/fr\/blog\/2015\/07\/30\/souvenons-nous-de-jimmy-hoffa\/\",\"name\":\"Souvenons-nous de Jimmy Hoffa | Teamsters Canada\",\"isPartOf\":{\"@id\":\"https:\/\/teamsters.ca\/fr\/#website\"},\"primaryImageOfPage\":{\"@id\":\"https:\/\/teamsters.ca\/fr\/blog\/2015\/07\/30\/souvenons-nous-de-jimmy-hoffa\/#primaryimage\"},\"image\":{\"@id\":\"https:\/\/teamsters.ca\/fr\/blog\/2015\/07\/30\/souvenons-nous-de-jimmy-hoffa\/#primaryimage\"},\"thumbnailUrl\":\"https:\/\/teamsters.ca\/wp-content\/uploads\/2015\/07\/Jimmy-Hoffa.jpg\",\"datePublished\":\"2015-07-30T15:10:46+00:00\",\"dateModified\":\"2019-06-27T20:39:38+00:00\",\"breadcrumb\":{\"@id\":\"https:\/\/teamsters.ca\/fr\/blog\/2015\/07\/30\/souvenons-nous-de-jimmy-hoffa\/#breadcrumb\"},\"inLanguage\":\"fr-CA\",\"potentialAction\":[{\"@type\":\"ReadAction\",\"target\":[\"https:\/\/teamsters.ca\/fr\/blog\/2015\/07\/30\/souvenons-nous-de-jimmy-hoffa\/\"]}]},{\"@type\":\"ImageObject\",\"inLanguage\":\"fr-CA\",\"@id\":\"https:\/\/teamsters.ca\/fr\/blog\/2015\/07\/30\/souvenons-nous-de-jimmy-hoffa\/#primaryimage\",\"url\":\"https:\/\/teamsters.ca\/wp-content\/uploads\/2015\/07\/Jimmy-Hoffa.jpg\",\"contentUrl\":\"https:\/\/teamsters.ca\/wp-content\/uploads\/2015\/07\/Jimmy-Hoffa.jpg\",\"width\":3990,\"height\":2676},{\"@type\":\"BreadcrumbList\",\"@id\":\"https:\/\/teamsters.ca\/fr\/blog\/2015\/07\/30\/souvenons-nous-de-jimmy-hoffa\/#breadcrumb\",\"itemListElement\":[{\"@type\":\"ListItem\",\"position\":1,\"name\":\"Home\",\"item\":\"https:\/\/teamsters.ca\/fr\/\"},{\"@type\":\"ListItem\",\"position\":2,\"name\":\"Souvenons-nous de Jimmy Hoffa\"}]},{\"@type\":\"WebSite\",\"@id\":\"https:\/\/teamsters.ca\/fr\/#website\",\"url\":\"https:\/\/teamsters.ca\/fr\/\",\"name\":\"Teamsters Canada\",\"description\":\"A Canadian union representing over 125 000 members\",\"publisher\":{\"@id\":\"https:\/\/teamsters.ca\/fr\/#organization\"},\"potentialAction\":[{\"@type\":\"SearchAction\",\"target\":{\"@type\":\"EntryPoint\",\"urlTemplate\":\"https:\/\/teamsters.ca\/fr\/?s={search_term_string}\"},\"query-input\":{\"@type\":\"PropertyValueSpecification\",\"valueRequired\":true,\"valueName\":\"search_term_string\"}}],\"inLanguage\":\"fr-CA\"},{\"@type\":\"Organization\",\"@id\":\"https:\/\/teamsters.ca\/fr\/#organization\",\"name\":\"Teamsters Canada\",\"url\":\"https:\/\/teamsters.ca\/fr\/\",\"logo\":{\"@type\":\"ImageObject\",\"inLanguage\":\"fr-CA\",\"@id\":\"https:\/\/teamsters.ca\/fr\/#\/schema\/logo\/image\/\",\"url\":\"https:\/\/teamsters.ca\/wp-content\/uploads\/2019\/08\/TeamstersCanada.png\",\"contentUrl\":\"https:\/\/teamsters.ca\/wp-content\/uploads\/2019\/08\/TeamstersCanada.png\",\"width\":545,\"height\":181,\"caption\":\"Teamsters Canada\"},\"image\":{\"@id\":\"https:\/\/teamsters.ca\/fr\/#\/schema\/logo\/image\/\"},\"sameAs\":[\"https:\/\/www.facebook.com\/Teamsterscanada\/\",\"https:\/\/x.com\/TeamstersCanada\"]},{\"@type\":\"Person\",\"@id\":\"https:\/\/teamsters.ca\/fr\/#\/schema\/person\/3e6ffefc39fe2f212400b7d8d0a4a0c1\",\"name\":\"St\u00e9phanie Meunier\",\"image\":{\"@type\":\"ImageObject\",\"inLanguage\":\"fr-CA\",\"@id\":\"https:\/\/teamsters.ca\/fr\/#\/schema\/person\/image\/\",\"url\":\"https:\/\/secure.gravatar.com\/avatar\/e4e8404e91ed71cb473fa2708849669810cf083c89825a3d2dd0d47dd6b2be77?s=96&d=mm&r=g\",\"contentUrl\":\"https:\/\/secure.gravatar.com\/avatar\/e4e8404e91ed71cb473fa2708849669810cf083c89825a3d2dd0d47dd6b2be77?s=96&d=mm&r=g\",\"caption\":\"St\u00e9phanie Meunier\"},\"url\":\"https:\/\/teamsters.ca\/fr\/blog\/author\/smeunier\/\"}]}<\/script>\n<!-- \/ Yoast SEO Premium plugin. -->","yoast_head_json":{"title":"Souvenons-nous de Jimmy Hoffa | Teamsters Canada","robots":{"index":"index","follow":"follow","max-snippet":"max-snippet:-1","max-image-preview":"max-image-preview:large","max-video-preview":"max-video-preview:-1"},"canonical":"https:\/\/teamsters.ca\/fr\/blog\/2015\/07\/30\/souvenons-nous-de-jimmy-hoffa\/","og_locale":"fr_CA","og_type":"article","og_title":"Souvenons-nous de Jimmy Hoffa","og_description":"Le 30 juillet 2015 marque le 40e anniversaire de la disparition d\u2019un des plus grands leaders syndicaux de l\u2019histoire am\u00e9ricaine : James R. Hoffa.","og_url":"https:\/\/teamsters.ca\/fr\/blog\/2015\/07\/30\/souvenons-nous-de-jimmy-hoffa\/","og_site_name":"Teamsters Canada","article_publisher":"https:\/\/www.facebook.com\/Teamsterscanada\/","article_published_time":"2015-07-30T15:10:46+00:00","article_modified_time":"2019-06-27T20:39:38+00:00","og_image":[{"width":3990,"height":2676,"url":"https:\/\/teamsters.ca\/wp-content\/uploads\/2015\/07\/Jimmy-Hoffa.jpg","type":"image\/jpeg"}],"author":"St\u00e9phanie Meunier","twitter_card":"summary_large_image","twitter_creator":"@TeamstersCanada","twitter_site":"@TeamstersCanada","twitter_misc":{"\u00c9crit par":"St\u00e9phanie Meunier","Estimation du temps de lecture":"1 minute"},"schema":{"@context":"https:\/\/schema.org","@graph":[{"@type":"Article","@id":"https:\/\/teamsters.ca\/fr\/blog\/2015\/07\/30\/souvenons-nous-de-jimmy-hoffa\/#article","isPartOf":{"@id":"https:\/\/teamsters.ca\/fr\/blog\/2015\/07\/30\/souvenons-nous-de-jimmy-hoffa\/"},"author":{"name":"St\u00e9phanie Meunier","@id":"https:\/\/teamsters.ca\/fr\/#\/schema\/person\/3e6ffefc39fe2f212400b7d8d0a4a0c1"},"headline":"Souvenons-nous de Jimmy Hoffa","datePublished":"2015-07-30T15:10:46+00:00","dateModified":"2019-06-27T20:39:38+00:00","mainEntityOfPage":{"@id":"https:\/\/teamsters.ca\/fr\/blog\/2015\/07\/30\/souvenons-nous-de-jimmy-hoffa\/"},"wordCount":302,"publisher":{"@id":"https:\/\/teamsters.ca\/fr\/#organization"},"image":{"@id":"https:\/\/teamsters.ca\/fr\/blog\/2015\/07\/30\/souvenons-nous-de-jimmy-hoffa\/#primaryimage"},"thumbnailUrl":"https:\/\/teamsters.ca\/wp-content\/uploads\/2015\/07\/Jimmy-Hoffa.jpg","articleSection":["Autres","Canada","Nouvelles","R\u00e9gion"],"inLanguage":"fr-CA"},{"@type":"WebPage","@id":"https:\/\/teamsters.ca\/fr\/blog\/2015\/07\/30\/souvenons-nous-de-jimmy-hoffa\/","url":"https:\/\/teamsters.ca\/fr\/blog\/2015\/07\/30\/souvenons-nous-de-jimmy-hoffa\/","name":"Souvenons-nous de Jimmy Hoffa | Teamsters Canada","isPartOf":{"@id":"https:\/\/teamsters.ca\/fr\/#website"},"primaryImageOfPage":{"@id":"https:\/\/teamsters.ca\/fr\/blog\/2015\/07\/30\/souvenons-nous-de-jimmy-hoffa\/#primaryimage"},"image":{"@id":"https:\/\/teamsters.ca\/fr\/blog\/2015\/07\/30\/souvenons-nous-de-jimmy-hoffa\/#primaryimage"},"thumbnailUrl":"https:\/\/teamsters.ca\/wp-content\/uploads\/2015\/07\/Jimmy-Hoffa.jpg","datePublished":"2015-07-30T15:10:46+00:00","dateModified":"2019-06-27T20:39:38+00:00","breadcrumb":{"@id":"https:\/\/teamsters.ca\/fr\/blog\/2015\/07\/30\/souvenons-nous-de-jimmy-hoffa\/#breadcrumb"},"inLanguage":"fr-CA","potentialAction":[{"@type":"ReadAction","target":["https:\/\/teamsters.ca\/fr\/blog\/2015\/07\/30\/souvenons-nous-de-jimmy-hoffa\/"]}]},{"@type":"ImageObject","inLanguage":"fr-CA","@id":"https:\/\/teamsters.ca\/fr\/blog\/2015\/07\/30\/souvenons-nous-de-jimmy-hoffa\/#primaryimage","url":"https:\/\/teamsters.ca\/wp-content\/uploads\/2015\/07\/Jimmy-Hoffa.jpg","contentUrl":"https:\/\/teamsters.ca\/wp-content\/uploads\/2015\/07\/Jimmy-Hoffa.jpg","width":3990,"height":2676},{"@type":"BreadcrumbList","@id":"https:\/\/teamsters.ca\/fr\/blog\/2015\/07\/30\/souvenons-nous-de-jimmy-hoffa\/#breadcrumb","itemListElement":[{"@type":"ListItem","position":1,"name":"Home","item":"https:\/\/teamsters.ca\/fr\/"},{"@type":"ListItem","position":2,"name":"Souvenons-nous de Jimmy Hoffa"}]},{"@type":"WebSite","@id":"https:\/\/teamsters.ca\/fr\/#website","url":"https:\/\/teamsters.ca\/fr\/","name":"Teamsters Canada","description":"A Canadian union representing over 125 000 members","publisher":{"@id":"https:\/\/teamsters.ca\/fr\/#organization"},"potentialAction":[{"@type":"SearchAction","target":{"@type":"EntryPoint","urlTemplate":"https:\/\/teamsters.ca\/fr\/?s={search_term_string}"},"query-input":{"@type":"PropertyValueSpecification","valueRequired":true,"valueName":"search_term_string"}}],"inLanguage":"fr-CA"},{"@type":"Organization","@id":"https:\/\/teamsters.ca\/fr\/#organization","name":"Teamsters Canada","url":"https:\/\/teamsters.ca\/fr\/","logo":{"@type":"ImageObject","inLanguage":"fr-CA","@id":"https:\/\/teamsters.ca\/fr\/#\/schema\/logo\/image\/","url":"https:\/\/teamsters.ca\/wp-content\/uploads\/2019\/08\/TeamstersCanada.png","contentUrl":"https:\/\/teamsters.ca\/wp-content\/uploads\/2019\/08\/TeamstersCanada.png","width":545,"height":181,"caption":"Teamsters Canada"},"image":{"@id":"https:\/\/teamsters.ca\/fr\/#\/schema\/logo\/image\/"},"sameAs":["https:\/\/www.facebook.com\/Teamsterscanada\/","https:\/\/x.com\/TeamstersCanada"]},{"@type":"Person","@id":"https:\/\/teamsters.ca\/fr\/#\/schema\/person\/3e6ffefc39fe2f212400b7d8d0a4a0c1","name":"St\u00e9phanie Meunier","image":{"@type":"ImageObject","inLanguage":"fr-CA","@id":"https:\/\/teamsters.ca\/fr\/#\/schema\/person\/image\/","url":"https:\/\/secure.gravatar.com\/avatar\/e4e8404e91ed71cb473fa2708849669810cf083c89825a3d2dd0d47dd6b2be77?s=96&d=mm&r=g","contentUrl":"https:\/\/secure.gravatar.com\/avatar\/e4e8404e91ed71cb473fa2708849669810cf083c89825a3d2dd0d47dd6b2be77?s=96&d=mm&r=g","caption":"St\u00e9phanie Meunier"},"url":"https:\/\/teamsters.ca\/fr\/blog\/author\/smeunier\/"}]}},"_links":{"self":[{"href":"https:\/\/teamsters.ca\/fr\/wp-json\/wp\/v2\/posts\/4019","targetHints":{"allow":["GET"]}}],"collection":[{"href":"https:\/\/teamsters.ca\/fr\/wp-json\/wp\/v2\/posts"}],"about":[{"href":"https:\/\/teamsters.ca\/fr\/wp-json\/wp\/v2\/types\/post"}],"author":[{"embeddable":true,"href":"https:\/\/teamsters.ca\/fr\/wp-json\/wp\/v2\/users\/8"}],"replies":[{"embeddable":true,"href":"https:\/\/teamsters.ca\/fr\/wp-json\/wp\/v2\/comments?post=4019"}],"version-history":[{"count":1,"href":"https:\/\/teamsters.ca\/fr\/wp-json\/wp\/v2\/posts\/4019\/revisions"}],"predecessor-version":[{"id":10331,"href":"https:\/\/teamsters.ca\/fr\/wp-json\/wp\/v2\/posts\/4019\/revisions\/10331"}],"wp:featuredmedia":[{"embeddable":true,"href":"https:\/\/teamsters.ca\/fr\/wp-json\/wp\/v2\/media\/4016"}],"wp:attachment":[{"href":"https:\/\/teamsters.ca\/fr\/wp-json\/wp\/v2\/media?parent=4019"}],"wp:term":[{"taxonomy":"category","embeddable":true,"href":"https:\/\/teamsters.ca\/fr\/wp-json\/wp\/v2\/categories?post=4019"},{"taxonomy":"post_tag","embeddable":true,"href":"https:\/\/teamsters.ca\/fr\/wp-json\/wp\/v2\/tags?post=4019"}],"curies":[{"name":"wp","href":"https:\/\/api.w.org\/{rel}","templated":true}]}}