{"id":3345,"date":"2015-02-16T15:52:24","date_gmt":"2015-02-16T20:52:24","guid":{"rendered":"http:\/\/teamsters.ca\/?p=3345"},"modified":"2019-06-27T20:39:42","modified_gmt":"2019-06-27T20:39:42","slug":"les-employes-du-canadien-pacifique-mettent-fin-a-leur-greve","status":"publish","type":"post","link":"https:\/\/teamsters.ca\/fr\/blog\/2015\/02\/16\/les-employes-du-canadien-pacifique-mettent-fin-a-leur-greve\/","title":{"rendered":"Les employ\u00e9s du Canadien Pacifique mettent fin \u00e0 leur gr\u00e8ve"},"content":{"rendered":"<p>Ottawa, 16 f\u00e9vrier 2015 &#8212; Une rencontre entre la ministre Leitch et le syndicat des Teamsters a permis de d\u00e9nouer l\u2019impasse entre le Canadien Pacifique (CP) et la Conf\u00e9rence ferroviaire de Teamsters Canada (CFTC).<\/p>\n<p>Les parties ont convenu d\u2019accepter un processus de m\u00e9diation et d\u2019arbitrage pour aborder tous les enjeux non r\u00e9solus ayant men\u00e9 \u00e0 la gr\u00e8ve. Un enjeu majeur est la gestion de la fatigue et le besoin de mettre en place de vastes mesures efficaces pour contrer la fatigue des travailleurs ferroviaires.<\/p>\n<p>Les op\u00e9rations ferroviaires reprendront demain de mani\u00e8re \u00e0 permettre un red\u00e9marrage ordonn\u00e9 des activit\u00e9s et \u00e0 permettre aux travailleurs de se reposer ad\u00e9quatement avant la reprise des op\u00e9rations ferroviaires d\u2019un bout \u00e0 l\u2019autre du Canada.<\/p>\n<p>\u00ab Nous avons d\u00e9cid\u00e9 de d\u00e9clencher cette gr\u00e8ve pour assurer la s\u00e9curit\u00e9 du public et des travailleurs, pr\u00e9cise le pr\u00e9sident de la CFTC, Doug Finnson. Nous pr\u00e9f\u00e9rons de loin n\u00e9gocier ces am\u00e9liorations par la voie de la n\u00e9gociation collective et l\u2019adoption d\u2019une loi sp\u00e9ciale aurait repr\u00e9sent\u00e9 la pire issue possible pour nous. Ces enjeux sont beaucoup trop importants aux yeux de nos membres pour \u00eatre d\u00e9cid\u00e9s par une loi sp\u00e9ciale. Par cons\u00e9quent, la meilleure option consiste \u00e0 nous engager dans un processus juste de r\u00e8glement du conflit par l\u2019arbitrage o\u00f9 nous pourrons faire la d\u00e9monstration que notre plan consiste en un syst\u00e8me de gestion de la fatigue ayant fait ses preuves, dont l\u2019efficacit\u00e9 est vant\u00e9e depuis longtemps et qui est de loin sup\u00e9rieur \u00e0 ce que l\u2019employeur cherche \u00e0 obtenir. \u00bb<\/p>\n<p>D\u2019ajouter M. Finnson : \u00ab Nous sommes raisonnablement confiants de mettre ainsi fin \u00e0 des ann\u00e9es de difficult\u00e9s que vivent nos membres et d\u2019am\u00e9liorer le syst\u00e8me dysfonctionnel actuellement en place. \u00bb<\/p>\n<p>Un autre enjeu consid\u00e9rable qui devra \u00eatre abord\u00e9 est la pi\u00e8tre qualit\u00e9 des relations de travail entre la direction du CP et les travailleurs. Il en r\u00e9sulte aujourd\u2019hui un nombre tr\u00e8s \u00e9lev\u00e9 de griefs en suspens qui doivent \u00eatre r\u00e9gl\u00e9s. Le Code canadien du travail accorde de vastes pouvoirs \u00e0 la ministre pour corriger cette situation et nous comptons revendiquer ce service avec fermet\u00e9.<\/p>\n<p>Le syndicat des Teamsters esp\u00e8re que l\u2019employeur respectera enfin les clauses de la convention collective touchant les p\u00e9riodes de repos auxquelles ont droit les travailleurs.<\/p>\n<p>La CFTC demeure \u00e0 la disposition du CP pour n\u00e9gocier une entente au moment o\u00f9 l\u2019employeur choisit d\u2019emprunter la m\u00eame voie.<\/p>\n<p>Les Teamsters repr\u00e9sentent les int\u00e9r\u00eats de 115 000 membres au Canada dans tous les corps de m\u00e9tier. La Fraternit\u00e9 internationale des Teamsters, \u00e0 laquelle Teamsters Canada est affili\u00e9, compte 1,4 million de membres en Am\u00e9rique du Nord.<\/p>\n<p style=\"text-align: center;\">-30-<\/p>\n<p>Pour plus d&rsquo;information :<\/p>\n<p>St\u00e9phane Lacroix, Directeur des communications<br \/>\nT\u00e9l\u00e9phone : 450 682-5521<br \/>\nCell : 514-609-5101<br \/>\nCourriel : slacroix@teamsters.ca<\/p>\n<p>Facebook.com\/TeamstersCanada \u25aa Twitter.com\/TeamstersCanada \u25aa teamsters.ca<\/p>\n","protected":false},"excerpt":{"rendered":"<p>Ottawa, 16 f\u00e9vrier 2015 &#8212; Une rencontre entre la ministre Leitch et le syndicat des Teamsters a permis de d\u00e9nouer l\u2019impasse entre le Canadien Pacifique (CP) et la Conf\u00e9rence ferroviaire de Teamsters Canada (CFTC). Les parties ont convenu d\u2019accepter un processus de m\u00e9diation et d\u2019arbitrage pour aborder tous les enjeux non r\u00e9solus ayant men\u00e9 \u00e0 [&hellip;]<\/p>\n","protected":false},"author":8,"featured_media":0,"comment_status":"closed","ping_status":"closed","sticky":false,"template":"","format":"standard","meta":{"ngg_post_thumbnail":0,"mc4wp_mailchimp_campaign":[],"footnotes":""},"categories":[1140,1114,1132],"tags":[220,324,71,256,312,163],"class_list":{"0":"post-3345","1":"post","2":"type-post","3":"status-publish","4":"format-standard","6":"category-canada-region-fr","7":"category-nouvelles","8":"category-transport-ferroviaire","9":"tag-canadien-pacifique","10":"tag-code-canadien-du-travail","11":"tag-cp-en","12":"tag-greve","13":"tag-heures-de-repos","14":"tag-strike"},"yoast_head":"<!-- This site is optimized with the Yoast SEO Premium plugin v25.5 (Yoast SEO v25.5) - https:\/\/yoast.com\/wordpress\/plugins\/seo\/ -->\n<title>Les employ\u00e9s du Canadien Pacifique mettent fin \u00e0 leur gr\u00e8ve | Teamsters Canada<\/title>\n<meta name=\"robots\" content=\"index, follow, max-snippet:-1, max-image-preview:large, max-video-preview:-1\" \/>\n<link rel=\"canonical\" href=\"https:\/\/teamsters.ca\/fr\/blog\/2015\/02\/16\/les-employes-du-canadien-pacifique-mettent-fin-a-leur-greve\/\" \/>\n<meta property=\"og:locale\" content=\"fr_CA\" \/>\n<meta property=\"og:type\" content=\"article\" \/>\n<meta property=\"og:title\" content=\"Les employ\u00e9s du Canadien Pacifique mettent fin \u00e0 leur gr\u00e8ve\" \/>\n<meta property=\"og:description\" content=\"Ottawa, 16 f\u00e9vrier 2015 &#8212; Une rencontre entre la ministre Leitch et le syndicat des Teamsters a permis de d\u00e9nouer l\u2019impasse entre le Canadien Pacifique (CP) et la Conf\u00e9rence ferroviaire de Teamsters Canada (CFTC). Les parties ont convenu d\u2019accepter un processus de m\u00e9diation et d\u2019arbitrage pour aborder tous les enjeux non r\u00e9solus ayant men\u00e9 \u00e0 [&hellip;]\" \/>\n<meta property=\"og:url\" content=\"https:\/\/teamsters.ca\/fr\/blog\/2015\/02\/16\/les-employes-du-canadien-pacifique-mettent-fin-a-leur-greve\/\" \/>\n<meta property=\"og:site_name\" content=\"Teamsters Canada\" \/>\n<meta property=\"article:publisher\" content=\"https:\/\/www.facebook.com\/Teamsterscanada\/\" \/>\n<meta property=\"article:published_time\" content=\"2015-02-16T20:52:24+00:00\" \/>\n<meta property=\"article:modified_time\" content=\"2019-06-27T20:39:42+00:00\" \/>\n<meta name=\"author\" content=\"St\u00e9phanie Meunier\" \/>\n<meta name=\"twitter:card\" content=\"summary_large_image\" \/>\n<meta name=\"twitter:creator\" content=\"@TeamstersCanada\" \/>\n<meta name=\"twitter:site\" content=\"@TeamstersCanada\" \/>\n<meta name=\"twitter:label1\" content=\"\u00c9crit par\" \/>\n\t<meta name=\"twitter:data1\" content=\"St\u00e9phanie Meunier\" \/>\n\t<meta name=\"twitter:label2\" content=\"Estimation du temps de lecture\" \/>\n\t<meta name=\"twitter:data2\" content=\"3 minutes\" \/>\n<script type=\"application\/ld+json\" class=\"yoast-schema-graph\">{\"@context\":\"https:\/\/schema.org\",\"@graph\":[{\"@type\":\"Article\",\"@id\":\"https:\/\/teamsters.ca\/fr\/blog\/2015\/02\/16\/les-employes-du-canadien-pacifique-mettent-fin-a-leur-greve\/#article\",\"isPartOf\":{\"@id\":\"https:\/\/teamsters.ca\/fr\/blog\/2015\/02\/16\/les-employes-du-canadien-pacifique-mettent-fin-a-leur-greve\/\"},\"author\":{\"name\":\"St\u00e9phanie Meunier\",\"@id\":\"https:\/\/teamsters.ca\/fr\/#\/schema\/person\/3e6ffefc39fe2f212400b7d8d0a4a0c1\"},\"headline\":\"Les employ\u00e9s du Canadien Pacifique mettent fin \u00e0 leur gr\u00e8ve\",\"datePublished\":\"2015-02-16T20:52:24+00:00\",\"dateModified\":\"2019-06-27T20:39:42+00:00\",\"mainEntityOfPage\":{\"@id\":\"https:\/\/teamsters.ca\/fr\/blog\/2015\/02\/16\/les-employes-du-canadien-pacifique-mettent-fin-a-leur-greve\/\"},\"wordCount\":517,\"publisher\":{\"@id\":\"https:\/\/teamsters.ca\/fr\/#organization\"},\"keywords\":[\"Canadien Pacifique\",\"Code canadien du travail\",\"CP\",\"Gr\u00e8ve\",\"Heures de repos\",\"Strike\"],\"articleSection\":[\"Canada\",\"Nouvelles\",\"Transport ferroviaire\"],\"inLanguage\":\"fr-CA\"},{\"@type\":\"WebPage\",\"@id\":\"https:\/\/teamsters.ca\/fr\/blog\/2015\/02\/16\/les-employes-du-canadien-pacifique-mettent-fin-a-leur-greve\/\",\"url\":\"https:\/\/teamsters.ca\/fr\/blog\/2015\/02\/16\/les-employes-du-canadien-pacifique-mettent-fin-a-leur-greve\/\",\"name\":\"Les employ\u00e9s du Canadien Pacifique mettent fin \u00e0 leur gr\u00e8ve | Teamsters Canada\",\"isPartOf\":{\"@id\":\"https:\/\/teamsters.ca\/fr\/#website\"},\"datePublished\":\"2015-02-16T20:52:24+00:00\",\"dateModified\":\"2019-06-27T20:39:42+00:00\",\"breadcrumb\":{\"@id\":\"https:\/\/teamsters.ca\/fr\/blog\/2015\/02\/16\/les-employes-du-canadien-pacifique-mettent-fin-a-leur-greve\/#breadcrumb\"},\"inLanguage\":\"fr-CA\",\"potentialAction\":[{\"@type\":\"ReadAction\",\"target\":[\"https:\/\/teamsters.ca\/fr\/blog\/2015\/02\/16\/les-employes-du-canadien-pacifique-mettent-fin-a-leur-greve\/\"]}]},{\"@type\":\"BreadcrumbList\",\"@id\":\"https:\/\/teamsters.ca\/fr\/blog\/2015\/02\/16\/les-employes-du-canadien-pacifique-mettent-fin-a-leur-greve\/#breadcrumb\",\"itemListElement\":[{\"@type\":\"ListItem\",\"position\":1,\"name\":\"Home\",\"item\":\"https:\/\/teamsters.ca\/fr\/\"},{\"@type\":\"ListItem\",\"position\":2,\"name\":\"Les employ\u00e9s du Canadien Pacifique mettent fin \u00e0 leur gr\u00e8ve\"}]},{\"@type\":\"WebSite\",\"@id\":\"https:\/\/teamsters.ca\/fr\/#website\",\"url\":\"https:\/\/teamsters.ca\/fr\/\",\"name\":\"Teamsters Canada\",\"description\":\"A Canadian union representing over 125 000 members\",\"publisher\":{\"@id\":\"https:\/\/teamsters.ca\/fr\/#organization\"},\"potentialAction\":[{\"@type\":\"SearchAction\",\"target\":{\"@type\":\"EntryPoint\",\"urlTemplate\":\"https:\/\/teamsters.ca\/fr\/?s={search_term_string}\"},\"query-input\":{\"@type\":\"PropertyValueSpecification\",\"valueRequired\":true,\"valueName\":\"search_term_string\"}}],\"inLanguage\":\"fr-CA\"},{\"@type\":\"Organization\",\"@id\":\"https:\/\/teamsters.ca\/fr\/#organization\",\"name\":\"Teamsters Canada\",\"url\":\"https:\/\/teamsters.ca\/fr\/\",\"logo\":{\"@type\":\"ImageObject\",\"inLanguage\":\"fr-CA\",\"@id\":\"https:\/\/teamsters.ca\/fr\/#\/schema\/logo\/image\/\",\"url\":\"https:\/\/teamsters.ca\/wp-content\/uploads\/2019\/08\/TeamstersCanada.png\",\"contentUrl\":\"https:\/\/teamsters.ca\/wp-content\/uploads\/2019\/08\/TeamstersCanada.png\",\"width\":545,\"height\":181,\"caption\":\"Teamsters Canada\"},\"image\":{\"@id\":\"https:\/\/teamsters.ca\/fr\/#\/schema\/logo\/image\/\"},\"sameAs\":[\"https:\/\/www.facebook.com\/Teamsterscanada\/\",\"https:\/\/x.com\/TeamstersCanada\"]},{\"@type\":\"Person\",\"@id\":\"https:\/\/teamsters.ca\/fr\/#\/schema\/person\/3e6ffefc39fe2f212400b7d8d0a4a0c1\",\"name\":\"St\u00e9phanie Meunier\",\"image\":{\"@type\":\"ImageObject\",\"inLanguage\":\"fr-CA\",\"@id\":\"https:\/\/teamsters.ca\/fr\/#\/schema\/person\/image\/\",\"url\":\"https:\/\/secure.gravatar.com\/avatar\/e4e8404e91ed71cb473fa2708849669810cf083c89825a3d2dd0d47dd6b2be77?s=96&d=mm&r=g\",\"contentUrl\":\"https:\/\/secure.gravatar.com\/avatar\/e4e8404e91ed71cb473fa2708849669810cf083c89825a3d2dd0d47dd6b2be77?s=96&d=mm&r=g\",\"caption\":\"St\u00e9phanie Meunier\"},\"url\":\"https:\/\/teamsters.ca\/fr\/blog\/author\/smeunier\/\"}]}<\/script>\n<!-- \/ Yoast SEO Premium plugin. -->","yoast_head_json":{"title":"Les employ\u00e9s du Canadien Pacifique mettent fin \u00e0 leur gr\u00e8ve | Teamsters Canada","robots":{"index":"index","follow":"follow","max-snippet":"max-snippet:-1","max-image-preview":"max-image-preview:large","max-video-preview":"max-video-preview:-1"},"canonical":"https:\/\/teamsters.ca\/fr\/blog\/2015\/02\/16\/les-employes-du-canadien-pacifique-mettent-fin-a-leur-greve\/","og_locale":"fr_CA","og_type":"article","og_title":"Les employ\u00e9s du Canadien Pacifique mettent fin \u00e0 leur gr\u00e8ve","og_description":"Ottawa, 16 f\u00e9vrier 2015 &#8212; Une rencontre entre la ministre Leitch et le syndicat des Teamsters a permis de d\u00e9nouer l\u2019impasse entre le Canadien Pacifique (CP) et la Conf\u00e9rence ferroviaire de Teamsters Canada (CFTC). Les parties ont convenu d\u2019accepter un processus de m\u00e9diation et d\u2019arbitrage pour aborder tous les enjeux non r\u00e9solus ayant men\u00e9 \u00e0 [&hellip;]","og_url":"https:\/\/teamsters.ca\/fr\/blog\/2015\/02\/16\/les-employes-du-canadien-pacifique-mettent-fin-a-leur-greve\/","og_site_name":"Teamsters Canada","article_publisher":"https:\/\/www.facebook.com\/Teamsterscanada\/","article_published_time":"2015-02-16T20:52:24+00:00","article_modified_time":"2019-06-27T20:39:42+00:00","author":"St\u00e9phanie Meunier","twitter_card":"summary_large_image","twitter_creator":"@TeamstersCanada","twitter_site":"@TeamstersCanada","twitter_misc":{"\u00c9crit par":"St\u00e9phanie Meunier","Estimation du temps de lecture":"3 minutes"},"schema":{"@context":"https:\/\/schema.org","@graph":[{"@type":"Article","@id":"https:\/\/teamsters.ca\/fr\/blog\/2015\/02\/16\/les-employes-du-canadien-pacifique-mettent-fin-a-leur-greve\/#article","isPartOf":{"@id":"https:\/\/teamsters.ca\/fr\/blog\/2015\/02\/16\/les-employes-du-canadien-pacifique-mettent-fin-a-leur-greve\/"},"author":{"name":"St\u00e9phanie Meunier","@id":"https:\/\/teamsters.ca\/fr\/#\/schema\/person\/3e6ffefc39fe2f212400b7d8d0a4a0c1"},"headline":"Les employ\u00e9s du Canadien Pacifique mettent fin \u00e0 leur gr\u00e8ve","datePublished":"2015-02-16T20:52:24+00:00","dateModified":"2019-06-27T20:39:42+00:00","mainEntityOfPage":{"@id":"https:\/\/teamsters.ca\/fr\/blog\/2015\/02\/16\/les-employes-du-canadien-pacifique-mettent-fin-a-leur-greve\/"},"wordCount":517,"publisher":{"@id":"https:\/\/teamsters.ca\/fr\/#organization"},"keywords":["Canadien Pacifique","Code canadien du travail","CP","Gr\u00e8ve","Heures de repos","Strike"],"articleSection":["Canada","Nouvelles","Transport ferroviaire"],"inLanguage":"fr-CA"},{"@type":"WebPage","@id":"https:\/\/teamsters.ca\/fr\/blog\/2015\/02\/16\/les-employes-du-canadien-pacifique-mettent-fin-a-leur-greve\/","url":"https:\/\/teamsters.ca\/fr\/blog\/2015\/02\/16\/les-employes-du-canadien-pacifique-mettent-fin-a-leur-greve\/","name":"Les employ\u00e9s du Canadien Pacifique mettent fin \u00e0 leur gr\u00e8ve | Teamsters Canada","isPartOf":{"@id":"https:\/\/teamsters.ca\/fr\/#website"},"datePublished":"2015-02-16T20:52:24+00:00","dateModified":"2019-06-27T20:39:42+00:00","breadcrumb":{"@id":"https:\/\/teamsters.ca\/fr\/blog\/2015\/02\/16\/les-employes-du-canadien-pacifique-mettent-fin-a-leur-greve\/#breadcrumb"},"inLanguage":"fr-CA","potentialAction":[{"@type":"ReadAction","target":["https:\/\/teamsters.ca\/fr\/blog\/2015\/02\/16\/les-employes-du-canadien-pacifique-mettent-fin-a-leur-greve\/"]}]},{"@type":"BreadcrumbList","@id":"https:\/\/teamsters.ca\/fr\/blog\/2015\/02\/16\/les-employes-du-canadien-pacifique-mettent-fin-a-leur-greve\/#breadcrumb","itemListElement":[{"@type":"ListItem","position":1,"name":"Home","item":"https:\/\/teamsters.ca\/fr\/"},{"@type":"ListItem","position":2,"name":"Les employ\u00e9s du Canadien Pacifique mettent fin \u00e0 leur gr\u00e8ve"}]},{"@type":"WebSite","@id":"https:\/\/teamsters.ca\/fr\/#website","url":"https:\/\/teamsters.ca\/fr\/","name":"Teamsters Canada","description":"A Canadian union representing over 125 000 members","publisher":{"@id":"https:\/\/teamsters.ca\/fr\/#organization"},"potentialAction":[{"@type":"SearchAction","target":{"@type":"EntryPoint","urlTemplate":"https:\/\/teamsters.ca\/fr\/?s={search_term_string}"},"query-input":{"@type":"PropertyValueSpecification","valueRequired":true,"valueName":"search_term_string"}}],"inLanguage":"fr-CA"},{"@type":"Organization","@id":"https:\/\/teamsters.ca\/fr\/#organization","name":"Teamsters Canada","url":"https:\/\/teamsters.ca\/fr\/","logo":{"@type":"ImageObject","inLanguage":"fr-CA","@id":"https:\/\/teamsters.ca\/fr\/#\/schema\/logo\/image\/","url":"https:\/\/teamsters.ca\/wp-content\/uploads\/2019\/08\/TeamstersCanada.png","contentUrl":"https:\/\/teamsters.ca\/wp-content\/uploads\/2019\/08\/TeamstersCanada.png","width":545,"height":181,"caption":"Teamsters Canada"},"image":{"@id":"https:\/\/teamsters.ca\/fr\/#\/schema\/logo\/image\/"},"sameAs":["https:\/\/www.facebook.com\/Teamsterscanada\/","https:\/\/x.com\/TeamstersCanada"]},{"@type":"Person","@id":"https:\/\/teamsters.ca\/fr\/#\/schema\/person\/3e6ffefc39fe2f212400b7d8d0a4a0c1","name":"St\u00e9phanie Meunier","image":{"@type":"ImageObject","inLanguage":"fr-CA","@id":"https:\/\/teamsters.ca\/fr\/#\/schema\/person\/image\/","url":"https:\/\/secure.gravatar.com\/avatar\/e4e8404e91ed71cb473fa2708849669810cf083c89825a3d2dd0d47dd6b2be77?s=96&d=mm&r=g","contentUrl":"https:\/\/secure.gravatar.com\/avatar\/e4e8404e91ed71cb473fa2708849669810cf083c89825a3d2dd0d47dd6b2be77?s=96&d=mm&r=g","caption":"St\u00e9phanie Meunier"},"url":"https:\/\/teamsters.ca\/fr\/blog\/author\/smeunier\/"}]}},"_links":{"self":[{"href":"https:\/\/teamsters.ca\/fr\/wp-json\/wp\/v2\/posts\/3345","targetHints":{"allow":["GET"]}}],"collection":[{"href":"https:\/\/teamsters.ca\/fr\/wp-json\/wp\/v2\/posts"}],"about":[{"href":"https:\/\/teamsters.ca\/fr\/wp-json\/wp\/v2\/types\/post"}],"author":[{"embeddable":true,"href":"https:\/\/teamsters.ca\/fr\/wp-json\/wp\/v2\/users\/8"}],"replies":[{"embeddable":true,"href":"https:\/\/teamsters.ca\/fr\/wp-json\/wp\/v2\/comments?post=3345"}],"version-history":[{"count":1,"href":"https:\/\/teamsters.ca\/fr\/wp-json\/wp\/v2\/posts\/3345\/revisions"}],"predecessor-version":[{"id":10389,"href":"https:\/\/teamsters.ca\/fr\/wp-json\/wp\/v2\/posts\/3345\/revisions\/10389"}],"wp:attachment":[{"href":"https:\/\/teamsters.ca\/fr\/wp-json\/wp\/v2\/media?parent=3345"}],"wp:term":[{"taxonomy":"category","embeddable":true,"href":"https:\/\/teamsters.ca\/fr\/wp-json\/wp\/v2\/categories?post=3345"},{"taxonomy":"post_tag","embeddable":true,"href":"https:\/\/teamsters.ca\/fr\/wp-json\/wp\/v2\/tags?post=3345"}],"curies":[{"name":"wp","href":"https:\/\/api.w.org\/{rel}","templated":true}]}}