{"id":29968,"date":"2026-02-19T19:11:08","date_gmt":"2026-02-20T00:11:08","guid":{"rendered":"https:\/\/teamsters.ca\/?p=29968"},"modified":"2026-02-19T21:40:15","modified_gmt":"2026-02-20T02:40:15","slug":"il-est-temps-de-passer-de-la-parole-aux-actes-pour-les-travailleuses-et-travailleurs-brassicoles","status":"publish","type":"post","link":"https:\/\/teamsters.ca\/fr\/blog\/2026\/02\/19\/il-est-temps-de-passer-de-la-parole-aux-actes-pour-les-travailleuses-et-travailleurs-brassicoles\/","title":{"rendered":"Il est temps de passer de la parole aux actes pour les travailleuses et travailleurs brassicoles"},"content":{"rendered":"\n<p>Monsieur le Premier ministre Carney,<\/p>\n\n\n\n<p>Nous nous adressons \u00e0 vous aujourd&rsquo;hui au nom de Teamsters Canada. Notre syndicat repr\u00e9sente fi\u00e8rement plus de 130 000 travailleuses et travailleurs \u00e0 travers le pays dont 2 000 \u0153uvrent sp\u00e9cifiquement dans le secteur brassicole. Ce sont des cons\u0153urs et des confr\u00e8res d\u00e9vou\u00e9s qui travaillent fort chaque jour chez Labatt, chez Molson et dans plusieurs autres brasseries pour produire, emballer et livrer la bi\u00e8re d&rsquo;ici.<\/p>\n\n\n\n<p>Vous vous \u00eates fait \u00e9lire en promettant d&rsquo;\u00eatre le d\u00e9fenseur des familles ouvri\u00e8res canadiennes. Vous avez dit vouloir prot\u00e9ger nos emplois et notre pouvoir d&rsquo;achat. Aujourd&rsquo;hui, nous vous demandons simplement de respecter cette promesse.<\/p>\n\n\n\n<p>Notre industrie est en difficult\u00e9. Les ventes diminuent, les co\u00fbts de production explosent et l&rsquo;inflation frappe tout le monde. Pourtant, votre gouvernement s&rsquo;appr\u00eate le 1er avril 2026 \u00e0 augmenter encore une fois la taxe f\u00e9d\u00e9rale sur la bi\u00e8re.<\/p>\n\n\n\n<p>Pour le commun des mortels, l&rsquo;explication de cette taxe est simple. Depuis 2017, les droits d&rsquo;accise sur la bi\u00e8re augmentent automatiquement de fa\u00e7on annuelle. Cette hausse se fait toute seule sans m\u00eame qu&rsquo;il y ait un vote ou un d\u00e9bat au Parlement. C&rsquo;est une machine \u00e0 taxer qui tourne sur le pilote automatique et qui fait tr\u00e8s mal \u00e0 notre industrie. Pendant que nos voisins am\u00e9ricains baissent leurs taxes pour aider leurs brasseries et leurs travailleurs, nous faisons l&rsquo;inverse ici. Le r\u00e9sultat est d\u00e9sastreux et nos usines sont de plus en plus d\u00e9savantag\u00e9es face \u00e0 la concurrence. Les emplois de nos membres, hommes et femmes, sont fragilis\u00e9s.<\/p>\n\n\n\n<p>Une nouvelle hausse de taxe dans ce contexte est une attaque directe contre une industrie manufacturi\u00e8re qui offre de bons emplois syndiqu\u00e9s. Ce n&rsquo;est pas en rendant la production plus co\u00fbteuse que l&rsquo;on va aider celles et ceux qui travaillent dans nos usines.<\/p>\n\n\n\n<p>Monsieur le Premier ministre, il est temps de passer des paroles aux actes.<\/p>\n\n\n\n<p>Au lieu de piger encore dans les poches d&rsquo;une industrie \u00e0 bout de souffle, nous vous demandons d&rsquo;annuler cette hausse de taxe injuste. Mais ce n&rsquo;est pas tout. Si vous voulez vraiment d\u00e9fendre les travailleuses et les travailleurs, investissez l\u00e0 o\u00f9 \u00e7a compte. Mettez en place des programmes d&rsquo;aide concrets et financez la formation du personnel pour garantir que nos cons\u0153urs et nos confr\u00e8res puissent continuer \u00e0 travailler dignement dans un secteur fort.<\/p>\n\n\n\n<p>Les travailleuses et les travailleurs vous regardent. Ils attendent que vous fassiez le bon choix pour prot\u00e9ger leurs emplois et leurs familles.<\/p>\n\n\n\n<p><strong>Fran\u00e7ois Laporte\u00a0<\/strong><br \/>Pr\u00e9sident, Teamsters Canada; Vice-pr\u00e9sident international FIT<\/p>\n\n\n\n<p><strong>Jean-Fran\u00e7ois Pelletier<\/strong>\u00a0<br \/>Directeur de la Division de la vente au d\u00e9tail, des brasseries et des boissons gazeuses de Teamsters Canada Pr\u00e9sident du Local 1999<\/p>\n","protected":false},"excerpt":{"rendered":"<p>Nous nous adressons \u00e0 vous aujourd&rsquo;hui au nom de Teamsters Canada. Notre syndicat repr\u00e9sente fi\u00e8rement plus de 130 000 travailleuses et travailleurs \u00e0 travers le pays dont 2 000 \u0153uvrent sp\u00e9cifiquement dans le secteur brassicole. Ce sont des cons\u0153urs et des confr\u00e8res d\u00e9vou\u00e9s qui travaillent fort chaque jour chez Labatt, chez Molson et dans plusieurs autres brasseries pour produire, emballer et livrer la bi\u00e8re d&rsquo;ici.<\/p>\n","protected":false},"author":9,"featured_media":29977,"comment_status":"closed","ping_status":"closed","sticky":false,"template":"","format":"standard","meta":{"ngg_post_thumbnail":0,"mc4wp_mailchimp_campaign":[],"footnotes":""},"categories":[1114],"tags":[7088,7089],"class_list":{"0":"post-29968","1":"post","2":"type-post","3":"status-publish","4":"format-standard","5":"has-post-thumbnail","7":"category-nouvelles","8":"tag-brasseries","9":"tag-mark-carney"},"yoast_head":"<!-- This site is optimized with the Yoast SEO Premium plugin v25.5 (Yoast SEO v25.5) - https:\/\/yoast.com\/wordpress\/plugins\/seo\/ -->\n<title>Il est temps de passer de la parole aux actes pour les travailleuses et travailleurs brassicoles | Teamsters Canada<\/title>\n<meta name=\"robots\" content=\"index, follow, max-snippet:-1, max-image-preview:large, max-video-preview:-1\" \/>\n<link rel=\"canonical\" href=\"https:\/\/teamsters.ca\/fr\/blog\/2026\/02\/19\/il-est-temps-de-passer-de-la-parole-aux-actes-pour-les-travailleuses-et-travailleurs-brassicoles\/\" \/>\n<meta property=\"og:locale\" content=\"fr_CA\" \/>\n<meta property=\"og:type\" content=\"article\" \/>\n<meta property=\"og:title\" content=\"Il est temps de passer de la parole aux actes pour les travailleuses et travailleurs brassicoles\" \/>\n<meta property=\"og:description\" content=\"Nous nous adressons \u00e0 vous aujourd&#039;hui au nom de Teamsters Canada. Notre syndicat repr\u00e9sente fi\u00e8rement plus de 130 000 travailleuses et travailleurs \u00e0 travers le pays dont 2 000 \u0153uvrent sp\u00e9cifiquement dans le secteur brassicole. Ce sont des cons\u0153urs et des confr\u00e8res d\u00e9vou\u00e9s qui travaillent fort chaque jour chez Labatt, chez Molson et dans plusieurs autres brasseries pour produire, emballer et livrer la bi\u00e8re d&#039;ici.\" \/>\n<meta property=\"og:url\" content=\"https:\/\/teamsters.ca\/fr\/blog\/2026\/02\/19\/il-est-temps-de-passer-de-la-parole-aux-actes-pour-les-travailleuses-et-travailleurs-brassicoles\/\" \/>\n<meta property=\"og:site_name\" content=\"Teamsters Canada\" \/>\n<meta property=\"article:publisher\" content=\"https:\/\/www.facebook.com\/Teamsterscanada\/\" \/>\n<meta property=\"article:published_time\" content=\"2026-02-20T00:11:08+00:00\" \/>\n<meta property=\"article:modified_time\" content=\"2026-02-20T02:40:15+00:00\" \/>\n<meta property=\"og:image\" content=\"https:\/\/teamsters.ca\/wp-content\/uploads\/2026\/02\/bouteille.jpg\" \/>\n\t<meta property=\"og:image:width\" content=\"1166\" \/>\n\t<meta property=\"og:image:height\" content=\"768\" \/>\n\t<meta property=\"og:image:type\" content=\"image\/jpeg\" \/>\n<meta name=\"author\" content=\"communications\" \/>\n<meta name=\"twitter:card\" content=\"summary_large_image\" \/>\n<meta name=\"twitter:creator\" content=\"@TeamstersCanada\" \/>\n<meta name=\"twitter:site\" content=\"@TeamstersCanada\" \/>\n<meta name=\"twitter:label1\" content=\"\u00c9crit par\" \/>\n\t<meta name=\"twitter:data1\" content=\"communications\" \/>\n\t<meta name=\"twitter:label2\" content=\"Estimation du temps de lecture\" \/>\n\t<meta name=\"twitter:data2\" content=\"3 minutes\" \/>\n<script type=\"application\/ld+json\" class=\"yoast-schema-graph\">{\"@context\":\"https:\/\/schema.org\",\"@graph\":[{\"@type\":\"Article\",\"@id\":\"https:\/\/teamsters.ca\/fr\/blog\/2026\/02\/19\/il-est-temps-de-passer-de-la-parole-aux-actes-pour-les-travailleuses-et-travailleurs-brassicoles\/#article\",\"isPartOf\":{\"@id\":\"https:\/\/teamsters.ca\/fr\/blog\/2026\/02\/19\/il-est-temps-de-passer-de-la-parole-aux-actes-pour-les-travailleuses-et-travailleurs-brassicoles\/\"},\"author\":{\"name\":\"communications\",\"@id\":\"https:\/\/teamsters.ca\/fr\/#\/schema\/person\/16abb510b61e30ac94505e325f34ff0c\"},\"headline\":\"Il est temps de passer de la parole aux actes pour les travailleuses et travailleurs brassicoles\",\"datePublished\":\"2026-02-20T00:11:08+00:00\",\"dateModified\":\"2026-02-20T02:40:15+00:00\",\"mainEntityOfPage\":{\"@id\":\"https:\/\/teamsters.ca\/fr\/blog\/2026\/02\/19\/il-est-temps-de-passer-de-la-parole-aux-actes-pour-les-travailleuses-et-travailleurs-brassicoles\/\"},\"wordCount\":474,\"publisher\":{\"@id\":\"https:\/\/teamsters.ca\/fr\/#organization\"},\"image\":{\"@id\":\"https:\/\/teamsters.ca\/fr\/blog\/2026\/02\/19\/il-est-temps-de-passer-de-la-parole-aux-actes-pour-les-travailleuses-et-travailleurs-brassicoles\/#primaryimage\"},\"thumbnailUrl\":\"https:\/\/teamsters.ca\/wp-content\/uploads\/2026\/02\/bouteille.jpg\",\"keywords\":[\"Brasseries\",\"Mark Carney\"],\"articleSection\":[\"Nouvelles\"],\"inLanguage\":\"fr-CA\"},{\"@type\":\"WebPage\",\"@id\":\"https:\/\/teamsters.ca\/fr\/blog\/2026\/02\/19\/il-est-temps-de-passer-de-la-parole-aux-actes-pour-les-travailleuses-et-travailleurs-brassicoles\/\",\"url\":\"https:\/\/teamsters.ca\/fr\/blog\/2026\/02\/19\/il-est-temps-de-passer-de-la-parole-aux-actes-pour-les-travailleuses-et-travailleurs-brassicoles\/\",\"name\":\"Il est temps de passer de la parole aux actes pour les travailleuses et travailleurs brassicoles | Teamsters Canada\",\"isPartOf\":{\"@id\":\"https:\/\/teamsters.ca\/fr\/#website\"},\"primaryImageOfPage\":{\"@id\":\"https:\/\/teamsters.ca\/fr\/blog\/2026\/02\/19\/il-est-temps-de-passer-de-la-parole-aux-actes-pour-les-travailleuses-et-travailleurs-brassicoles\/#primaryimage\"},\"image\":{\"@id\":\"https:\/\/teamsters.ca\/fr\/blog\/2026\/02\/19\/il-est-temps-de-passer-de-la-parole-aux-actes-pour-les-travailleuses-et-travailleurs-brassicoles\/#primaryimage\"},\"thumbnailUrl\":\"https:\/\/teamsters.ca\/wp-content\/uploads\/2026\/02\/bouteille.jpg\",\"datePublished\":\"2026-02-20T00:11:08+00:00\",\"dateModified\":\"2026-02-20T02:40:15+00:00\",\"breadcrumb\":{\"@id\":\"https:\/\/teamsters.ca\/fr\/blog\/2026\/02\/19\/il-est-temps-de-passer-de-la-parole-aux-actes-pour-les-travailleuses-et-travailleurs-brassicoles\/#breadcrumb\"},\"inLanguage\":\"fr-CA\",\"potentialAction\":[{\"@type\":\"ReadAction\",\"target\":[\"https:\/\/teamsters.ca\/fr\/blog\/2026\/02\/19\/il-est-temps-de-passer-de-la-parole-aux-actes-pour-les-travailleuses-et-travailleurs-brassicoles\/\"]}]},{\"@type\":\"ImageObject\",\"inLanguage\":\"fr-CA\",\"@id\":\"https:\/\/teamsters.ca\/fr\/blog\/2026\/02\/19\/il-est-temps-de-passer-de-la-parole-aux-actes-pour-les-travailleuses-et-travailleurs-brassicoles\/#primaryimage\",\"url\":\"https:\/\/teamsters.ca\/wp-content\/uploads\/2026\/02\/bouteille.jpg\",\"contentUrl\":\"https:\/\/teamsters.ca\/wp-content\/uploads\/2026\/02\/bouteille.jpg\",\"width\":1166,\"height\":768},{\"@type\":\"BreadcrumbList\",\"@id\":\"https:\/\/teamsters.ca\/fr\/blog\/2026\/02\/19\/il-est-temps-de-passer-de-la-parole-aux-actes-pour-les-travailleuses-et-travailleurs-brassicoles\/#breadcrumb\",\"itemListElement\":[{\"@type\":\"ListItem\",\"position\":1,\"name\":\"Home\",\"item\":\"https:\/\/teamsters.ca\/fr\/\"},{\"@type\":\"ListItem\",\"position\":2,\"name\":\"Il est temps de passer de la parole aux actes pour les travailleuses et travailleurs brassicoles\"}]},{\"@type\":\"WebSite\",\"@id\":\"https:\/\/teamsters.ca\/fr\/#website\",\"url\":\"https:\/\/teamsters.ca\/fr\/\",\"name\":\"Teamsters Canada\",\"description\":\"A Canadian union representing over 125 000 members\",\"publisher\":{\"@id\":\"https:\/\/teamsters.ca\/fr\/#organization\"},\"potentialAction\":[{\"@type\":\"SearchAction\",\"target\":{\"@type\":\"EntryPoint\",\"urlTemplate\":\"https:\/\/teamsters.ca\/fr\/?s={search_term_string}\"},\"query-input\":{\"@type\":\"PropertyValueSpecification\",\"valueRequired\":true,\"valueName\":\"search_term_string\"}}],\"inLanguage\":\"fr-CA\"},{\"@type\":\"Organization\",\"@id\":\"https:\/\/teamsters.ca\/fr\/#organization\",\"name\":\"Teamsters Canada\",\"url\":\"https:\/\/teamsters.ca\/fr\/\",\"logo\":{\"@type\":\"ImageObject\",\"inLanguage\":\"fr-CA\",\"@id\":\"https:\/\/teamsters.ca\/fr\/#\/schema\/logo\/image\/\",\"url\":\"https:\/\/teamsters.ca\/wp-content\/uploads\/2019\/08\/TeamstersCanada.png\",\"contentUrl\":\"https:\/\/teamsters.ca\/wp-content\/uploads\/2019\/08\/TeamstersCanada.png\",\"width\":545,\"height\":181,\"caption\":\"Teamsters Canada\"},\"image\":{\"@id\":\"https:\/\/teamsters.ca\/fr\/#\/schema\/logo\/image\/\"},\"sameAs\":[\"https:\/\/www.facebook.com\/Teamsterscanada\/\",\"https:\/\/x.com\/TeamstersCanada\"]},{\"@type\":\"Person\",\"@id\":\"https:\/\/teamsters.ca\/fr\/#\/schema\/person\/16abb510b61e30ac94505e325f34ff0c\",\"name\":\"communications\",\"image\":{\"@type\":\"ImageObject\",\"inLanguage\":\"fr-CA\",\"@id\":\"https:\/\/teamsters.ca\/fr\/#\/schema\/person\/image\/\",\"url\":\"https:\/\/secure.gravatar.com\/avatar\/707c37c6763af59d83f3b3dcebfff9d9d58ef9e062e2c9452a9dbb153c85d7ac?s=96&d=mm&r=g\",\"contentUrl\":\"https:\/\/secure.gravatar.com\/avatar\/707c37c6763af59d83f3b3dcebfff9d9d58ef9e062e2c9452a9dbb153c85d7ac?s=96&d=mm&r=g\",\"caption\":\"communications\"},\"url\":\"https:\/\/teamsters.ca\/fr\/blog\/author\/communications\/\"}]}<\/script>\n<!-- \/ Yoast SEO Premium plugin. -->","yoast_head_json":{"title":"Il est temps de passer de la parole aux actes pour les travailleuses et travailleurs brassicoles | Teamsters Canada","robots":{"index":"index","follow":"follow","max-snippet":"max-snippet:-1","max-image-preview":"max-image-preview:large","max-video-preview":"max-video-preview:-1"},"canonical":"https:\/\/teamsters.ca\/fr\/blog\/2026\/02\/19\/il-est-temps-de-passer-de-la-parole-aux-actes-pour-les-travailleuses-et-travailleurs-brassicoles\/","og_locale":"fr_CA","og_type":"article","og_title":"Il est temps de passer de la parole aux actes pour les travailleuses et travailleurs brassicoles","og_description":"Nous nous adressons \u00e0 vous aujourd'hui au nom de Teamsters Canada. Notre syndicat repr\u00e9sente fi\u00e8rement plus de 130 000 travailleuses et travailleurs \u00e0 travers le pays dont 2 000 \u0153uvrent sp\u00e9cifiquement dans le secteur brassicole. Ce sont des cons\u0153urs et des confr\u00e8res d\u00e9vou\u00e9s qui travaillent fort chaque jour chez Labatt, chez Molson et dans plusieurs autres brasseries pour produire, emballer et livrer la bi\u00e8re d'ici.","og_url":"https:\/\/teamsters.ca\/fr\/blog\/2026\/02\/19\/il-est-temps-de-passer-de-la-parole-aux-actes-pour-les-travailleuses-et-travailleurs-brassicoles\/","og_site_name":"Teamsters Canada","article_publisher":"https:\/\/www.facebook.com\/Teamsterscanada\/","article_published_time":"2026-02-20T00:11:08+00:00","article_modified_time":"2026-02-20T02:40:15+00:00","og_image":[{"width":1166,"height":768,"url":"https:\/\/teamsters.ca\/wp-content\/uploads\/2026\/02\/bouteille.jpg","type":"image\/jpeg"}],"author":"communications","twitter_card":"summary_large_image","twitter_creator":"@TeamstersCanada","twitter_site":"@TeamstersCanada","twitter_misc":{"\u00c9crit par":"communications","Estimation du temps de lecture":"3 minutes"},"schema":{"@context":"https:\/\/schema.org","@graph":[{"@type":"Article","@id":"https:\/\/teamsters.ca\/fr\/blog\/2026\/02\/19\/il-est-temps-de-passer-de-la-parole-aux-actes-pour-les-travailleuses-et-travailleurs-brassicoles\/#article","isPartOf":{"@id":"https:\/\/teamsters.ca\/fr\/blog\/2026\/02\/19\/il-est-temps-de-passer-de-la-parole-aux-actes-pour-les-travailleuses-et-travailleurs-brassicoles\/"},"author":{"name":"communications","@id":"https:\/\/teamsters.ca\/fr\/#\/schema\/person\/16abb510b61e30ac94505e325f34ff0c"},"headline":"Il est temps de passer de la parole aux actes pour les travailleuses et travailleurs brassicoles","datePublished":"2026-02-20T00:11:08+00:00","dateModified":"2026-02-20T02:40:15+00:00","mainEntityOfPage":{"@id":"https:\/\/teamsters.ca\/fr\/blog\/2026\/02\/19\/il-est-temps-de-passer-de-la-parole-aux-actes-pour-les-travailleuses-et-travailleurs-brassicoles\/"},"wordCount":474,"publisher":{"@id":"https:\/\/teamsters.ca\/fr\/#organization"},"image":{"@id":"https:\/\/teamsters.ca\/fr\/blog\/2026\/02\/19\/il-est-temps-de-passer-de-la-parole-aux-actes-pour-les-travailleuses-et-travailleurs-brassicoles\/#primaryimage"},"thumbnailUrl":"https:\/\/teamsters.ca\/wp-content\/uploads\/2026\/02\/bouteille.jpg","keywords":["Brasseries","Mark Carney"],"articleSection":["Nouvelles"],"inLanguage":"fr-CA"},{"@type":"WebPage","@id":"https:\/\/teamsters.ca\/fr\/blog\/2026\/02\/19\/il-est-temps-de-passer-de-la-parole-aux-actes-pour-les-travailleuses-et-travailleurs-brassicoles\/","url":"https:\/\/teamsters.ca\/fr\/blog\/2026\/02\/19\/il-est-temps-de-passer-de-la-parole-aux-actes-pour-les-travailleuses-et-travailleurs-brassicoles\/","name":"Il est temps de passer de la parole aux actes pour les travailleuses et travailleurs brassicoles | Teamsters Canada","isPartOf":{"@id":"https:\/\/teamsters.ca\/fr\/#website"},"primaryImageOfPage":{"@id":"https:\/\/teamsters.ca\/fr\/blog\/2026\/02\/19\/il-est-temps-de-passer-de-la-parole-aux-actes-pour-les-travailleuses-et-travailleurs-brassicoles\/#primaryimage"},"image":{"@id":"https:\/\/teamsters.ca\/fr\/blog\/2026\/02\/19\/il-est-temps-de-passer-de-la-parole-aux-actes-pour-les-travailleuses-et-travailleurs-brassicoles\/#primaryimage"},"thumbnailUrl":"https:\/\/teamsters.ca\/wp-content\/uploads\/2026\/02\/bouteille.jpg","datePublished":"2026-02-20T00:11:08+00:00","dateModified":"2026-02-20T02:40:15+00:00","breadcrumb":{"@id":"https:\/\/teamsters.ca\/fr\/blog\/2026\/02\/19\/il-est-temps-de-passer-de-la-parole-aux-actes-pour-les-travailleuses-et-travailleurs-brassicoles\/#breadcrumb"},"inLanguage":"fr-CA","potentialAction":[{"@type":"ReadAction","target":["https:\/\/teamsters.ca\/fr\/blog\/2026\/02\/19\/il-est-temps-de-passer-de-la-parole-aux-actes-pour-les-travailleuses-et-travailleurs-brassicoles\/"]}]},{"@type":"ImageObject","inLanguage":"fr-CA","@id":"https:\/\/teamsters.ca\/fr\/blog\/2026\/02\/19\/il-est-temps-de-passer-de-la-parole-aux-actes-pour-les-travailleuses-et-travailleurs-brassicoles\/#primaryimage","url":"https:\/\/teamsters.ca\/wp-content\/uploads\/2026\/02\/bouteille.jpg","contentUrl":"https:\/\/teamsters.ca\/wp-content\/uploads\/2026\/02\/bouteille.jpg","width":1166,"height":768},{"@type":"BreadcrumbList","@id":"https:\/\/teamsters.ca\/fr\/blog\/2026\/02\/19\/il-est-temps-de-passer-de-la-parole-aux-actes-pour-les-travailleuses-et-travailleurs-brassicoles\/#breadcrumb","itemListElement":[{"@type":"ListItem","position":1,"name":"Home","item":"https:\/\/teamsters.ca\/fr\/"},{"@type":"ListItem","position":2,"name":"Il est temps de passer de la parole aux actes pour les travailleuses et travailleurs brassicoles"}]},{"@type":"WebSite","@id":"https:\/\/teamsters.ca\/fr\/#website","url":"https:\/\/teamsters.ca\/fr\/","name":"Teamsters Canada","description":"A Canadian union representing over 125 000 members","publisher":{"@id":"https:\/\/teamsters.ca\/fr\/#organization"},"potentialAction":[{"@type":"SearchAction","target":{"@type":"EntryPoint","urlTemplate":"https:\/\/teamsters.ca\/fr\/?s={search_term_string}"},"query-input":{"@type":"PropertyValueSpecification","valueRequired":true,"valueName":"search_term_string"}}],"inLanguage":"fr-CA"},{"@type":"Organization","@id":"https:\/\/teamsters.ca\/fr\/#organization","name":"Teamsters Canada","url":"https:\/\/teamsters.ca\/fr\/","logo":{"@type":"ImageObject","inLanguage":"fr-CA","@id":"https:\/\/teamsters.ca\/fr\/#\/schema\/logo\/image\/","url":"https:\/\/teamsters.ca\/wp-content\/uploads\/2019\/08\/TeamstersCanada.png","contentUrl":"https:\/\/teamsters.ca\/wp-content\/uploads\/2019\/08\/TeamstersCanada.png","width":545,"height":181,"caption":"Teamsters Canada"},"image":{"@id":"https:\/\/teamsters.ca\/fr\/#\/schema\/logo\/image\/"},"sameAs":["https:\/\/www.facebook.com\/Teamsterscanada\/","https:\/\/x.com\/TeamstersCanada"]},{"@type":"Person","@id":"https:\/\/teamsters.ca\/fr\/#\/schema\/person\/16abb510b61e30ac94505e325f34ff0c","name":"communications","image":{"@type":"ImageObject","inLanguage":"fr-CA","@id":"https:\/\/teamsters.ca\/fr\/#\/schema\/person\/image\/","url":"https:\/\/secure.gravatar.com\/avatar\/707c37c6763af59d83f3b3dcebfff9d9d58ef9e062e2c9452a9dbb153c85d7ac?s=96&d=mm&r=g","contentUrl":"https:\/\/secure.gravatar.com\/avatar\/707c37c6763af59d83f3b3dcebfff9d9d58ef9e062e2c9452a9dbb153c85d7ac?s=96&d=mm&r=g","caption":"communications"},"url":"https:\/\/teamsters.ca\/fr\/blog\/author\/communications\/"}]}},"_links":{"self":[{"href":"https:\/\/teamsters.ca\/fr\/wp-json\/wp\/v2\/posts\/29968","targetHints":{"allow":["GET"]}}],"collection":[{"href":"https:\/\/teamsters.ca\/fr\/wp-json\/wp\/v2\/posts"}],"about":[{"href":"https:\/\/teamsters.ca\/fr\/wp-json\/wp\/v2\/types\/post"}],"author":[{"embeddable":true,"href":"https:\/\/teamsters.ca\/fr\/wp-json\/wp\/v2\/users\/9"}],"replies":[{"embeddable":true,"href":"https:\/\/teamsters.ca\/fr\/wp-json\/wp\/v2\/comments?post=29968"}],"version-history":[{"count":2,"href":"https:\/\/teamsters.ca\/fr\/wp-json\/wp\/v2\/posts\/29968\/revisions"}],"predecessor-version":[{"id":29970,"href":"https:\/\/teamsters.ca\/fr\/wp-json\/wp\/v2\/posts\/29968\/revisions\/29970"}],"wp:featuredmedia":[{"embeddable":true,"href":"https:\/\/teamsters.ca\/fr\/wp-json\/wp\/v2\/media\/29977"}],"wp:attachment":[{"href":"https:\/\/teamsters.ca\/fr\/wp-json\/wp\/v2\/media?parent=29968"}],"wp:term":[{"taxonomy":"category","embeddable":true,"href":"https:\/\/teamsters.ca\/fr\/wp-json\/wp\/v2\/categories?post=29968"},{"taxonomy":"post_tag","embeddable":true,"href":"https:\/\/teamsters.ca\/fr\/wp-json\/wp\/v2\/tags?post=29968"}],"curies":[{"name":"wp","href":"https:\/\/api.w.org\/{rel}","templated":true}]}}