{"id":29715,"date":"2025-12-09T09:29:27","date_gmt":"2025-12-09T14:29:27","guid":{"rendered":"https:\/\/teamsters.ca\/?p=29715"},"modified":"2025-12-12T18:16:25","modified_gmt":"2025-12-12T23:16:25","slug":"ottawa-les-repas-en-vol-pourraient-disparaitre-en-pleine-periode-des-fetes","status":"publish","type":"post","link":"https:\/\/teamsters.ca\/fr\/blog\/2025\/12\/09\/ottawa-les-repas-en-vol-pourraient-disparaitre-en-pleine-periode-des-fetes\/","title":{"rendered":"Ottawa : les repas en vol pourraient dispara\u00eetre en pleine p\u00e9riode des F\u00eates\u00a0"},"content":{"rendered":"\n<p><em>Gate Gourmet est sur la liste des m\u00e9chants alors que les salari\u00e9\u00b7e\u00b7s du service de traiteur a\u00e9rien votent en faveur d\u2019une gr\u00e8ve durant le temps des F\u00eates.&nbsp;<\/em><\/p>\n\n\n\n<p><strong>MISE \u00c0 JOUR : <\/strong>Les travailleuses et travailleurs ont vot\u00e9 par 35 voix contre 5, le jeudi 11 d\u00e9cembre, pour rejeter une offre pr\u00e9tendument finale de Gate Gourmet. \u00c0 d\u00e9faut d\u2019une entente de derni\u00e8re minute, les salari\u00e9\u00b7e\u00b7s de Gate Gourmet d\u00e9clencheront une gr\u00e8ve \u00e0 0 h 01, le dimanche 14 d\u00e9cembre.<\/p>\n\n\n\n<p>Ottawa, le 9 d\u00e9cembre 2025 \u2013 Une cinquantaine de travailleuses et travailleurs de Gate Gourmet \u00e0 Ottawa pourraient d\u00e9clencher une gr\u00e8ve d\u00e8s minuit et une le dimanche 14 d\u00e9cembre, avertit la Section locale 647 des Teamsters. Ces derniers pr\u00e9parent, emballent et livrent les repas, collations, boissons et autres fournitures essentielles au service en vol.\u00a0<\/p>\n\n\n\n<p>Un arr\u00eat de travail pourrait perturber les d\u00e9placements pendant le temps des F\u00eates, privant la majorit\u00e9 des vols au d\u00e9part de l\u2019a\u00e9roport international Macdonald-Cartier de nourriture et de boisson \u00e0 bord.&nbsp;<\/p>\n\n\n\n<p>\u00ab \u00c0 l\u2019approche de No\u00ebl, Gate Gourmet fait son Scrooge. Nos membres cumulent les emplois pour suivre le co\u00fbt de la vie dans la capitale nationale. Pendant ce temps, l\u2019employeur engrange des profits chaque fois qu\u2019un avion d\u00e9colle \u00bb, d\u00e9clare le pr\u00e9sident de Teamsters Canada, Fran\u00e7ois Laporte.&nbsp;<\/p>\n\n\n\n<p>\u00ab Le pire dans tout \u00e7a ? En plus de nourrir les voyageurs ordinaires, nos membres pr\u00e9parent des repas pour les jets gouvernementaux priv\u00e9s. Les personnes qui nourrissent l\u2019\u00e9lite politique ne devraient pas avoir du mal \u00e0 nourrir leur propre famille. Nous n\u2019accepterons pas un salaire de mis\u00e8re pour que d\u2019autres puissent voyager comme des rois \u00bb, ajoute le pr\u00e9sident de la Section locale 647, Martin Cerqua.&nbsp;<\/p>\n\n\n\n<p>La majorit\u00e9 des salari\u00e9\u00b7e\u00b7s de Gate Gourmet \u00e0 Ottawa gagnent entre 17,74 $ et 19,77 $ l\u2019heure, un salaire bien inf\u00e9rieur au revenu viable de la r\u00e9gion. De plus, ces derniers gagnent environ 5 $ de moins que leurs coll\u00e8gues de Calgary, pour le m\u00eame travail dans la m\u00eame entreprise. R\u00e9duire cet \u00e9cart constitue une revendication centrale du syndicat.&nbsp;<\/p>\n\n\n\n<p>L\u2019entreprise refuse \u00e9galement d\u2019offrir des horaires \u00e0 temps plein aux travailleuses et travailleurs plus anciens, m\u00eame apr\u00e8s plus de 30 ans de service, misant plut\u00f4t sur un syst\u00e8me de travail \u00e0 temps partiel. Des travailleuses et travailleurs comptant plus de 30 ans de service doivent ainsi cumuler deux, parfois trois emplois. Gate Gourmet a rejet\u00e9 les propositions syndicales visant \u00e0 r\u00e9gler cet enjeu.&nbsp;<\/p>\n\n\n\n<p>\u00ab Tout ce que nous voulons pour No\u00ebl, c\u2019est un salaire d\u00e9cent. Cette entreprise a les moyens de faire ce qu\u2019il faut. Qu\u2019elle se soucie ou non des familles et des passagers, c\u2019est une autre histoire. Si des gens doivent se priver, \u00e0 la maison ou dans un avion, ce sera parce que Gate Gourmet a choisi les profits avant les personnes \u00bb, lance Cerqua.&nbsp;<\/p>\n\n\n\n<p>Gate Gourmet est le principal traiteur a\u00e9rien \u00e0 l\u2019a\u00e9roport d\u2019Ottawa. Les transporteurs potentiellement touch\u00e9s par une gr\u00e8ve incluent Air Canada, WestJet, Sunwing, Air France et Canada North. Les services de jets priv\u00e9s, dont ceux du gouvernement, seraient \u00e9galement perturb\u00e9s.<\/p>\n\n\n\n<p>Les travailleurs et travailleuses ont vot\u00e9 \u00e0 l\u2019unanimit\u00e9 en faveur de la gr\u00e8ve en octobre. La convention collective actuelle prend fin le 10 d\u00e9cembre 2025.&nbsp;<\/p>\n\n\n\n<p>Teamsters section locale 647 repr\u00e9sente environ 3 000 travailleuses et travailleurs de l\u2019industrie alimentaire en Ontario.&nbsp;<\/p>\n\n\n\n<p>Teamsters Canada repr\u00e9sente 135 000 membres \u00e0 travers le pays.&nbsp;<\/p>\n\n\n\n<p class=\"has-text-align-center\">\u2013 30 \u2013&nbsp;<\/p>\n\n\n\n<p>Christopher Monette<br \/>Directeur des affaires publiques<br \/>Teamsters Canada<br \/>Cell : 514-226-6002<br \/><a href=\"mailto:cmonette@teamsters.ca\" target=\"_blank\" rel=\"noreferrer noopener\">cmonette@teamsters.ca<\/a><\/p>\n","protected":false},"excerpt":{"rendered":"<p>Une cinquantaine de travailleuses et travailleurs de Gate Gourmet \u00e0 Ottawa pourraient d\u00e9clencher une gr\u00e8ve d\u00e8s minuit et une le dimanche 14 d\u00e9cembre, avertit la Section locale 647 des Teamsters.<\/p>\n","protected":false},"author":9,"featured_media":29713,"comment_status":"closed","ping_status":"closed","sticky":false,"template":"","format":"standard","meta":{"ngg_post_thumbnail":0,"mc4wp_mailchimp_campaign":[],"footnotes":""},"categories":[1115,1114],"tags":[92,256,6041],"class_list":{"0":"post-29715","1":"post","2":"type-post","3":"status-publish","4":"format-standard","5":"has-post-thumbnail","7":"category-aviation","8":"category-nouvelles","9":"tag-gate-gourmet","10":"tag-greve","11":"tag-ottawa"},"yoast_head":"<!-- This site is optimized with the Yoast SEO Premium plugin v25.5 (Yoast SEO v25.5) - https:\/\/yoast.com\/wordpress\/plugins\/seo\/ -->\n<title>Ottawa : les repas en vol pourraient dispara\u00eetre en pleine p\u00e9riode des F\u00eates\u00a0 | Teamsters Canada<\/title>\n<meta name=\"robots\" content=\"index, follow, max-snippet:-1, max-image-preview:large, max-video-preview:-1\" \/>\n<link rel=\"canonical\" href=\"https:\/\/teamsters.ca\/fr\/blog\/2025\/12\/09\/ottawa-les-repas-en-vol-pourraient-disparaitre-en-pleine-periode-des-fetes\/\" \/>\n<meta property=\"og:locale\" content=\"fr_CA\" \/>\n<meta property=\"og:type\" content=\"article\" \/>\n<meta property=\"og:title\" content=\"Ottawa : les repas en vol pourraient dispara\u00eetre en pleine p\u00e9riode des F\u00eates\u00a0\" \/>\n<meta property=\"og:description\" content=\"Une cinquantaine de travailleuses et travailleurs de Gate Gourmet \u00e0 Ottawa pourraient d\u00e9clencher une gr\u00e8ve d\u00e8s minuit et une le dimanche 14 d\u00e9cembre, avertit la Section locale 647 des Teamsters.\" \/>\n<meta property=\"og:url\" content=\"https:\/\/teamsters.ca\/fr\/blog\/2025\/12\/09\/ottawa-les-repas-en-vol-pourraient-disparaitre-en-pleine-periode-des-fetes\/\" \/>\n<meta property=\"og:site_name\" content=\"Teamsters Canada\" \/>\n<meta property=\"article:publisher\" content=\"https:\/\/www.facebook.com\/Teamsterscanada\/\" \/>\n<meta property=\"article:published_time\" content=\"2025-12-09T14:29:27+00:00\" \/>\n<meta property=\"article:modified_time\" content=\"2025-12-12T23:16:25+00:00\" \/>\n<meta property=\"og:image\" content=\"https:\/\/teamsters.ca\/wp-content\/uploads\/2025\/12\/1000042774-1024x683.png\" \/>\n\t<meta property=\"og:image:width\" content=\"1024\" \/>\n\t<meta property=\"og:image:height\" content=\"683\" \/>\n\t<meta property=\"og:image:type\" content=\"image\/png\" \/>\n<meta name=\"author\" content=\"communications\" \/>\n<meta name=\"twitter:card\" content=\"summary_large_image\" \/>\n<meta name=\"twitter:creator\" content=\"@TeamstersCanada\" \/>\n<meta name=\"twitter:site\" content=\"@TeamstersCanada\" \/>\n<meta name=\"twitter:label1\" content=\"\u00c9crit par\" \/>\n\t<meta name=\"twitter:data1\" content=\"communications\" \/>\n\t<meta name=\"twitter:label2\" content=\"Estimation du temps de lecture\" \/>\n\t<meta name=\"twitter:data2\" content=\"3 minutes\" \/>\n<script type=\"application\/ld+json\" class=\"yoast-schema-graph\">{\"@context\":\"https:\/\/schema.org\",\"@graph\":[{\"@type\":\"Article\",\"@id\":\"https:\/\/teamsters.ca\/fr\/blog\/2025\/12\/09\/ottawa-les-repas-en-vol-pourraient-disparaitre-en-pleine-periode-des-fetes\/#article\",\"isPartOf\":{\"@id\":\"https:\/\/teamsters.ca\/fr\/blog\/2025\/12\/09\/ottawa-les-repas-en-vol-pourraient-disparaitre-en-pleine-periode-des-fetes\/\"},\"author\":{\"name\":\"communications\",\"@id\":\"https:\/\/teamsters.ca\/fr\/#\/schema\/person\/16abb510b61e30ac94505e325f34ff0c\"},\"headline\":\"Ottawa : les repas en vol pourraient dispara\u00eetre en pleine p\u00e9riode des F\u00eates\u00a0\",\"datePublished\":\"2025-12-09T14:29:27+00:00\",\"dateModified\":\"2025-12-12T23:16:25+00:00\",\"mainEntityOfPage\":{\"@id\":\"https:\/\/teamsters.ca\/fr\/blog\/2025\/12\/09\/ottawa-les-repas-en-vol-pourraient-disparaitre-en-pleine-periode-des-fetes\/\"},\"wordCount\":611,\"publisher\":{\"@id\":\"https:\/\/teamsters.ca\/fr\/#organization\"},\"image\":{\"@id\":\"https:\/\/teamsters.ca\/fr\/blog\/2025\/12\/09\/ottawa-les-repas-en-vol-pourraient-disparaitre-en-pleine-periode-des-fetes\/#primaryimage\"},\"thumbnailUrl\":\"https:\/\/teamsters.ca\/wp-content\/uploads\/2025\/12\/1000042774.png\",\"keywords\":[\"Gate Gourmet\",\"Gr\u00e8ve\",\"Ottawa\"],\"articleSection\":[\"Aviation\",\"Nouvelles\"],\"inLanguage\":\"fr-CA\"},{\"@type\":\"WebPage\",\"@id\":\"https:\/\/teamsters.ca\/fr\/blog\/2025\/12\/09\/ottawa-les-repas-en-vol-pourraient-disparaitre-en-pleine-periode-des-fetes\/\",\"url\":\"https:\/\/teamsters.ca\/fr\/blog\/2025\/12\/09\/ottawa-les-repas-en-vol-pourraient-disparaitre-en-pleine-periode-des-fetes\/\",\"name\":\"Ottawa : les repas en vol pourraient dispara\u00eetre en pleine p\u00e9riode des F\u00eates\u00a0 | Teamsters Canada\",\"isPartOf\":{\"@id\":\"https:\/\/teamsters.ca\/fr\/#website\"},\"primaryImageOfPage\":{\"@id\":\"https:\/\/teamsters.ca\/fr\/blog\/2025\/12\/09\/ottawa-les-repas-en-vol-pourraient-disparaitre-en-pleine-periode-des-fetes\/#primaryimage\"},\"image\":{\"@id\":\"https:\/\/teamsters.ca\/fr\/blog\/2025\/12\/09\/ottawa-les-repas-en-vol-pourraient-disparaitre-en-pleine-periode-des-fetes\/#primaryimage\"},\"thumbnailUrl\":\"https:\/\/teamsters.ca\/wp-content\/uploads\/2025\/12\/1000042774.png\",\"datePublished\":\"2025-12-09T14:29:27+00:00\",\"dateModified\":\"2025-12-12T23:16:25+00:00\",\"breadcrumb\":{\"@id\":\"https:\/\/teamsters.ca\/fr\/blog\/2025\/12\/09\/ottawa-les-repas-en-vol-pourraient-disparaitre-en-pleine-periode-des-fetes\/#breadcrumb\"},\"inLanguage\":\"fr-CA\",\"potentialAction\":[{\"@type\":\"ReadAction\",\"target\":[\"https:\/\/teamsters.ca\/fr\/blog\/2025\/12\/09\/ottawa-les-repas-en-vol-pourraient-disparaitre-en-pleine-periode-des-fetes\/\"]}]},{\"@type\":\"ImageObject\",\"inLanguage\":\"fr-CA\",\"@id\":\"https:\/\/teamsters.ca\/fr\/blog\/2025\/12\/09\/ottawa-les-repas-en-vol-pourraient-disparaitre-en-pleine-periode-des-fetes\/#primaryimage\",\"url\":\"https:\/\/teamsters.ca\/wp-content\/uploads\/2025\/12\/1000042774.png\",\"contentUrl\":\"https:\/\/teamsters.ca\/wp-content\/uploads\/2025\/12\/1000042774.png\",\"width\":1536,\"height\":1024},{\"@type\":\"BreadcrumbList\",\"@id\":\"https:\/\/teamsters.ca\/fr\/blog\/2025\/12\/09\/ottawa-les-repas-en-vol-pourraient-disparaitre-en-pleine-periode-des-fetes\/#breadcrumb\",\"itemListElement\":[{\"@type\":\"ListItem\",\"position\":1,\"name\":\"Home\",\"item\":\"https:\/\/teamsters.ca\/fr\/\"},{\"@type\":\"ListItem\",\"position\":2,\"name\":\"Ottawa : les repas en vol pourraient dispara\u00eetre en pleine p\u00e9riode des F\u00eates\u00a0\"}]},{\"@type\":\"WebSite\",\"@id\":\"https:\/\/teamsters.ca\/fr\/#website\",\"url\":\"https:\/\/teamsters.ca\/fr\/\",\"name\":\"Teamsters Canada\",\"description\":\"A Canadian union representing over 125 000 members\",\"publisher\":{\"@id\":\"https:\/\/teamsters.ca\/fr\/#organization\"},\"potentialAction\":[{\"@type\":\"SearchAction\",\"target\":{\"@type\":\"EntryPoint\",\"urlTemplate\":\"https:\/\/teamsters.ca\/fr\/?s={search_term_string}\"},\"query-input\":{\"@type\":\"PropertyValueSpecification\",\"valueRequired\":true,\"valueName\":\"search_term_string\"}}],\"inLanguage\":\"fr-CA\"},{\"@type\":\"Organization\",\"@id\":\"https:\/\/teamsters.ca\/fr\/#organization\",\"name\":\"Teamsters Canada\",\"url\":\"https:\/\/teamsters.ca\/fr\/\",\"logo\":{\"@type\":\"ImageObject\",\"inLanguage\":\"fr-CA\",\"@id\":\"https:\/\/teamsters.ca\/fr\/#\/schema\/logo\/image\/\",\"url\":\"https:\/\/teamsters.ca\/wp-content\/uploads\/2019\/08\/TeamstersCanada.png\",\"contentUrl\":\"https:\/\/teamsters.ca\/wp-content\/uploads\/2019\/08\/TeamstersCanada.png\",\"width\":545,\"height\":181,\"caption\":\"Teamsters Canada\"},\"image\":{\"@id\":\"https:\/\/teamsters.ca\/fr\/#\/schema\/logo\/image\/\"},\"sameAs\":[\"https:\/\/www.facebook.com\/Teamsterscanada\/\",\"https:\/\/x.com\/TeamstersCanada\"]},{\"@type\":\"Person\",\"@id\":\"https:\/\/teamsters.ca\/fr\/#\/schema\/person\/16abb510b61e30ac94505e325f34ff0c\",\"name\":\"communications\",\"image\":{\"@type\":\"ImageObject\",\"inLanguage\":\"fr-CA\",\"@id\":\"https:\/\/teamsters.ca\/fr\/#\/schema\/person\/image\/\",\"url\":\"https:\/\/secure.gravatar.com\/avatar\/707c37c6763af59d83f3b3dcebfff9d9d58ef9e062e2c9452a9dbb153c85d7ac?s=96&d=mm&r=g\",\"contentUrl\":\"https:\/\/secure.gravatar.com\/avatar\/707c37c6763af59d83f3b3dcebfff9d9d58ef9e062e2c9452a9dbb153c85d7ac?s=96&d=mm&r=g\",\"caption\":\"communications\"},\"url\":\"https:\/\/teamsters.ca\/fr\/blog\/author\/communications\/\"}]}<\/script>\n<!-- \/ Yoast SEO Premium plugin. -->","yoast_head_json":{"title":"Ottawa : les repas en vol pourraient dispara\u00eetre en pleine p\u00e9riode des F\u00eates\u00a0 | Teamsters Canada","robots":{"index":"index","follow":"follow","max-snippet":"max-snippet:-1","max-image-preview":"max-image-preview:large","max-video-preview":"max-video-preview:-1"},"canonical":"https:\/\/teamsters.ca\/fr\/blog\/2025\/12\/09\/ottawa-les-repas-en-vol-pourraient-disparaitre-en-pleine-periode-des-fetes\/","og_locale":"fr_CA","og_type":"article","og_title":"Ottawa : les repas en vol pourraient dispara\u00eetre en pleine p\u00e9riode des F\u00eates\u00a0","og_description":"Une cinquantaine de travailleuses et travailleurs de Gate Gourmet \u00e0 Ottawa pourraient d\u00e9clencher une gr\u00e8ve d\u00e8s minuit et une le dimanche 14 d\u00e9cembre, avertit la Section locale 647 des Teamsters.","og_url":"https:\/\/teamsters.ca\/fr\/blog\/2025\/12\/09\/ottawa-les-repas-en-vol-pourraient-disparaitre-en-pleine-periode-des-fetes\/","og_site_name":"Teamsters Canada","article_publisher":"https:\/\/www.facebook.com\/Teamsterscanada\/","article_published_time":"2025-12-09T14:29:27+00:00","article_modified_time":"2025-12-12T23:16:25+00:00","og_image":[{"width":1024,"height":683,"url":"https:\/\/teamsters.ca\/wp-content\/uploads\/2025\/12\/1000042774-1024x683.png","type":"image\/png"}],"author":"communications","twitter_card":"summary_large_image","twitter_creator":"@TeamstersCanada","twitter_site":"@TeamstersCanada","twitter_misc":{"\u00c9crit par":"communications","Estimation du temps de lecture":"3 minutes"},"schema":{"@context":"https:\/\/schema.org","@graph":[{"@type":"Article","@id":"https:\/\/teamsters.ca\/fr\/blog\/2025\/12\/09\/ottawa-les-repas-en-vol-pourraient-disparaitre-en-pleine-periode-des-fetes\/#article","isPartOf":{"@id":"https:\/\/teamsters.ca\/fr\/blog\/2025\/12\/09\/ottawa-les-repas-en-vol-pourraient-disparaitre-en-pleine-periode-des-fetes\/"},"author":{"name":"communications","@id":"https:\/\/teamsters.ca\/fr\/#\/schema\/person\/16abb510b61e30ac94505e325f34ff0c"},"headline":"Ottawa : les repas en vol pourraient dispara\u00eetre en pleine p\u00e9riode des F\u00eates\u00a0","datePublished":"2025-12-09T14:29:27+00:00","dateModified":"2025-12-12T23:16:25+00:00","mainEntityOfPage":{"@id":"https:\/\/teamsters.ca\/fr\/blog\/2025\/12\/09\/ottawa-les-repas-en-vol-pourraient-disparaitre-en-pleine-periode-des-fetes\/"},"wordCount":611,"publisher":{"@id":"https:\/\/teamsters.ca\/fr\/#organization"},"image":{"@id":"https:\/\/teamsters.ca\/fr\/blog\/2025\/12\/09\/ottawa-les-repas-en-vol-pourraient-disparaitre-en-pleine-periode-des-fetes\/#primaryimage"},"thumbnailUrl":"https:\/\/teamsters.ca\/wp-content\/uploads\/2025\/12\/1000042774.png","keywords":["Gate Gourmet","Gr\u00e8ve","Ottawa"],"articleSection":["Aviation","Nouvelles"],"inLanguage":"fr-CA"},{"@type":"WebPage","@id":"https:\/\/teamsters.ca\/fr\/blog\/2025\/12\/09\/ottawa-les-repas-en-vol-pourraient-disparaitre-en-pleine-periode-des-fetes\/","url":"https:\/\/teamsters.ca\/fr\/blog\/2025\/12\/09\/ottawa-les-repas-en-vol-pourraient-disparaitre-en-pleine-periode-des-fetes\/","name":"Ottawa : les repas en vol pourraient dispara\u00eetre en pleine p\u00e9riode des F\u00eates\u00a0 | Teamsters Canada","isPartOf":{"@id":"https:\/\/teamsters.ca\/fr\/#website"},"primaryImageOfPage":{"@id":"https:\/\/teamsters.ca\/fr\/blog\/2025\/12\/09\/ottawa-les-repas-en-vol-pourraient-disparaitre-en-pleine-periode-des-fetes\/#primaryimage"},"image":{"@id":"https:\/\/teamsters.ca\/fr\/blog\/2025\/12\/09\/ottawa-les-repas-en-vol-pourraient-disparaitre-en-pleine-periode-des-fetes\/#primaryimage"},"thumbnailUrl":"https:\/\/teamsters.ca\/wp-content\/uploads\/2025\/12\/1000042774.png","datePublished":"2025-12-09T14:29:27+00:00","dateModified":"2025-12-12T23:16:25+00:00","breadcrumb":{"@id":"https:\/\/teamsters.ca\/fr\/blog\/2025\/12\/09\/ottawa-les-repas-en-vol-pourraient-disparaitre-en-pleine-periode-des-fetes\/#breadcrumb"},"inLanguage":"fr-CA","potentialAction":[{"@type":"ReadAction","target":["https:\/\/teamsters.ca\/fr\/blog\/2025\/12\/09\/ottawa-les-repas-en-vol-pourraient-disparaitre-en-pleine-periode-des-fetes\/"]}]},{"@type":"ImageObject","inLanguage":"fr-CA","@id":"https:\/\/teamsters.ca\/fr\/blog\/2025\/12\/09\/ottawa-les-repas-en-vol-pourraient-disparaitre-en-pleine-periode-des-fetes\/#primaryimage","url":"https:\/\/teamsters.ca\/wp-content\/uploads\/2025\/12\/1000042774.png","contentUrl":"https:\/\/teamsters.ca\/wp-content\/uploads\/2025\/12\/1000042774.png","width":1536,"height":1024},{"@type":"BreadcrumbList","@id":"https:\/\/teamsters.ca\/fr\/blog\/2025\/12\/09\/ottawa-les-repas-en-vol-pourraient-disparaitre-en-pleine-periode-des-fetes\/#breadcrumb","itemListElement":[{"@type":"ListItem","position":1,"name":"Home","item":"https:\/\/teamsters.ca\/fr\/"},{"@type":"ListItem","position":2,"name":"Ottawa : les repas en vol pourraient dispara\u00eetre en pleine p\u00e9riode des F\u00eates\u00a0"}]},{"@type":"WebSite","@id":"https:\/\/teamsters.ca\/fr\/#website","url":"https:\/\/teamsters.ca\/fr\/","name":"Teamsters Canada","description":"A Canadian union representing over 125 000 members","publisher":{"@id":"https:\/\/teamsters.ca\/fr\/#organization"},"potentialAction":[{"@type":"SearchAction","target":{"@type":"EntryPoint","urlTemplate":"https:\/\/teamsters.ca\/fr\/?s={search_term_string}"},"query-input":{"@type":"PropertyValueSpecification","valueRequired":true,"valueName":"search_term_string"}}],"inLanguage":"fr-CA"},{"@type":"Organization","@id":"https:\/\/teamsters.ca\/fr\/#organization","name":"Teamsters Canada","url":"https:\/\/teamsters.ca\/fr\/","logo":{"@type":"ImageObject","inLanguage":"fr-CA","@id":"https:\/\/teamsters.ca\/fr\/#\/schema\/logo\/image\/","url":"https:\/\/teamsters.ca\/wp-content\/uploads\/2019\/08\/TeamstersCanada.png","contentUrl":"https:\/\/teamsters.ca\/wp-content\/uploads\/2019\/08\/TeamstersCanada.png","width":545,"height":181,"caption":"Teamsters Canada"},"image":{"@id":"https:\/\/teamsters.ca\/fr\/#\/schema\/logo\/image\/"},"sameAs":["https:\/\/www.facebook.com\/Teamsterscanada\/","https:\/\/x.com\/TeamstersCanada"]},{"@type":"Person","@id":"https:\/\/teamsters.ca\/fr\/#\/schema\/person\/16abb510b61e30ac94505e325f34ff0c","name":"communications","image":{"@type":"ImageObject","inLanguage":"fr-CA","@id":"https:\/\/teamsters.ca\/fr\/#\/schema\/person\/image\/","url":"https:\/\/secure.gravatar.com\/avatar\/707c37c6763af59d83f3b3dcebfff9d9d58ef9e062e2c9452a9dbb153c85d7ac?s=96&d=mm&r=g","contentUrl":"https:\/\/secure.gravatar.com\/avatar\/707c37c6763af59d83f3b3dcebfff9d9d58ef9e062e2c9452a9dbb153c85d7ac?s=96&d=mm&r=g","caption":"communications"},"url":"https:\/\/teamsters.ca\/fr\/blog\/author\/communications\/"}]}},"_links":{"self":[{"href":"https:\/\/teamsters.ca\/fr\/wp-json\/wp\/v2\/posts\/29715","targetHints":{"allow":["GET"]}}],"collection":[{"href":"https:\/\/teamsters.ca\/fr\/wp-json\/wp\/v2\/posts"}],"about":[{"href":"https:\/\/teamsters.ca\/fr\/wp-json\/wp\/v2\/types\/post"}],"author":[{"embeddable":true,"href":"https:\/\/teamsters.ca\/fr\/wp-json\/wp\/v2\/users\/9"}],"replies":[{"embeddable":true,"href":"https:\/\/teamsters.ca\/fr\/wp-json\/wp\/v2\/comments?post=29715"}],"version-history":[{"count":4,"href":"https:\/\/teamsters.ca\/fr\/wp-json\/wp\/v2\/posts\/29715\/revisions"}],"predecessor-version":[{"id":29722,"href":"https:\/\/teamsters.ca\/fr\/wp-json\/wp\/v2\/posts\/29715\/revisions\/29722"}],"wp:featuredmedia":[{"embeddable":true,"href":"https:\/\/teamsters.ca\/fr\/wp-json\/wp\/v2\/media\/29713"}],"wp:attachment":[{"href":"https:\/\/teamsters.ca\/fr\/wp-json\/wp\/v2\/media?parent=29715"}],"wp:term":[{"taxonomy":"category","embeddable":true,"href":"https:\/\/teamsters.ca\/fr\/wp-json\/wp\/v2\/categories?post=29715"},{"taxonomy":"post_tag","embeddable":true,"href":"https:\/\/teamsters.ca\/fr\/wp-json\/wp\/v2\/tags?post=29715"}],"curies":[{"name":"wp","href":"https:\/\/api.w.org\/{rel}","templated":true}]}}