{"id":29605,"date":"2025-11-04T17:43:45","date_gmt":"2025-11-04T22:43:45","guid":{"rendered":"https:\/\/teamsters.ca\/?p=29605"},"modified":"2025-11-04T17:43:47","modified_gmt":"2025-11-04T22:43:47","slug":"les-teamsters-reagissent-au-budget-federal","status":"publish","type":"post","link":"https:\/\/teamsters.ca\/fr\/blog\/2025\/11\/04\/les-teamsters-reagissent-au-budget-federal\/","title":{"rendered":"Les Teamsters r\u00e9agissent au budget f\u00e9d\u00e9ral"},"content":{"rendered":"\n<p><strong>Laval, le 4 novembre 2025<\/strong> \u2013 Teamsters Canada souligne plusieurs mesures encourageantes contenues dans le nouveau budget f\u00e9d\u00e9ral, tout en exprimant de s\u00e9rieuses inqui\u00e9tudes face aux compressions pr\u00e9vues dans la fonction publique, notamment \u00e0 Transports Canada et \u00e0 Emploi et D\u00e9veloppement social Canada.<\/p>\n\n\n\n<p>\u00ab Nous saluons la promesse du gouvernement de s\u00e9vir contre le stratag\u00e8me Chauffeur inc et contre le vol de salaire. Mais les coupes annonc\u00e9es sont pr\u00e9occupantes. On ne peut pas lutter contre l\u2019exploitation en affaiblissant les minist\u00e8res charg\u00e9s de faire respecter la loi. Les magouilleurs trouveront toujours de nouvelles fa\u00e7ons de frauder les travailleuses et travailleurs et d\u2019\u00e9viter l\u2019imp\u00f4t. Ottawa doit se donner les moyens de les arr\u00eater \u00bb, a d\u00e9clar\u00e9 Fran\u00e7ois Laporte, pr\u00e9sident de Teamsters Canada.<\/p>\n\n\n\n<p><strong>Investissements pour lutter contre le stratag\u00e8me Chauffeur inc<\/strong><\/p>\n\n\n\n<p>Le stratag\u00e8me Chauffeur inc est une forme d\u2019\u00e9vasion fiscale o\u00f9 des employeurs poussent des chauffeurs \u00e0 s\u2019incorporer, m\u00eame s\u2019ils sont en r\u00e9alit\u00e9 des employ\u00e9s r\u00e9guliers. Ce syst\u00e8me alimente un niv\u00e8lement vers le bas, permettant \u00e0 des transporteurs douteux d\u2019\u00e9viter de payer leurs imp\u00f4ts et de contourner les normes de s\u00e9curit\u00e9.<\/p>\n\n\n\n<p>\u00c0 la suite d\u2019une campagne de plusieurs ann\u00e9es men\u00e9e par Teamsters Canada, le gouvernement investira 77 millions de dollars pour s\u2019attaquer au probl\u00e8me. Ces mesures devraient g\u00e9n\u00e9rer 40 millions de dollars en \u00e9conomies fiscales annuellement, couvrant largement les co\u00fbts d\u2019application.<\/p>\n\n\n\n<p><strong>Mesures contre le vol de salaire<\/strong><\/p>\n\n\n\n<p>Avec la mont\u00e9e du ph\u00e9nom\u00e8ne Chauffeur inc, le vol de salaire est devenu un probl\u00e8me majeur dans l\u2019industrie du camionnage, o\u00f9 de nombreux chauffeurs travailleurs sont priv\u00e9s de l\u2019argent qui leur revient. Le vol de salaire, c\u2019est du vol. Les Teamsters appuient toutes les mesures visant \u00e0 combattre le ph\u00e9nom\u00e8ne.<\/p>\n\n\n\n<p><strong>Train \u00e0 grande vitesse<\/strong><\/p>\n\n\n\n<p>L\u2019engagement du gouvernement d\u2019investir dans le train \u00e0 grande vitesse marque un retour bienvenu \u00e0 la riche tradition ferroviaire du Canada. Mais m\u00eame aujourd\u2019hui, les emplois dans le secteur ferroviaire demeurent exigeants. Teamsters Canada fera tout en son pouvoir pour que ces travailleuses et travailleurs soient syndiqu\u00e9s et repr\u00e9sent\u00e9s, comme l\u2019ensemble des employ\u00e9s du rail.<\/p>\n\n\n\n<p><strong>Cr\u00e9dit d\u2019imp\u00f4t pour les pr\u00e9pos\u00e9(e)s aux b\u00e9n\u00e9ficiaires<\/strong><\/p>\n\n\n\n<p>Les pr\u00e9pos\u00e9(e)s aux b\u00e9n\u00e9ficiaires sont un des piliers de notre syst\u00e8me de sant\u00e9 : ils veillent \u00e0 ce que les patients et les a\u00een\u00e9s re\u00e7oivent des soins empreints de dignit\u00e9. Depuis des ann\u00e9es, Teamsters Canada se bat \u00e0 la table de n\u00e9gociation pour am\u00e9liorer leurs conditions et leur r\u00e9mun\u00e9ration. Nous saluons donc ce nouveau cr\u00e9dit d\u2019imp\u00f4t, qui constitue un pas dans la bonne direction.<\/p>\n\n\n\n<p><strong>Plus d\u2019aide aux entreprises qu\u2019aux travailleuses et travailleurs<\/strong><\/p>\n\n\n\n<p>Le budget accorde beaucoup plus d\u2019aide aux entreprises touch\u00e9es par les tarifs douaniers qu\u2019aux travailleuses et travailleurs qui perdent leur emploi \u00e0 cause de ceux-ci. Trop souvent, les sommes vers\u00e9es aux grandes entreprises ne se rendent jamais jusqu\u2019aux travailleuses, travailleurs ou \u00e0 la classe moyenne. Celles et ceux qui subissent les cons\u00e9quences des tarifs ont besoin d\u2019un soutien financier direct, pas de programmes de formation en ligne.<\/p>\n\n\n\n<p><strong>Coupes dans la fonction publique et utilisation de l\u2019intelligence artificielle<\/strong><\/p>\n\n\n\n<p>En plus des compressions pr\u00e9vues dans la fonction publique, Ottawa pr\u00e9voit utiliser l\u2019intelligence artificielle pour r\u00e9duire les co\u00fbts. Le gouvernement n\u2019a fourni aucun d\u00e9tail ni garde-fou quant \u00e0 son d\u00e9ploiement. Il est clair que livrer des r\u00e9sultats pour la population canadienne demandera plus que de l\u2019enthousiasme autour de l\u2019IA.<\/p>\n\n\n\n<p><em>Teamsters Canada repr\u00e9sente 135,000 membres au Canada.<\/em><\/p>\n\n\n\n<p class=\"has-text-align-center\">-30-<\/p>\n\n\n\n<p><strong>Demandes des m\u00e9dias&nbsp;:<\/strong><\/p>\n\n\n\n<p>Christopher Monette<br \/>Directeur des affaires publiques<br \/>Teamsters Canada<br \/>Cell : 514-226-6002<br \/><a href=\"mailto:cmonette@teamsters.ca\" target=\"_blank\" rel=\"noreferrer noopener\">cmonette@teamsters.ca<\/a><\/p>\n","protected":false},"excerpt":{"rendered":"<p>Laval, le 4 novembre 2025 \u2013 Teamsters Canada souligne plusieurs mesures encourageantes contenues dans le nouveau budget f\u00e9d\u00e9ral, tout en exprimant de s\u00e9rieuses inqui\u00e9tudes face aux compressions pr\u00e9vues dans la fonction publique, notamment \u00e0 Transports Canada et \u00e0 Emploi et D\u00e9veloppement social Canada. \u00ab Nous saluons la promesse du gouvernement de s\u00e9vir contre le stratag\u00e8me [&hellip;]<\/p>\n","protected":false},"author":9,"featured_media":23276,"comment_status":"closed","ping_status":"closed","sticky":false,"template":"","format":"standard","meta":{"ngg_post_thumbnail":0,"mc4wp_mailchimp_campaign":[],"footnotes":""},"categories":[1128,1140,1114,1137],"tags":[],"class_list":{"0":"post-29605","1":"post","2":"type-post","3":"status-publish","4":"format-standard","5":"has-post-thumbnail","7":"category-autres","8":"category-canada-region-fr","9":"category-nouvelles","10":"category-region-fr"},"yoast_head":"<!-- This site is optimized with the Yoast SEO Premium plugin v25.5 (Yoast SEO v25.5) - https:\/\/yoast.com\/wordpress\/plugins\/seo\/ -->\n<title>Les Teamsters r\u00e9agissent au budget f\u00e9d\u00e9ral | Teamsters Canada<\/title>\n<meta name=\"robots\" content=\"index, follow, max-snippet:-1, max-image-preview:large, max-video-preview:-1\" \/>\n<link rel=\"canonical\" href=\"https:\/\/teamsters.ca\/fr\/blog\/2025\/11\/04\/les-teamsters-reagissent-au-budget-federal\/\" \/>\n<meta property=\"og:locale\" content=\"fr_CA\" \/>\n<meta property=\"og:type\" content=\"article\" \/>\n<meta property=\"og:title\" content=\"Les Teamsters r\u00e9agissent au budget f\u00e9d\u00e9ral\" \/>\n<meta property=\"og:description\" content=\"Laval, le 4 novembre 2025 \u2013 Teamsters Canada souligne plusieurs mesures encourageantes contenues dans le nouveau budget f\u00e9d\u00e9ral, tout en exprimant de s\u00e9rieuses inqui\u00e9tudes face aux compressions pr\u00e9vues dans la fonction publique, notamment \u00e0 Transports Canada et \u00e0 Emploi et D\u00e9veloppement social Canada. \u00ab Nous saluons la promesse du gouvernement de s\u00e9vir contre le stratag\u00e8me [&hellip;]\" \/>\n<meta property=\"og:url\" content=\"https:\/\/teamsters.ca\/fr\/blog\/2025\/11\/04\/les-teamsters-reagissent-au-budget-federal\/\" \/>\n<meta property=\"og:site_name\" content=\"Teamsters Canada\" \/>\n<meta property=\"article:publisher\" content=\"https:\/\/www.facebook.com\/Teamsterscanada\/\" \/>\n<meta property=\"article:published_time\" content=\"2025-11-04T22:43:45+00:00\" \/>\n<meta property=\"article:modified_time\" content=\"2025-11-04T22:43:47+00:00\" \/>\n<meta property=\"og:image\" content=\"https:\/\/teamsters.ca\/wp-content\/uploads\/2022\/04\/budget2022.png\" \/>\n\t<meta property=\"og:image:width\" content=\"1166\" \/>\n\t<meta property=\"og:image:height\" content=\"768\" \/>\n\t<meta property=\"og:image:type\" content=\"image\/png\" \/>\n<meta name=\"author\" content=\"communications\" \/>\n<meta name=\"twitter:card\" content=\"summary_large_image\" \/>\n<meta name=\"twitter:creator\" content=\"@TeamstersCanada\" \/>\n<meta name=\"twitter:site\" content=\"@TeamstersCanada\" \/>\n<meta name=\"twitter:label1\" content=\"\u00c9crit par\" \/>\n\t<meta name=\"twitter:data1\" content=\"communications\" \/>\n\t<meta name=\"twitter:label2\" content=\"Estimation du temps de lecture\" \/>\n\t<meta name=\"twitter:data2\" content=\"3 minutes\" \/>\n<script type=\"application\/ld+json\" class=\"yoast-schema-graph\">{\"@context\":\"https:\/\/schema.org\",\"@graph\":[{\"@type\":\"Article\",\"@id\":\"https:\/\/teamsters.ca\/fr\/blog\/2025\/11\/04\/les-teamsters-reagissent-au-budget-federal\/#article\",\"isPartOf\":{\"@id\":\"https:\/\/teamsters.ca\/fr\/blog\/2025\/11\/04\/les-teamsters-reagissent-au-budget-federal\/\"},\"author\":{\"name\":\"communications\",\"@id\":\"https:\/\/teamsters.ca\/fr\/#\/schema\/person\/16abb510b61e30ac94505e325f34ff0c\"},\"headline\":\"Les Teamsters r\u00e9agissent au budget f\u00e9d\u00e9ral\",\"datePublished\":\"2025-11-04T22:43:45+00:00\",\"dateModified\":\"2025-11-04T22:43:47+00:00\",\"mainEntityOfPage\":{\"@id\":\"https:\/\/teamsters.ca\/fr\/blog\/2025\/11\/04\/les-teamsters-reagissent-au-budget-federal\/\"},\"wordCount\":659,\"publisher\":{\"@id\":\"https:\/\/teamsters.ca\/fr\/#organization\"},\"image\":{\"@id\":\"https:\/\/teamsters.ca\/fr\/blog\/2025\/11\/04\/les-teamsters-reagissent-au-budget-federal\/#primaryimage\"},\"thumbnailUrl\":\"https:\/\/teamsters.ca\/wp-content\/uploads\/2022\/04\/budget2022.png\",\"articleSection\":[\"Autres\",\"Canada\",\"Nouvelles\",\"R\u00e9gion\"],\"inLanguage\":\"fr-CA\"},{\"@type\":\"WebPage\",\"@id\":\"https:\/\/teamsters.ca\/fr\/blog\/2025\/11\/04\/les-teamsters-reagissent-au-budget-federal\/\",\"url\":\"https:\/\/teamsters.ca\/fr\/blog\/2025\/11\/04\/les-teamsters-reagissent-au-budget-federal\/\",\"name\":\"Les Teamsters r\u00e9agissent au budget f\u00e9d\u00e9ral | Teamsters Canada\",\"isPartOf\":{\"@id\":\"https:\/\/teamsters.ca\/fr\/#website\"},\"primaryImageOfPage\":{\"@id\":\"https:\/\/teamsters.ca\/fr\/blog\/2025\/11\/04\/les-teamsters-reagissent-au-budget-federal\/#primaryimage\"},\"image\":{\"@id\":\"https:\/\/teamsters.ca\/fr\/blog\/2025\/11\/04\/les-teamsters-reagissent-au-budget-federal\/#primaryimage\"},\"thumbnailUrl\":\"https:\/\/teamsters.ca\/wp-content\/uploads\/2022\/04\/budget2022.png\",\"datePublished\":\"2025-11-04T22:43:45+00:00\",\"dateModified\":\"2025-11-04T22:43:47+00:00\",\"breadcrumb\":{\"@id\":\"https:\/\/teamsters.ca\/fr\/blog\/2025\/11\/04\/les-teamsters-reagissent-au-budget-federal\/#breadcrumb\"},\"inLanguage\":\"fr-CA\",\"potentialAction\":[{\"@type\":\"ReadAction\",\"target\":[\"https:\/\/teamsters.ca\/fr\/blog\/2025\/11\/04\/les-teamsters-reagissent-au-budget-federal\/\"]}]},{\"@type\":\"ImageObject\",\"inLanguage\":\"fr-CA\",\"@id\":\"https:\/\/teamsters.ca\/fr\/blog\/2025\/11\/04\/les-teamsters-reagissent-au-budget-federal\/#primaryimage\",\"url\":\"https:\/\/teamsters.ca\/wp-content\/uploads\/2022\/04\/budget2022.png\",\"contentUrl\":\"https:\/\/teamsters.ca\/wp-content\/uploads\/2022\/04\/budget2022.png\",\"width\":1166,\"height\":768},{\"@type\":\"BreadcrumbList\",\"@id\":\"https:\/\/teamsters.ca\/fr\/blog\/2025\/11\/04\/les-teamsters-reagissent-au-budget-federal\/#breadcrumb\",\"itemListElement\":[{\"@type\":\"ListItem\",\"position\":1,\"name\":\"Home\",\"item\":\"https:\/\/teamsters.ca\/fr\/\"},{\"@type\":\"ListItem\",\"position\":2,\"name\":\"Les Teamsters r\u00e9agissent au budget f\u00e9d\u00e9ral\"}]},{\"@type\":\"WebSite\",\"@id\":\"https:\/\/teamsters.ca\/fr\/#website\",\"url\":\"https:\/\/teamsters.ca\/fr\/\",\"name\":\"Teamsters Canada\",\"description\":\"A Canadian union representing over 125 000 members\",\"publisher\":{\"@id\":\"https:\/\/teamsters.ca\/fr\/#organization\"},\"potentialAction\":[{\"@type\":\"SearchAction\",\"target\":{\"@type\":\"EntryPoint\",\"urlTemplate\":\"https:\/\/teamsters.ca\/fr\/?s={search_term_string}\"},\"query-input\":{\"@type\":\"PropertyValueSpecification\",\"valueRequired\":true,\"valueName\":\"search_term_string\"}}],\"inLanguage\":\"fr-CA\"},{\"@type\":\"Organization\",\"@id\":\"https:\/\/teamsters.ca\/fr\/#organization\",\"name\":\"Teamsters Canada\",\"url\":\"https:\/\/teamsters.ca\/fr\/\",\"logo\":{\"@type\":\"ImageObject\",\"inLanguage\":\"fr-CA\",\"@id\":\"https:\/\/teamsters.ca\/fr\/#\/schema\/logo\/image\/\",\"url\":\"https:\/\/teamsters.ca\/wp-content\/uploads\/2019\/08\/TeamstersCanada.png\",\"contentUrl\":\"https:\/\/teamsters.ca\/wp-content\/uploads\/2019\/08\/TeamstersCanada.png\",\"width\":545,\"height\":181,\"caption\":\"Teamsters Canada\"},\"image\":{\"@id\":\"https:\/\/teamsters.ca\/fr\/#\/schema\/logo\/image\/\"},\"sameAs\":[\"https:\/\/www.facebook.com\/Teamsterscanada\/\",\"https:\/\/x.com\/TeamstersCanada\"]},{\"@type\":\"Person\",\"@id\":\"https:\/\/teamsters.ca\/fr\/#\/schema\/person\/16abb510b61e30ac94505e325f34ff0c\",\"name\":\"communications\",\"image\":{\"@type\":\"ImageObject\",\"inLanguage\":\"fr-CA\",\"@id\":\"https:\/\/teamsters.ca\/fr\/#\/schema\/person\/image\/\",\"url\":\"https:\/\/secure.gravatar.com\/avatar\/707c37c6763af59d83f3b3dcebfff9d9d58ef9e062e2c9452a9dbb153c85d7ac?s=96&d=mm&r=g\",\"contentUrl\":\"https:\/\/secure.gravatar.com\/avatar\/707c37c6763af59d83f3b3dcebfff9d9d58ef9e062e2c9452a9dbb153c85d7ac?s=96&d=mm&r=g\",\"caption\":\"communications\"},\"url\":\"https:\/\/teamsters.ca\/fr\/blog\/author\/communications\/\"}]}<\/script>\n<!-- \/ Yoast SEO Premium plugin. -->","yoast_head_json":{"title":"Les Teamsters r\u00e9agissent au budget f\u00e9d\u00e9ral | Teamsters Canada","robots":{"index":"index","follow":"follow","max-snippet":"max-snippet:-1","max-image-preview":"max-image-preview:large","max-video-preview":"max-video-preview:-1"},"canonical":"https:\/\/teamsters.ca\/fr\/blog\/2025\/11\/04\/les-teamsters-reagissent-au-budget-federal\/","og_locale":"fr_CA","og_type":"article","og_title":"Les Teamsters r\u00e9agissent au budget f\u00e9d\u00e9ral","og_description":"Laval, le 4 novembre 2025 \u2013 Teamsters Canada souligne plusieurs mesures encourageantes contenues dans le nouveau budget f\u00e9d\u00e9ral, tout en exprimant de s\u00e9rieuses inqui\u00e9tudes face aux compressions pr\u00e9vues dans la fonction publique, notamment \u00e0 Transports Canada et \u00e0 Emploi et D\u00e9veloppement social Canada. \u00ab Nous saluons la promesse du gouvernement de s\u00e9vir contre le stratag\u00e8me [&hellip;]","og_url":"https:\/\/teamsters.ca\/fr\/blog\/2025\/11\/04\/les-teamsters-reagissent-au-budget-federal\/","og_site_name":"Teamsters Canada","article_publisher":"https:\/\/www.facebook.com\/Teamsterscanada\/","article_published_time":"2025-11-04T22:43:45+00:00","article_modified_time":"2025-11-04T22:43:47+00:00","og_image":[{"width":1166,"height":768,"url":"https:\/\/teamsters.ca\/wp-content\/uploads\/2022\/04\/budget2022.png","type":"image\/png"}],"author":"communications","twitter_card":"summary_large_image","twitter_creator":"@TeamstersCanada","twitter_site":"@TeamstersCanada","twitter_misc":{"\u00c9crit par":"communications","Estimation du temps de lecture":"3 minutes"},"schema":{"@context":"https:\/\/schema.org","@graph":[{"@type":"Article","@id":"https:\/\/teamsters.ca\/fr\/blog\/2025\/11\/04\/les-teamsters-reagissent-au-budget-federal\/#article","isPartOf":{"@id":"https:\/\/teamsters.ca\/fr\/blog\/2025\/11\/04\/les-teamsters-reagissent-au-budget-federal\/"},"author":{"name":"communications","@id":"https:\/\/teamsters.ca\/fr\/#\/schema\/person\/16abb510b61e30ac94505e325f34ff0c"},"headline":"Les Teamsters r\u00e9agissent au budget f\u00e9d\u00e9ral","datePublished":"2025-11-04T22:43:45+00:00","dateModified":"2025-11-04T22:43:47+00:00","mainEntityOfPage":{"@id":"https:\/\/teamsters.ca\/fr\/blog\/2025\/11\/04\/les-teamsters-reagissent-au-budget-federal\/"},"wordCount":659,"publisher":{"@id":"https:\/\/teamsters.ca\/fr\/#organization"},"image":{"@id":"https:\/\/teamsters.ca\/fr\/blog\/2025\/11\/04\/les-teamsters-reagissent-au-budget-federal\/#primaryimage"},"thumbnailUrl":"https:\/\/teamsters.ca\/wp-content\/uploads\/2022\/04\/budget2022.png","articleSection":["Autres","Canada","Nouvelles","R\u00e9gion"],"inLanguage":"fr-CA"},{"@type":"WebPage","@id":"https:\/\/teamsters.ca\/fr\/blog\/2025\/11\/04\/les-teamsters-reagissent-au-budget-federal\/","url":"https:\/\/teamsters.ca\/fr\/blog\/2025\/11\/04\/les-teamsters-reagissent-au-budget-federal\/","name":"Les Teamsters r\u00e9agissent au budget f\u00e9d\u00e9ral | Teamsters Canada","isPartOf":{"@id":"https:\/\/teamsters.ca\/fr\/#website"},"primaryImageOfPage":{"@id":"https:\/\/teamsters.ca\/fr\/blog\/2025\/11\/04\/les-teamsters-reagissent-au-budget-federal\/#primaryimage"},"image":{"@id":"https:\/\/teamsters.ca\/fr\/blog\/2025\/11\/04\/les-teamsters-reagissent-au-budget-federal\/#primaryimage"},"thumbnailUrl":"https:\/\/teamsters.ca\/wp-content\/uploads\/2022\/04\/budget2022.png","datePublished":"2025-11-04T22:43:45+00:00","dateModified":"2025-11-04T22:43:47+00:00","breadcrumb":{"@id":"https:\/\/teamsters.ca\/fr\/blog\/2025\/11\/04\/les-teamsters-reagissent-au-budget-federal\/#breadcrumb"},"inLanguage":"fr-CA","potentialAction":[{"@type":"ReadAction","target":["https:\/\/teamsters.ca\/fr\/blog\/2025\/11\/04\/les-teamsters-reagissent-au-budget-federal\/"]}]},{"@type":"ImageObject","inLanguage":"fr-CA","@id":"https:\/\/teamsters.ca\/fr\/blog\/2025\/11\/04\/les-teamsters-reagissent-au-budget-federal\/#primaryimage","url":"https:\/\/teamsters.ca\/wp-content\/uploads\/2022\/04\/budget2022.png","contentUrl":"https:\/\/teamsters.ca\/wp-content\/uploads\/2022\/04\/budget2022.png","width":1166,"height":768},{"@type":"BreadcrumbList","@id":"https:\/\/teamsters.ca\/fr\/blog\/2025\/11\/04\/les-teamsters-reagissent-au-budget-federal\/#breadcrumb","itemListElement":[{"@type":"ListItem","position":1,"name":"Home","item":"https:\/\/teamsters.ca\/fr\/"},{"@type":"ListItem","position":2,"name":"Les Teamsters r\u00e9agissent au budget f\u00e9d\u00e9ral"}]},{"@type":"WebSite","@id":"https:\/\/teamsters.ca\/fr\/#website","url":"https:\/\/teamsters.ca\/fr\/","name":"Teamsters Canada","description":"A Canadian union representing over 125 000 members","publisher":{"@id":"https:\/\/teamsters.ca\/fr\/#organization"},"potentialAction":[{"@type":"SearchAction","target":{"@type":"EntryPoint","urlTemplate":"https:\/\/teamsters.ca\/fr\/?s={search_term_string}"},"query-input":{"@type":"PropertyValueSpecification","valueRequired":true,"valueName":"search_term_string"}}],"inLanguage":"fr-CA"},{"@type":"Organization","@id":"https:\/\/teamsters.ca\/fr\/#organization","name":"Teamsters Canada","url":"https:\/\/teamsters.ca\/fr\/","logo":{"@type":"ImageObject","inLanguage":"fr-CA","@id":"https:\/\/teamsters.ca\/fr\/#\/schema\/logo\/image\/","url":"https:\/\/teamsters.ca\/wp-content\/uploads\/2019\/08\/TeamstersCanada.png","contentUrl":"https:\/\/teamsters.ca\/wp-content\/uploads\/2019\/08\/TeamstersCanada.png","width":545,"height":181,"caption":"Teamsters Canada"},"image":{"@id":"https:\/\/teamsters.ca\/fr\/#\/schema\/logo\/image\/"},"sameAs":["https:\/\/www.facebook.com\/Teamsterscanada\/","https:\/\/x.com\/TeamstersCanada"]},{"@type":"Person","@id":"https:\/\/teamsters.ca\/fr\/#\/schema\/person\/16abb510b61e30ac94505e325f34ff0c","name":"communications","image":{"@type":"ImageObject","inLanguage":"fr-CA","@id":"https:\/\/teamsters.ca\/fr\/#\/schema\/person\/image\/","url":"https:\/\/secure.gravatar.com\/avatar\/707c37c6763af59d83f3b3dcebfff9d9d58ef9e062e2c9452a9dbb153c85d7ac?s=96&d=mm&r=g","contentUrl":"https:\/\/secure.gravatar.com\/avatar\/707c37c6763af59d83f3b3dcebfff9d9d58ef9e062e2c9452a9dbb153c85d7ac?s=96&d=mm&r=g","caption":"communications"},"url":"https:\/\/teamsters.ca\/fr\/blog\/author\/communications\/"}]}},"_links":{"self":[{"href":"https:\/\/teamsters.ca\/fr\/wp-json\/wp\/v2\/posts\/29605","targetHints":{"allow":["GET"]}}],"collection":[{"href":"https:\/\/teamsters.ca\/fr\/wp-json\/wp\/v2\/posts"}],"about":[{"href":"https:\/\/teamsters.ca\/fr\/wp-json\/wp\/v2\/types\/post"}],"author":[{"embeddable":true,"href":"https:\/\/teamsters.ca\/fr\/wp-json\/wp\/v2\/users\/9"}],"replies":[{"embeddable":true,"href":"https:\/\/teamsters.ca\/fr\/wp-json\/wp\/v2\/comments?post=29605"}],"version-history":[{"count":1,"href":"https:\/\/teamsters.ca\/fr\/wp-json\/wp\/v2\/posts\/29605\/revisions"}],"predecessor-version":[{"id":29606,"href":"https:\/\/teamsters.ca\/fr\/wp-json\/wp\/v2\/posts\/29605\/revisions\/29606"}],"wp:featuredmedia":[{"embeddable":true,"href":"https:\/\/teamsters.ca\/fr\/wp-json\/wp\/v2\/media\/23276"}],"wp:attachment":[{"href":"https:\/\/teamsters.ca\/fr\/wp-json\/wp\/v2\/media?parent=29605"}],"wp:term":[{"taxonomy":"category","embeddable":true,"href":"https:\/\/teamsters.ca\/fr\/wp-json\/wp\/v2\/categories?post=29605"},{"taxonomy":"post_tag","embeddable":true,"href":"https:\/\/teamsters.ca\/fr\/wp-json\/wp\/v2\/tags?post=29605"}],"curies":[{"name":"wp","href":"https:\/\/api.w.org\/{rel}","templated":true}]}}