{"id":29538,"date":"2025-10-30T12:50:13","date_gmt":"2025-10-30T16:50:13","guid":{"rendered":"https:\/\/teamsters.ca\/?p=29538"},"modified":"2025-10-30T16:18:17","modified_gmt":"2025-10-30T20:18:17","slug":"les-teamsters-denoncent-une-attaque-frontale-contre-les-syndicats","status":"publish","type":"post","link":"https:\/\/teamsters.ca\/fr\/blog\/2025\/10\/30\/les-teamsters-denoncent-une-attaque-frontale-contre-les-syndicats\/","title":{"rendered":"Les Teamsters d\u00e9noncent une attaque frontale contre les syndicats"},"content":{"rendered":"\n<p><em>Le projet de loi de la CAQ rel\u00e8ve davantage de la vengeance que de la transparence<\/em><\/p>\n\n\n\n<p>Laval, le 30 octobre 2025 \u2013 Teamsters Canada et Teamsters Qu\u00e9bec (Conseil conjoint 91) d\u00e9noncent le projet de loi d\u00e9pos\u00e9 aujourd\u2019hui \u00e0 Qu\u00e9bec sur les cotisations syndicales.<\/p>\n\n\n\n<p>Une premi\u00e8re lecture du projet de loi indique clairement qu\u2019il s\u2019agit d\u2019une attaque frontale contre les syndicats. Le gouvernement cherche \u00e0 leur imposer des normes beaucoup plus s\u00e9v\u00e8res que celles appliqu\u00e9es \u00e0 lui-m\u00eame, aux partis politiques et aux lobbys d\u2019entreprises. Il y a aussi une tentative de r\u00e9duire les moyens disponibles au syndicat pour faire avancer la cause des travailleuses et travailleurs au niveau l\u00e9gislatif.<\/p>\n\n\n\n<p>Ce projet de loi constitue une ing\u00e9rence dans la vie interne des syndicats, qui sont d\u00e9j\u00e0 d\u00e9mocratiques, transparents, et imputables envers leurs membres. Le gouvernement s\u2019arroge le droit de dicter comment les travailleurs doivent organiser leurs propres luttes, au b\u00e9n\u00e9fice du pouvoir politique et des entreprises.<\/p>\n\n\n\n<p>\u00ab Le gouvernement de la CAQ pr\u00e9tend agir au nom de la transparence, mais nous y voyons plut\u00f4t un geste de vengeance. Une vengeance contre un mouvement qui a os\u00e9 tenir t\u00eate au premier ministre pendant son r\u00e8gne, que ce soit pour obtenir de meilleures conditions pour les pr\u00e9pos\u00e9s aux b\u00e9n\u00e9ficiaires, ou pour d\u00e9noncer le fl\u00e9au des <a href=\"https:\/\/ici.radio-canada.ca\/nouvelle\/2131658\/phenomene-chauffeur-inc-syndicats-legault\">Chauffeurs \u00e0 rabais<\/a> qu\u2019il a ignor\u00e9 pendant des ann\u00e9es \u00bb, a d\u00e9clar\u00e9 le pr\u00e9sident de Teamsters Canada, <strong>Fran\u00e7ois Laporte<\/strong>.<\/p>\n\n\n\n<p>\u00ab Les syndicats sont les seuls \u00e0 se battre chaque jour pour une classe moyenne plus forte. Les r\u00e9sultats sont l\u00e0. Au Qu\u00e9bec, le salaire m\u00e9dian des personnes syndiqu\u00e9es est 16,7 % plus \u00e9lev\u00e9 que celui des personnes non-syndiqu\u00e9es. Elles ont deux fois plus de chances de b\u00e9n\u00e9ficier d\u2019un r\u00e9gime de retraite offert par l\u2019employeur et 27 % plus de chances d\u2019avoir acc\u00e8s \u00e0 des assurances collectives. Il faut aider les syndicats \u00e0 poursuivre ce travail, plut\u00f4t que de leur nuire \u00bb, a affirm\u00e9 le pr\u00e9sident de Teamsters Qu\u00e9bec (Conseil conjoint 91), <strong>Alain Michaud<\/strong>.<\/p>\n\n\n\n<p>Teamsters Qu\u00e9bec repr\u00e9sente 40,000 membres au Qu\u00e9bec.<\/p>\n\n\n\n<p><em>Teamsters Canada repr\u00e9sente 135,000 membres au Canada.<\/em><\/p>\n\n\n\n<p class=\"has-text-align-center\">-30-<\/p>\n\n\n\n<p>Christopher Monette<br \/>Directeur des affaires publiques<br \/>Teamsters Canada<br \/>Cell : 514-226-6002<br \/><a href=\"mailto:cmonette@teamsters.ca\" target=\"_blank\" rel=\"noreferrer noopener\">cmonette@teamsters.ca<\/a><\/p>\n","protected":false},"excerpt":{"rendered":"<p>Le projet de loi de la CAQ rel\u00e8ve davantage de la vengeance que de la transparence Laval, le 30 octobre 2025 \u2013 Teamsters Canada et Teamsters Qu\u00e9bec (Conseil conjoint 91) d\u00e9noncent le projet de loi d\u00e9pos\u00e9 aujourd\u2019hui \u00e0 Qu\u00e9bec sur les cotisations syndicales. Une premi\u00e8re lecture du projet de loi indique clairement qu\u2019il s\u2019agit d\u2019une [&hellip;]<\/p>\n","protected":false},"author":9,"featured_media":29550,"comment_status":"closed","ping_status":"closed","sticky":false,"template":"","format":"standard","meta":{"ngg_post_thumbnail":0,"mc4wp_mailchimp_campaign":[],"footnotes":""},"categories":[1114],"tags":[],"class_list":{"0":"post-29538","1":"post","2":"type-post","3":"status-publish","4":"format-standard","5":"has-post-thumbnail","7":"category-nouvelles"},"yoast_head":"<!-- This site is optimized with the Yoast SEO Premium plugin v25.5 (Yoast SEO v25.5) - https:\/\/yoast.com\/wordpress\/plugins\/seo\/ -->\n<title>Les Teamsters d\u00e9noncent une attaque frontale contre les syndicats | Teamsters Canada<\/title>\n<meta name=\"robots\" content=\"index, follow, max-snippet:-1, max-image-preview:large, max-video-preview:-1\" \/>\n<link rel=\"canonical\" href=\"https:\/\/teamsters.ca\/fr\/blog\/2025\/10\/30\/les-teamsters-denoncent-une-attaque-frontale-contre-les-syndicats\/\" \/>\n<meta property=\"og:locale\" content=\"fr_CA\" \/>\n<meta property=\"og:type\" content=\"article\" \/>\n<meta property=\"og:title\" content=\"Les Teamsters d\u00e9noncent une attaque frontale contre les syndicats\" \/>\n<meta property=\"og:description\" content=\"Le projet de loi de la CAQ rel\u00e8ve davantage de la vengeance que de la transparence Laval, le 30 octobre 2025 \u2013 Teamsters Canada et Teamsters Qu\u00e9bec (Conseil conjoint 91) d\u00e9noncent le projet de loi d\u00e9pos\u00e9 aujourd\u2019hui \u00e0 Qu\u00e9bec sur les cotisations syndicales. Une premi\u00e8re lecture du projet de loi indique clairement qu\u2019il s\u2019agit d\u2019une [&hellip;]\" \/>\n<meta property=\"og:url\" content=\"https:\/\/teamsters.ca\/fr\/blog\/2025\/10\/30\/les-teamsters-denoncent-une-attaque-frontale-contre-les-syndicats\/\" \/>\n<meta property=\"og:site_name\" content=\"Teamsters Canada\" \/>\n<meta property=\"article:publisher\" content=\"https:\/\/www.facebook.com\/Teamsterscanada\/\" \/>\n<meta property=\"article:published_time\" content=\"2025-10-30T16:50:13+00:00\" \/>\n<meta property=\"article:modified_time\" content=\"2025-10-30T20:18:17+00:00\" \/>\n<meta property=\"og:image\" content=\"https:\/\/teamsters.ca\/wp-content\/uploads\/2025\/10\/V02_Statement_Quebec2025.png\" \/>\n\t<meta property=\"og:image:width\" content=\"1000\" \/>\n\t<meta property=\"og:image:height\" content=\"1041\" \/>\n\t<meta property=\"og:image:type\" content=\"image\/png\" \/>\n<meta name=\"author\" content=\"communications\" \/>\n<meta name=\"twitter:card\" content=\"summary_large_image\" \/>\n<meta name=\"twitter:creator\" content=\"@TeamstersCanada\" \/>\n<meta name=\"twitter:site\" content=\"@TeamstersCanada\" \/>\n<meta name=\"twitter:label1\" content=\"\u00c9crit par\" \/>\n\t<meta name=\"twitter:data1\" content=\"communications\" \/>\n\t<meta name=\"twitter:label2\" content=\"Estimation du temps de lecture\" \/>\n\t<meta name=\"twitter:data2\" content=\"2 minutes\" \/>\n<script type=\"application\/ld+json\" class=\"yoast-schema-graph\">{\"@context\":\"https:\/\/schema.org\",\"@graph\":[{\"@type\":\"Article\",\"@id\":\"https:\/\/teamsters.ca\/fr\/blog\/2025\/10\/30\/les-teamsters-denoncent-une-attaque-frontale-contre-les-syndicats\/#article\",\"isPartOf\":{\"@id\":\"https:\/\/teamsters.ca\/fr\/blog\/2025\/10\/30\/les-teamsters-denoncent-une-attaque-frontale-contre-les-syndicats\/\"},\"author\":{\"name\":\"communications\",\"@id\":\"https:\/\/teamsters.ca\/fr\/#\/schema\/person\/16abb510b61e30ac94505e325f34ff0c\"},\"headline\":\"Les Teamsters d\u00e9noncent une attaque frontale contre les syndicats\",\"datePublished\":\"2025-10-30T16:50:13+00:00\",\"dateModified\":\"2025-10-30T20:18:17+00:00\",\"mainEntityOfPage\":{\"@id\":\"https:\/\/teamsters.ca\/fr\/blog\/2025\/10\/30\/les-teamsters-denoncent-une-attaque-frontale-contre-les-syndicats\/\"},\"wordCount\":384,\"publisher\":{\"@id\":\"https:\/\/teamsters.ca\/fr\/#organization\"},\"image\":{\"@id\":\"https:\/\/teamsters.ca\/fr\/blog\/2025\/10\/30\/les-teamsters-denoncent-une-attaque-frontale-contre-les-syndicats\/#primaryimage\"},\"thumbnailUrl\":\"https:\/\/teamsters.ca\/wp-content\/uploads\/2025\/10\/V02_Statement_Quebec2025.png\",\"articleSection\":[\"Nouvelles\"],\"inLanguage\":\"fr-CA\"},{\"@type\":\"WebPage\",\"@id\":\"https:\/\/teamsters.ca\/fr\/blog\/2025\/10\/30\/les-teamsters-denoncent-une-attaque-frontale-contre-les-syndicats\/\",\"url\":\"https:\/\/teamsters.ca\/fr\/blog\/2025\/10\/30\/les-teamsters-denoncent-une-attaque-frontale-contre-les-syndicats\/\",\"name\":\"Les Teamsters d\u00e9noncent une attaque frontale contre les syndicats | Teamsters Canada\",\"isPartOf\":{\"@id\":\"https:\/\/teamsters.ca\/fr\/#website\"},\"primaryImageOfPage\":{\"@id\":\"https:\/\/teamsters.ca\/fr\/blog\/2025\/10\/30\/les-teamsters-denoncent-une-attaque-frontale-contre-les-syndicats\/#primaryimage\"},\"image\":{\"@id\":\"https:\/\/teamsters.ca\/fr\/blog\/2025\/10\/30\/les-teamsters-denoncent-une-attaque-frontale-contre-les-syndicats\/#primaryimage\"},\"thumbnailUrl\":\"https:\/\/teamsters.ca\/wp-content\/uploads\/2025\/10\/V02_Statement_Quebec2025.png\",\"datePublished\":\"2025-10-30T16:50:13+00:00\",\"dateModified\":\"2025-10-30T20:18:17+00:00\",\"breadcrumb\":{\"@id\":\"https:\/\/teamsters.ca\/fr\/blog\/2025\/10\/30\/les-teamsters-denoncent-une-attaque-frontale-contre-les-syndicats\/#breadcrumb\"},\"inLanguage\":\"fr-CA\",\"potentialAction\":[{\"@type\":\"ReadAction\",\"target\":[\"https:\/\/teamsters.ca\/fr\/blog\/2025\/10\/30\/les-teamsters-denoncent-une-attaque-frontale-contre-les-syndicats\/\"]}]},{\"@type\":\"ImageObject\",\"inLanguage\":\"fr-CA\",\"@id\":\"https:\/\/teamsters.ca\/fr\/blog\/2025\/10\/30\/les-teamsters-denoncent-une-attaque-frontale-contre-les-syndicats\/#primaryimage\",\"url\":\"https:\/\/teamsters.ca\/wp-content\/uploads\/2025\/10\/V02_Statement_Quebec2025.png\",\"contentUrl\":\"https:\/\/teamsters.ca\/wp-content\/uploads\/2025\/10\/V02_Statement_Quebec2025.png\",\"width\":1000,\"height\":1041},{\"@type\":\"BreadcrumbList\",\"@id\":\"https:\/\/teamsters.ca\/fr\/blog\/2025\/10\/30\/les-teamsters-denoncent-une-attaque-frontale-contre-les-syndicats\/#breadcrumb\",\"itemListElement\":[{\"@type\":\"ListItem\",\"position\":1,\"name\":\"Home\",\"item\":\"https:\/\/teamsters.ca\/fr\/\"},{\"@type\":\"ListItem\",\"position\":2,\"name\":\"Les Teamsters d\u00e9noncent une attaque frontale contre les syndicats\"}]},{\"@type\":\"WebSite\",\"@id\":\"https:\/\/teamsters.ca\/fr\/#website\",\"url\":\"https:\/\/teamsters.ca\/fr\/\",\"name\":\"Teamsters Canada\",\"description\":\"A Canadian union representing over 125 000 members\",\"publisher\":{\"@id\":\"https:\/\/teamsters.ca\/fr\/#organization\"},\"potentialAction\":[{\"@type\":\"SearchAction\",\"target\":{\"@type\":\"EntryPoint\",\"urlTemplate\":\"https:\/\/teamsters.ca\/fr\/?s={search_term_string}\"},\"query-input\":{\"@type\":\"PropertyValueSpecification\",\"valueRequired\":true,\"valueName\":\"search_term_string\"}}],\"inLanguage\":\"fr-CA\"},{\"@type\":\"Organization\",\"@id\":\"https:\/\/teamsters.ca\/fr\/#organization\",\"name\":\"Teamsters Canada\",\"url\":\"https:\/\/teamsters.ca\/fr\/\",\"logo\":{\"@type\":\"ImageObject\",\"inLanguage\":\"fr-CA\",\"@id\":\"https:\/\/teamsters.ca\/fr\/#\/schema\/logo\/image\/\",\"url\":\"https:\/\/teamsters.ca\/wp-content\/uploads\/2019\/08\/TeamstersCanada.png\",\"contentUrl\":\"https:\/\/teamsters.ca\/wp-content\/uploads\/2019\/08\/TeamstersCanada.png\",\"width\":545,\"height\":181,\"caption\":\"Teamsters Canada\"},\"image\":{\"@id\":\"https:\/\/teamsters.ca\/fr\/#\/schema\/logo\/image\/\"},\"sameAs\":[\"https:\/\/www.facebook.com\/Teamsterscanada\/\",\"https:\/\/x.com\/TeamstersCanada\"]},{\"@type\":\"Person\",\"@id\":\"https:\/\/teamsters.ca\/fr\/#\/schema\/person\/16abb510b61e30ac94505e325f34ff0c\",\"name\":\"communications\",\"image\":{\"@type\":\"ImageObject\",\"inLanguage\":\"fr-CA\",\"@id\":\"https:\/\/teamsters.ca\/fr\/#\/schema\/person\/image\/\",\"url\":\"https:\/\/secure.gravatar.com\/avatar\/707c37c6763af59d83f3b3dcebfff9d9d58ef9e062e2c9452a9dbb153c85d7ac?s=96&d=mm&r=g\",\"contentUrl\":\"https:\/\/secure.gravatar.com\/avatar\/707c37c6763af59d83f3b3dcebfff9d9d58ef9e062e2c9452a9dbb153c85d7ac?s=96&d=mm&r=g\",\"caption\":\"communications\"},\"url\":\"https:\/\/teamsters.ca\/fr\/blog\/author\/communications\/\"}]}<\/script>\n<!-- \/ Yoast SEO Premium plugin. -->","yoast_head_json":{"title":"Les Teamsters d\u00e9noncent une attaque frontale contre les syndicats | Teamsters Canada","robots":{"index":"index","follow":"follow","max-snippet":"max-snippet:-1","max-image-preview":"max-image-preview:large","max-video-preview":"max-video-preview:-1"},"canonical":"https:\/\/teamsters.ca\/fr\/blog\/2025\/10\/30\/les-teamsters-denoncent-une-attaque-frontale-contre-les-syndicats\/","og_locale":"fr_CA","og_type":"article","og_title":"Les Teamsters d\u00e9noncent une attaque frontale contre les syndicats","og_description":"Le projet de loi de la CAQ rel\u00e8ve davantage de la vengeance que de la transparence Laval, le 30 octobre 2025 \u2013 Teamsters Canada et Teamsters Qu\u00e9bec (Conseil conjoint 91) d\u00e9noncent le projet de loi d\u00e9pos\u00e9 aujourd\u2019hui \u00e0 Qu\u00e9bec sur les cotisations syndicales. Une premi\u00e8re lecture du projet de loi indique clairement qu\u2019il s\u2019agit d\u2019une [&hellip;]","og_url":"https:\/\/teamsters.ca\/fr\/blog\/2025\/10\/30\/les-teamsters-denoncent-une-attaque-frontale-contre-les-syndicats\/","og_site_name":"Teamsters Canada","article_publisher":"https:\/\/www.facebook.com\/Teamsterscanada\/","article_published_time":"2025-10-30T16:50:13+00:00","article_modified_time":"2025-10-30T20:18:17+00:00","og_image":[{"width":1000,"height":1041,"url":"https:\/\/teamsters.ca\/wp-content\/uploads\/2025\/10\/V02_Statement_Quebec2025.png","type":"image\/png"}],"author":"communications","twitter_card":"summary_large_image","twitter_creator":"@TeamstersCanada","twitter_site":"@TeamstersCanada","twitter_misc":{"\u00c9crit par":"communications","Estimation du temps de lecture":"2 minutes"},"schema":{"@context":"https:\/\/schema.org","@graph":[{"@type":"Article","@id":"https:\/\/teamsters.ca\/fr\/blog\/2025\/10\/30\/les-teamsters-denoncent-une-attaque-frontale-contre-les-syndicats\/#article","isPartOf":{"@id":"https:\/\/teamsters.ca\/fr\/blog\/2025\/10\/30\/les-teamsters-denoncent-une-attaque-frontale-contre-les-syndicats\/"},"author":{"name":"communications","@id":"https:\/\/teamsters.ca\/fr\/#\/schema\/person\/16abb510b61e30ac94505e325f34ff0c"},"headline":"Les Teamsters d\u00e9noncent une attaque frontale contre les syndicats","datePublished":"2025-10-30T16:50:13+00:00","dateModified":"2025-10-30T20:18:17+00:00","mainEntityOfPage":{"@id":"https:\/\/teamsters.ca\/fr\/blog\/2025\/10\/30\/les-teamsters-denoncent-une-attaque-frontale-contre-les-syndicats\/"},"wordCount":384,"publisher":{"@id":"https:\/\/teamsters.ca\/fr\/#organization"},"image":{"@id":"https:\/\/teamsters.ca\/fr\/blog\/2025\/10\/30\/les-teamsters-denoncent-une-attaque-frontale-contre-les-syndicats\/#primaryimage"},"thumbnailUrl":"https:\/\/teamsters.ca\/wp-content\/uploads\/2025\/10\/V02_Statement_Quebec2025.png","articleSection":["Nouvelles"],"inLanguage":"fr-CA"},{"@type":"WebPage","@id":"https:\/\/teamsters.ca\/fr\/blog\/2025\/10\/30\/les-teamsters-denoncent-une-attaque-frontale-contre-les-syndicats\/","url":"https:\/\/teamsters.ca\/fr\/blog\/2025\/10\/30\/les-teamsters-denoncent-une-attaque-frontale-contre-les-syndicats\/","name":"Les Teamsters d\u00e9noncent une attaque frontale contre les syndicats | Teamsters Canada","isPartOf":{"@id":"https:\/\/teamsters.ca\/fr\/#website"},"primaryImageOfPage":{"@id":"https:\/\/teamsters.ca\/fr\/blog\/2025\/10\/30\/les-teamsters-denoncent-une-attaque-frontale-contre-les-syndicats\/#primaryimage"},"image":{"@id":"https:\/\/teamsters.ca\/fr\/blog\/2025\/10\/30\/les-teamsters-denoncent-une-attaque-frontale-contre-les-syndicats\/#primaryimage"},"thumbnailUrl":"https:\/\/teamsters.ca\/wp-content\/uploads\/2025\/10\/V02_Statement_Quebec2025.png","datePublished":"2025-10-30T16:50:13+00:00","dateModified":"2025-10-30T20:18:17+00:00","breadcrumb":{"@id":"https:\/\/teamsters.ca\/fr\/blog\/2025\/10\/30\/les-teamsters-denoncent-une-attaque-frontale-contre-les-syndicats\/#breadcrumb"},"inLanguage":"fr-CA","potentialAction":[{"@type":"ReadAction","target":["https:\/\/teamsters.ca\/fr\/blog\/2025\/10\/30\/les-teamsters-denoncent-une-attaque-frontale-contre-les-syndicats\/"]}]},{"@type":"ImageObject","inLanguage":"fr-CA","@id":"https:\/\/teamsters.ca\/fr\/blog\/2025\/10\/30\/les-teamsters-denoncent-une-attaque-frontale-contre-les-syndicats\/#primaryimage","url":"https:\/\/teamsters.ca\/wp-content\/uploads\/2025\/10\/V02_Statement_Quebec2025.png","contentUrl":"https:\/\/teamsters.ca\/wp-content\/uploads\/2025\/10\/V02_Statement_Quebec2025.png","width":1000,"height":1041},{"@type":"BreadcrumbList","@id":"https:\/\/teamsters.ca\/fr\/blog\/2025\/10\/30\/les-teamsters-denoncent-une-attaque-frontale-contre-les-syndicats\/#breadcrumb","itemListElement":[{"@type":"ListItem","position":1,"name":"Home","item":"https:\/\/teamsters.ca\/fr\/"},{"@type":"ListItem","position":2,"name":"Les Teamsters d\u00e9noncent une attaque frontale contre les syndicats"}]},{"@type":"WebSite","@id":"https:\/\/teamsters.ca\/fr\/#website","url":"https:\/\/teamsters.ca\/fr\/","name":"Teamsters Canada","description":"A Canadian union representing over 125 000 members","publisher":{"@id":"https:\/\/teamsters.ca\/fr\/#organization"},"potentialAction":[{"@type":"SearchAction","target":{"@type":"EntryPoint","urlTemplate":"https:\/\/teamsters.ca\/fr\/?s={search_term_string}"},"query-input":{"@type":"PropertyValueSpecification","valueRequired":true,"valueName":"search_term_string"}}],"inLanguage":"fr-CA"},{"@type":"Organization","@id":"https:\/\/teamsters.ca\/fr\/#organization","name":"Teamsters Canada","url":"https:\/\/teamsters.ca\/fr\/","logo":{"@type":"ImageObject","inLanguage":"fr-CA","@id":"https:\/\/teamsters.ca\/fr\/#\/schema\/logo\/image\/","url":"https:\/\/teamsters.ca\/wp-content\/uploads\/2019\/08\/TeamstersCanada.png","contentUrl":"https:\/\/teamsters.ca\/wp-content\/uploads\/2019\/08\/TeamstersCanada.png","width":545,"height":181,"caption":"Teamsters Canada"},"image":{"@id":"https:\/\/teamsters.ca\/fr\/#\/schema\/logo\/image\/"},"sameAs":["https:\/\/www.facebook.com\/Teamsterscanada\/","https:\/\/x.com\/TeamstersCanada"]},{"@type":"Person","@id":"https:\/\/teamsters.ca\/fr\/#\/schema\/person\/16abb510b61e30ac94505e325f34ff0c","name":"communications","image":{"@type":"ImageObject","inLanguage":"fr-CA","@id":"https:\/\/teamsters.ca\/fr\/#\/schema\/person\/image\/","url":"https:\/\/secure.gravatar.com\/avatar\/707c37c6763af59d83f3b3dcebfff9d9d58ef9e062e2c9452a9dbb153c85d7ac?s=96&d=mm&r=g","contentUrl":"https:\/\/secure.gravatar.com\/avatar\/707c37c6763af59d83f3b3dcebfff9d9d58ef9e062e2c9452a9dbb153c85d7ac?s=96&d=mm&r=g","caption":"communications"},"url":"https:\/\/teamsters.ca\/fr\/blog\/author\/communications\/"}]}},"_links":{"self":[{"href":"https:\/\/teamsters.ca\/fr\/wp-json\/wp\/v2\/posts\/29538","targetHints":{"allow":["GET"]}}],"collection":[{"href":"https:\/\/teamsters.ca\/fr\/wp-json\/wp\/v2\/posts"}],"about":[{"href":"https:\/\/teamsters.ca\/fr\/wp-json\/wp\/v2\/types\/post"}],"author":[{"embeddable":true,"href":"https:\/\/teamsters.ca\/fr\/wp-json\/wp\/v2\/users\/9"}],"replies":[{"embeddable":true,"href":"https:\/\/teamsters.ca\/fr\/wp-json\/wp\/v2\/comments?post=29538"}],"version-history":[{"count":2,"href":"https:\/\/teamsters.ca\/fr\/wp-json\/wp\/v2\/posts\/29538\/revisions"}],"predecessor-version":[{"id":29545,"href":"https:\/\/teamsters.ca\/fr\/wp-json\/wp\/v2\/posts\/29538\/revisions\/29545"}],"wp:featuredmedia":[{"embeddable":true,"href":"https:\/\/teamsters.ca\/fr\/wp-json\/wp\/v2\/media\/29550"}],"wp:attachment":[{"href":"https:\/\/teamsters.ca\/fr\/wp-json\/wp\/v2\/media?parent=29538"}],"wp:term":[{"taxonomy":"category","embeddable":true,"href":"https:\/\/teamsters.ca\/fr\/wp-json\/wp\/v2\/categories?post=29538"},{"taxonomy":"post_tag","embeddable":true,"href":"https:\/\/teamsters.ca\/fr\/wp-json\/wp\/v2\/tags?post=29538"}],"curies":[{"name":"wp","href":"https:\/\/api.w.org\/{rel}","templated":true}]}}