{"id":29303,"date":"2025-08-29T18:13:39","date_gmt":"2025-08-29T22:13:39","guid":{"rendered":"https:\/\/teamsters.ca\/?p=29303"},"modified":"2025-08-29T18:13:41","modified_gmt":"2025-08-29T22:13:41","slug":"les-membres-de-teamsters-canada-chez-ups-acceptent-loffre-finale-de-lentreprise","status":"publish","type":"post","link":"https:\/\/teamsters.ca\/fr\/blog\/2025\/08\/29\/les-membres-de-teamsters-canada-chez-ups-acceptent-loffre-finale-de-lentreprise\/","title":{"rendered":"Les membres de Teamsters Canada chez UPS acceptent l\u2019offre finale de l\u2019entreprise"},"content":{"rendered":"\n<p>Montr\u00e9al, le 29 ao\u00fbt 2025 \u2014 Apr\u00e8s des mois de n\u00e9gociations, les membres de Teamsters Canada travaillant chez UPS ont vot\u00e9 en faveur de l\u2019offre finale pr\u00e9sent\u00e9e par l\u2019entreprise \u00e0 la fin juillet.<\/p>\n\n\n\n<p>Fran\u00e7ois Laporte, pr\u00e9sident de Teamsters Canada, a tenu \u00e0 souligner le travail acharn\u00e9 du comit\u00e9 national de n\u00e9gociation : \u00ab Notre comit\u00e9 de n\u00e9gociation a travaill\u00e9 sans rel\u00e2che au cours des derniers mois pour repr\u00e9senter et d\u00e9fendre les meilleurs int\u00e9r\u00eats de nos membres. Leur d\u00e9vouement et leur engagement ont \u00e9t\u00e9 exemplaires, et nous leur sommes reconnaissants pour tout le travail accompli au nom de l\u2019ensemble de nos membres canadiens employ\u00e9s chez UPS. \u00bb<\/p>\n\n\n\n<p>\u00ab Ce sont nos membres qui d\u00e9terminent l\u2019issue du vote et le statut de l\u2019entente \u00bb, rappelle M. Laporte. Les membres de Teamsters Canada chez UPS ont particip\u00e9 massivement au processus de ratification, avec un taux de participation record d\u00e9passant 75 % partout au pays.<\/p>\n\n\n\n<p>La nouvelle convention collective, en vigueur depuis le 1er ao\u00fbt 2025, pr\u00e9voit des augmentations des salaires, des pensions ainsi que des protections en mati\u00e8re de sant\u00e9 et de bien-\u00eatre pour les cinq prochaines ann\u00e9es. De nouveaux libell\u00e9s viennent \u00e9galement renforcer la protection des emplois et assurer la s\u00e9curit\u00e9 de nos membres.<\/p>\n\n\n\n<p>Alors que cette \u00e9tape se termine, le syndicat se concentre d\u00e9sormais sur l\u2019application rigoureuse des termes de la nouvelle entente et sur la vigilance quant au respect des engagements pris par UPS envers les membres qui assurent le bon fonctionnement de ses op\u00e9rations au Canada.<\/p>\n\n\n\n<p>Teamsters Canada demeure r\u00e9solu \u00e0 repr\u00e9senter avec diligence ses membres chez UPS, dont le travail quotidien est essentiel aux cha\u00eenes d\u2019approvisionnement du pays et, surtout, \u00e0 l\u2019\u00e9conomie nationale. Dans les prochaines ann\u00e9es, le syndicat continuera de se tenir aux c\u00f4t\u00e9s des travailleuses et travailleurs d\u2019UPS pour s\u2019assurer que les gains de cette convention collective soient pleinement respect\u00e9s et profitent \u00e0 ses membres.<\/p>\n\n\n\n<p><em>Avec plus de 135 000 membres, Teamsters Canada est le plus grand syndicat du pays dans le domaine du transport et de la cha\u00eene d\u2019approvisionnement. Il est affili\u00e9 \u00e0 la Fraternit\u00e9 internationale des Teamsters, qui repr\u00e9sente plus de 1,3 million de travailleurs en Am\u00e9rique du Nord.<\/em><\/p>\n\n\n\n<p class=\"has-text-align-center\">-30-<\/p>\n\n\n\n<p>Marc-Andr\u00e9 Gauthier<br \/>Directeurs des communications, Teamsters Canada<br \/>Cell : 514-206-0492 | <a href=\"mailto:magauthier@teamsters.ca\" target=\"_blank\" rel=\"noreferrer noopener\">magauthier@teamsters.ca<\/a> <\/p>\n","protected":false},"excerpt":{"rendered":"<p>Apr\u00e8s des mois de n\u00e9gociations, les membres de Teamsters Canada travaillant chez UPS ont vot\u00e9 en faveur de l\u2019offre finale pr\u00e9sent\u00e9e par l\u2019entreprise \u00e0 la fin juillet.<\/p>\n","protected":false},"author":9,"featured_media":29304,"comment_status":"closed","ping_status":"closed","sticky":false,"template":"","format":"standard","meta":{"ngg_post_thumbnail":0,"mc4wp_mailchimp_campaign":[],"footnotes":""},"categories":[1114,3946],"tags":[253,638,3926],"class_list":{"0":"post-29303","1":"post","2":"type-post","3":"status-publish","4":"format-standard","5":"has-post-thumbnail","7":"category-nouvelles","8":"category-ups-3","9":"tag-convention-collective","10":"tag-ups","11":"tag-ups-convention-collective"},"yoast_head":"<!-- This site is optimized with the Yoast SEO Premium plugin v25.5 (Yoast SEO v25.5) - https:\/\/yoast.com\/wordpress\/plugins\/seo\/ -->\n<title>Les membres de Teamsters Canada chez UPS acceptent l\u2019offre finale de l\u2019entreprise | Teamsters Canada<\/title>\n<meta name=\"robots\" content=\"index, follow, max-snippet:-1, max-image-preview:large, max-video-preview:-1\" \/>\n<link rel=\"canonical\" href=\"https:\/\/teamsters.ca\/fr\/blog\/2025\/08\/29\/les-membres-de-teamsters-canada-chez-ups-acceptent-loffre-finale-de-lentreprise\/\" \/>\n<meta property=\"og:locale\" content=\"fr_CA\" \/>\n<meta property=\"og:type\" content=\"article\" \/>\n<meta property=\"og:title\" content=\"Les membres de Teamsters Canada chez UPS acceptent l\u2019offre finale de l\u2019entreprise\" \/>\n<meta property=\"og:description\" content=\"Apr\u00e8s des mois de n\u00e9gociations, les membres de Teamsters Canada travaillant chez UPS ont vot\u00e9 en faveur de l\u2019offre finale pr\u00e9sent\u00e9e par l\u2019entreprise \u00e0 la fin juillet.\" \/>\n<meta property=\"og:url\" content=\"https:\/\/teamsters.ca\/fr\/blog\/2025\/08\/29\/les-membres-de-teamsters-canada-chez-ups-acceptent-loffre-finale-de-lentreprise\/\" \/>\n<meta property=\"og:site_name\" content=\"Teamsters Canada\" \/>\n<meta property=\"article:publisher\" content=\"https:\/\/www.facebook.com\/Teamsterscanada\/\" \/>\n<meta property=\"article:published_time\" content=\"2025-08-29T22:13:39+00:00\" \/>\n<meta property=\"article:modified_time\" content=\"2025-08-29T22:13:41+00:00\" \/>\n<meta property=\"og:image\" content=\"https:\/\/teamsters.ca\/wp-content\/uploads\/2025\/08\/UPS_205_FR.jpg\" \/>\n\t<meta property=\"og:image:width\" content=\"1166\" \/>\n\t<meta property=\"og:image:height\" content=\"768\" \/>\n\t<meta property=\"og:image:type\" content=\"image\/jpeg\" \/>\n<meta name=\"author\" content=\"communications\" \/>\n<meta name=\"twitter:card\" content=\"summary_large_image\" \/>\n<meta name=\"twitter:creator\" content=\"@TeamstersCanada\" \/>\n<meta name=\"twitter:site\" content=\"@TeamstersCanada\" \/>\n<meta name=\"twitter:label1\" content=\"\u00c9crit par\" \/>\n\t<meta name=\"twitter:data1\" content=\"communications\" \/>\n\t<meta name=\"twitter:label2\" content=\"Estimation du temps de lecture\" \/>\n\t<meta name=\"twitter:data2\" content=\"2 minutes\" \/>\n<script type=\"application\/ld+json\" class=\"yoast-schema-graph\">{\"@context\":\"https:\/\/schema.org\",\"@graph\":[{\"@type\":\"Article\",\"@id\":\"https:\/\/teamsters.ca\/fr\/blog\/2025\/08\/29\/les-membres-de-teamsters-canada-chez-ups-acceptent-loffre-finale-de-lentreprise\/#article\",\"isPartOf\":{\"@id\":\"https:\/\/teamsters.ca\/fr\/blog\/2025\/08\/29\/les-membres-de-teamsters-canada-chez-ups-acceptent-loffre-finale-de-lentreprise\/\"},\"author\":{\"name\":\"communications\",\"@id\":\"https:\/\/teamsters.ca\/fr\/#\/schema\/person\/16abb510b61e30ac94505e325f34ff0c\"},\"headline\":\"Les membres de Teamsters Canada chez UPS acceptent l\u2019offre finale de l\u2019entreprise\",\"datePublished\":\"2025-08-29T22:13:39+00:00\",\"dateModified\":\"2025-08-29T22:13:41+00:00\",\"mainEntityOfPage\":{\"@id\":\"https:\/\/teamsters.ca\/fr\/blog\/2025\/08\/29\/les-membres-de-teamsters-canada-chez-ups-acceptent-loffre-finale-de-lentreprise\/\"},\"wordCount\":399,\"publisher\":{\"@id\":\"https:\/\/teamsters.ca\/fr\/#organization\"},\"image\":{\"@id\":\"https:\/\/teamsters.ca\/fr\/blog\/2025\/08\/29\/les-membres-de-teamsters-canada-chez-ups-acceptent-loffre-finale-de-lentreprise\/#primaryimage\"},\"thumbnailUrl\":\"https:\/\/teamsters.ca\/wp-content\/uploads\/2025\/08\/UPS_205_FR.jpg\",\"keywords\":[\"Convention collective\",\"UPS\",\"UPS convention collective\"],\"articleSection\":[\"Nouvelles\",\"UPS\"],\"inLanguage\":\"fr-CA\"},{\"@type\":\"WebPage\",\"@id\":\"https:\/\/teamsters.ca\/fr\/blog\/2025\/08\/29\/les-membres-de-teamsters-canada-chez-ups-acceptent-loffre-finale-de-lentreprise\/\",\"url\":\"https:\/\/teamsters.ca\/fr\/blog\/2025\/08\/29\/les-membres-de-teamsters-canada-chez-ups-acceptent-loffre-finale-de-lentreprise\/\",\"name\":\"Les membres de Teamsters Canada chez UPS acceptent l\u2019offre finale de l\u2019entreprise | Teamsters Canada\",\"isPartOf\":{\"@id\":\"https:\/\/teamsters.ca\/fr\/#website\"},\"primaryImageOfPage\":{\"@id\":\"https:\/\/teamsters.ca\/fr\/blog\/2025\/08\/29\/les-membres-de-teamsters-canada-chez-ups-acceptent-loffre-finale-de-lentreprise\/#primaryimage\"},\"image\":{\"@id\":\"https:\/\/teamsters.ca\/fr\/blog\/2025\/08\/29\/les-membres-de-teamsters-canada-chez-ups-acceptent-loffre-finale-de-lentreprise\/#primaryimage\"},\"thumbnailUrl\":\"https:\/\/teamsters.ca\/wp-content\/uploads\/2025\/08\/UPS_205_FR.jpg\",\"datePublished\":\"2025-08-29T22:13:39+00:00\",\"dateModified\":\"2025-08-29T22:13:41+00:00\",\"breadcrumb\":{\"@id\":\"https:\/\/teamsters.ca\/fr\/blog\/2025\/08\/29\/les-membres-de-teamsters-canada-chez-ups-acceptent-loffre-finale-de-lentreprise\/#breadcrumb\"},\"inLanguage\":\"fr-CA\",\"potentialAction\":[{\"@type\":\"ReadAction\",\"target\":[\"https:\/\/teamsters.ca\/fr\/blog\/2025\/08\/29\/les-membres-de-teamsters-canada-chez-ups-acceptent-loffre-finale-de-lentreprise\/\"]}]},{\"@type\":\"ImageObject\",\"inLanguage\":\"fr-CA\",\"@id\":\"https:\/\/teamsters.ca\/fr\/blog\/2025\/08\/29\/les-membres-de-teamsters-canada-chez-ups-acceptent-loffre-finale-de-lentreprise\/#primaryimage\",\"url\":\"https:\/\/teamsters.ca\/wp-content\/uploads\/2025\/08\/UPS_205_FR.jpg\",\"contentUrl\":\"https:\/\/teamsters.ca\/wp-content\/uploads\/2025\/08\/UPS_205_FR.jpg\",\"width\":1166,\"height\":768},{\"@type\":\"BreadcrumbList\",\"@id\":\"https:\/\/teamsters.ca\/fr\/blog\/2025\/08\/29\/les-membres-de-teamsters-canada-chez-ups-acceptent-loffre-finale-de-lentreprise\/#breadcrumb\",\"itemListElement\":[{\"@type\":\"ListItem\",\"position\":1,\"name\":\"Home\",\"item\":\"https:\/\/teamsters.ca\/fr\/\"},{\"@type\":\"ListItem\",\"position\":2,\"name\":\"Les membres de Teamsters Canada chez UPS acceptent l\u2019offre finale de l\u2019entreprise\"}]},{\"@type\":\"WebSite\",\"@id\":\"https:\/\/teamsters.ca\/fr\/#website\",\"url\":\"https:\/\/teamsters.ca\/fr\/\",\"name\":\"Teamsters Canada\",\"description\":\"A Canadian union representing over 125 000 members\",\"publisher\":{\"@id\":\"https:\/\/teamsters.ca\/fr\/#organization\"},\"potentialAction\":[{\"@type\":\"SearchAction\",\"target\":{\"@type\":\"EntryPoint\",\"urlTemplate\":\"https:\/\/teamsters.ca\/fr\/?s={search_term_string}\"},\"query-input\":{\"@type\":\"PropertyValueSpecification\",\"valueRequired\":true,\"valueName\":\"search_term_string\"}}],\"inLanguage\":\"fr-CA\"},{\"@type\":\"Organization\",\"@id\":\"https:\/\/teamsters.ca\/fr\/#organization\",\"name\":\"Teamsters Canada\",\"url\":\"https:\/\/teamsters.ca\/fr\/\",\"logo\":{\"@type\":\"ImageObject\",\"inLanguage\":\"fr-CA\",\"@id\":\"https:\/\/teamsters.ca\/fr\/#\/schema\/logo\/image\/\",\"url\":\"https:\/\/teamsters.ca\/wp-content\/uploads\/2019\/08\/TeamstersCanada.png\",\"contentUrl\":\"https:\/\/teamsters.ca\/wp-content\/uploads\/2019\/08\/TeamstersCanada.png\",\"width\":545,\"height\":181,\"caption\":\"Teamsters Canada\"},\"image\":{\"@id\":\"https:\/\/teamsters.ca\/fr\/#\/schema\/logo\/image\/\"},\"sameAs\":[\"https:\/\/www.facebook.com\/Teamsterscanada\/\",\"https:\/\/x.com\/TeamstersCanada\"]},{\"@type\":\"Person\",\"@id\":\"https:\/\/teamsters.ca\/fr\/#\/schema\/person\/16abb510b61e30ac94505e325f34ff0c\",\"name\":\"communications\",\"image\":{\"@type\":\"ImageObject\",\"inLanguage\":\"fr-CA\",\"@id\":\"https:\/\/teamsters.ca\/fr\/#\/schema\/person\/image\/\",\"url\":\"https:\/\/secure.gravatar.com\/avatar\/707c37c6763af59d83f3b3dcebfff9d9d58ef9e062e2c9452a9dbb153c85d7ac?s=96&d=mm&r=g\",\"contentUrl\":\"https:\/\/secure.gravatar.com\/avatar\/707c37c6763af59d83f3b3dcebfff9d9d58ef9e062e2c9452a9dbb153c85d7ac?s=96&d=mm&r=g\",\"caption\":\"communications\"},\"url\":\"https:\/\/teamsters.ca\/fr\/blog\/author\/communications\/\"}]}<\/script>\n<!-- \/ Yoast SEO Premium plugin. -->","yoast_head_json":{"title":"Les membres de Teamsters Canada chez UPS acceptent l\u2019offre finale de l\u2019entreprise | Teamsters Canada","robots":{"index":"index","follow":"follow","max-snippet":"max-snippet:-1","max-image-preview":"max-image-preview:large","max-video-preview":"max-video-preview:-1"},"canonical":"https:\/\/teamsters.ca\/fr\/blog\/2025\/08\/29\/les-membres-de-teamsters-canada-chez-ups-acceptent-loffre-finale-de-lentreprise\/","og_locale":"fr_CA","og_type":"article","og_title":"Les membres de Teamsters Canada chez UPS acceptent l\u2019offre finale de l\u2019entreprise","og_description":"Apr\u00e8s des mois de n\u00e9gociations, les membres de Teamsters Canada travaillant chez UPS ont vot\u00e9 en faveur de l\u2019offre finale pr\u00e9sent\u00e9e par l\u2019entreprise \u00e0 la fin juillet.","og_url":"https:\/\/teamsters.ca\/fr\/blog\/2025\/08\/29\/les-membres-de-teamsters-canada-chez-ups-acceptent-loffre-finale-de-lentreprise\/","og_site_name":"Teamsters Canada","article_publisher":"https:\/\/www.facebook.com\/Teamsterscanada\/","article_published_time":"2025-08-29T22:13:39+00:00","article_modified_time":"2025-08-29T22:13:41+00:00","og_image":[{"width":1166,"height":768,"url":"https:\/\/teamsters.ca\/wp-content\/uploads\/2025\/08\/UPS_205_FR.jpg","type":"image\/jpeg"}],"author":"communications","twitter_card":"summary_large_image","twitter_creator":"@TeamstersCanada","twitter_site":"@TeamstersCanada","twitter_misc":{"\u00c9crit par":"communications","Estimation du temps de lecture":"2 minutes"},"schema":{"@context":"https:\/\/schema.org","@graph":[{"@type":"Article","@id":"https:\/\/teamsters.ca\/fr\/blog\/2025\/08\/29\/les-membres-de-teamsters-canada-chez-ups-acceptent-loffre-finale-de-lentreprise\/#article","isPartOf":{"@id":"https:\/\/teamsters.ca\/fr\/blog\/2025\/08\/29\/les-membres-de-teamsters-canada-chez-ups-acceptent-loffre-finale-de-lentreprise\/"},"author":{"name":"communications","@id":"https:\/\/teamsters.ca\/fr\/#\/schema\/person\/16abb510b61e30ac94505e325f34ff0c"},"headline":"Les membres de Teamsters Canada chez UPS acceptent l\u2019offre finale de l\u2019entreprise","datePublished":"2025-08-29T22:13:39+00:00","dateModified":"2025-08-29T22:13:41+00:00","mainEntityOfPage":{"@id":"https:\/\/teamsters.ca\/fr\/blog\/2025\/08\/29\/les-membres-de-teamsters-canada-chez-ups-acceptent-loffre-finale-de-lentreprise\/"},"wordCount":399,"publisher":{"@id":"https:\/\/teamsters.ca\/fr\/#organization"},"image":{"@id":"https:\/\/teamsters.ca\/fr\/blog\/2025\/08\/29\/les-membres-de-teamsters-canada-chez-ups-acceptent-loffre-finale-de-lentreprise\/#primaryimage"},"thumbnailUrl":"https:\/\/teamsters.ca\/wp-content\/uploads\/2025\/08\/UPS_205_FR.jpg","keywords":["Convention collective","UPS","UPS convention collective"],"articleSection":["Nouvelles","UPS"],"inLanguage":"fr-CA"},{"@type":"WebPage","@id":"https:\/\/teamsters.ca\/fr\/blog\/2025\/08\/29\/les-membres-de-teamsters-canada-chez-ups-acceptent-loffre-finale-de-lentreprise\/","url":"https:\/\/teamsters.ca\/fr\/blog\/2025\/08\/29\/les-membres-de-teamsters-canada-chez-ups-acceptent-loffre-finale-de-lentreprise\/","name":"Les membres de Teamsters Canada chez UPS acceptent l\u2019offre finale de l\u2019entreprise | Teamsters Canada","isPartOf":{"@id":"https:\/\/teamsters.ca\/fr\/#website"},"primaryImageOfPage":{"@id":"https:\/\/teamsters.ca\/fr\/blog\/2025\/08\/29\/les-membres-de-teamsters-canada-chez-ups-acceptent-loffre-finale-de-lentreprise\/#primaryimage"},"image":{"@id":"https:\/\/teamsters.ca\/fr\/blog\/2025\/08\/29\/les-membres-de-teamsters-canada-chez-ups-acceptent-loffre-finale-de-lentreprise\/#primaryimage"},"thumbnailUrl":"https:\/\/teamsters.ca\/wp-content\/uploads\/2025\/08\/UPS_205_FR.jpg","datePublished":"2025-08-29T22:13:39+00:00","dateModified":"2025-08-29T22:13:41+00:00","breadcrumb":{"@id":"https:\/\/teamsters.ca\/fr\/blog\/2025\/08\/29\/les-membres-de-teamsters-canada-chez-ups-acceptent-loffre-finale-de-lentreprise\/#breadcrumb"},"inLanguage":"fr-CA","potentialAction":[{"@type":"ReadAction","target":["https:\/\/teamsters.ca\/fr\/blog\/2025\/08\/29\/les-membres-de-teamsters-canada-chez-ups-acceptent-loffre-finale-de-lentreprise\/"]}]},{"@type":"ImageObject","inLanguage":"fr-CA","@id":"https:\/\/teamsters.ca\/fr\/blog\/2025\/08\/29\/les-membres-de-teamsters-canada-chez-ups-acceptent-loffre-finale-de-lentreprise\/#primaryimage","url":"https:\/\/teamsters.ca\/wp-content\/uploads\/2025\/08\/UPS_205_FR.jpg","contentUrl":"https:\/\/teamsters.ca\/wp-content\/uploads\/2025\/08\/UPS_205_FR.jpg","width":1166,"height":768},{"@type":"BreadcrumbList","@id":"https:\/\/teamsters.ca\/fr\/blog\/2025\/08\/29\/les-membres-de-teamsters-canada-chez-ups-acceptent-loffre-finale-de-lentreprise\/#breadcrumb","itemListElement":[{"@type":"ListItem","position":1,"name":"Home","item":"https:\/\/teamsters.ca\/fr\/"},{"@type":"ListItem","position":2,"name":"Les membres de Teamsters Canada chez UPS acceptent l\u2019offre finale de l\u2019entreprise"}]},{"@type":"WebSite","@id":"https:\/\/teamsters.ca\/fr\/#website","url":"https:\/\/teamsters.ca\/fr\/","name":"Teamsters Canada","description":"A Canadian union representing over 125 000 members","publisher":{"@id":"https:\/\/teamsters.ca\/fr\/#organization"},"potentialAction":[{"@type":"SearchAction","target":{"@type":"EntryPoint","urlTemplate":"https:\/\/teamsters.ca\/fr\/?s={search_term_string}"},"query-input":{"@type":"PropertyValueSpecification","valueRequired":true,"valueName":"search_term_string"}}],"inLanguage":"fr-CA"},{"@type":"Organization","@id":"https:\/\/teamsters.ca\/fr\/#organization","name":"Teamsters Canada","url":"https:\/\/teamsters.ca\/fr\/","logo":{"@type":"ImageObject","inLanguage":"fr-CA","@id":"https:\/\/teamsters.ca\/fr\/#\/schema\/logo\/image\/","url":"https:\/\/teamsters.ca\/wp-content\/uploads\/2019\/08\/TeamstersCanada.png","contentUrl":"https:\/\/teamsters.ca\/wp-content\/uploads\/2019\/08\/TeamstersCanada.png","width":545,"height":181,"caption":"Teamsters Canada"},"image":{"@id":"https:\/\/teamsters.ca\/fr\/#\/schema\/logo\/image\/"},"sameAs":["https:\/\/www.facebook.com\/Teamsterscanada\/","https:\/\/x.com\/TeamstersCanada"]},{"@type":"Person","@id":"https:\/\/teamsters.ca\/fr\/#\/schema\/person\/16abb510b61e30ac94505e325f34ff0c","name":"communications","image":{"@type":"ImageObject","inLanguage":"fr-CA","@id":"https:\/\/teamsters.ca\/fr\/#\/schema\/person\/image\/","url":"https:\/\/secure.gravatar.com\/avatar\/707c37c6763af59d83f3b3dcebfff9d9d58ef9e062e2c9452a9dbb153c85d7ac?s=96&d=mm&r=g","contentUrl":"https:\/\/secure.gravatar.com\/avatar\/707c37c6763af59d83f3b3dcebfff9d9d58ef9e062e2c9452a9dbb153c85d7ac?s=96&d=mm&r=g","caption":"communications"},"url":"https:\/\/teamsters.ca\/fr\/blog\/author\/communications\/"}]}},"_links":{"self":[{"href":"https:\/\/teamsters.ca\/fr\/wp-json\/wp\/v2\/posts\/29303","targetHints":{"allow":["GET"]}}],"collection":[{"href":"https:\/\/teamsters.ca\/fr\/wp-json\/wp\/v2\/posts"}],"about":[{"href":"https:\/\/teamsters.ca\/fr\/wp-json\/wp\/v2\/types\/post"}],"author":[{"embeddable":true,"href":"https:\/\/teamsters.ca\/fr\/wp-json\/wp\/v2\/users\/9"}],"replies":[{"embeddable":true,"href":"https:\/\/teamsters.ca\/fr\/wp-json\/wp\/v2\/comments?post=29303"}],"version-history":[{"count":1,"href":"https:\/\/teamsters.ca\/fr\/wp-json\/wp\/v2\/posts\/29303\/revisions"}],"predecessor-version":[{"id":29306,"href":"https:\/\/teamsters.ca\/fr\/wp-json\/wp\/v2\/posts\/29303\/revisions\/29306"}],"wp:featuredmedia":[{"embeddable":true,"href":"https:\/\/teamsters.ca\/fr\/wp-json\/wp\/v2\/media\/29304"}],"wp:attachment":[{"href":"https:\/\/teamsters.ca\/fr\/wp-json\/wp\/v2\/media?parent=29303"}],"wp:term":[{"taxonomy":"category","embeddable":true,"href":"https:\/\/teamsters.ca\/fr\/wp-json\/wp\/v2\/categories?post=29303"},{"taxonomy":"post_tag","embeddable":true,"href":"https:\/\/teamsters.ca\/fr\/wp-json\/wp\/v2\/tags?post=29303"}],"curies":[{"name":"wp","href":"https:\/\/api.w.org\/{rel}","templated":true}]}}