{"id":28840,"date":"2025-05-01T12:05:09","date_gmt":"2025-05-01T16:05:09","guid":{"rendered":"https:\/\/teamsters.ca\/?p=28840"},"modified":"2025-05-01T12:16:21","modified_gmt":"2025-05-01T16:16:21","slug":"la-fete-du-1er-mai-sous-le-signe-dattaques-sans-precedent","status":"publish","type":"post","link":"https:\/\/teamsters.ca\/fr\/blog\/2025\/05\/01\/la-fete-du-1er-mai-sous-le-signe-dattaques-sans-precedent\/","title":{"rendered":"La f\u00eate du 1er mai sous le signe d\u2019attaques sans pr\u00e9c\u00e9dent"},"content":{"rendered":"\n<p>Aujourd\u2019hui, c\u2019est la Journ\u00e9e internationale des travailleurs et des travailleuses. C\u2019est un moment pour c\u00e9l\u00e9brer les gens qui travaillent et d\u00e9fendre leurs droits.<\/p>\n\n\n\n<p>Depuis des ann\u00e9es, nous sommes \u00e9touff\u00e9s par la cupidit\u00e9 des grandes entreprises, l\u2019augmentation du co\u00fbt de la vie et la disparition progressive de la classe moyenne. Aujourd\u2019hui, nous faisons face \u00e0 une nouvelle menace : les tarifs douaniers et les barri\u00e8res commerciales.<\/p>\n\n\n\n<p>Il est l\u00e9gitime qu\u2019un pays prot\u00e8ge ses fronti\u00e8res et se batte pour conserver de bons emplois. Cela vaut pour les \u00c9tats-Unis comme pour le Canada. Les travailleurs et travailleuses partagent la m\u00eame frustration lorsque les entreprises ferment leurs portes et d\u00e9localisent les emplois ailleurs.<\/p>\n\n\n\n<p>Les tarifs douaniers d\u2019aujourd\u2019hui sont peut-\u00eatre nouveaux, mais le v\u00e9ritable probl\u00e8me ne l\u2019est pas. Plut\u00f4t, c\u2019est la cupidit\u00e9 des entreprises et celle des PDG pr\u00eats \u00e0 sacrifier des emplois simplement pour engranger quelques dollars de plus qui p\u00e8sent sur les salari\u00e9s depuis trop longtemps.<\/p>\n\n\n\n<p>Les tarifs douaniers ne prot\u00e8geront ni les emplois ni les travailleurs et travailleuses. En fait, ils augmenteront le prix de presque tout. Un tarif douanier est une taxe que nous payons, pas les gouvernements \u00e9trangers.<\/p>\n\n\n\n<p>Cela dit, le libre-\u00e9change \u00e0 tout vent ne profite pas non plus aux travailleurs et travailleuses. Ce qu\u2019il nous faut, c\u2019est un commerce \u00e9quitable entre des pays qui respectent les droits syndicaux, prot\u00e8gent la classe moyenne et offrent des salaires d\u00e9cents.<\/p>\n\n\n\n<p>Les travailleurs et travailleuses du monde entier ont davantage en commun entre eux qu\u2019avec le petit nombre de puissants qui profitent de notre division et de notre exploitation.<\/p>\n\n\n\n<p>En cette f\u00eate du 1<sup>er<\/sup> mai, nous revendiquons un commerce \u00e9quitable, des syndicats forts, de meilleurs salaires et un avenir o\u00f9 personne n\u2019est laiss\u00e9 pour compte et affect\u00e9 ni par les tarifs douaniers, ni par les guerres commerciales, ni par la cupidit\u00e9.<\/p>\n\n\n\n<p>L\u2019attaque contre les travailleurs et travailleuses est bel et bien r\u00e9elle. La guerre commerciale n\u2019est qu\u2019un autre champ de bataille. Notre r\u00e9ponse reste la m\u00eame depuis toujours, c\u2019est-\u00e0-dire la solidarit\u00e9!<\/p>\n\n\n\n<p>Bonne f\u00eate internationale des travailleurs et des travailleuses!<\/p>\n\n\n\n<p><strong>Fran\u00e7ois Laporte<\/strong><br \/>Pr\u00e9sident de Teamsters Canada<br \/>Vice-pr\u00e9sident de la Fraternit\u00e9 internationale des Teamsters<\/p>\n","protected":false},"excerpt":{"rendered":"<p>Aujourd\u2019hui, c\u2019est la Journ\u00e9e internationale des travailleurs et des travailleuses. C\u2019est un moment pour c\u00e9l\u00e9brer les gens qui travaillent et d\u00e9fendre leurs droits.<\/p>\n","protected":false},"author":9,"featured_media":28856,"comment_status":"closed","ping_status":"closed","sticky":false,"template":"","format":"standard","meta":{"ngg_post_thumbnail":0,"mc4wp_mailchimp_campaign":[],"footnotes":""},"categories":[1114],"tags":[861,7066,7067],"class_list":{"0":"post-28840","1":"post","2":"type-post","3":"status-publish","4":"format-standard","5":"has-post-thumbnail","7":"category-nouvelles","8":"tag-fete-du-travail","9":"tag-journee-internationale-des-travailleurs-et-des-travailleuses","10":"tag-syndicat"},"yoast_head":"<!-- This site is optimized with the Yoast SEO Premium plugin v25.5 (Yoast SEO v25.5) - https:\/\/yoast.com\/wordpress\/plugins\/seo\/ -->\n<title>La f\u00eate du 1er mai sous le signe d\u2019attaques sans pr\u00e9c\u00e9dent | Teamsters Canada<\/title>\n<meta name=\"robots\" content=\"index, follow, max-snippet:-1, max-image-preview:large, max-video-preview:-1\" \/>\n<link rel=\"canonical\" href=\"https:\/\/teamsters.ca\/fr\/blog\/2025\/05\/01\/la-fete-du-1er-mai-sous-le-signe-dattaques-sans-precedent\/\" \/>\n<meta property=\"og:locale\" content=\"fr_CA\" \/>\n<meta property=\"og:type\" content=\"article\" \/>\n<meta property=\"og:title\" content=\"La f\u00eate du 1er mai sous le signe d\u2019attaques sans pr\u00e9c\u00e9dent\" \/>\n<meta property=\"og:description\" content=\"Aujourd\u2019hui, c\u2019est la Journ\u00e9e internationale des travailleurs et des travailleuses. C\u2019est un moment pour c\u00e9l\u00e9brer les gens qui travaillent et d\u00e9fendre leurs droits.\" \/>\n<meta property=\"og:url\" content=\"https:\/\/teamsters.ca\/fr\/blog\/2025\/05\/01\/la-fete-du-1er-mai-sous-le-signe-dattaques-sans-precedent\/\" \/>\n<meta property=\"og:site_name\" content=\"Teamsters Canada\" \/>\n<meta property=\"article:publisher\" content=\"https:\/\/www.facebook.com\/Teamsterscanada\/\" \/>\n<meta property=\"article:published_time\" content=\"2025-05-01T16:05:09+00:00\" \/>\n<meta property=\"article:modified_time\" content=\"2025-05-01T16:16:21+00:00\" \/>\n<meta property=\"og:image\" content=\"https:\/\/teamsters.ca\/wp-content\/uploads\/2025\/05\/trvailleurs4.jpg\" \/>\n\t<meta property=\"og:image:width\" content=\"2233\" \/>\n\t<meta property=\"og:image:height\" content=\"1322\" \/>\n\t<meta property=\"og:image:type\" content=\"image\/jpeg\" \/>\n<meta name=\"author\" content=\"communications\" \/>\n<meta name=\"twitter:card\" content=\"summary_large_image\" \/>\n<meta name=\"twitter:creator\" content=\"@TeamstersCanada\" \/>\n<meta name=\"twitter:site\" content=\"@TeamstersCanada\" \/>\n<meta name=\"twitter:label1\" content=\"\u00c9crit par\" \/>\n\t<meta name=\"twitter:data1\" content=\"communications\" \/>\n\t<meta name=\"twitter:label2\" content=\"Estimation du temps de lecture\" \/>\n\t<meta name=\"twitter:data2\" content=\"4 minutes\" \/>\n<script type=\"application\/ld+json\" class=\"yoast-schema-graph\">{\"@context\":\"https:\/\/schema.org\",\"@graph\":[{\"@type\":\"Article\",\"@id\":\"https:\/\/teamsters.ca\/fr\/blog\/2025\/05\/01\/la-fete-du-1er-mai-sous-le-signe-dattaques-sans-precedent\/#article\",\"isPartOf\":{\"@id\":\"https:\/\/teamsters.ca\/fr\/blog\/2025\/05\/01\/la-fete-du-1er-mai-sous-le-signe-dattaques-sans-precedent\/\"},\"author\":{\"name\":\"communications\",\"@id\":\"https:\/\/teamsters.ca\/fr\/#\/schema\/person\/16abb510b61e30ac94505e325f34ff0c\"},\"headline\":\"La f\u00eate du 1er mai sous le signe d\u2019attaques sans pr\u00e9c\u00e9dent\",\"datePublished\":\"2025-05-01T16:05:09+00:00\",\"dateModified\":\"2025-05-01T16:16:21+00:00\",\"mainEntityOfPage\":{\"@id\":\"https:\/\/teamsters.ca\/fr\/blog\/2025\/05\/01\/la-fete-du-1er-mai-sous-le-signe-dattaques-sans-precedent\/\"},\"wordCount\":396,\"publisher\":{\"@id\":\"https:\/\/teamsters.ca\/fr\/#organization\"},\"image\":{\"@id\":\"https:\/\/teamsters.ca\/fr\/blog\/2025\/05\/01\/la-fete-du-1er-mai-sous-le-signe-dattaques-sans-precedent\/#primaryimage\"},\"thumbnailUrl\":\"https:\/\/teamsters.ca\/wp-content\/uploads\/2025\/05\/trvailleurs4.jpg\",\"keywords\":[\"f\u00eate du Travail\",\"Journ\u00e9e internationale des travailleurs et des travailleuses\",\"syndicat\"],\"articleSection\":[\"Nouvelles\"],\"inLanguage\":\"fr-CA\"},{\"@type\":\"WebPage\",\"@id\":\"https:\/\/teamsters.ca\/fr\/blog\/2025\/05\/01\/la-fete-du-1er-mai-sous-le-signe-dattaques-sans-precedent\/\",\"url\":\"https:\/\/teamsters.ca\/fr\/blog\/2025\/05\/01\/la-fete-du-1er-mai-sous-le-signe-dattaques-sans-precedent\/\",\"name\":\"La f\u00eate du 1er mai sous le signe d\u2019attaques sans pr\u00e9c\u00e9dent | Teamsters Canada\",\"isPartOf\":{\"@id\":\"https:\/\/teamsters.ca\/fr\/#website\"},\"primaryImageOfPage\":{\"@id\":\"https:\/\/teamsters.ca\/fr\/blog\/2025\/05\/01\/la-fete-du-1er-mai-sous-le-signe-dattaques-sans-precedent\/#primaryimage\"},\"image\":{\"@id\":\"https:\/\/teamsters.ca\/fr\/blog\/2025\/05\/01\/la-fete-du-1er-mai-sous-le-signe-dattaques-sans-precedent\/#primaryimage\"},\"thumbnailUrl\":\"https:\/\/teamsters.ca\/wp-content\/uploads\/2025\/05\/trvailleurs4.jpg\",\"datePublished\":\"2025-05-01T16:05:09+00:00\",\"dateModified\":\"2025-05-01T16:16:21+00:00\",\"breadcrumb\":{\"@id\":\"https:\/\/teamsters.ca\/fr\/blog\/2025\/05\/01\/la-fete-du-1er-mai-sous-le-signe-dattaques-sans-precedent\/#breadcrumb\"},\"inLanguage\":\"fr-CA\",\"potentialAction\":[{\"@type\":\"ReadAction\",\"target\":[\"https:\/\/teamsters.ca\/fr\/blog\/2025\/05\/01\/la-fete-du-1er-mai-sous-le-signe-dattaques-sans-precedent\/\"]}]},{\"@type\":\"ImageObject\",\"inLanguage\":\"fr-CA\",\"@id\":\"https:\/\/teamsters.ca\/fr\/blog\/2025\/05\/01\/la-fete-du-1er-mai-sous-le-signe-dattaques-sans-precedent\/#primaryimage\",\"url\":\"https:\/\/teamsters.ca\/wp-content\/uploads\/2025\/05\/trvailleurs4.jpg\",\"contentUrl\":\"https:\/\/teamsters.ca\/wp-content\/uploads\/2025\/05\/trvailleurs4.jpg\",\"width\":2233,\"height\":1322},{\"@type\":\"BreadcrumbList\",\"@id\":\"https:\/\/teamsters.ca\/fr\/blog\/2025\/05\/01\/la-fete-du-1er-mai-sous-le-signe-dattaques-sans-precedent\/#breadcrumb\",\"itemListElement\":[{\"@type\":\"ListItem\",\"position\":1,\"name\":\"Home\",\"item\":\"https:\/\/teamsters.ca\/fr\/\"},{\"@type\":\"ListItem\",\"position\":2,\"name\":\"La f\u00eate du 1er mai sous le signe d\u2019attaques sans pr\u00e9c\u00e9dent\"}]},{\"@type\":\"WebSite\",\"@id\":\"https:\/\/teamsters.ca\/fr\/#website\",\"url\":\"https:\/\/teamsters.ca\/fr\/\",\"name\":\"Teamsters Canada\",\"description\":\"A Canadian union representing over 125 000 members\",\"publisher\":{\"@id\":\"https:\/\/teamsters.ca\/fr\/#organization\"},\"potentialAction\":[{\"@type\":\"SearchAction\",\"target\":{\"@type\":\"EntryPoint\",\"urlTemplate\":\"https:\/\/teamsters.ca\/fr\/?s={search_term_string}\"},\"query-input\":{\"@type\":\"PropertyValueSpecification\",\"valueRequired\":true,\"valueName\":\"search_term_string\"}}],\"inLanguage\":\"fr-CA\"},{\"@type\":\"Organization\",\"@id\":\"https:\/\/teamsters.ca\/fr\/#organization\",\"name\":\"Teamsters Canada\",\"url\":\"https:\/\/teamsters.ca\/fr\/\",\"logo\":{\"@type\":\"ImageObject\",\"inLanguage\":\"fr-CA\",\"@id\":\"https:\/\/teamsters.ca\/fr\/#\/schema\/logo\/image\/\",\"url\":\"https:\/\/teamsters.ca\/wp-content\/uploads\/2019\/08\/TeamstersCanada.png\",\"contentUrl\":\"https:\/\/teamsters.ca\/wp-content\/uploads\/2019\/08\/TeamstersCanada.png\",\"width\":545,\"height\":181,\"caption\":\"Teamsters Canada\"},\"image\":{\"@id\":\"https:\/\/teamsters.ca\/fr\/#\/schema\/logo\/image\/\"},\"sameAs\":[\"https:\/\/www.facebook.com\/Teamsterscanada\/\",\"https:\/\/x.com\/TeamstersCanada\"]},{\"@type\":\"Person\",\"@id\":\"https:\/\/teamsters.ca\/fr\/#\/schema\/person\/16abb510b61e30ac94505e325f34ff0c\",\"name\":\"communications\",\"image\":{\"@type\":\"ImageObject\",\"inLanguage\":\"fr-CA\",\"@id\":\"https:\/\/teamsters.ca\/fr\/#\/schema\/person\/image\/\",\"url\":\"https:\/\/secure.gravatar.com\/avatar\/707c37c6763af59d83f3b3dcebfff9d9d58ef9e062e2c9452a9dbb153c85d7ac?s=96&d=mm&r=g\",\"contentUrl\":\"https:\/\/secure.gravatar.com\/avatar\/707c37c6763af59d83f3b3dcebfff9d9d58ef9e062e2c9452a9dbb153c85d7ac?s=96&d=mm&r=g\",\"caption\":\"communications\"},\"url\":\"https:\/\/teamsters.ca\/fr\/blog\/author\/communications\/\"}]}<\/script>\n<!-- \/ Yoast SEO Premium plugin. -->","yoast_head_json":{"title":"La f\u00eate du 1er mai sous le signe d\u2019attaques sans pr\u00e9c\u00e9dent | Teamsters Canada","robots":{"index":"index","follow":"follow","max-snippet":"max-snippet:-1","max-image-preview":"max-image-preview:large","max-video-preview":"max-video-preview:-1"},"canonical":"https:\/\/teamsters.ca\/fr\/blog\/2025\/05\/01\/la-fete-du-1er-mai-sous-le-signe-dattaques-sans-precedent\/","og_locale":"fr_CA","og_type":"article","og_title":"La f\u00eate du 1er mai sous le signe d\u2019attaques sans pr\u00e9c\u00e9dent","og_description":"Aujourd\u2019hui, c\u2019est la Journ\u00e9e internationale des travailleurs et des travailleuses. C\u2019est un moment pour c\u00e9l\u00e9brer les gens qui travaillent et d\u00e9fendre leurs droits.","og_url":"https:\/\/teamsters.ca\/fr\/blog\/2025\/05\/01\/la-fete-du-1er-mai-sous-le-signe-dattaques-sans-precedent\/","og_site_name":"Teamsters Canada","article_publisher":"https:\/\/www.facebook.com\/Teamsterscanada\/","article_published_time":"2025-05-01T16:05:09+00:00","article_modified_time":"2025-05-01T16:16:21+00:00","og_image":[{"width":2233,"height":1322,"url":"https:\/\/teamsters.ca\/wp-content\/uploads\/2025\/05\/trvailleurs4.jpg","type":"image\/jpeg"}],"author":"communications","twitter_card":"summary_large_image","twitter_creator":"@TeamstersCanada","twitter_site":"@TeamstersCanada","twitter_misc":{"\u00c9crit par":"communications","Estimation du temps de lecture":"4 minutes"},"schema":{"@context":"https:\/\/schema.org","@graph":[{"@type":"Article","@id":"https:\/\/teamsters.ca\/fr\/blog\/2025\/05\/01\/la-fete-du-1er-mai-sous-le-signe-dattaques-sans-precedent\/#article","isPartOf":{"@id":"https:\/\/teamsters.ca\/fr\/blog\/2025\/05\/01\/la-fete-du-1er-mai-sous-le-signe-dattaques-sans-precedent\/"},"author":{"name":"communications","@id":"https:\/\/teamsters.ca\/fr\/#\/schema\/person\/16abb510b61e30ac94505e325f34ff0c"},"headline":"La f\u00eate du 1er mai sous le signe d\u2019attaques sans pr\u00e9c\u00e9dent","datePublished":"2025-05-01T16:05:09+00:00","dateModified":"2025-05-01T16:16:21+00:00","mainEntityOfPage":{"@id":"https:\/\/teamsters.ca\/fr\/blog\/2025\/05\/01\/la-fete-du-1er-mai-sous-le-signe-dattaques-sans-precedent\/"},"wordCount":396,"publisher":{"@id":"https:\/\/teamsters.ca\/fr\/#organization"},"image":{"@id":"https:\/\/teamsters.ca\/fr\/blog\/2025\/05\/01\/la-fete-du-1er-mai-sous-le-signe-dattaques-sans-precedent\/#primaryimage"},"thumbnailUrl":"https:\/\/teamsters.ca\/wp-content\/uploads\/2025\/05\/trvailleurs4.jpg","keywords":["f\u00eate du Travail","Journ\u00e9e internationale des travailleurs et des travailleuses","syndicat"],"articleSection":["Nouvelles"],"inLanguage":"fr-CA"},{"@type":"WebPage","@id":"https:\/\/teamsters.ca\/fr\/blog\/2025\/05\/01\/la-fete-du-1er-mai-sous-le-signe-dattaques-sans-precedent\/","url":"https:\/\/teamsters.ca\/fr\/blog\/2025\/05\/01\/la-fete-du-1er-mai-sous-le-signe-dattaques-sans-precedent\/","name":"La f\u00eate du 1er mai sous le signe d\u2019attaques sans pr\u00e9c\u00e9dent | Teamsters Canada","isPartOf":{"@id":"https:\/\/teamsters.ca\/fr\/#website"},"primaryImageOfPage":{"@id":"https:\/\/teamsters.ca\/fr\/blog\/2025\/05\/01\/la-fete-du-1er-mai-sous-le-signe-dattaques-sans-precedent\/#primaryimage"},"image":{"@id":"https:\/\/teamsters.ca\/fr\/blog\/2025\/05\/01\/la-fete-du-1er-mai-sous-le-signe-dattaques-sans-precedent\/#primaryimage"},"thumbnailUrl":"https:\/\/teamsters.ca\/wp-content\/uploads\/2025\/05\/trvailleurs4.jpg","datePublished":"2025-05-01T16:05:09+00:00","dateModified":"2025-05-01T16:16:21+00:00","breadcrumb":{"@id":"https:\/\/teamsters.ca\/fr\/blog\/2025\/05\/01\/la-fete-du-1er-mai-sous-le-signe-dattaques-sans-precedent\/#breadcrumb"},"inLanguage":"fr-CA","potentialAction":[{"@type":"ReadAction","target":["https:\/\/teamsters.ca\/fr\/blog\/2025\/05\/01\/la-fete-du-1er-mai-sous-le-signe-dattaques-sans-precedent\/"]}]},{"@type":"ImageObject","inLanguage":"fr-CA","@id":"https:\/\/teamsters.ca\/fr\/blog\/2025\/05\/01\/la-fete-du-1er-mai-sous-le-signe-dattaques-sans-precedent\/#primaryimage","url":"https:\/\/teamsters.ca\/wp-content\/uploads\/2025\/05\/trvailleurs4.jpg","contentUrl":"https:\/\/teamsters.ca\/wp-content\/uploads\/2025\/05\/trvailleurs4.jpg","width":2233,"height":1322},{"@type":"BreadcrumbList","@id":"https:\/\/teamsters.ca\/fr\/blog\/2025\/05\/01\/la-fete-du-1er-mai-sous-le-signe-dattaques-sans-precedent\/#breadcrumb","itemListElement":[{"@type":"ListItem","position":1,"name":"Home","item":"https:\/\/teamsters.ca\/fr\/"},{"@type":"ListItem","position":2,"name":"La f\u00eate du 1er mai sous le signe d\u2019attaques sans pr\u00e9c\u00e9dent"}]},{"@type":"WebSite","@id":"https:\/\/teamsters.ca\/fr\/#website","url":"https:\/\/teamsters.ca\/fr\/","name":"Teamsters Canada","description":"A Canadian union representing over 125 000 members","publisher":{"@id":"https:\/\/teamsters.ca\/fr\/#organization"},"potentialAction":[{"@type":"SearchAction","target":{"@type":"EntryPoint","urlTemplate":"https:\/\/teamsters.ca\/fr\/?s={search_term_string}"},"query-input":{"@type":"PropertyValueSpecification","valueRequired":true,"valueName":"search_term_string"}}],"inLanguage":"fr-CA"},{"@type":"Organization","@id":"https:\/\/teamsters.ca\/fr\/#organization","name":"Teamsters Canada","url":"https:\/\/teamsters.ca\/fr\/","logo":{"@type":"ImageObject","inLanguage":"fr-CA","@id":"https:\/\/teamsters.ca\/fr\/#\/schema\/logo\/image\/","url":"https:\/\/teamsters.ca\/wp-content\/uploads\/2019\/08\/TeamstersCanada.png","contentUrl":"https:\/\/teamsters.ca\/wp-content\/uploads\/2019\/08\/TeamstersCanada.png","width":545,"height":181,"caption":"Teamsters Canada"},"image":{"@id":"https:\/\/teamsters.ca\/fr\/#\/schema\/logo\/image\/"},"sameAs":["https:\/\/www.facebook.com\/Teamsterscanada\/","https:\/\/x.com\/TeamstersCanada"]},{"@type":"Person","@id":"https:\/\/teamsters.ca\/fr\/#\/schema\/person\/16abb510b61e30ac94505e325f34ff0c","name":"communications","image":{"@type":"ImageObject","inLanguage":"fr-CA","@id":"https:\/\/teamsters.ca\/fr\/#\/schema\/person\/image\/","url":"https:\/\/secure.gravatar.com\/avatar\/707c37c6763af59d83f3b3dcebfff9d9d58ef9e062e2c9452a9dbb153c85d7ac?s=96&d=mm&r=g","contentUrl":"https:\/\/secure.gravatar.com\/avatar\/707c37c6763af59d83f3b3dcebfff9d9d58ef9e062e2c9452a9dbb153c85d7ac?s=96&d=mm&r=g","caption":"communications"},"url":"https:\/\/teamsters.ca\/fr\/blog\/author\/communications\/"}]}},"_links":{"self":[{"href":"https:\/\/teamsters.ca\/fr\/wp-json\/wp\/v2\/posts\/28840","targetHints":{"allow":["GET"]}}],"collection":[{"href":"https:\/\/teamsters.ca\/fr\/wp-json\/wp\/v2\/posts"}],"about":[{"href":"https:\/\/teamsters.ca\/fr\/wp-json\/wp\/v2\/types\/post"}],"author":[{"embeddable":true,"href":"https:\/\/teamsters.ca\/fr\/wp-json\/wp\/v2\/users\/9"}],"replies":[{"embeddable":true,"href":"https:\/\/teamsters.ca\/fr\/wp-json\/wp\/v2\/comments?post=28840"}],"version-history":[{"count":1,"href":"https:\/\/teamsters.ca\/fr\/wp-json\/wp\/v2\/posts\/28840\/revisions"}],"predecessor-version":[{"id":28841,"href":"https:\/\/teamsters.ca\/fr\/wp-json\/wp\/v2\/posts\/28840\/revisions\/28841"}],"wp:featuredmedia":[{"embeddable":true,"href":"https:\/\/teamsters.ca\/fr\/wp-json\/wp\/v2\/media\/28856"}],"wp:attachment":[{"href":"https:\/\/teamsters.ca\/fr\/wp-json\/wp\/v2\/media?parent=28840"}],"wp:term":[{"taxonomy":"category","embeddable":true,"href":"https:\/\/teamsters.ca\/fr\/wp-json\/wp\/v2\/categories?post=28840"},{"taxonomy":"post_tag","embeddable":true,"href":"https:\/\/teamsters.ca\/fr\/wp-json\/wp\/v2\/tags?post=28840"}],"curies":[{"name":"wp","href":"https:\/\/api.w.org\/{rel}","templated":true}]}}