{"id":28678,"date":"2025-04-29T13:20:00","date_gmt":"2025-04-29T17:20:00","guid":{"rendered":"https:\/\/teamsters.ca\/?p=28678"},"modified":"2025-04-29T13:22:08","modified_gmt":"2025-04-29T17:22:08","slug":"declaration-des-teamsters-sur-les-resultats-de-lelection-federale","status":"publish","type":"post","link":"https:\/\/teamsters.ca\/fr\/blog\/2025\/04\/29\/declaration-des-teamsters-sur-les-resultats-de-lelection-federale\/","title":{"rendered":"D\u00e9claration des Teamsters sur les r\u00e9sultats de l&rsquo;\u00e9lection f\u00e9d\u00e9rale"},"content":{"rendered":"\n<p>Laval, le 29 avril 2025 \u2013 Teamsters Canada f\u00e9licite le premier ministre Mark Carney pour sa victoire \u00e9lectorale. Vue le contexte actuel de tensions commerciales, le syndicat appelle l\u2019ensemble des partis \u00e0 placer les travailleuses et travailleurs au c\u0153ur de leurs priorit\u00e9s.<\/p>\n\n\n\n<p>\u00ab Le premier ministre et l\u2019ensemble des partis ont promis des r\u00e9sultats concrets pour les travailleuses et travailleurs. On s\u2019attend \u00e0 ce qu\u2019ils travaillent ensemble pour livrer la marchandise. Ce n\u2019est pas le moment de jouer \u00e0 des jeux politiques qui retarderaient l\u2019aide dont la classe moyenne a besoin. Le Parlement doit mettre les familles et les gens ordinaires au cours de leurs priorit\u00e9s \u00bb, a d\u00e9clar\u00e9 Fran\u00e7ois Laporte, pr\u00e9sident national de Teamsters Canada.<\/p>\n\n\n\n<p>Au cours de la derni\u00e8re d\u00e9cennie, les travailleuses et travailleurs canadiens ont remport\u00e9 des victoires importantes&nbsp;: protection des r\u00e9gimes de retraite en cas de faillite d\u2019entreprises, dix jours de cong\u00e9 de maladie pay\u00e9es dans les secteurs sous r\u00e9glementation f\u00e9d\u00e9rale, abolition de lois antisyndicales, des services de garde abordables, et plus encore. Le nouveau Parlement doit poursuivre sur cette voie.<\/p>\n\n\n\n<p>Appuyer les travailleuses et travailleurs, c\u2019est aussi soutenir les syndicats et respecter le droit \u00e0 la libre n\u00e9gociation garanti par la Charte. En temps de crise nationale, il n\u2019y a aucune place pour la cupidit\u00e9 des entreprises ni pour les d\u00e9rives antisyndicaux autoritaires.<\/p>\n\n\n\n<p>Dans ce m\u00eame esprit, Teamsters Canada exhorte le Parlement \u00e0 prioriser l\u2019aide aux familles de la classe moyenne. Aid\u00e9 d\u2019abord les riches et les grandes entreprises ne fonctionne tout simplement pas en p\u00e9riode de crise \u00e9conomique.<\/p>\n\n\n\n<p>Enfin, le syndicat des Teamsters invite le Parlement \u00e0 acc\u00e9l\u00e9rer la mise en place un corridor \u00e9nerg\u00e9tique national. Les membres des Teamsters sont pr\u00eats \u00e0 se mettre au travail pour b\u00e2tir un Canada fort.<\/p>\n\n\n\n<p>Les \u00e9lections termin\u00e9es, le vrai travail commence. Teamsters Canada a h\u00e2te de collaborer avec l\u2019ensemble des partis politiques afin de d\u00e9fendre les int\u00e9r\u00eats de ses membres et de tous les travailleuses et travailleurs.<\/p>\n\n\n\n<p><em>Teamsters Canada repr\u00e9sente pr\u00e8s de 135 000 travailleuses et travailleurs dans toutes les industries \u00e0 travers le pays.<\/em><\/p>\n\n\n\n<p class=\"has-text-align-center\">-30-<\/p>\n\n\n\n<p>Christopher Monette<br \/>Directeur des affaires publiques<br \/>Teamsters Canada<br \/>Cell : 514-226-6002<br \/><a href=\"mailto:cmonette@teamsters.ca\" target=\"_blank\" rel=\"noreferrer noopener\">cmonette@teamsters.ca<\/a><\/p>\n","protected":false},"excerpt":{"rendered":"<p>Teamsters Canada f\u00e9licite le premier ministre Mark Carney pour sa victoire \u00e9lectorale. Vue le contexte actuel de tensions commerciales, le syndicat appelle l\u2019ensemble des partis \u00e0 placer les travailleuses et travailleurs au c\u0153ur de leurs priorit\u00e9s.<\/p>\n","protected":false},"author":9,"featured_media":28679,"comment_status":"closed","ping_status":"closed","sticky":false,"template":"","format":"standard","meta":{"ngg_post_thumbnail":0,"mc4wp_mailchimp_campaign":[],"footnotes":""},"categories":[1140,1114],"tags":[7062,7064],"class_list":{"0":"post-28678","1":"post","2":"type-post","3":"status-publish","4":"format-standard","5":"has-post-thumbnail","7":"category-canada-region-fr","8":"category-nouvelles","9":"tag-election-2025","10":"tag-election-federale"},"yoast_head":"<!-- This site is optimized with the Yoast SEO Premium plugin v25.5 (Yoast SEO v25.5) - https:\/\/yoast.com\/wordpress\/plugins\/seo\/ -->\n<title>D\u00e9claration des Teamsters sur les r\u00e9sultats de l&#039;\u00e9lection f\u00e9d\u00e9rale | Teamsters Canada<\/title>\n<meta name=\"robots\" content=\"index, follow, max-snippet:-1, max-image-preview:large, max-video-preview:-1\" \/>\n<link rel=\"canonical\" href=\"https:\/\/teamsters.ca\/fr\/blog\/2025\/04\/29\/declaration-des-teamsters-sur-les-resultats-de-lelection-federale\/\" \/>\n<meta property=\"og:locale\" content=\"fr_CA\" \/>\n<meta property=\"og:type\" content=\"article\" \/>\n<meta property=\"og:title\" content=\"D\u00e9claration des Teamsters sur les r\u00e9sultats de l&#039;\u00e9lection f\u00e9d\u00e9rale\" \/>\n<meta property=\"og:description\" content=\"Teamsters Canada f\u00e9licite le premier ministre Mark Carney pour sa victoire \u00e9lectorale. Vue le contexte actuel de tensions commerciales, le syndicat appelle l\u2019ensemble des partis \u00e0 placer les travailleuses et travailleurs au c\u0153ur de leurs priorit\u00e9s.\" \/>\n<meta property=\"og:url\" content=\"https:\/\/teamsters.ca\/fr\/blog\/2025\/04\/29\/declaration-des-teamsters-sur-les-resultats-de-lelection-federale\/\" \/>\n<meta property=\"og:site_name\" content=\"Teamsters Canada\" \/>\n<meta property=\"article:publisher\" content=\"https:\/\/www.facebook.com\/Teamsterscanada\/\" \/>\n<meta property=\"article:published_time\" content=\"2025-04-29T17:20:00+00:00\" \/>\n<meta property=\"article:modified_time\" content=\"2025-04-29T17:22:08+00:00\" \/>\n<meta property=\"og:image\" content=\"https:\/\/teamsters.ca\/wp-content\/uploads\/2025\/04\/ElecFR.jpg\" \/>\n\t<meta property=\"og:image:width\" content=\"1166\" \/>\n\t<meta property=\"og:image:height\" content=\"768\" \/>\n\t<meta property=\"og:image:type\" content=\"image\/jpeg\" \/>\n<meta name=\"author\" content=\"communications\" \/>\n<meta name=\"twitter:card\" content=\"summary_large_image\" \/>\n<meta name=\"twitter:creator\" content=\"@TeamstersCanada\" \/>\n<meta name=\"twitter:site\" content=\"@TeamstersCanada\" \/>\n<meta name=\"twitter:label1\" content=\"\u00c9crit par\" \/>\n\t<meta name=\"twitter:data1\" content=\"communications\" \/>\n\t<meta name=\"twitter:label2\" content=\"Estimation du temps de lecture\" \/>\n\t<meta name=\"twitter:data2\" content=\"2 minutes\" \/>\n<script type=\"application\/ld+json\" class=\"yoast-schema-graph\">{\"@context\":\"https:\/\/schema.org\",\"@graph\":[{\"@type\":\"Article\",\"@id\":\"https:\/\/teamsters.ca\/fr\/blog\/2025\/04\/29\/declaration-des-teamsters-sur-les-resultats-de-lelection-federale\/#article\",\"isPartOf\":{\"@id\":\"https:\/\/teamsters.ca\/fr\/blog\/2025\/04\/29\/declaration-des-teamsters-sur-les-resultats-de-lelection-federale\/\"},\"author\":{\"name\":\"communications\",\"@id\":\"https:\/\/teamsters.ca\/fr\/#\/schema\/person\/16abb510b61e30ac94505e325f34ff0c\"},\"headline\":\"D\u00e9claration des Teamsters sur les r\u00e9sultats de l&rsquo;\u00e9lection f\u00e9d\u00e9rale\",\"datePublished\":\"2025-04-29T17:20:00+00:00\",\"dateModified\":\"2025-04-29T17:22:08+00:00\",\"mainEntityOfPage\":{\"@id\":\"https:\/\/teamsters.ca\/fr\/blog\/2025\/04\/29\/declaration-des-teamsters-sur-les-resultats-de-lelection-federale\/\"},\"wordCount\":383,\"publisher\":{\"@id\":\"https:\/\/teamsters.ca\/fr\/#organization\"},\"image\":{\"@id\":\"https:\/\/teamsters.ca\/fr\/blog\/2025\/04\/29\/declaration-des-teamsters-sur-les-resultats-de-lelection-federale\/#primaryimage\"},\"thumbnailUrl\":\"https:\/\/teamsters.ca\/wp-content\/uploads\/2025\/04\/ElecFR.jpg\",\"keywords\":[\"\u00c9lection 2025\",\"\u00c9lection F\u00e9d\u00e9rale\"],\"articleSection\":[\"Canada\",\"Nouvelles\"],\"inLanguage\":\"fr-CA\"},{\"@type\":\"WebPage\",\"@id\":\"https:\/\/teamsters.ca\/fr\/blog\/2025\/04\/29\/declaration-des-teamsters-sur-les-resultats-de-lelection-federale\/\",\"url\":\"https:\/\/teamsters.ca\/fr\/blog\/2025\/04\/29\/declaration-des-teamsters-sur-les-resultats-de-lelection-federale\/\",\"name\":\"D\u00e9claration des Teamsters sur les r\u00e9sultats de l'\u00e9lection f\u00e9d\u00e9rale | Teamsters Canada\",\"isPartOf\":{\"@id\":\"https:\/\/teamsters.ca\/fr\/#website\"},\"primaryImageOfPage\":{\"@id\":\"https:\/\/teamsters.ca\/fr\/blog\/2025\/04\/29\/declaration-des-teamsters-sur-les-resultats-de-lelection-federale\/#primaryimage\"},\"image\":{\"@id\":\"https:\/\/teamsters.ca\/fr\/blog\/2025\/04\/29\/declaration-des-teamsters-sur-les-resultats-de-lelection-federale\/#primaryimage\"},\"thumbnailUrl\":\"https:\/\/teamsters.ca\/wp-content\/uploads\/2025\/04\/ElecFR.jpg\",\"datePublished\":\"2025-04-29T17:20:00+00:00\",\"dateModified\":\"2025-04-29T17:22:08+00:00\",\"breadcrumb\":{\"@id\":\"https:\/\/teamsters.ca\/fr\/blog\/2025\/04\/29\/declaration-des-teamsters-sur-les-resultats-de-lelection-federale\/#breadcrumb\"},\"inLanguage\":\"fr-CA\",\"potentialAction\":[{\"@type\":\"ReadAction\",\"target\":[\"https:\/\/teamsters.ca\/fr\/blog\/2025\/04\/29\/declaration-des-teamsters-sur-les-resultats-de-lelection-federale\/\"]}]},{\"@type\":\"ImageObject\",\"inLanguage\":\"fr-CA\",\"@id\":\"https:\/\/teamsters.ca\/fr\/blog\/2025\/04\/29\/declaration-des-teamsters-sur-les-resultats-de-lelection-federale\/#primaryimage\",\"url\":\"https:\/\/teamsters.ca\/wp-content\/uploads\/2025\/04\/ElecFR.jpg\",\"contentUrl\":\"https:\/\/teamsters.ca\/wp-content\/uploads\/2025\/04\/ElecFR.jpg\",\"width\":1166,\"height\":768},{\"@type\":\"BreadcrumbList\",\"@id\":\"https:\/\/teamsters.ca\/fr\/blog\/2025\/04\/29\/declaration-des-teamsters-sur-les-resultats-de-lelection-federale\/#breadcrumb\",\"itemListElement\":[{\"@type\":\"ListItem\",\"position\":1,\"name\":\"Home\",\"item\":\"https:\/\/teamsters.ca\/fr\/\"},{\"@type\":\"ListItem\",\"position\":2,\"name\":\"D\u00e9claration des Teamsters sur les r\u00e9sultats de l&#8217;\u00e9lection f\u00e9d\u00e9rale\"}]},{\"@type\":\"WebSite\",\"@id\":\"https:\/\/teamsters.ca\/fr\/#website\",\"url\":\"https:\/\/teamsters.ca\/fr\/\",\"name\":\"Teamsters Canada\",\"description\":\"A Canadian union representing over 125 000 members\",\"publisher\":{\"@id\":\"https:\/\/teamsters.ca\/fr\/#organization\"},\"potentialAction\":[{\"@type\":\"SearchAction\",\"target\":{\"@type\":\"EntryPoint\",\"urlTemplate\":\"https:\/\/teamsters.ca\/fr\/?s={search_term_string}\"},\"query-input\":{\"@type\":\"PropertyValueSpecification\",\"valueRequired\":true,\"valueName\":\"search_term_string\"}}],\"inLanguage\":\"fr-CA\"},{\"@type\":\"Organization\",\"@id\":\"https:\/\/teamsters.ca\/fr\/#organization\",\"name\":\"Teamsters Canada\",\"url\":\"https:\/\/teamsters.ca\/fr\/\",\"logo\":{\"@type\":\"ImageObject\",\"inLanguage\":\"fr-CA\",\"@id\":\"https:\/\/teamsters.ca\/fr\/#\/schema\/logo\/image\/\",\"url\":\"https:\/\/teamsters.ca\/wp-content\/uploads\/2019\/08\/TeamstersCanada.png\",\"contentUrl\":\"https:\/\/teamsters.ca\/wp-content\/uploads\/2019\/08\/TeamstersCanada.png\",\"width\":545,\"height\":181,\"caption\":\"Teamsters Canada\"},\"image\":{\"@id\":\"https:\/\/teamsters.ca\/fr\/#\/schema\/logo\/image\/\"},\"sameAs\":[\"https:\/\/www.facebook.com\/Teamsterscanada\/\",\"https:\/\/x.com\/TeamstersCanada\"]},{\"@type\":\"Person\",\"@id\":\"https:\/\/teamsters.ca\/fr\/#\/schema\/person\/16abb510b61e30ac94505e325f34ff0c\",\"name\":\"communications\",\"image\":{\"@type\":\"ImageObject\",\"inLanguage\":\"fr-CA\",\"@id\":\"https:\/\/teamsters.ca\/fr\/#\/schema\/person\/image\/\",\"url\":\"https:\/\/secure.gravatar.com\/avatar\/707c37c6763af59d83f3b3dcebfff9d9d58ef9e062e2c9452a9dbb153c85d7ac?s=96&d=mm&r=g\",\"contentUrl\":\"https:\/\/secure.gravatar.com\/avatar\/707c37c6763af59d83f3b3dcebfff9d9d58ef9e062e2c9452a9dbb153c85d7ac?s=96&d=mm&r=g\",\"caption\":\"communications\"},\"url\":\"https:\/\/teamsters.ca\/fr\/blog\/author\/communications\/\"}]}<\/script>\n<!-- \/ Yoast SEO Premium plugin. -->","yoast_head_json":{"title":"D\u00e9claration des Teamsters sur les r\u00e9sultats de l'\u00e9lection f\u00e9d\u00e9rale | Teamsters Canada","robots":{"index":"index","follow":"follow","max-snippet":"max-snippet:-1","max-image-preview":"max-image-preview:large","max-video-preview":"max-video-preview:-1"},"canonical":"https:\/\/teamsters.ca\/fr\/blog\/2025\/04\/29\/declaration-des-teamsters-sur-les-resultats-de-lelection-federale\/","og_locale":"fr_CA","og_type":"article","og_title":"D\u00e9claration des Teamsters sur les r\u00e9sultats de l'\u00e9lection f\u00e9d\u00e9rale","og_description":"Teamsters Canada f\u00e9licite le premier ministre Mark Carney pour sa victoire \u00e9lectorale. Vue le contexte actuel de tensions commerciales, le syndicat appelle l\u2019ensemble des partis \u00e0 placer les travailleuses et travailleurs au c\u0153ur de leurs priorit\u00e9s.","og_url":"https:\/\/teamsters.ca\/fr\/blog\/2025\/04\/29\/declaration-des-teamsters-sur-les-resultats-de-lelection-federale\/","og_site_name":"Teamsters Canada","article_publisher":"https:\/\/www.facebook.com\/Teamsterscanada\/","article_published_time":"2025-04-29T17:20:00+00:00","article_modified_time":"2025-04-29T17:22:08+00:00","og_image":[{"width":1166,"height":768,"url":"https:\/\/teamsters.ca\/wp-content\/uploads\/2025\/04\/ElecFR.jpg","type":"image\/jpeg"}],"author":"communications","twitter_card":"summary_large_image","twitter_creator":"@TeamstersCanada","twitter_site":"@TeamstersCanada","twitter_misc":{"\u00c9crit par":"communications","Estimation du temps de lecture":"2 minutes"},"schema":{"@context":"https:\/\/schema.org","@graph":[{"@type":"Article","@id":"https:\/\/teamsters.ca\/fr\/blog\/2025\/04\/29\/declaration-des-teamsters-sur-les-resultats-de-lelection-federale\/#article","isPartOf":{"@id":"https:\/\/teamsters.ca\/fr\/blog\/2025\/04\/29\/declaration-des-teamsters-sur-les-resultats-de-lelection-federale\/"},"author":{"name":"communications","@id":"https:\/\/teamsters.ca\/fr\/#\/schema\/person\/16abb510b61e30ac94505e325f34ff0c"},"headline":"D\u00e9claration des Teamsters sur les r\u00e9sultats de l&rsquo;\u00e9lection f\u00e9d\u00e9rale","datePublished":"2025-04-29T17:20:00+00:00","dateModified":"2025-04-29T17:22:08+00:00","mainEntityOfPage":{"@id":"https:\/\/teamsters.ca\/fr\/blog\/2025\/04\/29\/declaration-des-teamsters-sur-les-resultats-de-lelection-federale\/"},"wordCount":383,"publisher":{"@id":"https:\/\/teamsters.ca\/fr\/#organization"},"image":{"@id":"https:\/\/teamsters.ca\/fr\/blog\/2025\/04\/29\/declaration-des-teamsters-sur-les-resultats-de-lelection-federale\/#primaryimage"},"thumbnailUrl":"https:\/\/teamsters.ca\/wp-content\/uploads\/2025\/04\/ElecFR.jpg","keywords":["\u00c9lection 2025","\u00c9lection F\u00e9d\u00e9rale"],"articleSection":["Canada","Nouvelles"],"inLanguage":"fr-CA"},{"@type":"WebPage","@id":"https:\/\/teamsters.ca\/fr\/blog\/2025\/04\/29\/declaration-des-teamsters-sur-les-resultats-de-lelection-federale\/","url":"https:\/\/teamsters.ca\/fr\/blog\/2025\/04\/29\/declaration-des-teamsters-sur-les-resultats-de-lelection-federale\/","name":"D\u00e9claration des Teamsters sur les r\u00e9sultats de l'\u00e9lection f\u00e9d\u00e9rale | Teamsters Canada","isPartOf":{"@id":"https:\/\/teamsters.ca\/fr\/#website"},"primaryImageOfPage":{"@id":"https:\/\/teamsters.ca\/fr\/blog\/2025\/04\/29\/declaration-des-teamsters-sur-les-resultats-de-lelection-federale\/#primaryimage"},"image":{"@id":"https:\/\/teamsters.ca\/fr\/blog\/2025\/04\/29\/declaration-des-teamsters-sur-les-resultats-de-lelection-federale\/#primaryimage"},"thumbnailUrl":"https:\/\/teamsters.ca\/wp-content\/uploads\/2025\/04\/ElecFR.jpg","datePublished":"2025-04-29T17:20:00+00:00","dateModified":"2025-04-29T17:22:08+00:00","breadcrumb":{"@id":"https:\/\/teamsters.ca\/fr\/blog\/2025\/04\/29\/declaration-des-teamsters-sur-les-resultats-de-lelection-federale\/#breadcrumb"},"inLanguage":"fr-CA","potentialAction":[{"@type":"ReadAction","target":["https:\/\/teamsters.ca\/fr\/blog\/2025\/04\/29\/declaration-des-teamsters-sur-les-resultats-de-lelection-federale\/"]}]},{"@type":"ImageObject","inLanguage":"fr-CA","@id":"https:\/\/teamsters.ca\/fr\/blog\/2025\/04\/29\/declaration-des-teamsters-sur-les-resultats-de-lelection-federale\/#primaryimage","url":"https:\/\/teamsters.ca\/wp-content\/uploads\/2025\/04\/ElecFR.jpg","contentUrl":"https:\/\/teamsters.ca\/wp-content\/uploads\/2025\/04\/ElecFR.jpg","width":1166,"height":768},{"@type":"BreadcrumbList","@id":"https:\/\/teamsters.ca\/fr\/blog\/2025\/04\/29\/declaration-des-teamsters-sur-les-resultats-de-lelection-federale\/#breadcrumb","itemListElement":[{"@type":"ListItem","position":1,"name":"Home","item":"https:\/\/teamsters.ca\/fr\/"},{"@type":"ListItem","position":2,"name":"D\u00e9claration des Teamsters sur les r\u00e9sultats de l&#8217;\u00e9lection f\u00e9d\u00e9rale"}]},{"@type":"WebSite","@id":"https:\/\/teamsters.ca\/fr\/#website","url":"https:\/\/teamsters.ca\/fr\/","name":"Teamsters Canada","description":"A Canadian union representing over 125 000 members","publisher":{"@id":"https:\/\/teamsters.ca\/fr\/#organization"},"potentialAction":[{"@type":"SearchAction","target":{"@type":"EntryPoint","urlTemplate":"https:\/\/teamsters.ca\/fr\/?s={search_term_string}"},"query-input":{"@type":"PropertyValueSpecification","valueRequired":true,"valueName":"search_term_string"}}],"inLanguage":"fr-CA"},{"@type":"Organization","@id":"https:\/\/teamsters.ca\/fr\/#organization","name":"Teamsters Canada","url":"https:\/\/teamsters.ca\/fr\/","logo":{"@type":"ImageObject","inLanguage":"fr-CA","@id":"https:\/\/teamsters.ca\/fr\/#\/schema\/logo\/image\/","url":"https:\/\/teamsters.ca\/wp-content\/uploads\/2019\/08\/TeamstersCanada.png","contentUrl":"https:\/\/teamsters.ca\/wp-content\/uploads\/2019\/08\/TeamstersCanada.png","width":545,"height":181,"caption":"Teamsters Canada"},"image":{"@id":"https:\/\/teamsters.ca\/fr\/#\/schema\/logo\/image\/"},"sameAs":["https:\/\/www.facebook.com\/Teamsterscanada\/","https:\/\/x.com\/TeamstersCanada"]},{"@type":"Person","@id":"https:\/\/teamsters.ca\/fr\/#\/schema\/person\/16abb510b61e30ac94505e325f34ff0c","name":"communications","image":{"@type":"ImageObject","inLanguage":"fr-CA","@id":"https:\/\/teamsters.ca\/fr\/#\/schema\/person\/image\/","url":"https:\/\/secure.gravatar.com\/avatar\/707c37c6763af59d83f3b3dcebfff9d9d58ef9e062e2c9452a9dbb153c85d7ac?s=96&d=mm&r=g","contentUrl":"https:\/\/secure.gravatar.com\/avatar\/707c37c6763af59d83f3b3dcebfff9d9d58ef9e062e2c9452a9dbb153c85d7ac?s=96&d=mm&r=g","caption":"communications"},"url":"https:\/\/teamsters.ca\/fr\/blog\/author\/communications\/"}]}},"_links":{"self":[{"href":"https:\/\/teamsters.ca\/fr\/wp-json\/wp\/v2\/posts\/28678","targetHints":{"allow":["GET"]}}],"collection":[{"href":"https:\/\/teamsters.ca\/fr\/wp-json\/wp\/v2\/posts"}],"about":[{"href":"https:\/\/teamsters.ca\/fr\/wp-json\/wp\/v2\/types\/post"}],"author":[{"embeddable":true,"href":"https:\/\/teamsters.ca\/fr\/wp-json\/wp\/v2\/users\/9"}],"replies":[{"embeddable":true,"href":"https:\/\/teamsters.ca\/fr\/wp-json\/wp\/v2\/comments?post=28678"}],"version-history":[{"count":2,"href":"https:\/\/teamsters.ca\/fr\/wp-json\/wp\/v2\/posts\/28678\/revisions"}],"predecessor-version":[{"id":28682,"href":"https:\/\/teamsters.ca\/fr\/wp-json\/wp\/v2\/posts\/28678\/revisions\/28682"}],"wp:featuredmedia":[{"embeddable":true,"href":"https:\/\/teamsters.ca\/fr\/wp-json\/wp\/v2\/media\/28679"}],"wp:attachment":[{"href":"https:\/\/teamsters.ca\/fr\/wp-json\/wp\/v2\/media?parent=28678"}],"wp:term":[{"taxonomy":"category","embeddable":true,"href":"https:\/\/teamsters.ca\/fr\/wp-json\/wp\/v2\/categories?post=28678"},{"taxonomy":"post_tag","embeddable":true,"href":"https:\/\/teamsters.ca\/fr\/wp-json\/wp\/v2\/tags?post=28678"}],"curies":[{"name":"wp","href":"https:\/\/api.w.org\/{rel}","templated":true}]}}