{"id":28529,"date":"2025-04-26T08:26:01","date_gmt":"2025-04-26T12:26:01","guid":{"rendered":"https:\/\/teamsters.ca\/?p=28529"},"modified":"2025-04-26T08:27:50","modified_gmt":"2025-04-26T12:27:50","slug":"journee-nationale-de-deuil-voter-cest-se-souvenir","status":"publish","type":"post","link":"https:\/\/teamsters.ca\/fr\/blog\/2025\/04\/26\/journee-nationale-de-deuil-voter-cest-se-souvenir\/","title":{"rendered":"Journ\u00e9e nationale de deuil\u00a0: Voter, c\u2019est se souvenir"},"content":{"rendered":"\n<p>Chaque 28&nbsp;avril au Canada, nous soulignons la Journ\u00e9e nationale de deuil. Cette journ\u00e9e rend hommage aux travailleuses et travailleurs d\u00e9c\u00e9d\u00e9s, bless\u00e9s ou rendus malades \u00e0 cause de leur emploi.<\/p>\n\n\n\n<p>En tant que syndicalistes, cette journ\u00e9e est sp\u00e9ciale et importante. Nous consacrons nos vies \u00e0 am\u00e9liorer les conditions de travail, \u00e0 prot\u00e9ger les droits des travailleuses et travailleurs, et \u00e0 b\u00e2tir une soci\u00e9t\u00e9 meilleure et plus juste. Notre r\u00f4le est essentiel, et il devrait nous r\u00e9volter tous qu\u2019en moyenne, pr\u00e8s de 1000&nbsp;personnes perdent la vie chaque ann\u00e9e en raison de leur travail*.<\/p>\n\n\n\n<p>Depuis longtemps, nous militons, et nous continuerons \u00e0 militer, pour renforcer les lois afin de mieux prot\u00e9ger les travailleuses et travailleurs de toutes les industries contre la n\u00e9gligence et les mauvaises pratiques. M\u00eame si nous ne pourrons jamais pr\u00e9venir tous les accidents, l\u2019histoire a d\u00e9montr\u00e9 que nous pouvons en r\u00e9duire consid\u00e9rablement le nombre.<\/p>\n\n\n\n<p>Cette ann\u00e9e cependant, il y a une co\u00efncidence notable \u00e0 souligner&nbsp;: la Journ\u00e9e nationale de deuil&nbsp;2025 tombe en m\u00eame temps que le jour des \u00e9lections f\u00e9d\u00e9rales.<\/p>\n\n\n\n<p><strong>Un vote contre la cupidit\u00e9 des entreprises<\/strong><\/p>\n\n\n\n<p>Comme je l\u2019ai d\u00e9j\u00e0 mentionn\u00e9, je n\u2019ai pas l\u2019intention de dire \u00e0 nos membres pour qui voter. Cependant, aujourd\u2019hui, \u00e0 l\u2019occasion de la Journ\u00e9e nationale de deuil, et comme chaque jour d\u2019ailleurs, je tiens \u00e0 rappeler qu\u2019il est essentiel de s\u2019opposer \u00e0 la cupidit\u00e9 des grandes entreprises.<\/p>\n\n\n\n<p>Les \u00e9lites corporatives s\u2019organisent au sein de puissants groupes de pression, compos\u00e9s de dirigeants d\u2019entreprises et d\u2019autres groupes d\u2019int\u00e9r\u00eats influents. Partout dans le monde, ils militent pour la d\u00e9r\u00e9glementation et des mesures con\u00e7ues pour maximiser les profits. Trop souvent, ces mesures entra\u00eenent des milieux de travail plus dangereux.<\/p>\n\n\n\n<p>R\u00e9duire les co\u00fbts tout en exigeant des travailleuses et travailleurs qu\u2019ils soient toujours plus rapides et efficaces conduit in\u00e9vitablement \u00e0 une augmentation des accidents. Tout le monde souhaite travailler pour une entreprise bien g\u00e9r\u00e9e, mais forcer les travailleuses et travailleurs \u00e0 prendre des risques inutiles, c\u2019est tout sauf efficace.<\/p>\n\n\n\n<p>Alors que nous nous appr\u00eatons \u00e0 voter, je vous invite une fois de plus \u00e0 r\u00e9fl\u00e9chir soigneusement \u00e0 ce qui est en jeu et \u00e0 ce que chaque parti propose. Votez dans votre int\u00e9r\u00eat. Votez pour des politiques qui b\u00e9n\u00e9ficient aux travailleuses et travailleurs. Parce que ce pays a \u00e9t\u00e9 b\u00e2ti par des travailleuses et travailleurs, et les soutenir, c\u2019est profiter \u00e0 toute la soci\u00e9t\u00e9.<\/p>\n\n\n\n<p><em>*Association des commissions des accidents du travail du Canada<\/em><\/p>\n\n\n\n<p><strong>Fran\u00e7ois Laporte<\/strong><br \/>Pr\u00e9sident de Teamsters Canada<br \/>Vice-pr\u00e9sident de la Fraternit\u00e9 internationale des Teamsters<\/p>\n","protected":false},"excerpt":{"rendered":"<p>Chaque 28&nbsp;avril au Canada, nous soulignons la Journ\u00e9e nationale de deuil. Cette journ\u00e9e rend hommage aux travailleuses et travailleurs d\u00e9c\u00e9d\u00e9s, bless\u00e9s ou rendus malades \u00e0 cause de leur emploi. En tant que syndicalistes, cette journ\u00e9e est sp\u00e9ciale et importante. Nous consacrons nos vies \u00e0 am\u00e9liorer les conditions de travail, \u00e0 prot\u00e9ger les droits des travailleuses [&hellip;]<\/p>\n","protected":false},"author":9,"featured_media":28533,"comment_status":"closed","ping_status":"closed","sticky":false,"template":"","format":"standard","meta":{"ngg_post_thumbnail":0,"mc4wp_mailchimp_campaign":[],"footnotes":""},"categories":[1124,1114],"tags":[],"class_list":{"0":"post-28529","1":"post","2":"type-post","3":"status-publish","4":"format-standard","5":"has-post-thumbnail","7":"category-president-fr","8":"category-nouvelles"},"yoast_head":"<!-- This site is optimized with the Yoast SEO Premium plugin v25.5 (Yoast SEO v25.5) - https:\/\/yoast.com\/wordpress\/plugins\/seo\/ -->\n<title>Journ\u00e9e nationale de deuil\u00a0: Voter, c\u2019est se souvenir | Teamsters Canada<\/title>\n<meta name=\"robots\" content=\"index, follow, max-snippet:-1, max-image-preview:large, max-video-preview:-1\" \/>\n<link rel=\"canonical\" href=\"https:\/\/teamsters.ca\/fr\/blog\/2025\/04\/26\/journee-nationale-de-deuil-voter-cest-se-souvenir\/\" \/>\n<meta property=\"og:locale\" content=\"fr_CA\" \/>\n<meta property=\"og:type\" content=\"article\" \/>\n<meta property=\"og:title\" content=\"Journ\u00e9e nationale de deuil\u00a0: Voter, c\u2019est se souvenir\" \/>\n<meta property=\"og:description\" content=\"Chaque 28&nbsp;avril au Canada, nous soulignons la Journ\u00e9e nationale de deuil. Cette journ\u00e9e rend hommage aux travailleuses et travailleurs d\u00e9c\u00e9d\u00e9s, bless\u00e9s ou rendus malades \u00e0 cause de leur emploi. En tant que syndicalistes, cette journ\u00e9e est sp\u00e9ciale et importante. Nous consacrons nos vies \u00e0 am\u00e9liorer les conditions de travail, \u00e0 prot\u00e9ger les droits des travailleuses [&hellip;]\" \/>\n<meta property=\"og:url\" content=\"https:\/\/teamsters.ca\/fr\/blog\/2025\/04\/26\/journee-nationale-de-deuil-voter-cest-se-souvenir\/\" \/>\n<meta property=\"og:site_name\" content=\"Teamsters Canada\" \/>\n<meta property=\"article:publisher\" content=\"https:\/\/www.facebook.com\/Teamsterscanada\/\" \/>\n<meta property=\"article:published_time\" content=\"2025-04-26T12:26:01+00:00\" \/>\n<meta property=\"article:modified_time\" content=\"2025-04-26T12:27:50+00:00\" \/>\n<meta property=\"og:image\" content=\"https:\/\/teamsters.ca\/wp-content\/uploads\/2025\/04\/Deuil2025-1.png\" \/>\n\t<meta property=\"og:image:width\" content=\"1166\" \/>\n\t<meta property=\"og:image:height\" content=\"768\" \/>\n\t<meta property=\"og:image:type\" content=\"image\/png\" \/>\n<meta name=\"author\" content=\"communications\" \/>\n<meta name=\"twitter:card\" content=\"summary_large_image\" \/>\n<meta name=\"twitter:creator\" content=\"@TeamstersCanada\" \/>\n<meta name=\"twitter:site\" content=\"@TeamstersCanada\" \/>\n<meta name=\"twitter:label1\" content=\"\u00c9crit par\" \/>\n\t<meta name=\"twitter:data1\" content=\"communications\" \/>\n\t<meta name=\"twitter:label2\" content=\"Estimation du temps de lecture\" \/>\n\t<meta name=\"twitter:data2\" content=\"2 minutes\" \/>\n<script type=\"application\/ld+json\" class=\"yoast-schema-graph\">{\"@context\":\"https:\/\/schema.org\",\"@graph\":[{\"@type\":\"Article\",\"@id\":\"https:\/\/teamsters.ca\/fr\/blog\/2025\/04\/26\/journee-nationale-de-deuil-voter-cest-se-souvenir\/#article\",\"isPartOf\":{\"@id\":\"https:\/\/teamsters.ca\/fr\/blog\/2025\/04\/26\/journee-nationale-de-deuil-voter-cest-se-souvenir\/\"},\"author\":{\"name\":\"communications\",\"@id\":\"https:\/\/teamsters.ca\/fr\/#\/schema\/person\/16abb510b61e30ac94505e325f34ff0c\"},\"headline\":\"Journ\u00e9e nationale de deuil\u00a0: Voter, c\u2019est se souvenir\",\"datePublished\":\"2025-04-26T12:26:01+00:00\",\"dateModified\":\"2025-04-26T12:27:50+00:00\",\"mainEntityOfPage\":{\"@id\":\"https:\/\/teamsters.ca\/fr\/blog\/2025\/04\/26\/journee-nationale-de-deuil-voter-cest-se-souvenir\/\"},\"wordCount\":461,\"publisher\":{\"@id\":\"https:\/\/teamsters.ca\/fr\/#organization\"},\"image\":{\"@id\":\"https:\/\/teamsters.ca\/fr\/blog\/2025\/04\/26\/journee-nationale-de-deuil-voter-cest-se-souvenir\/#primaryimage\"},\"thumbnailUrl\":\"https:\/\/teamsters.ca\/wp-content\/uploads\/2025\/04\/Deuil2025-1.png\",\"articleSection\":[\"Lettres du pr\u00e9sident\",\"Nouvelles\"],\"inLanguage\":\"fr-CA\"},{\"@type\":\"WebPage\",\"@id\":\"https:\/\/teamsters.ca\/fr\/blog\/2025\/04\/26\/journee-nationale-de-deuil-voter-cest-se-souvenir\/\",\"url\":\"https:\/\/teamsters.ca\/fr\/blog\/2025\/04\/26\/journee-nationale-de-deuil-voter-cest-se-souvenir\/\",\"name\":\"Journ\u00e9e nationale de deuil\u00a0: Voter, c\u2019est se souvenir | Teamsters Canada\",\"isPartOf\":{\"@id\":\"https:\/\/teamsters.ca\/fr\/#website\"},\"primaryImageOfPage\":{\"@id\":\"https:\/\/teamsters.ca\/fr\/blog\/2025\/04\/26\/journee-nationale-de-deuil-voter-cest-se-souvenir\/#primaryimage\"},\"image\":{\"@id\":\"https:\/\/teamsters.ca\/fr\/blog\/2025\/04\/26\/journee-nationale-de-deuil-voter-cest-se-souvenir\/#primaryimage\"},\"thumbnailUrl\":\"https:\/\/teamsters.ca\/wp-content\/uploads\/2025\/04\/Deuil2025-1.png\",\"datePublished\":\"2025-04-26T12:26:01+00:00\",\"dateModified\":\"2025-04-26T12:27:50+00:00\",\"breadcrumb\":{\"@id\":\"https:\/\/teamsters.ca\/fr\/blog\/2025\/04\/26\/journee-nationale-de-deuil-voter-cest-se-souvenir\/#breadcrumb\"},\"inLanguage\":\"fr-CA\",\"potentialAction\":[{\"@type\":\"ReadAction\",\"target\":[\"https:\/\/teamsters.ca\/fr\/blog\/2025\/04\/26\/journee-nationale-de-deuil-voter-cest-se-souvenir\/\"]}]},{\"@type\":\"ImageObject\",\"inLanguage\":\"fr-CA\",\"@id\":\"https:\/\/teamsters.ca\/fr\/blog\/2025\/04\/26\/journee-nationale-de-deuil-voter-cest-se-souvenir\/#primaryimage\",\"url\":\"https:\/\/teamsters.ca\/wp-content\/uploads\/2025\/04\/Deuil2025-1.png\",\"contentUrl\":\"https:\/\/teamsters.ca\/wp-content\/uploads\/2025\/04\/Deuil2025-1.png\",\"width\":1166,\"height\":768},{\"@type\":\"BreadcrumbList\",\"@id\":\"https:\/\/teamsters.ca\/fr\/blog\/2025\/04\/26\/journee-nationale-de-deuil-voter-cest-se-souvenir\/#breadcrumb\",\"itemListElement\":[{\"@type\":\"ListItem\",\"position\":1,\"name\":\"Home\",\"item\":\"https:\/\/teamsters.ca\/fr\/\"},{\"@type\":\"ListItem\",\"position\":2,\"name\":\"Journ\u00e9e nationale de deuil\u00a0: Voter, c\u2019est se souvenir\"}]},{\"@type\":\"WebSite\",\"@id\":\"https:\/\/teamsters.ca\/fr\/#website\",\"url\":\"https:\/\/teamsters.ca\/fr\/\",\"name\":\"Teamsters Canada\",\"description\":\"A Canadian union representing over 125 000 members\",\"publisher\":{\"@id\":\"https:\/\/teamsters.ca\/fr\/#organization\"},\"potentialAction\":[{\"@type\":\"SearchAction\",\"target\":{\"@type\":\"EntryPoint\",\"urlTemplate\":\"https:\/\/teamsters.ca\/fr\/?s={search_term_string}\"},\"query-input\":{\"@type\":\"PropertyValueSpecification\",\"valueRequired\":true,\"valueName\":\"search_term_string\"}}],\"inLanguage\":\"fr-CA\"},{\"@type\":\"Organization\",\"@id\":\"https:\/\/teamsters.ca\/fr\/#organization\",\"name\":\"Teamsters Canada\",\"url\":\"https:\/\/teamsters.ca\/fr\/\",\"logo\":{\"@type\":\"ImageObject\",\"inLanguage\":\"fr-CA\",\"@id\":\"https:\/\/teamsters.ca\/fr\/#\/schema\/logo\/image\/\",\"url\":\"https:\/\/teamsters.ca\/wp-content\/uploads\/2019\/08\/TeamstersCanada.png\",\"contentUrl\":\"https:\/\/teamsters.ca\/wp-content\/uploads\/2019\/08\/TeamstersCanada.png\",\"width\":545,\"height\":181,\"caption\":\"Teamsters Canada\"},\"image\":{\"@id\":\"https:\/\/teamsters.ca\/fr\/#\/schema\/logo\/image\/\"},\"sameAs\":[\"https:\/\/www.facebook.com\/Teamsterscanada\/\",\"https:\/\/x.com\/TeamstersCanada\"]},{\"@type\":\"Person\",\"@id\":\"https:\/\/teamsters.ca\/fr\/#\/schema\/person\/16abb510b61e30ac94505e325f34ff0c\",\"name\":\"communications\",\"image\":{\"@type\":\"ImageObject\",\"inLanguage\":\"fr-CA\",\"@id\":\"https:\/\/teamsters.ca\/fr\/#\/schema\/person\/image\/\",\"url\":\"https:\/\/secure.gravatar.com\/avatar\/707c37c6763af59d83f3b3dcebfff9d9d58ef9e062e2c9452a9dbb153c85d7ac?s=96&d=mm&r=g\",\"contentUrl\":\"https:\/\/secure.gravatar.com\/avatar\/707c37c6763af59d83f3b3dcebfff9d9d58ef9e062e2c9452a9dbb153c85d7ac?s=96&d=mm&r=g\",\"caption\":\"communications\"},\"url\":\"https:\/\/teamsters.ca\/fr\/blog\/author\/communications\/\"}]}<\/script>\n<!-- \/ Yoast SEO Premium plugin. -->","yoast_head_json":{"title":"Journ\u00e9e nationale de deuil\u00a0: Voter, c\u2019est se souvenir | Teamsters Canada","robots":{"index":"index","follow":"follow","max-snippet":"max-snippet:-1","max-image-preview":"max-image-preview:large","max-video-preview":"max-video-preview:-1"},"canonical":"https:\/\/teamsters.ca\/fr\/blog\/2025\/04\/26\/journee-nationale-de-deuil-voter-cest-se-souvenir\/","og_locale":"fr_CA","og_type":"article","og_title":"Journ\u00e9e nationale de deuil\u00a0: Voter, c\u2019est se souvenir","og_description":"Chaque 28&nbsp;avril au Canada, nous soulignons la Journ\u00e9e nationale de deuil. Cette journ\u00e9e rend hommage aux travailleuses et travailleurs d\u00e9c\u00e9d\u00e9s, bless\u00e9s ou rendus malades \u00e0 cause de leur emploi. En tant que syndicalistes, cette journ\u00e9e est sp\u00e9ciale et importante. Nous consacrons nos vies \u00e0 am\u00e9liorer les conditions de travail, \u00e0 prot\u00e9ger les droits des travailleuses [&hellip;]","og_url":"https:\/\/teamsters.ca\/fr\/blog\/2025\/04\/26\/journee-nationale-de-deuil-voter-cest-se-souvenir\/","og_site_name":"Teamsters Canada","article_publisher":"https:\/\/www.facebook.com\/Teamsterscanada\/","article_published_time":"2025-04-26T12:26:01+00:00","article_modified_time":"2025-04-26T12:27:50+00:00","og_image":[{"width":1166,"height":768,"url":"https:\/\/teamsters.ca\/wp-content\/uploads\/2025\/04\/Deuil2025-1.png","type":"image\/png"}],"author":"communications","twitter_card":"summary_large_image","twitter_creator":"@TeamstersCanada","twitter_site":"@TeamstersCanada","twitter_misc":{"\u00c9crit par":"communications","Estimation du temps de lecture":"2 minutes"},"schema":{"@context":"https:\/\/schema.org","@graph":[{"@type":"Article","@id":"https:\/\/teamsters.ca\/fr\/blog\/2025\/04\/26\/journee-nationale-de-deuil-voter-cest-se-souvenir\/#article","isPartOf":{"@id":"https:\/\/teamsters.ca\/fr\/blog\/2025\/04\/26\/journee-nationale-de-deuil-voter-cest-se-souvenir\/"},"author":{"name":"communications","@id":"https:\/\/teamsters.ca\/fr\/#\/schema\/person\/16abb510b61e30ac94505e325f34ff0c"},"headline":"Journ\u00e9e nationale de deuil\u00a0: Voter, c\u2019est se souvenir","datePublished":"2025-04-26T12:26:01+00:00","dateModified":"2025-04-26T12:27:50+00:00","mainEntityOfPage":{"@id":"https:\/\/teamsters.ca\/fr\/blog\/2025\/04\/26\/journee-nationale-de-deuil-voter-cest-se-souvenir\/"},"wordCount":461,"publisher":{"@id":"https:\/\/teamsters.ca\/fr\/#organization"},"image":{"@id":"https:\/\/teamsters.ca\/fr\/blog\/2025\/04\/26\/journee-nationale-de-deuil-voter-cest-se-souvenir\/#primaryimage"},"thumbnailUrl":"https:\/\/teamsters.ca\/wp-content\/uploads\/2025\/04\/Deuil2025-1.png","articleSection":["Lettres du pr\u00e9sident","Nouvelles"],"inLanguage":"fr-CA"},{"@type":"WebPage","@id":"https:\/\/teamsters.ca\/fr\/blog\/2025\/04\/26\/journee-nationale-de-deuil-voter-cest-se-souvenir\/","url":"https:\/\/teamsters.ca\/fr\/blog\/2025\/04\/26\/journee-nationale-de-deuil-voter-cest-se-souvenir\/","name":"Journ\u00e9e nationale de deuil\u00a0: Voter, c\u2019est se souvenir | Teamsters Canada","isPartOf":{"@id":"https:\/\/teamsters.ca\/fr\/#website"},"primaryImageOfPage":{"@id":"https:\/\/teamsters.ca\/fr\/blog\/2025\/04\/26\/journee-nationale-de-deuil-voter-cest-se-souvenir\/#primaryimage"},"image":{"@id":"https:\/\/teamsters.ca\/fr\/blog\/2025\/04\/26\/journee-nationale-de-deuil-voter-cest-se-souvenir\/#primaryimage"},"thumbnailUrl":"https:\/\/teamsters.ca\/wp-content\/uploads\/2025\/04\/Deuil2025-1.png","datePublished":"2025-04-26T12:26:01+00:00","dateModified":"2025-04-26T12:27:50+00:00","breadcrumb":{"@id":"https:\/\/teamsters.ca\/fr\/blog\/2025\/04\/26\/journee-nationale-de-deuil-voter-cest-se-souvenir\/#breadcrumb"},"inLanguage":"fr-CA","potentialAction":[{"@type":"ReadAction","target":["https:\/\/teamsters.ca\/fr\/blog\/2025\/04\/26\/journee-nationale-de-deuil-voter-cest-se-souvenir\/"]}]},{"@type":"ImageObject","inLanguage":"fr-CA","@id":"https:\/\/teamsters.ca\/fr\/blog\/2025\/04\/26\/journee-nationale-de-deuil-voter-cest-se-souvenir\/#primaryimage","url":"https:\/\/teamsters.ca\/wp-content\/uploads\/2025\/04\/Deuil2025-1.png","contentUrl":"https:\/\/teamsters.ca\/wp-content\/uploads\/2025\/04\/Deuil2025-1.png","width":1166,"height":768},{"@type":"BreadcrumbList","@id":"https:\/\/teamsters.ca\/fr\/blog\/2025\/04\/26\/journee-nationale-de-deuil-voter-cest-se-souvenir\/#breadcrumb","itemListElement":[{"@type":"ListItem","position":1,"name":"Home","item":"https:\/\/teamsters.ca\/fr\/"},{"@type":"ListItem","position":2,"name":"Journ\u00e9e nationale de deuil\u00a0: Voter, c\u2019est se souvenir"}]},{"@type":"WebSite","@id":"https:\/\/teamsters.ca\/fr\/#website","url":"https:\/\/teamsters.ca\/fr\/","name":"Teamsters Canada","description":"A Canadian union representing over 125 000 members","publisher":{"@id":"https:\/\/teamsters.ca\/fr\/#organization"},"potentialAction":[{"@type":"SearchAction","target":{"@type":"EntryPoint","urlTemplate":"https:\/\/teamsters.ca\/fr\/?s={search_term_string}"},"query-input":{"@type":"PropertyValueSpecification","valueRequired":true,"valueName":"search_term_string"}}],"inLanguage":"fr-CA"},{"@type":"Organization","@id":"https:\/\/teamsters.ca\/fr\/#organization","name":"Teamsters Canada","url":"https:\/\/teamsters.ca\/fr\/","logo":{"@type":"ImageObject","inLanguage":"fr-CA","@id":"https:\/\/teamsters.ca\/fr\/#\/schema\/logo\/image\/","url":"https:\/\/teamsters.ca\/wp-content\/uploads\/2019\/08\/TeamstersCanada.png","contentUrl":"https:\/\/teamsters.ca\/wp-content\/uploads\/2019\/08\/TeamstersCanada.png","width":545,"height":181,"caption":"Teamsters Canada"},"image":{"@id":"https:\/\/teamsters.ca\/fr\/#\/schema\/logo\/image\/"},"sameAs":["https:\/\/www.facebook.com\/Teamsterscanada\/","https:\/\/x.com\/TeamstersCanada"]},{"@type":"Person","@id":"https:\/\/teamsters.ca\/fr\/#\/schema\/person\/16abb510b61e30ac94505e325f34ff0c","name":"communications","image":{"@type":"ImageObject","inLanguage":"fr-CA","@id":"https:\/\/teamsters.ca\/fr\/#\/schema\/person\/image\/","url":"https:\/\/secure.gravatar.com\/avatar\/707c37c6763af59d83f3b3dcebfff9d9d58ef9e062e2c9452a9dbb153c85d7ac?s=96&d=mm&r=g","contentUrl":"https:\/\/secure.gravatar.com\/avatar\/707c37c6763af59d83f3b3dcebfff9d9d58ef9e062e2c9452a9dbb153c85d7ac?s=96&d=mm&r=g","caption":"communications"},"url":"https:\/\/teamsters.ca\/fr\/blog\/author\/communications\/"}]}},"_links":{"self":[{"href":"https:\/\/teamsters.ca\/fr\/wp-json\/wp\/v2\/posts\/28529","targetHints":{"allow":["GET"]}}],"collection":[{"href":"https:\/\/teamsters.ca\/fr\/wp-json\/wp\/v2\/posts"}],"about":[{"href":"https:\/\/teamsters.ca\/fr\/wp-json\/wp\/v2\/types\/post"}],"author":[{"embeddable":true,"href":"https:\/\/teamsters.ca\/fr\/wp-json\/wp\/v2\/users\/9"}],"replies":[{"embeddable":true,"href":"https:\/\/teamsters.ca\/fr\/wp-json\/wp\/v2\/comments?post=28529"}],"version-history":[{"count":2,"href":"https:\/\/teamsters.ca\/fr\/wp-json\/wp\/v2\/posts\/28529\/revisions"}],"predecessor-version":[{"id":28535,"href":"https:\/\/teamsters.ca\/fr\/wp-json\/wp\/v2\/posts\/28529\/revisions\/28535"}],"wp:featuredmedia":[{"embeddable":true,"href":"https:\/\/teamsters.ca\/fr\/wp-json\/wp\/v2\/media\/28533"}],"wp:attachment":[{"href":"https:\/\/teamsters.ca\/fr\/wp-json\/wp\/v2\/media?parent=28529"}],"wp:term":[{"taxonomy":"category","embeddable":true,"href":"https:\/\/teamsters.ca\/fr\/wp-json\/wp\/v2\/categories?post=28529"},{"taxonomy":"post_tag","embeddable":true,"href":"https:\/\/teamsters.ca\/fr\/wp-json\/wp\/v2\/tags?post=28529"}],"curies":[{"name":"wp","href":"https:\/\/api.w.org\/{rel}","templated":true}]}}