{"id":28391,"date":"2025-04-03T20:04:59","date_gmt":"2025-04-04T00:04:59","guid":{"rendered":"https:\/\/teamsters.ca\/?p=28391"},"modified":"2025-04-03T21:02:42","modified_gmt":"2025-04-04T01:02:42","slug":"declaration-sur-les-tarifs-douaniers-du-2-aout","status":"publish","type":"post","link":"https:\/\/teamsters.ca\/fr\/blog\/2025\/04\/03\/declaration-sur-les-tarifs-douaniers-du-2-aout\/","title":{"rendered":"D\u00e9claration sur les tarifs douaniers du 2 avril"},"content":{"rendered":"\n<p><em>La d\u00e9claration suivante provient de Fran\u00e7ois Laporte, pr\u00e9sident de Teamsters Canada. <\/em><\/p>\n\n\n\n<p>Cons\u0153urs,<br \/>confr\u00e8res,<\/p>\n\n\n\n<p>La plus r\u00e9cente salve de droits de douane am\u00e9ricains sur les automobiles et les pi\u00e8ces fabriqu\u00e9es au Canada marque une nouvelle escalade am\u00e9ricaine dans le cadre d\u2019une guerre commerciale qui ne cesse de s\u2019intensifier. Ces mesures viennent s\u2019ajouter aux tarifs d\u00e9j\u00e0 en place sur l\u2019acier, l\u2019aluminium et le bois d\u2019\u0153uvre. Cela pose une menace croissante pour les gens d\u2019ici.<\/p>\n\n\n\n<p>Soyons clairs : les droits de douane ne sont pas pay\u00e9s par des gouvernements \u00e9trangers. Ce sont les travailleuses, les travailleurs et les consommateurs qui en paient le prix. Ces nouveaux tarifs entraineront des pertes d\u2019emplois, des perturbations dans les chaines d\u2019approvisionnement et une hausse des couts pour les familles des deux cotes de la fronti\u00e8re.<\/p>\n\n\n\n<p>Les travailleurs de l\u2019acier, de l\u2019aluminium, du transport de v\u00e9hicules, et de la fabrication de pi\u00e8ces automobiles, dont plusieurs sont membres des Teamsters, vivent d\u00e9j\u00e0 une grande incertitude face \u00e0 l\u2019avenir.<\/p>\n\n\n\n<p>Notre syndicat r\u00e9affirme la n\u00e9cessit\u00e9 de soutenir les travailleurs et de riposter de mani\u00e8re strat\u00e9gique contre les tarifs de Donald Trump.<\/p>\n\n\n\n<p>Aux chefs de parti actuellement en campagne : sachez que les travailleurs vous observent. Ce moment exige un leadership courageux et ancr\u00e9 dans des principes, non pas de simples calculs politiques. Apr\u00e8s les \u00e9lections, vous devrez travailler avec les \u00c9tats-Unis pour trouver des solutions qui profitent aux gens des deux c\u00f4t\u00e9s de la fronti\u00e8re.<\/p>\n\n\n\n<p>Nos emplois ne sont pas des monnaies d\u2019\u00e9change. Les travailleurs n\u2019ont pas demand\u00e9 cette guerre commerciale, mais ce sont eux qui en subiront les cons\u00e9quences.<\/p>\n\n\n\n<p>Il ne s\u2019agit pas que de commerce. Il s\u2019agit de respect. Il s\u2019agit d\u2019emplois. Il s\u2019agit de s\u2019assurer que les travailleurs ne soient pas encore une fois laiss\u00e9s pour compte.<\/p>\n\n\n\n<p>\u00c0 nos membres dans les secteurs touch\u00e9s : sachez que votre syndicat est \u00e0 vos c\u00f4t\u00e9s. Nous continuerons \u00e0 \u00e9lever la voix, \u00e0 exiger des mesures concr\u00e8tes, et \u00e0 d\u00e9fendre vos emplois et votre avenir.<\/p>\n\n\n\n<p>Solidairement,<\/p>\n\n\n\n<p>Fran\u00e7ois Laporte<br \/>Pr\u00e9sident, Teamsters Canada<\/p>\n","protected":false},"excerpt":{"rendered":"<p>La d\u00e9claration suivante provient de Fran\u00e7ois Laporte, pr\u00e9sident de Teamsters Canada. Cons\u0153urs,confr\u00e8res, La plus r\u00e9cente salve de droits de douane am\u00e9ricains sur les automobiles et les pi\u00e8ces fabriqu\u00e9es au Canada marque une nouvelle escalade am\u00e9ricaine dans le cadre d\u2019une guerre commerciale qui ne cesse de s\u2019intensifier. Ces mesures viennent s\u2019ajouter aux tarifs d\u00e9j\u00e0 en place [&hellip;]<\/p>\n","protected":false},"author":9,"featured_media":28388,"comment_status":"closed","ping_status":"closed","sticky":false,"template":"","format":"standard","meta":{"ngg_post_thumbnail":0,"mc4wp_mailchimp_campaign":[],"footnotes":""},"categories":[1114],"tags":[],"class_list":{"0":"post-28391","1":"post","2":"type-post","3":"status-publish","4":"format-standard","5":"has-post-thumbnail","7":"category-nouvelles"},"yoast_head":"<!-- This site is optimized with the Yoast SEO Premium plugin v25.5 (Yoast SEO v25.5) - https:\/\/yoast.com\/wordpress\/plugins\/seo\/ -->\n<title>D\u00e9claration sur les tarifs douaniers du 2 avril | Teamsters Canada<\/title>\n<meta name=\"robots\" content=\"index, follow, max-snippet:-1, max-image-preview:large, max-video-preview:-1\" \/>\n<link rel=\"canonical\" href=\"https:\/\/teamsters.ca\/fr\/blog\/2025\/04\/03\/declaration-sur-les-tarifs-douaniers-du-2-aout\/\" \/>\n<meta property=\"og:locale\" content=\"fr_CA\" \/>\n<meta property=\"og:type\" content=\"article\" \/>\n<meta property=\"og:title\" content=\"D\u00e9claration sur les tarifs douaniers du 2 avril\" \/>\n<meta property=\"og:description\" content=\"La d\u00e9claration suivante provient de Fran\u00e7ois Laporte, pr\u00e9sident de Teamsters Canada. Cons\u0153urs,confr\u00e8res, La plus r\u00e9cente salve de droits de douane am\u00e9ricains sur les automobiles et les pi\u00e8ces fabriqu\u00e9es au Canada marque une nouvelle escalade am\u00e9ricaine dans le cadre d\u2019une guerre commerciale qui ne cesse de s\u2019intensifier. Ces mesures viennent s\u2019ajouter aux tarifs d\u00e9j\u00e0 en place [&hellip;]\" \/>\n<meta property=\"og:url\" content=\"https:\/\/teamsters.ca\/fr\/blog\/2025\/04\/03\/declaration-sur-les-tarifs-douaniers-du-2-aout\/\" \/>\n<meta property=\"og:site_name\" content=\"Teamsters Canada\" \/>\n<meta property=\"article:publisher\" content=\"https:\/\/www.facebook.com\/Teamsterscanada\/\" \/>\n<meta property=\"article:published_time\" content=\"2025-04-04T00:04:59+00:00\" \/>\n<meta property=\"article:modified_time\" content=\"2025-04-04T01:02:42+00:00\" \/>\n<meta property=\"og:image\" content=\"https:\/\/teamsters.ca\/wp-content\/uploads\/2025\/04\/AdobeStock_699865404-scaled.jpeg\" \/>\n\t<meta property=\"og:image:width\" content=\"2560\" \/>\n\t<meta property=\"og:image:height\" content=\"1707\" \/>\n\t<meta property=\"og:image:type\" content=\"image\/jpeg\" \/>\n<meta name=\"author\" content=\"communications\" \/>\n<meta name=\"twitter:card\" content=\"summary_large_image\" \/>\n<meta name=\"twitter:creator\" content=\"@TeamstersCanada\" \/>\n<meta name=\"twitter:site\" content=\"@TeamstersCanada\" \/>\n<meta name=\"twitter:label1\" content=\"\u00c9crit par\" \/>\n\t<meta name=\"twitter:data1\" content=\"communications\" \/>\n\t<meta name=\"twitter:label2\" content=\"Estimation du temps de lecture\" \/>\n\t<meta name=\"twitter:data2\" content=\"2 minutes\" \/>\n<script type=\"application\/ld+json\" class=\"yoast-schema-graph\">{\"@context\":\"https:\/\/schema.org\",\"@graph\":[{\"@type\":\"Article\",\"@id\":\"https:\/\/teamsters.ca\/fr\/blog\/2025\/04\/03\/declaration-sur-les-tarifs-douaniers-du-2-aout\/#article\",\"isPartOf\":{\"@id\":\"https:\/\/teamsters.ca\/fr\/blog\/2025\/04\/03\/declaration-sur-les-tarifs-douaniers-du-2-aout\/\"},\"author\":{\"name\":\"communications\",\"@id\":\"https:\/\/teamsters.ca\/fr\/#\/schema\/person\/16abb510b61e30ac94505e325f34ff0c\"},\"headline\":\"D\u00e9claration sur les tarifs douaniers du 2 avril\",\"datePublished\":\"2025-04-04T00:04:59+00:00\",\"dateModified\":\"2025-04-04T01:02:42+00:00\",\"mainEntityOfPage\":{\"@id\":\"https:\/\/teamsters.ca\/fr\/blog\/2025\/04\/03\/declaration-sur-les-tarifs-douaniers-du-2-aout\/\"},\"wordCount\":381,\"publisher\":{\"@id\":\"https:\/\/teamsters.ca\/fr\/#organization\"},\"image\":{\"@id\":\"https:\/\/teamsters.ca\/fr\/blog\/2025\/04\/03\/declaration-sur-les-tarifs-douaniers-du-2-aout\/#primaryimage\"},\"thumbnailUrl\":\"https:\/\/teamsters.ca\/wp-content\/uploads\/2025\/04\/AdobeStock_699865404-scaled.jpeg\",\"articleSection\":[\"Nouvelles\"],\"inLanguage\":\"fr-CA\"},{\"@type\":\"WebPage\",\"@id\":\"https:\/\/teamsters.ca\/fr\/blog\/2025\/04\/03\/declaration-sur-les-tarifs-douaniers-du-2-aout\/\",\"url\":\"https:\/\/teamsters.ca\/fr\/blog\/2025\/04\/03\/declaration-sur-les-tarifs-douaniers-du-2-aout\/\",\"name\":\"D\u00e9claration sur les tarifs douaniers du 2 avril | Teamsters Canada\",\"isPartOf\":{\"@id\":\"https:\/\/teamsters.ca\/fr\/#website\"},\"primaryImageOfPage\":{\"@id\":\"https:\/\/teamsters.ca\/fr\/blog\/2025\/04\/03\/declaration-sur-les-tarifs-douaniers-du-2-aout\/#primaryimage\"},\"image\":{\"@id\":\"https:\/\/teamsters.ca\/fr\/blog\/2025\/04\/03\/declaration-sur-les-tarifs-douaniers-du-2-aout\/#primaryimage\"},\"thumbnailUrl\":\"https:\/\/teamsters.ca\/wp-content\/uploads\/2025\/04\/AdobeStock_699865404-scaled.jpeg\",\"datePublished\":\"2025-04-04T00:04:59+00:00\",\"dateModified\":\"2025-04-04T01:02:42+00:00\",\"breadcrumb\":{\"@id\":\"https:\/\/teamsters.ca\/fr\/blog\/2025\/04\/03\/declaration-sur-les-tarifs-douaniers-du-2-aout\/#breadcrumb\"},\"inLanguage\":\"fr-CA\",\"potentialAction\":[{\"@type\":\"ReadAction\",\"target\":[\"https:\/\/teamsters.ca\/fr\/blog\/2025\/04\/03\/declaration-sur-les-tarifs-douaniers-du-2-aout\/\"]}]},{\"@type\":\"ImageObject\",\"inLanguage\":\"fr-CA\",\"@id\":\"https:\/\/teamsters.ca\/fr\/blog\/2025\/04\/03\/declaration-sur-les-tarifs-douaniers-du-2-aout\/#primaryimage\",\"url\":\"https:\/\/teamsters.ca\/wp-content\/uploads\/2025\/04\/AdobeStock_699865404-scaled.jpeg\",\"contentUrl\":\"https:\/\/teamsters.ca\/wp-content\/uploads\/2025\/04\/AdobeStock_699865404-scaled.jpeg\",\"width\":2560,\"height\":1707},{\"@type\":\"BreadcrumbList\",\"@id\":\"https:\/\/teamsters.ca\/fr\/blog\/2025\/04\/03\/declaration-sur-les-tarifs-douaniers-du-2-aout\/#breadcrumb\",\"itemListElement\":[{\"@type\":\"ListItem\",\"position\":1,\"name\":\"Home\",\"item\":\"https:\/\/teamsters.ca\/fr\/\"},{\"@type\":\"ListItem\",\"position\":2,\"name\":\"D\u00e9claration sur les tarifs douaniers du 2 avril\"}]},{\"@type\":\"WebSite\",\"@id\":\"https:\/\/teamsters.ca\/fr\/#website\",\"url\":\"https:\/\/teamsters.ca\/fr\/\",\"name\":\"Teamsters Canada\",\"description\":\"A Canadian union representing over 125 000 members\",\"publisher\":{\"@id\":\"https:\/\/teamsters.ca\/fr\/#organization\"},\"potentialAction\":[{\"@type\":\"SearchAction\",\"target\":{\"@type\":\"EntryPoint\",\"urlTemplate\":\"https:\/\/teamsters.ca\/fr\/?s={search_term_string}\"},\"query-input\":{\"@type\":\"PropertyValueSpecification\",\"valueRequired\":true,\"valueName\":\"search_term_string\"}}],\"inLanguage\":\"fr-CA\"},{\"@type\":\"Organization\",\"@id\":\"https:\/\/teamsters.ca\/fr\/#organization\",\"name\":\"Teamsters Canada\",\"url\":\"https:\/\/teamsters.ca\/fr\/\",\"logo\":{\"@type\":\"ImageObject\",\"inLanguage\":\"fr-CA\",\"@id\":\"https:\/\/teamsters.ca\/fr\/#\/schema\/logo\/image\/\",\"url\":\"https:\/\/teamsters.ca\/wp-content\/uploads\/2019\/08\/TeamstersCanada.png\",\"contentUrl\":\"https:\/\/teamsters.ca\/wp-content\/uploads\/2019\/08\/TeamstersCanada.png\",\"width\":545,\"height\":181,\"caption\":\"Teamsters Canada\"},\"image\":{\"@id\":\"https:\/\/teamsters.ca\/fr\/#\/schema\/logo\/image\/\"},\"sameAs\":[\"https:\/\/www.facebook.com\/Teamsterscanada\/\",\"https:\/\/x.com\/TeamstersCanada\"]},{\"@type\":\"Person\",\"@id\":\"https:\/\/teamsters.ca\/fr\/#\/schema\/person\/16abb510b61e30ac94505e325f34ff0c\",\"name\":\"communications\",\"image\":{\"@type\":\"ImageObject\",\"inLanguage\":\"fr-CA\",\"@id\":\"https:\/\/teamsters.ca\/fr\/#\/schema\/person\/image\/\",\"url\":\"https:\/\/secure.gravatar.com\/avatar\/707c37c6763af59d83f3b3dcebfff9d9d58ef9e062e2c9452a9dbb153c85d7ac?s=96&d=mm&r=g\",\"contentUrl\":\"https:\/\/secure.gravatar.com\/avatar\/707c37c6763af59d83f3b3dcebfff9d9d58ef9e062e2c9452a9dbb153c85d7ac?s=96&d=mm&r=g\",\"caption\":\"communications\"},\"url\":\"https:\/\/teamsters.ca\/fr\/blog\/author\/communications\/\"}]}<\/script>\n<!-- \/ Yoast SEO Premium plugin. -->","yoast_head_json":{"title":"D\u00e9claration sur les tarifs douaniers du 2 avril | Teamsters Canada","robots":{"index":"index","follow":"follow","max-snippet":"max-snippet:-1","max-image-preview":"max-image-preview:large","max-video-preview":"max-video-preview:-1"},"canonical":"https:\/\/teamsters.ca\/fr\/blog\/2025\/04\/03\/declaration-sur-les-tarifs-douaniers-du-2-aout\/","og_locale":"fr_CA","og_type":"article","og_title":"D\u00e9claration sur les tarifs douaniers du 2 avril","og_description":"La d\u00e9claration suivante provient de Fran\u00e7ois Laporte, pr\u00e9sident de Teamsters Canada. Cons\u0153urs,confr\u00e8res, La plus r\u00e9cente salve de droits de douane am\u00e9ricains sur les automobiles et les pi\u00e8ces fabriqu\u00e9es au Canada marque une nouvelle escalade am\u00e9ricaine dans le cadre d\u2019une guerre commerciale qui ne cesse de s\u2019intensifier. Ces mesures viennent s\u2019ajouter aux tarifs d\u00e9j\u00e0 en place [&hellip;]","og_url":"https:\/\/teamsters.ca\/fr\/blog\/2025\/04\/03\/declaration-sur-les-tarifs-douaniers-du-2-aout\/","og_site_name":"Teamsters Canada","article_publisher":"https:\/\/www.facebook.com\/Teamsterscanada\/","article_published_time":"2025-04-04T00:04:59+00:00","article_modified_time":"2025-04-04T01:02:42+00:00","og_image":[{"width":2560,"height":1707,"url":"https:\/\/teamsters.ca\/wp-content\/uploads\/2025\/04\/AdobeStock_699865404-scaled.jpeg","type":"image\/jpeg"}],"author":"communications","twitter_card":"summary_large_image","twitter_creator":"@TeamstersCanada","twitter_site":"@TeamstersCanada","twitter_misc":{"\u00c9crit par":"communications","Estimation du temps de lecture":"2 minutes"},"schema":{"@context":"https:\/\/schema.org","@graph":[{"@type":"Article","@id":"https:\/\/teamsters.ca\/fr\/blog\/2025\/04\/03\/declaration-sur-les-tarifs-douaniers-du-2-aout\/#article","isPartOf":{"@id":"https:\/\/teamsters.ca\/fr\/blog\/2025\/04\/03\/declaration-sur-les-tarifs-douaniers-du-2-aout\/"},"author":{"name":"communications","@id":"https:\/\/teamsters.ca\/fr\/#\/schema\/person\/16abb510b61e30ac94505e325f34ff0c"},"headline":"D\u00e9claration sur les tarifs douaniers du 2 avril","datePublished":"2025-04-04T00:04:59+00:00","dateModified":"2025-04-04T01:02:42+00:00","mainEntityOfPage":{"@id":"https:\/\/teamsters.ca\/fr\/blog\/2025\/04\/03\/declaration-sur-les-tarifs-douaniers-du-2-aout\/"},"wordCount":381,"publisher":{"@id":"https:\/\/teamsters.ca\/fr\/#organization"},"image":{"@id":"https:\/\/teamsters.ca\/fr\/blog\/2025\/04\/03\/declaration-sur-les-tarifs-douaniers-du-2-aout\/#primaryimage"},"thumbnailUrl":"https:\/\/teamsters.ca\/wp-content\/uploads\/2025\/04\/AdobeStock_699865404-scaled.jpeg","articleSection":["Nouvelles"],"inLanguage":"fr-CA"},{"@type":"WebPage","@id":"https:\/\/teamsters.ca\/fr\/blog\/2025\/04\/03\/declaration-sur-les-tarifs-douaniers-du-2-aout\/","url":"https:\/\/teamsters.ca\/fr\/blog\/2025\/04\/03\/declaration-sur-les-tarifs-douaniers-du-2-aout\/","name":"D\u00e9claration sur les tarifs douaniers du 2 avril | Teamsters Canada","isPartOf":{"@id":"https:\/\/teamsters.ca\/fr\/#website"},"primaryImageOfPage":{"@id":"https:\/\/teamsters.ca\/fr\/blog\/2025\/04\/03\/declaration-sur-les-tarifs-douaniers-du-2-aout\/#primaryimage"},"image":{"@id":"https:\/\/teamsters.ca\/fr\/blog\/2025\/04\/03\/declaration-sur-les-tarifs-douaniers-du-2-aout\/#primaryimage"},"thumbnailUrl":"https:\/\/teamsters.ca\/wp-content\/uploads\/2025\/04\/AdobeStock_699865404-scaled.jpeg","datePublished":"2025-04-04T00:04:59+00:00","dateModified":"2025-04-04T01:02:42+00:00","breadcrumb":{"@id":"https:\/\/teamsters.ca\/fr\/blog\/2025\/04\/03\/declaration-sur-les-tarifs-douaniers-du-2-aout\/#breadcrumb"},"inLanguage":"fr-CA","potentialAction":[{"@type":"ReadAction","target":["https:\/\/teamsters.ca\/fr\/blog\/2025\/04\/03\/declaration-sur-les-tarifs-douaniers-du-2-aout\/"]}]},{"@type":"ImageObject","inLanguage":"fr-CA","@id":"https:\/\/teamsters.ca\/fr\/blog\/2025\/04\/03\/declaration-sur-les-tarifs-douaniers-du-2-aout\/#primaryimage","url":"https:\/\/teamsters.ca\/wp-content\/uploads\/2025\/04\/AdobeStock_699865404-scaled.jpeg","contentUrl":"https:\/\/teamsters.ca\/wp-content\/uploads\/2025\/04\/AdobeStock_699865404-scaled.jpeg","width":2560,"height":1707},{"@type":"BreadcrumbList","@id":"https:\/\/teamsters.ca\/fr\/blog\/2025\/04\/03\/declaration-sur-les-tarifs-douaniers-du-2-aout\/#breadcrumb","itemListElement":[{"@type":"ListItem","position":1,"name":"Home","item":"https:\/\/teamsters.ca\/fr\/"},{"@type":"ListItem","position":2,"name":"D\u00e9claration sur les tarifs douaniers du 2 avril"}]},{"@type":"WebSite","@id":"https:\/\/teamsters.ca\/fr\/#website","url":"https:\/\/teamsters.ca\/fr\/","name":"Teamsters Canada","description":"A Canadian union representing over 125 000 members","publisher":{"@id":"https:\/\/teamsters.ca\/fr\/#organization"},"potentialAction":[{"@type":"SearchAction","target":{"@type":"EntryPoint","urlTemplate":"https:\/\/teamsters.ca\/fr\/?s={search_term_string}"},"query-input":{"@type":"PropertyValueSpecification","valueRequired":true,"valueName":"search_term_string"}}],"inLanguage":"fr-CA"},{"@type":"Organization","@id":"https:\/\/teamsters.ca\/fr\/#organization","name":"Teamsters Canada","url":"https:\/\/teamsters.ca\/fr\/","logo":{"@type":"ImageObject","inLanguage":"fr-CA","@id":"https:\/\/teamsters.ca\/fr\/#\/schema\/logo\/image\/","url":"https:\/\/teamsters.ca\/wp-content\/uploads\/2019\/08\/TeamstersCanada.png","contentUrl":"https:\/\/teamsters.ca\/wp-content\/uploads\/2019\/08\/TeamstersCanada.png","width":545,"height":181,"caption":"Teamsters Canada"},"image":{"@id":"https:\/\/teamsters.ca\/fr\/#\/schema\/logo\/image\/"},"sameAs":["https:\/\/www.facebook.com\/Teamsterscanada\/","https:\/\/x.com\/TeamstersCanada"]},{"@type":"Person","@id":"https:\/\/teamsters.ca\/fr\/#\/schema\/person\/16abb510b61e30ac94505e325f34ff0c","name":"communications","image":{"@type":"ImageObject","inLanguage":"fr-CA","@id":"https:\/\/teamsters.ca\/fr\/#\/schema\/person\/image\/","url":"https:\/\/secure.gravatar.com\/avatar\/707c37c6763af59d83f3b3dcebfff9d9d58ef9e062e2c9452a9dbb153c85d7ac?s=96&d=mm&r=g","contentUrl":"https:\/\/secure.gravatar.com\/avatar\/707c37c6763af59d83f3b3dcebfff9d9d58ef9e062e2c9452a9dbb153c85d7ac?s=96&d=mm&r=g","caption":"communications"},"url":"https:\/\/teamsters.ca\/fr\/blog\/author\/communications\/"}]}},"_links":{"self":[{"href":"https:\/\/teamsters.ca\/fr\/wp-json\/wp\/v2\/posts\/28391","targetHints":{"allow":["GET"]}}],"collection":[{"href":"https:\/\/teamsters.ca\/fr\/wp-json\/wp\/v2\/posts"}],"about":[{"href":"https:\/\/teamsters.ca\/fr\/wp-json\/wp\/v2\/types\/post"}],"author":[{"embeddable":true,"href":"https:\/\/teamsters.ca\/fr\/wp-json\/wp\/v2\/users\/9"}],"replies":[{"embeddable":true,"href":"https:\/\/teamsters.ca\/fr\/wp-json\/wp\/v2\/comments?post=28391"}],"version-history":[{"count":3,"href":"https:\/\/teamsters.ca\/fr\/wp-json\/wp\/v2\/posts\/28391\/revisions"}],"predecessor-version":[{"id":28395,"href":"https:\/\/teamsters.ca\/fr\/wp-json\/wp\/v2\/posts\/28391\/revisions\/28395"}],"wp:featuredmedia":[{"embeddable":true,"href":"https:\/\/teamsters.ca\/fr\/wp-json\/wp\/v2\/media\/28388"}],"wp:attachment":[{"href":"https:\/\/teamsters.ca\/fr\/wp-json\/wp\/v2\/media?parent=28391"}],"wp:term":[{"taxonomy":"category","embeddable":true,"href":"https:\/\/teamsters.ca\/fr\/wp-json\/wp\/v2\/categories?post=28391"},{"taxonomy":"post_tag","embeddable":true,"href":"https:\/\/teamsters.ca\/fr\/wp-json\/wp\/v2\/tags?post=28391"}],"curies":[{"name":"wp","href":"https:\/\/api.w.org\/{rel}","templated":true}]}}