{"id":28269,"date":"2025-03-12T13:17:32","date_gmt":"2025-03-12T17:17:32","guid":{"rendered":"https:\/\/teamsters.ca\/?p=28269"},"modified":"2025-03-12T18:06:35","modified_gmt":"2025-03-12T22:06:35","slug":"guerre-commerciale-le-syndicat-teamsters-demande-que-les-travailleurs-soient-les-premiers-a-beneficier-des-mesures-daide","status":"publish","type":"post","link":"https:\/\/teamsters.ca\/fr\/blog\/2025\/03\/12\/guerre-commerciale-le-syndicat-teamsters-demande-que-les-travailleurs-soient-les-premiers-a-beneficier-des-mesures-daide\/","title":{"rendered":"Guerre commerciale\u00a0: le syndicat Teamsters demande que les travailleurs et travailleuses soient les premiers \u00e0 b\u00e9n\u00e9ficier des mesures d\u2019aide"},"content":{"rendered":"\n<p>Laval, QC, le 12 mars 2025 &#8211; Teamsters Canada demande au gouvernement f\u00e9d\u00e9ral de s&rsquo;assurer que les travailleurs et travailleuses touch\u00e9s par les tarifs impos\u00e9s par l\u2019administration Trump sur l&rsquo;acier et l&rsquo;aluminium re\u00e7oivent un soutien ad\u00e9quat. Ottawa serait en train de planifier une aide d\u2019urgence de \u00ab niveau pand\u00e9mique \u00bb.<\/p>\n\n\n\n<p>Plut\u00f4t que de fournir aux entreprises un ch\u00e8que en blanc sans restriction, le syndicat demande au gouvernement de lier l&rsquo;aide financi\u00e8re au maintien des emplois. Les entreprises ne devraient recevoir une aide que si elles \u00e9vitent de mettre \u00e0 pied des travailleurs et travailleuses.<\/p>\n\n\n\n<p>De plus, le syndicat demande au gouvernement de plafonner la r\u00e9mun\u00e9ration des dirigeants et des actionnaires des entreprises qui acceptent l&rsquo;aide f\u00e9d\u00e9rale.<\/p>\n\n\n\n<p>\u00ab Il est \u00e9vident que les guerres commerciales nuisent \u00e0 la fois aux entreprises et aux travailleurs et travailleuses. Mais trop souvent, l&rsquo;aide accord\u00e9e aux entreprises ne se rend pas jusqu&rsquo;au personnel, explique Fran\u00e7ois Laporte, pr\u00e9sident de Teamsters Canada. Nous avons besoin de solutions qui permettent aux gens de continuer \u00e0 travailler, et non de subventions qui disparaissent dans les poches des cadres et actionnaires. Lier l&rsquo;aide directement au maintien des emplois est une fa\u00e7on de s&rsquo;assurer que l&rsquo;aide se rend aux personnes qui en ont le plus besoin, tout en maintenant les entreprises \u00e0 flot. \u00bb<\/p>\n\n\n\n<p>Le syndicat des Teamsters repr\u00e9sente des milliers de membres qui pourraient \u00eatre touch\u00e9s par les droits de douane sur l\u2019acier et l\u2019aluminium, notamment ceux qui travaillent dans la fabrication de produits en acier et secteurs connexes comme le transport et le recyclage.<\/p>\n\n\n\n<p>Le syndicat pr\u00e9vient que les tarifs douaniers auront un impact sur les emplois canadiens tout en augmentant consid\u00e9rablement les co\u00fbts pour les consommateurs et consommatrices am\u00e9ricains. Les \u00c9tats-Unis ont d\u00e9j\u00e0 atteint leur production maximale d&rsquo;acier et d&rsquo;aluminium, et la construction de nouvelles usines prendrait des ann\u00e9es en plus de couter des milliards. \u00ab Il n&rsquo;y aura pas de gagnant, peu importe de quel c\u00f4t\u00e9 de la fronti\u00e8re vous vous trouvez \u00bb, ajoute M. Laporte.<\/p>\n\n\n\n<p>En Colombie-Britannique, la Section locale 213 des Teamsters repr\u00e9sente environ 200 travailleurs et travailleuses chez Tree Island Steel. L&rsquo;entreprise syndiqu\u00e9e offre des emplois stables et bien r\u00e9mun\u00e9r\u00e9s depuis des d\u00e9cennies.<\/p>\n\n\n\n<p>\u00ab J&rsquo;ai commenc\u00e9 ma carri\u00e8re sur le plancher de l\u2019usine de Tree Island Steel. Les entreprises syndiqu\u00e9es comme celles-ci donnent aux familles une r\u00e9elle chance de prosp\u00e9rer, explique Tony Santavenere, pr\u00e9sident de la Section locale 213 des Teamsters. On peut y \u00eatre embauch\u00e9 dans la vingtaine, y faire carri\u00e8re, \u00e9lever une famille et prendre sa retraite dans la dignit\u00e9. La guerre commerciale ne durera pas \u00e9ternellement, mais nous ne pouvons pas laisser tomber les travailleurs et travailleuses pendant que des milliards se rendent dans les poches des entreprises. \u00bb<\/p>\n\n\n\n<p><em>Teamsters Canada repr\u00e9sente pr\u00e8s de 135 000 travailleurs et travailleuses au Canada dans tous les secteurs d&rsquo;activit\u00e9, d&rsquo;un oc\u00e9an \u00e0 l&rsquo;autre.<\/em><\/p>\n\n\n\n<p class=\"has-text-align-center\">-30-<\/p>\n\n\n\n<p>Christopher Monette<br \/>Directeur des affaires publiques<br \/>Teamsters Canada<br \/>Cell : 514-226-6002<br \/><a href=\"mailto:cmonette@teamsters.ca\" target=\"_blank\" rel=\"noreferrer noopener\">cmonette@teamsters.ca<\/a><\/p>\n","protected":false},"excerpt":{"rendered":"<p>Teamsters Canada demande au gouvernement f\u00e9d\u00e9ral de s&rsquo;assurer que les travailleurs touch\u00e9s par les tarifs impos\u00e9s par l\u2019administration Trump sur l&rsquo;acier et l&rsquo;aluminium re\u00e7oivent un soutien ad\u00e9quat. Ottawa serait en train de planifier une aide d\u2019urgence de \u00ab niveau pand\u00e9mique \u00bb.<\/p>\n","protected":false},"author":9,"featured_media":28283,"comment_status":"closed","ping_status":"closed","sticky":false,"template":"","format":"standard","meta":{"ngg_post_thumbnail":0,"mc4wp_mailchimp_campaign":[],"footnotes":""},"categories":[1114],"tags":[7041],"class_list":{"0":"post-28269","1":"post","2":"type-post","3":"status-publish","4":"format-standard","5":"has-post-thumbnail","7":"category-nouvelles","8":"tag-guerre-commerciale"},"yoast_head":"<!-- This site is optimized with the Yoast SEO Premium plugin v25.5 (Yoast SEO v25.5) - https:\/\/yoast.com\/wordpress\/plugins\/seo\/ -->\n<title>Guerre commerciale\u00a0: le syndicat Teamsters demande que les travailleurs et travailleuses soient les premiers \u00e0 b\u00e9n\u00e9ficier des mesures d\u2019aide | Teamsters Canada<\/title>\n<meta name=\"robots\" content=\"index, follow, max-snippet:-1, max-image-preview:large, max-video-preview:-1\" \/>\n<link rel=\"canonical\" href=\"https:\/\/teamsters.ca\/fr\/blog\/2025\/03\/12\/guerre-commerciale-le-syndicat-teamsters-demande-que-les-travailleurs-soient-les-premiers-a-beneficier-des-mesures-daide\/\" \/>\n<meta property=\"og:locale\" content=\"fr_CA\" \/>\n<meta property=\"og:type\" content=\"article\" \/>\n<meta property=\"og:title\" content=\"Guerre commerciale\u00a0: le syndicat Teamsters demande que les travailleurs et travailleuses soient les premiers \u00e0 b\u00e9n\u00e9ficier des mesures d\u2019aide\" \/>\n<meta property=\"og:description\" content=\"Teamsters Canada demande au gouvernement f\u00e9d\u00e9ral de s&#039;assurer que les travailleurs touch\u00e9s par les tarifs impos\u00e9s par l\u2019administration Trump sur l&#039;acier et l&#039;aluminium re\u00e7oivent un soutien ad\u00e9quat. Ottawa serait en train de planifier une aide d\u2019urgence de \u00ab niveau pand\u00e9mique \u00bb.\" \/>\n<meta property=\"og:url\" content=\"https:\/\/teamsters.ca\/fr\/blog\/2025\/03\/12\/guerre-commerciale-le-syndicat-teamsters-demande-que-les-travailleurs-soient-les-premiers-a-beneficier-des-mesures-daide\/\" \/>\n<meta property=\"og:site_name\" content=\"Teamsters Canada\" \/>\n<meta property=\"article:publisher\" content=\"https:\/\/www.facebook.com\/Teamsterscanada\/\" \/>\n<meta property=\"article:published_time\" content=\"2025-03-12T17:17:32+00:00\" \/>\n<meta property=\"article:modified_time\" content=\"2025-03-12T22:06:35+00:00\" \/>\n<meta property=\"og:image\" content=\"https:\/\/teamsters.ca\/wp-content\/uploads\/2025\/03\/Aidepri.png\" \/>\n\t<meta property=\"og:image:width\" content=\"1166\" \/>\n\t<meta property=\"og:image:height\" content=\"768\" \/>\n\t<meta property=\"og:image:type\" content=\"image\/png\" \/>\n<meta name=\"author\" content=\"communications\" \/>\n<meta name=\"twitter:card\" content=\"summary_large_image\" \/>\n<meta name=\"twitter:creator\" content=\"@TeamstersCanada\" \/>\n<meta name=\"twitter:site\" content=\"@TeamstersCanada\" \/>\n<meta name=\"twitter:label1\" content=\"\u00c9crit par\" \/>\n\t<meta name=\"twitter:data1\" content=\"communications\" \/>\n\t<meta name=\"twitter:label2\" content=\"Estimation du temps de lecture\" \/>\n\t<meta name=\"twitter:data2\" content=\"2 minutes\" \/>\n<script type=\"application\/ld+json\" class=\"yoast-schema-graph\">{\"@context\":\"https:\/\/schema.org\",\"@graph\":[{\"@type\":\"Article\",\"@id\":\"https:\/\/teamsters.ca\/fr\/blog\/2025\/03\/12\/guerre-commerciale-le-syndicat-teamsters-demande-que-les-travailleurs-soient-les-premiers-a-beneficier-des-mesures-daide\/#article\",\"isPartOf\":{\"@id\":\"https:\/\/teamsters.ca\/fr\/blog\/2025\/03\/12\/guerre-commerciale-le-syndicat-teamsters-demande-que-les-travailleurs-soient-les-premiers-a-beneficier-des-mesures-daide\/\"},\"author\":{\"name\":\"communications\",\"@id\":\"https:\/\/teamsters.ca\/fr\/#\/schema\/person\/16abb510b61e30ac94505e325f34ff0c\"},\"headline\":\"Guerre commerciale\u00a0: le syndicat Teamsters demande que les travailleurs et travailleuses soient les premiers \u00e0 b\u00e9n\u00e9ficier des mesures d\u2019aide\",\"datePublished\":\"2025-03-12T17:17:32+00:00\",\"dateModified\":\"2025-03-12T22:06:35+00:00\",\"mainEntityOfPage\":{\"@id\":\"https:\/\/teamsters.ca\/fr\/blog\/2025\/03\/12\/guerre-commerciale-le-syndicat-teamsters-demande-que-les-travailleurs-soient-les-premiers-a-beneficier-des-mesures-daide\/\"},\"wordCount\":519,\"publisher\":{\"@id\":\"https:\/\/teamsters.ca\/fr\/#organization\"},\"image\":{\"@id\":\"https:\/\/teamsters.ca\/fr\/blog\/2025\/03\/12\/guerre-commerciale-le-syndicat-teamsters-demande-que-les-travailleurs-soient-les-premiers-a-beneficier-des-mesures-daide\/#primaryimage\"},\"thumbnailUrl\":\"https:\/\/teamsters.ca\/wp-content\/uploads\/2025\/03\/Aidepri.png\",\"keywords\":[\"Guerre commerciale\"],\"articleSection\":[\"Nouvelles\"],\"inLanguage\":\"fr-CA\"},{\"@type\":\"WebPage\",\"@id\":\"https:\/\/teamsters.ca\/fr\/blog\/2025\/03\/12\/guerre-commerciale-le-syndicat-teamsters-demande-que-les-travailleurs-soient-les-premiers-a-beneficier-des-mesures-daide\/\",\"url\":\"https:\/\/teamsters.ca\/fr\/blog\/2025\/03\/12\/guerre-commerciale-le-syndicat-teamsters-demande-que-les-travailleurs-soient-les-premiers-a-beneficier-des-mesures-daide\/\",\"name\":\"Guerre commerciale\u00a0: le syndicat Teamsters demande que les travailleurs et travailleuses soient les premiers \u00e0 b\u00e9n\u00e9ficier des mesures d\u2019aide | Teamsters Canada\",\"isPartOf\":{\"@id\":\"https:\/\/teamsters.ca\/fr\/#website\"},\"primaryImageOfPage\":{\"@id\":\"https:\/\/teamsters.ca\/fr\/blog\/2025\/03\/12\/guerre-commerciale-le-syndicat-teamsters-demande-que-les-travailleurs-soient-les-premiers-a-beneficier-des-mesures-daide\/#primaryimage\"},\"image\":{\"@id\":\"https:\/\/teamsters.ca\/fr\/blog\/2025\/03\/12\/guerre-commerciale-le-syndicat-teamsters-demande-que-les-travailleurs-soient-les-premiers-a-beneficier-des-mesures-daide\/#primaryimage\"},\"thumbnailUrl\":\"https:\/\/teamsters.ca\/wp-content\/uploads\/2025\/03\/Aidepri.png\",\"datePublished\":\"2025-03-12T17:17:32+00:00\",\"dateModified\":\"2025-03-12T22:06:35+00:00\",\"breadcrumb\":{\"@id\":\"https:\/\/teamsters.ca\/fr\/blog\/2025\/03\/12\/guerre-commerciale-le-syndicat-teamsters-demande-que-les-travailleurs-soient-les-premiers-a-beneficier-des-mesures-daide\/#breadcrumb\"},\"inLanguage\":\"fr-CA\",\"potentialAction\":[{\"@type\":\"ReadAction\",\"target\":[\"https:\/\/teamsters.ca\/fr\/blog\/2025\/03\/12\/guerre-commerciale-le-syndicat-teamsters-demande-que-les-travailleurs-soient-les-premiers-a-beneficier-des-mesures-daide\/\"]}]},{\"@type\":\"ImageObject\",\"inLanguage\":\"fr-CA\",\"@id\":\"https:\/\/teamsters.ca\/fr\/blog\/2025\/03\/12\/guerre-commerciale-le-syndicat-teamsters-demande-que-les-travailleurs-soient-les-premiers-a-beneficier-des-mesures-daide\/#primaryimage\",\"url\":\"https:\/\/teamsters.ca\/wp-content\/uploads\/2025\/03\/Aidepri.png\",\"contentUrl\":\"https:\/\/teamsters.ca\/wp-content\/uploads\/2025\/03\/Aidepri.png\",\"width\":1166,\"height\":768},{\"@type\":\"BreadcrumbList\",\"@id\":\"https:\/\/teamsters.ca\/fr\/blog\/2025\/03\/12\/guerre-commerciale-le-syndicat-teamsters-demande-que-les-travailleurs-soient-les-premiers-a-beneficier-des-mesures-daide\/#breadcrumb\",\"itemListElement\":[{\"@type\":\"ListItem\",\"position\":1,\"name\":\"Home\",\"item\":\"https:\/\/teamsters.ca\/fr\/\"},{\"@type\":\"ListItem\",\"position\":2,\"name\":\"Guerre commerciale\u00a0: le syndicat Teamsters demande que les travailleurs et travailleuses soient les premiers \u00e0 b\u00e9n\u00e9ficier des mesures d\u2019aide\"}]},{\"@type\":\"WebSite\",\"@id\":\"https:\/\/teamsters.ca\/fr\/#website\",\"url\":\"https:\/\/teamsters.ca\/fr\/\",\"name\":\"Teamsters Canada\",\"description\":\"A Canadian union representing over 125 000 members\",\"publisher\":{\"@id\":\"https:\/\/teamsters.ca\/fr\/#organization\"},\"potentialAction\":[{\"@type\":\"SearchAction\",\"target\":{\"@type\":\"EntryPoint\",\"urlTemplate\":\"https:\/\/teamsters.ca\/fr\/?s={search_term_string}\"},\"query-input\":{\"@type\":\"PropertyValueSpecification\",\"valueRequired\":true,\"valueName\":\"search_term_string\"}}],\"inLanguage\":\"fr-CA\"},{\"@type\":\"Organization\",\"@id\":\"https:\/\/teamsters.ca\/fr\/#organization\",\"name\":\"Teamsters Canada\",\"url\":\"https:\/\/teamsters.ca\/fr\/\",\"logo\":{\"@type\":\"ImageObject\",\"inLanguage\":\"fr-CA\",\"@id\":\"https:\/\/teamsters.ca\/fr\/#\/schema\/logo\/image\/\",\"url\":\"https:\/\/teamsters.ca\/wp-content\/uploads\/2019\/08\/TeamstersCanada.png\",\"contentUrl\":\"https:\/\/teamsters.ca\/wp-content\/uploads\/2019\/08\/TeamstersCanada.png\",\"width\":545,\"height\":181,\"caption\":\"Teamsters Canada\"},\"image\":{\"@id\":\"https:\/\/teamsters.ca\/fr\/#\/schema\/logo\/image\/\"},\"sameAs\":[\"https:\/\/www.facebook.com\/Teamsterscanada\/\",\"https:\/\/x.com\/TeamstersCanada\"]},{\"@type\":\"Person\",\"@id\":\"https:\/\/teamsters.ca\/fr\/#\/schema\/person\/16abb510b61e30ac94505e325f34ff0c\",\"name\":\"communications\",\"image\":{\"@type\":\"ImageObject\",\"inLanguage\":\"fr-CA\",\"@id\":\"https:\/\/teamsters.ca\/fr\/#\/schema\/person\/image\/\",\"url\":\"https:\/\/secure.gravatar.com\/avatar\/707c37c6763af59d83f3b3dcebfff9d9d58ef9e062e2c9452a9dbb153c85d7ac?s=96&d=mm&r=g\",\"contentUrl\":\"https:\/\/secure.gravatar.com\/avatar\/707c37c6763af59d83f3b3dcebfff9d9d58ef9e062e2c9452a9dbb153c85d7ac?s=96&d=mm&r=g\",\"caption\":\"communications\"},\"url\":\"https:\/\/teamsters.ca\/fr\/blog\/author\/communications\/\"}]}<\/script>\n<!-- \/ Yoast SEO Premium plugin. -->","yoast_head_json":{"title":"Guerre commerciale\u00a0: le syndicat Teamsters demande que les travailleurs et travailleuses soient les premiers \u00e0 b\u00e9n\u00e9ficier des mesures d\u2019aide | Teamsters Canada","robots":{"index":"index","follow":"follow","max-snippet":"max-snippet:-1","max-image-preview":"max-image-preview:large","max-video-preview":"max-video-preview:-1"},"canonical":"https:\/\/teamsters.ca\/fr\/blog\/2025\/03\/12\/guerre-commerciale-le-syndicat-teamsters-demande-que-les-travailleurs-soient-les-premiers-a-beneficier-des-mesures-daide\/","og_locale":"fr_CA","og_type":"article","og_title":"Guerre commerciale\u00a0: le syndicat Teamsters demande que les travailleurs et travailleuses soient les premiers \u00e0 b\u00e9n\u00e9ficier des mesures d\u2019aide","og_description":"Teamsters Canada demande au gouvernement f\u00e9d\u00e9ral de s'assurer que les travailleurs touch\u00e9s par les tarifs impos\u00e9s par l\u2019administration Trump sur l'acier et l'aluminium re\u00e7oivent un soutien ad\u00e9quat. Ottawa serait en train de planifier une aide d\u2019urgence de \u00ab niveau pand\u00e9mique \u00bb.","og_url":"https:\/\/teamsters.ca\/fr\/blog\/2025\/03\/12\/guerre-commerciale-le-syndicat-teamsters-demande-que-les-travailleurs-soient-les-premiers-a-beneficier-des-mesures-daide\/","og_site_name":"Teamsters Canada","article_publisher":"https:\/\/www.facebook.com\/Teamsterscanada\/","article_published_time":"2025-03-12T17:17:32+00:00","article_modified_time":"2025-03-12T22:06:35+00:00","og_image":[{"width":1166,"height":768,"url":"https:\/\/teamsters.ca\/wp-content\/uploads\/2025\/03\/Aidepri.png","type":"image\/png"}],"author":"communications","twitter_card":"summary_large_image","twitter_creator":"@TeamstersCanada","twitter_site":"@TeamstersCanada","twitter_misc":{"\u00c9crit par":"communications","Estimation du temps de lecture":"2 minutes"},"schema":{"@context":"https:\/\/schema.org","@graph":[{"@type":"Article","@id":"https:\/\/teamsters.ca\/fr\/blog\/2025\/03\/12\/guerre-commerciale-le-syndicat-teamsters-demande-que-les-travailleurs-soient-les-premiers-a-beneficier-des-mesures-daide\/#article","isPartOf":{"@id":"https:\/\/teamsters.ca\/fr\/blog\/2025\/03\/12\/guerre-commerciale-le-syndicat-teamsters-demande-que-les-travailleurs-soient-les-premiers-a-beneficier-des-mesures-daide\/"},"author":{"name":"communications","@id":"https:\/\/teamsters.ca\/fr\/#\/schema\/person\/16abb510b61e30ac94505e325f34ff0c"},"headline":"Guerre commerciale\u00a0: le syndicat Teamsters demande que les travailleurs et travailleuses soient les premiers \u00e0 b\u00e9n\u00e9ficier des mesures d\u2019aide","datePublished":"2025-03-12T17:17:32+00:00","dateModified":"2025-03-12T22:06:35+00:00","mainEntityOfPage":{"@id":"https:\/\/teamsters.ca\/fr\/blog\/2025\/03\/12\/guerre-commerciale-le-syndicat-teamsters-demande-que-les-travailleurs-soient-les-premiers-a-beneficier-des-mesures-daide\/"},"wordCount":519,"publisher":{"@id":"https:\/\/teamsters.ca\/fr\/#organization"},"image":{"@id":"https:\/\/teamsters.ca\/fr\/blog\/2025\/03\/12\/guerre-commerciale-le-syndicat-teamsters-demande-que-les-travailleurs-soient-les-premiers-a-beneficier-des-mesures-daide\/#primaryimage"},"thumbnailUrl":"https:\/\/teamsters.ca\/wp-content\/uploads\/2025\/03\/Aidepri.png","keywords":["Guerre commerciale"],"articleSection":["Nouvelles"],"inLanguage":"fr-CA"},{"@type":"WebPage","@id":"https:\/\/teamsters.ca\/fr\/blog\/2025\/03\/12\/guerre-commerciale-le-syndicat-teamsters-demande-que-les-travailleurs-soient-les-premiers-a-beneficier-des-mesures-daide\/","url":"https:\/\/teamsters.ca\/fr\/blog\/2025\/03\/12\/guerre-commerciale-le-syndicat-teamsters-demande-que-les-travailleurs-soient-les-premiers-a-beneficier-des-mesures-daide\/","name":"Guerre commerciale\u00a0: le syndicat Teamsters demande que les travailleurs et travailleuses soient les premiers \u00e0 b\u00e9n\u00e9ficier des mesures d\u2019aide | Teamsters Canada","isPartOf":{"@id":"https:\/\/teamsters.ca\/fr\/#website"},"primaryImageOfPage":{"@id":"https:\/\/teamsters.ca\/fr\/blog\/2025\/03\/12\/guerre-commerciale-le-syndicat-teamsters-demande-que-les-travailleurs-soient-les-premiers-a-beneficier-des-mesures-daide\/#primaryimage"},"image":{"@id":"https:\/\/teamsters.ca\/fr\/blog\/2025\/03\/12\/guerre-commerciale-le-syndicat-teamsters-demande-que-les-travailleurs-soient-les-premiers-a-beneficier-des-mesures-daide\/#primaryimage"},"thumbnailUrl":"https:\/\/teamsters.ca\/wp-content\/uploads\/2025\/03\/Aidepri.png","datePublished":"2025-03-12T17:17:32+00:00","dateModified":"2025-03-12T22:06:35+00:00","breadcrumb":{"@id":"https:\/\/teamsters.ca\/fr\/blog\/2025\/03\/12\/guerre-commerciale-le-syndicat-teamsters-demande-que-les-travailleurs-soient-les-premiers-a-beneficier-des-mesures-daide\/#breadcrumb"},"inLanguage":"fr-CA","potentialAction":[{"@type":"ReadAction","target":["https:\/\/teamsters.ca\/fr\/blog\/2025\/03\/12\/guerre-commerciale-le-syndicat-teamsters-demande-que-les-travailleurs-soient-les-premiers-a-beneficier-des-mesures-daide\/"]}]},{"@type":"ImageObject","inLanguage":"fr-CA","@id":"https:\/\/teamsters.ca\/fr\/blog\/2025\/03\/12\/guerre-commerciale-le-syndicat-teamsters-demande-que-les-travailleurs-soient-les-premiers-a-beneficier-des-mesures-daide\/#primaryimage","url":"https:\/\/teamsters.ca\/wp-content\/uploads\/2025\/03\/Aidepri.png","contentUrl":"https:\/\/teamsters.ca\/wp-content\/uploads\/2025\/03\/Aidepri.png","width":1166,"height":768},{"@type":"BreadcrumbList","@id":"https:\/\/teamsters.ca\/fr\/blog\/2025\/03\/12\/guerre-commerciale-le-syndicat-teamsters-demande-que-les-travailleurs-soient-les-premiers-a-beneficier-des-mesures-daide\/#breadcrumb","itemListElement":[{"@type":"ListItem","position":1,"name":"Home","item":"https:\/\/teamsters.ca\/fr\/"},{"@type":"ListItem","position":2,"name":"Guerre commerciale\u00a0: le syndicat Teamsters demande que les travailleurs et travailleuses soient les premiers \u00e0 b\u00e9n\u00e9ficier des mesures d\u2019aide"}]},{"@type":"WebSite","@id":"https:\/\/teamsters.ca\/fr\/#website","url":"https:\/\/teamsters.ca\/fr\/","name":"Teamsters Canada","description":"A Canadian union representing over 125 000 members","publisher":{"@id":"https:\/\/teamsters.ca\/fr\/#organization"},"potentialAction":[{"@type":"SearchAction","target":{"@type":"EntryPoint","urlTemplate":"https:\/\/teamsters.ca\/fr\/?s={search_term_string}"},"query-input":{"@type":"PropertyValueSpecification","valueRequired":true,"valueName":"search_term_string"}}],"inLanguage":"fr-CA"},{"@type":"Organization","@id":"https:\/\/teamsters.ca\/fr\/#organization","name":"Teamsters Canada","url":"https:\/\/teamsters.ca\/fr\/","logo":{"@type":"ImageObject","inLanguage":"fr-CA","@id":"https:\/\/teamsters.ca\/fr\/#\/schema\/logo\/image\/","url":"https:\/\/teamsters.ca\/wp-content\/uploads\/2019\/08\/TeamstersCanada.png","contentUrl":"https:\/\/teamsters.ca\/wp-content\/uploads\/2019\/08\/TeamstersCanada.png","width":545,"height":181,"caption":"Teamsters Canada"},"image":{"@id":"https:\/\/teamsters.ca\/fr\/#\/schema\/logo\/image\/"},"sameAs":["https:\/\/www.facebook.com\/Teamsterscanada\/","https:\/\/x.com\/TeamstersCanada"]},{"@type":"Person","@id":"https:\/\/teamsters.ca\/fr\/#\/schema\/person\/16abb510b61e30ac94505e325f34ff0c","name":"communications","image":{"@type":"ImageObject","inLanguage":"fr-CA","@id":"https:\/\/teamsters.ca\/fr\/#\/schema\/person\/image\/","url":"https:\/\/secure.gravatar.com\/avatar\/707c37c6763af59d83f3b3dcebfff9d9d58ef9e062e2c9452a9dbb153c85d7ac?s=96&d=mm&r=g","contentUrl":"https:\/\/secure.gravatar.com\/avatar\/707c37c6763af59d83f3b3dcebfff9d9d58ef9e062e2c9452a9dbb153c85d7ac?s=96&d=mm&r=g","caption":"communications"},"url":"https:\/\/teamsters.ca\/fr\/blog\/author\/communications\/"}]}},"_links":{"self":[{"href":"https:\/\/teamsters.ca\/fr\/wp-json\/wp\/v2\/posts\/28269","targetHints":{"allow":["GET"]}}],"collection":[{"href":"https:\/\/teamsters.ca\/fr\/wp-json\/wp\/v2\/posts"}],"about":[{"href":"https:\/\/teamsters.ca\/fr\/wp-json\/wp\/v2\/types\/post"}],"author":[{"embeddable":true,"href":"https:\/\/teamsters.ca\/fr\/wp-json\/wp\/v2\/users\/9"}],"replies":[{"embeddable":true,"href":"https:\/\/teamsters.ca\/fr\/wp-json\/wp\/v2\/comments?post=28269"}],"version-history":[{"count":8,"href":"https:\/\/teamsters.ca\/fr\/wp-json\/wp\/v2\/posts\/28269\/revisions"}],"predecessor-version":[{"id":28295,"href":"https:\/\/teamsters.ca\/fr\/wp-json\/wp\/v2\/posts\/28269\/revisions\/28295"}],"wp:featuredmedia":[{"embeddable":true,"href":"https:\/\/teamsters.ca\/fr\/wp-json\/wp\/v2\/media\/28283"}],"wp:attachment":[{"href":"https:\/\/teamsters.ca\/fr\/wp-json\/wp\/v2\/media?parent=28269"}],"wp:term":[{"taxonomy":"category","embeddable":true,"href":"https:\/\/teamsters.ca\/fr\/wp-json\/wp\/v2\/categories?post=28269"},{"taxonomy":"post_tag","embeddable":true,"href":"https:\/\/teamsters.ca\/fr\/wp-json\/wp\/v2\/tags?post=28269"}],"curies":[{"name":"wp","href":"https:\/\/api.w.org\/{rel}","templated":true}]}}