{"id":28186,"date":"2025-02-05T15:34:25","date_gmt":"2025-02-05T20:34:25","guid":{"rendered":"https:\/\/teamsters.ca\/?p=28186"},"modified":"2025-11-29T12:38:02","modified_gmt":"2025-11-29T17:38:02","slug":"nous-sommes-canadiens-et-nous-protegerons-nos-foyers-et-nos-droits","status":"publish","type":"post","link":"https:\/\/teamsters.ca\/fr\/blog\/2025\/02\/05\/nous-sommes-canadiens-et-nous-protegerons-nos-foyers-et-nos-droits\/","title":{"rendered":"Nous sommes Canadiens, et nous prot\u00e9gerons nos foyers et nos droits"},"content":{"rendered":"\n<p>Ces derni\u00e8res semaines ont \u00e9t\u00e9\u2026 intenses. Donald Trump a pr\u00eat\u00e9 serment en tant que 47\u1d49 pr\u00e9sident des \u00c9tats-Unis apr\u00e8s des semaines de menaces d\u2019annexion contre le Canada, et aujourd\u2019hui, il semble que nous soyons sur le point d\u2019entrer dans une guerre commerciale entre nos deux pays.<\/p>\n\n\n\n<p>Comme beaucoup d\u2019entre vous, je suis pr\u00e9occup\u00e9 et je prends ces menaces tr\u00e8s au s\u00e9rieux. Les \u00c9tats-Unis sont en effet un voisin puissant, mais le Canada a tenu bon, et cette d\u00e9termination nous a offert quelques semaines de r\u00e9pit. Trump a d\u00e9clar\u00e9 que les \u00c9tats-Unis n\u2019avaient pas besoin du Canada, mais je crois que le monde a besoin de plus de nous.<\/p>\n\n\n\n<p>\u00catre Canadien, c\u2019est d\u00e9fendre nos valeurs, nos citoyens, en particulier les travailleurs, et notre \u00e9conomie. Ce n\u2019est pas la premi\u00e8re fois que le Canada fait face \u00e0 des pressions, voire \u00e0 des menaces explicites, de la part des \u00c9tats-Unis, et ce ne sera pas la derni\u00e8re. Mais l\u2019histoire prouve que nous savons rester forts.<\/p>\n\n\n\n<p>L\u2019histoire du Canada est jalonn\u00e9e de moments o\u00f9 nous avons d\u00fb d\u00e9fendre notre souverainet\u00e9 et notre identit\u00e9. Pendant la guerre de 1812, les Canadiens ont repouss\u00e9 les invasions am\u00e9ricaines, d\u00e9fendant avec ardeur notre terre et notre mode de vie. Depuis la Conf\u00e9d\u00e9ration en 1867, nous avons maintes fois affirm\u00e9, avec fiert\u00e9, notre ind\u00e9pendance, refusant d\u2019\u00eatre absorb\u00e9s par notre voisin du sud.<\/p>\n\n\n\n<p>Cette r\u00e9silience d\u00e9finit qui nous sommes. Des mineurs de charbon du Cap-Breton aux agriculteurs des Prairies, des marins et p\u00eacheurs de la c\u00f4te Est aux cheminots de l\u2019Ouest, chaque propri\u00e9taire d\u2019entreprise, travailleur et citoyen canadien ont contribu\u00e9 \u00e0 b\u00e2tir une nation forte, unie, prosp\u00e8re et ind\u00e9pendante.<\/p>\n\n\n\n<p class=\"has-vivid-cyan-blue-color has-text-color has-link-color wp-elements-25034e3c85575217b15cc02e788059b8\"><strong>La sp\u00e9cificit\u00e9 canadienne<\/strong><\/p>\n\n\n\n<p>Nous, les Canadiens, partageons de nombreuses similitudes avec plusieurs pays \u00e0 travers le monde, y compris les \u00c9tats-Unis, mais nous sommes \u00e9galement tr\u00e8s diff\u00e9rents. Alors que des millions d\u2019Am\u00e9ricains peinent \u00e0 faire face aux co\u00fbts m\u00e9dicaux exorbitants et \u00e0 l\u2019absence d\u2019assurances abordables, le Canada dispose d\u2019un syst\u00e8me de sant\u00e9 universel qui garantit \u00e0 chaque citoyen l\u2019acc\u00e8s aux soins, sans la crainte de la ruine financi\u00e8re. Le Canada se classe aussi r\u00e9guli\u00e8rement parmi les pays les mieux instruits du monde, affichant un pourcentage de dipl\u00f4m\u00e9s du c\u00e9gep et de l\u2019universit\u00e9 plus \u00e9lev\u00e9 que celui de notre voisin du sud.<\/p>\n\n\n\n<p>Les travailleurs canadiens b\u00e9n\u00e9ficient de protections du travail plus solides, incluant un cong\u00e9 parental pay\u00e9, des vacances obligatoires et des cong\u00e9s de maladie. Notre pays est officiellement bilingue, reconnaissant l\u2019anglais et le fran\u00e7ais comme langues officielles, ce qui refl\u00e8te notre riche h\u00e9ritage et renforce notre identit\u00e9 culturelle unique.<\/p>\n\n\n\n<p>Le Canada dispose \u00e9galement d\u2019un solide filet de s\u00e9curit\u00e9 sociale qui offre une assurance-emploi, un enseignement postsecondaire abordable, des services de garde d\u2019enfants et des r\u00e9gimes de pension pour assurer la s\u00e9curit\u00e9 financi\u00e8re des retrait\u00e9s. Bien que nos deux nations soient diverses, le Canada est fier de son engagement envers le multiculturalisme, non seulement comme un id\u00e9al, mais comme un pilier fondamental de notre identit\u00e9 nationale.<\/p>\n\n\n\n<p>Sur la sc\u00e8ne internationale, le Canada est reconnu pour son leadership en diplomatie, en droits de l\u2019homme et en maintien de la paix, se forgeant ainsi une r\u00e9putation de pays qui valorise la coop\u00e9ration et la stabilit\u00e9 mondiale. Ces diff\u00e9rences fa\u00e7onnent qui nous sommes et d\u00e9finissent les valeurs que nous sommes pr\u00eats \u00e0 d\u00e9fendre.<\/p>\n\n\n\n<p class=\"has-vivid-cyan-blue-color has-text-color has-link-color wp-elements-f1745fc9149e025b33b78673e51392d1\"><strong>En r\u00e9ponse \u00e0 cette attaque contre notre nation, les travailleurs doivent rester unis<\/strong><\/p>\n\n\n\n<p>Les menaces de Donald Trump ne rel\u00e8vent pas seulement d\u2019un jeu de posture g\u00e9opolitique. Elles constituent une attaque directe contre les valeurs canadiennes et contre les familles qui d\u00e9pendent des emplois dans les secteurs du transport, de la fabrication et de l\u2019agriculture.<\/p>\n\n\n\n<p>Un tarif de 25 % pourrait avoir des r\u00e9percussions graves sur la vie des Canadiens et des Am\u00e9ricains qui travaillent dur. Les Teamsters canadiens, tout comme d\u2019autres syndicats \u00e0 travers le pays, se sont toujours battus pour d\u00e9fendre les emplois canadiens, et nous continuerons de le faire.<\/p>\n\n\n\n<p>Mais \u00eatre Canadien, c\u2019est aussi comprendre le pouvoir de la solidarit\u00e9. Face aux pressions ext\u00e9rieures, nous nous rassemblons. Les syndicats, les entreprises et les citoyens ont tous un r\u00f4le \u00e0 jouer pour prot\u00e9ger notre \u00e9conomie et d\u00e9fendre nos travailleurs ainsi que notre identit\u00e9 nationale.<\/p>\n\n\n\n<p>Nous avons d\u00e9j\u00e0 travers\u00e9 des crises, qu\u2019il s\u2019agisse de guerres commerciales ou de ralentissements \u00e9conomiques, et nous les avons toujours surmont\u00e9es en travaillant ensemble.<\/p>\n\n\n\n<p>Donald Trump voulait tester notre r\u00e9silience. Peut-\u00eatre pensait-il que nous fl\u00e9chirions sous la pression. Mais s\u2019il y a bien une chose qu\u2019il ne comprend pas, c\u2019est que nous sommes un pays fier, enracin\u00e9 dans de fortes valeurs canadiennes, uni et pr\u00eat \u00e0 d\u00e9fendre notre foyer.<\/p>\n\n\n\n<p>Mon message aux travailleurs est simple : continuez \u00e0 faire ce que vous faites de mieux. Travaillez fort, tenez bon, et sachez que nous vous soutenons.<\/p>\n\n\n\n<p>Nous ne permettrons \u00e0 personne de saper la nation que nous avons b\u00e2tie ensemble.<\/p>\n\n\n\n<p>Nous sommes Canadiens. Et nous prot\u00e9gerons nos foyers et nos droits.<\/p>\n\n\n\n<p><strong>Fran\u00e7ois Laporte<\/strong><br \/>Pr\u00e9sident de Teamsters Canada<br \/>Vice-pr\u00e9sident de la Fraternit\u00e9 internationale des Teamsters<\/p>\n\n\n\n<p class=\"has-vivid-cyan-blue-color has-text-color has-link-color wp-elements-5ba09d4ece15aa727443d8306a2f1510\"><em>Chaque mois, Fran\u00e7ois Laporte, pr\u00e9sident de Teamsters Canada, commente l\u2019actualit\u00e9 li\u00e9e au travail et ses enjeux dans une s\u00e9rie de chroniques appel\u00e9e \u00ab&nbsp;Ouvrir la voie&nbsp;\u00bb. Joignez-vous \u00e0 lui alors qu\u2019il discute des enjeux touchant les travailleurs canadiens d\u2019un oc\u00e9an \u00e0 l\u2019autre.<\/em><\/p>\n","protected":false},"excerpt":{"rendered":"<p>Ces derni\u00e8res semaines ont \u00e9t\u00e9\u2026 intenses. Donald Trump a pr\u00eat\u00e9 serment en tant que 47\u1d49 pr\u00e9sident des \u00c9tats-Unis apr\u00e8s des semaines de menaces d\u2019annexion contre le Canada, et aujourd\u2019hui, il semble que nous soyons sur le point d\u2019entrer dans une guerre commerciale entre nos deux pays. Comme beaucoup d\u2019entre vous, je suis pr\u00e9occup\u00e9 et je [&hellip;]<\/p>\n","protected":false},"author":9,"featured_media":29701,"comment_status":"closed","ping_status":"closed","sticky":false,"template":"","format":"standard","meta":{"ngg_post_thumbnail":0,"mc4wp_mailchimp_campaign":[],"footnotes":""},"categories":[7016,1124,1114],"tags":[4023],"class_list":{"0":"post-28186","1":"post","2":"type-post","3":"status-publish","4":"format-standard","5":"has-post-thumbnail","7":"category-chronique","8":"category-president-fr","9":"category-nouvelles","10":"tag-canada"},"yoast_head":"<!-- This site is optimized with the Yoast SEO Premium plugin v25.5 (Yoast SEO v25.5) - https:\/\/yoast.com\/wordpress\/plugins\/seo\/ -->\n<title>Nous sommes Canadiens, et nous prot\u00e9gerons nos foyers et nos droits | Teamsters Canada<\/title>\n<meta name=\"robots\" content=\"index, follow, max-snippet:-1, max-image-preview:large, max-video-preview:-1\" \/>\n<link rel=\"canonical\" href=\"https:\/\/teamsters.ca\/fr\/blog\/2025\/02\/05\/nous-sommes-canadiens-et-nous-protegerons-nos-foyers-et-nos-droits\/\" \/>\n<meta property=\"og:locale\" content=\"fr_CA\" \/>\n<meta property=\"og:type\" content=\"article\" \/>\n<meta property=\"og:title\" content=\"Nous sommes Canadiens, et nous prot\u00e9gerons nos foyers et nos droits\" \/>\n<meta property=\"og:description\" content=\"Ces derni\u00e8res semaines ont \u00e9t\u00e9\u2026 intenses. Donald Trump a pr\u00eat\u00e9 serment en tant que 47\u1d49 pr\u00e9sident des \u00c9tats-Unis apr\u00e8s des semaines de menaces d\u2019annexion contre le Canada, et aujourd\u2019hui, il semble que nous soyons sur le point d\u2019entrer dans une guerre commerciale entre nos deux pays. Comme beaucoup d\u2019entre vous, je suis pr\u00e9occup\u00e9 et je [&hellip;]\" \/>\n<meta property=\"og:url\" content=\"https:\/\/teamsters.ca\/fr\/blog\/2025\/02\/05\/nous-sommes-canadiens-et-nous-protegerons-nos-foyers-et-nos-droits\/\" \/>\n<meta property=\"og:site_name\" content=\"Teamsters Canada\" \/>\n<meta property=\"article:publisher\" content=\"https:\/\/www.facebook.com\/Teamsterscanada\/\" \/>\n<meta property=\"article:published_time\" content=\"2025-02-05T20:34:25+00:00\" \/>\n<meta property=\"article:modified_time\" content=\"2025-11-29T17:38:02+00:00\" \/>\n<meta property=\"og:image\" content=\"https:\/\/teamsters.ca\/wp-content\/uploads\/2025\/02\/froer_CORR.jpg\" \/>\n\t<meta property=\"og:image:width\" content=\"1200\" \/>\n\t<meta property=\"og:image:height\" content=\"800\" \/>\n\t<meta property=\"og:image:type\" content=\"image\/jpeg\" \/>\n<meta name=\"author\" content=\"communications\" \/>\n<meta name=\"twitter:card\" content=\"summary_large_image\" \/>\n<meta name=\"twitter:creator\" content=\"@TeamstersCanada\" \/>\n<meta name=\"twitter:site\" content=\"@TeamstersCanada\" \/>\n<meta name=\"twitter:label1\" content=\"\u00c9crit par\" \/>\n\t<meta name=\"twitter:data1\" content=\"communications\" \/>\n\t<meta name=\"twitter:label2\" content=\"Estimation du temps de lecture\" \/>\n\t<meta name=\"twitter:data2\" content=\"4 minutes\" \/>\n<script type=\"application\/ld+json\" class=\"yoast-schema-graph\">{\"@context\":\"https:\/\/schema.org\",\"@graph\":[{\"@type\":\"Article\",\"@id\":\"https:\/\/teamsters.ca\/fr\/blog\/2025\/02\/05\/nous-sommes-canadiens-et-nous-protegerons-nos-foyers-et-nos-droits\/#article\",\"isPartOf\":{\"@id\":\"https:\/\/teamsters.ca\/fr\/blog\/2025\/02\/05\/nous-sommes-canadiens-et-nous-protegerons-nos-foyers-et-nos-droits\/\"},\"author\":{\"name\":\"communications\",\"@id\":\"https:\/\/teamsters.ca\/fr\/#\/schema\/person\/16abb510b61e30ac94505e325f34ff0c\"},\"headline\":\"Nous sommes Canadiens, et nous prot\u00e9gerons nos foyers et nos droits\",\"datePublished\":\"2025-02-05T20:34:25+00:00\",\"dateModified\":\"2025-11-29T17:38:02+00:00\",\"mainEntityOfPage\":{\"@id\":\"https:\/\/teamsters.ca\/fr\/blog\/2025\/02\/05\/nous-sommes-canadiens-et-nous-protegerons-nos-foyers-et-nos-droits\/\"},\"wordCount\":976,\"publisher\":{\"@id\":\"https:\/\/teamsters.ca\/fr\/#organization\"},\"image\":{\"@id\":\"https:\/\/teamsters.ca\/fr\/blog\/2025\/02\/05\/nous-sommes-canadiens-et-nous-protegerons-nos-foyers-et-nos-droits\/#primaryimage\"},\"thumbnailUrl\":\"https:\/\/teamsters.ca\/wp-content\/uploads\/2025\/02\/froer_CORR.jpg\",\"keywords\":[\"Canada\"],\"articleSection\":[\"Chronique\",\"Lettres du pr\u00e9sident\",\"Nouvelles\"],\"inLanguage\":\"fr-CA\"},{\"@type\":\"WebPage\",\"@id\":\"https:\/\/teamsters.ca\/fr\/blog\/2025\/02\/05\/nous-sommes-canadiens-et-nous-protegerons-nos-foyers-et-nos-droits\/\",\"url\":\"https:\/\/teamsters.ca\/fr\/blog\/2025\/02\/05\/nous-sommes-canadiens-et-nous-protegerons-nos-foyers-et-nos-droits\/\",\"name\":\"Nous sommes Canadiens, et nous prot\u00e9gerons nos foyers et nos droits | Teamsters Canada\",\"isPartOf\":{\"@id\":\"https:\/\/teamsters.ca\/fr\/#website\"},\"primaryImageOfPage\":{\"@id\":\"https:\/\/teamsters.ca\/fr\/blog\/2025\/02\/05\/nous-sommes-canadiens-et-nous-protegerons-nos-foyers-et-nos-droits\/#primaryimage\"},\"image\":{\"@id\":\"https:\/\/teamsters.ca\/fr\/blog\/2025\/02\/05\/nous-sommes-canadiens-et-nous-protegerons-nos-foyers-et-nos-droits\/#primaryimage\"},\"thumbnailUrl\":\"https:\/\/teamsters.ca\/wp-content\/uploads\/2025\/02\/froer_CORR.jpg\",\"datePublished\":\"2025-02-05T20:34:25+00:00\",\"dateModified\":\"2025-11-29T17:38:02+00:00\",\"breadcrumb\":{\"@id\":\"https:\/\/teamsters.ca\/fr\/blog\/2025\/02\/05\/nous-sommes-canadiens-et-nous-protegerons-nos-foyers-et-nos-droits\/#breadcrumb\"},\"inLanguage\":\"fr-CA\",\"potentialAction\":[{\"@type\":\"ReadAction\",\"target\":[\"https:\/\/teamsters.ca\/fr\/blog\/2025\/02\/05\/nous-sommes-canadiens-et-nous-protegerons-nos-foyers-et-nos-droits\/\"]}]},{\"@type\":\"ImageObject\",\"inLanguage\":\"fr-CA\",\"@id\":\"https:\/\/teamsters.ca\/fr\/blog\/2025\/02\/05\/nous-sommes-canadiens-et-nous-protegerons-nos-foyers-et-nos-droits\/#primaryimage\",\"url\":\"https:\/\/teamsters.ca\/wp-content\/uploads\/2025\/02\/froer_CORR.jpg\",\"contentUrl\":\"https:\/\/teamsters.ca\/wp-content\/uploads\/2025\/02\/froer_CORR.jpg\",\"width\":1200,\"height\":800},{\"@type\":\"BreadcrumbList\",\"@id\":\"https:\/\/teamsters.ca\/fr\/blog\/2025\/02\/05\/nous-sommes-canadiens-et-nous-protegerons-nos-foyers-et-nos-droits\/#breadcrumb\",\"itemListElement\":[{\"@type\":\"ListItem\",\"position\":1,\"name\":\"Home\",\"item\":\"https:\/\/teamsters.ca\/fr\/\"},{\"@type\":\"ListItem\",\"position\":2,\"name\":\"Nous sommes Canadiens, et nous prot\u00e9gerons nos foyers et nos droits\"}]},{\"@type\":\"WebSite\",\"@id\":\"https:\/\/teamsters.ca\/fr\/#website\",\"url\":\"https:\/\/teamsters.ca\/fr\/\",\"name\":\"Teamsters Canada\",\"description\":\"A Canadian union representing over 125 000 members\",\"publisher\":{\"@id\":\"https:\/\/teamsters.ca\/fr\/#organization\"},\"potentialAction\":[{\"@type\":\"SearchAction\",\"target\":{\"@type\":\"EntryPoint\",\"urlTemplate\":\"https:\/\/teamsters.ca\/fr\/?s={search_term_string}\"},\"query-input\":{\"@type\":\"PropertyValueSpecification\",\"valueRequired\":true,\"valueName\":\"search_term_string\"}}],\"inLanguage\":\"fr-CA\"},{\"@type\":\"Organization\",\"@id\":\"https:\/\/teamsters.ca\/fr\/#organization\",\"name\":\"Teamsters Canada\",\"url\":\"https:\/\/teamsters.ca\/fr\/\",\"logo\":{\"@type\":\"ImageObject\",\"inLanguage\":\"fr-CA\",\"@id\":\"https:\/\/teamsters.ca\/fr\/#\/schema\/logo\/image\/\",\"url\":\"https:\/\/teamsters.ca\/wp-content\/uploads\/2019\/08\/TeamstersCanada.png\",\"contentUrl\":\"https:\/\/teamsters.ca\/wp-content\/uploads\/2019\/08\/TeamstersCanada.png\",\"width\":545,\"height\":181,\"caption\":\"Teamsters Canada\"},\"image\":{\"@id\":\"https:\/\/teamsters.ca\/fr\/#\/schema\/logo\/image\/\"},\"sameAs\":[\"https:\/\/www.facebook.com\/Teamsterscanada\/\",\"https:\/\/x.com\/TeamstersCanada\"]},{\"@type\":\"Person\",\"@id\":\"https:\/\/teamsters.ca\/fr\/#\/schema\/person\/16abb510b61e30ac94505e325f34ff0c\",\"name\":\"communications\",\"image\":{\"@type\":\"ImageObject\",\"inLanguage\":\"fr-CA\",\"@id\":\"https:\/\/teamsters.ca\/fr\/#\/schema\/person\/image\/\",\"url\":\"https:\/\/secure.gravatar.com\/avatar\/707c37c6763af59d83f3b3dcebfff9d9d58ef9e062e2c9452a9dbb153c85d7ac?s=96&d=mm&r=g\",\"contentUrl\":\"https:\/\/secure.gravatar.com\/avatar\/707c37c6763af59d83f3b3dcebfff9d9d58ef9e062e2c9452a9dbb153c85d7ac?s=96&d=mm&r=g\",\"caption\":\"communications\"},\"url\":\"https:\/\/teamsters.ca\/fr\/blog\/author\/communications\/\"}]}<\/script>\n<!-- \/ Yoast SEO Premium plugin. -->","yoast_head_json":{"title":"Nous sommes Canadiens, et nous prot\u00e9gerons nos foyers et nos droits | Teamsters Canada","robots":{"index":"index","follow":"follow","max-snippet":"max-snippet:-1","max-image-preview":"max-image-preview:large","max-video-preview":"max-video-preview:-1"},"canonical":"https:\/\/teamsters.ca\/fr\/blog\/2025\/02\/05\/nous-sommes-canadiens-et-nous-protegerons-nos-foyers-et-nos-droits\/","og_locale":"fr_CA","og_type":"article","og_title":"Nous sommes Canadiens, et nous prot\u00e9gerons nos foyers et nos droits","og_description":"Ces derni\u00e8res semaines ont \u00e9t\u00e9\u2026 intenses. Donald Trump a pr\u00eat\u00e9 serment en tant que 47\u1d49 pr\u00e9sident des \u00c9tats-Unis apr\u00e8s des semaines de menaces d\u2019annexion contre le Canada, et aujourd\u2019hui, il semble que nous soyons sur le point d\u2019entrer dans une guerre commerciale entre nos deux pays. Comme beaucoup d\u2019entre vous, je suis pr\u00e9occup\u00e9 et je [&hellip;]","og_url":"https:\/\/teamsters.ca\/fr\/blog\/2025\/02\/05\/nous-sommes-canadiens-et-nous-protegerons-nos-foyers-et-nos-droits\/","og_site_name":"Teamsters Canada","article_publisher":"https:\/\/www.facebook.com\/Teamsterscanada\/","article_published_time":"2025-02-05T20:34:25+00:00","article_modified_time":"2025-11-29T17:38:02+00:00","og_image":[{"width":1200,"height":800,"url":"https:\/\/teamsters.ca\/wp-content\/uploads\/2025\/02\/froer_CORR.jpg","type":"image\/jpeg"}],"author":"communications","twitter_card":"summary_large_image","twitter_creator":"@TeamstersCanada","twitter_site":"@TeamstersCanada","twitter_misc":{"\u00c9crit par":"communications","Estimation du temps de lecture":"4 minutes"},"schema":{"@context":"https:\/\/schema.org","@graph":[{"@type":"Article","@id":"https:\/\/teamsters.ca\/fr\/blog\/2025\/02\/05\/nous-sommes-canadiens-et-nous-protegerons-nos-foyers-et-nos-droits\/#article","isPartOf":{"@id":"https:\/\/teamsters.ca\/fr\/blog\/2025\/02\/05\/nous-sommes-canadiens-et-nous-protegerons-nos-foyers-et-nos-droits\/"},"author":{"name":"communications","@id":"https:\/\/teamsters.ca\/fr\/#\/schema\/person\/16abb510b61e30ac94505e325f34ff0c"},"headline":"Nous sommes Canadiens, et nous prot\u00e9gerons nos foyers et nos droits","datePublished":"2025-02-05T20:34:25+00:00","dateModified":"2025-11-29T17:38:02+00:00","mainEntityOfPage":{"@id":"https:\/\/teamsters.ca\/fr\/blog\/2025\/02\/05\/nous-sommes-canadiens-et-nous-protegerons-nos-foyers-et-nos-droits\/"},"wordCount":976,"publisher":{"@id":"https:\/\/teamsters.ca\/fr\/#organization"},"image":{"@id":"https:\/\/teamsters.ca\/fr\/blog\/2025\/02\/05\/nous-sommes-canadiens-et-nous-protegerons-nos-foyers-et-nos-droits\/#primaryimage"},"thumbnailUrl":"https:\/\/teamsters.ca\/wp-content\/uploads\/2025\/02\/froer_CORR.jpg","keywords":["Canada"],"articleSection":["Chronique","Lettres du pr\u00e9sident","Nouvelles"],"inLanguage":"fr-CA"},{"@type":"WebPage","@id":"https:\/\/teamsters.ca\/fr\/blog\/2025\/02\/05\/nous-sommes-canadiens-et-nous-protegerons-nos-foyers-et-nos-droits\/","url":"https:\/\/teamsters.ca\/fr\/blog\/2025\/02\/05\/nous-sommes-canadiens-et-nous-protegerons-nos-foyers-et-nos-droits\/","name":"Nous sommes Canadiens, et nous prot\u00e9gerons nos foyers et nos droits | Teamsters Canada","isPartOf":{"@id":"https:\/\/teamsters.ca\/fr\/#website"},"primaryImageOfPage":{"@id":"https:\/\/teamsters.ca\/fr\/blog\/2025\/02\/05\/nous-sommes-canadiens-et-nous-protegerons-nos-foyers-et-nos-droits\/#primaryimage"},"image":{"@id":"https:\/\/teamsters.ca\/fr\/blog\/2025\/02\/05\/nous-sommes-canadiens-et-nous-protegerons-nos-foyers-et-nos-droits\/#primaryimage"},"thumbnailUrl":"https:\/\/teamsters.ca\/wp-content\/uploads\/2025\/02\/froer_CORR.jpg","datePublished":"2025-02-05T20:34:25+00:00","dateModified":"2025-11-29T17:38:02+00:00","breadcrumb":{"@id":"https:\/\/teamsters.ca\/fr\/blog\/2025\/02\/05\/nous-sommes-canadiens-et-nous-protegerons-nos-foyers-et-nos-droits\/#breadcrumb"},"inLanguage":"fr-CA","potentialAction":[{"@type":"ReadAction","target":["https:\/\/teamsters.ca\/fr\/blog\/2025\/02\/05\/nous-sommes-canadiens-et-nous-protegerons-nos-foyers-et-nos-droits\/"]}]},{"@type":"ImageObject","inLanguage":"fr-CA","@id":"https:\/\/teamsters.ca\/fr\/blog\/2025\/02\/05\/nous-sommes-canadiens-et-nous-protegerons-nos-foyers-et-nos-droits\/#primaryimage","url":"https:\/\/teamsters.ca\/wp-content\/uploads\/2025\/02\/froer_CORR.jpg","contentUrl":"https:\/\/teamsters.ca\/wp-content\/uploads\/2025\/02\/froer_CORR.jpg","width":1200,"height":800},{"@type":"BreadcrumbList","@id":"https:\/\/teamsters.ca\/fr\/blog\/2025\/02\/05\/nous-sommes-canadiens-et-nous-protegerons-nos-foyers-et-nos-droits\/#breadcrumb","itemListElement":[{"@type":"ListItem","position":1,"name":"Home","item":"https:\/\/teamsters.ca\/fr\/"},{"@type":"ListItem","position":2,"name":"Nous sommes Canadiens, et nous prot\u00e9gerons nos foyers et nos droits"}]},{"@type":"WebSite","@id":"https:\/\/teamsters.ca\/fr\/#website","url":"https:\/\/teamsters.ca\/fr\/","name":"Teamsters Canada","description":"A Canadian union representing over 125 000 members","publisher":{"@id":"https:\/\/teamsters.ca\/fr\/#organization"},"potentialAction":[{"@type":"SearchAction","target":{"@type":"EntryPoint","urlTemplate":"https:\/\/teamsters.ca\/fr\/?s={search_term_string}"},"query-input":{"@type":"PropertyValueSpecification","valueRequired":true,"valueName":"search_term_string"}}],"inLanguage":"fr-CA"},{"@type":"Organization","@id":"https:\/\/teamsters.ca\/fr\/#organization","name":"Teamsters Canada","url":"https:\/\/teamsters.ca\/fr\/","logo":{"@type":"ImageObject","inLanguage":"fr-CA","@id":"https:\/\/teamsters.ca\/fr\/#\/schema\/logo\/image\/","url":"https:\/\/teamsters.ca\/wp-content\/uploads\/2019\/08\/TeamstersCanada.png","contentUrl":"https:\/\/teamsters.ca\/wp-content\/uploads\/2019\/08\/TeamstersCanada.png","width":545,"height":181,"caption":"Teamsters Canada"},"image":{"@id":"https:\/\/teamsters.ca\/fr\/#\/schema\/logo\/image\/"},"sameAs":["https:\/\/www.facebook.com\/Teamsterscanada\/","https:\/\/x.com\/TeamstersCanada"]},{"@type":"Person","@id":"https:\/\/teamsters.ca\/fr\/#\/schema\/person\/16abb510b61e30ac94505e325f34ff0c","name":"communications","image":{"@type":"ImageObject","inLanguage":"fr-CA","@id":"https:\/\/teamsters.ca\/fr\/#\/schema\/person\/image\/","url":"https:\/\/secure.gravatar.com\/avatar\/707c37c6763af59d83f3b3dcebfff9d9d58ef9e062e2c9452a9dbb153c85d7ac?s=96&d=mm&r=g","contentUrl":"https:\/\/secure.gravatar.com\/avatar\/707c37c6763af59d83f3b3dcebfff9d9d58ef9e062e2c9452a9dbb153c85d7ac?s=96&d=mm&r=g","caption":"communications"},"url":"https:\/\/teamsters.ca\/fr\/blog\/author\/communications\/"}]}},"_links":{"self":[{"href":"https:\/\/teamsters.ca\/fr\/wp-json\/wp\/v2\/posts\/28186","targetHints":{"allow":["GET"]}}],"collection":[{"href":"https:\/\/teamsters.ca\/fr\/wp-json\/wp\/v2\/posts"}],"about":[{"href":"https:\/\/teamsters.ca\/fr\/wp-json\/wp\/v2\/types\/post"}],"author":[{"embeddable":true,"href":"https:\/\/teamsters.ca\/fr\/wp-json\/wp\/v2\/users\/9"}],"replies":[{"embeddable":true,"href":"https:\/\/teamsters.ca\/fr\/wp-json\/wp\/v2\/comments?post=28186"}],"version-history":[{"count":4,"href":"https:\/\/teamsters.ca\/fr\/wp-json\/wp\/v2\/posts\/28186\/revisions"}],"predecessor-version":[{"id":28200,"href":"https:\/\/teamsters.ca\/fr\/wp-json\/wp\/v2\/posts\/28186\/revisions\/28200"}],"wp:featuredmedia":[{"embeddable":true,"href":"https:\/\/teamsters.ca\/fr\/wp-json\/wp\/v2\/media\/29701"}],"wp:attachment":[{"href":"https:\/\/teamsters.ca\/fr\/wp-json\/wp\/v2\/media?parent=28186"}],"wp:term":[{"taxonomy":"category","embeddable":true,"href":"https:\/\/teamsters.ca\/fr\/wp-json\/wp\/v2\/categories?post=28186"},{"taxonomy":"post_tag","embeddable":true,"href":"https:\/\/teamsters.ca\/fr\/wp-json\/wp\/v2\/tags?post=28186"}],"curies":[{"name":"wp","href":"https:\/\/api.w.org\/{rel}","templated":true}]}}