{"id":28165,"date":"2025-02-04T17:59:18","date_gmt":"2025-02-04T22:59:18","guid":{"rendered":"https:\/\/teamsters.ca\/?p=28165"},"modified":"2025-02-04T18:00:53","modified_gmt":"2025-02-04T23:00:53","slug":"declaration-de-teamsters-canada-sur-la-guerre-commerciale-entre-le-canada-et-les-etats-unis","status":"publish","type":"post","link":"https:\/\/teamsters.ca\/fr\/blog\/2025\/02\/04\/declaration-de-teamsters-canada-sur-la-guerre-commerciale-entre-le-canada-et-les-etats-unis\/","title":{"rendered":"D\u00e9claration de Teamsters Canada sur la guerre commerciale entre le Canada et les \u00c9tats-Unis"},"content":{"rendered":"\n<p><em>Teamsters Canada demande au gouvernement de ne pas baisser la garde<\/em><\/p>\n\n\n\n<p>Laval, le 4 f\u00e9vrier 2025 &#8211; Fran\u00e7ois Laporte, pr\u00e9sident national de Teamsters Canada, a \u00e9mis la d\u00e9claration suivante au sujet de la guerre commerciale entre les \u00c9tats-Unis et le Canada :<\/p>\n\n\n\n<p>\u00ab\u00a0 La d\u00e9claration de guerre \u00e9conomique de Donald Trump contre le Canada a uni notre pays comme jamais auparavant. L&rsquo;annonce faite hier d&rsquo;un sursis d&rsquo;un mois sur les tarifs douaniers n&rsquo;est qu&rsquo;une pause temporaire et non une r\u00e9solution. Ne prenons rien pour acquis, et ne baissons pas la garde. \u00bb<\/p>\n\n\n\n<p>\u00ab Ces droits de douane ne sont pas seulement une attaque contre le Canada, mais une attaque contre l\u2019ensemble des travailleurs, qu&rsquo;ils soient canadiens ou am\u00e9ricains. Ils menacent notre prosp\u00e9rit\u00e9 commune et infligeront de profondes souffrances aux familles des deux pays. \u00bb<\/p>\n\n\n\n<p>\u00ab Lorsque la menace tarifaire refera surface, le Canada devra \u00eatre pr\u00eat \u00e0 mettre en place de solides mesures de soutien pour les travailleurs ainsi que des mesures d&rsquo;urgence directes pour les secteurs touch\u00e9s. Teamsters Canada appuiera une r\u00e9ponse vigoureuse, y compris des campagnes \u2018Achetez canadien.\u2019 \u00bb<\/p>\n\n\n\n<p>\u00ab Donald Trump a d\u00e9clar\u00e9 que le Canada est un pays \u00ab tr\u00e8s dur \u00bb et que les \u00c9tats-Unis n&rsquo;ont pas besoin du Canada. Le Canada doit maintenant travailler de toute urgence \u00e0 d\u00e9velopper de nouveaux march\u00e9s et \u00e0 diversifier ses exportations. Nous avons des options ! Nous sommes un partenaire commercial fiable, digne de confiance et lucratif qui a beaucoup \u00e0 offrir au monde. L&rsquo;expansion des corridors \u00e9nerg\u00e9tiques, des pipelines et des infrastructures de transport sera essentielle pour garantir que les marchandises et les produits de base canadiens atteignent de nouveaux march\u00e9s. \u00bb<\/p>\n\n\n\n<p>\u00ab Il est clair que cette affaire n&rsquo;a jamais port\u00e9 sur le trafic de fentanyl ou sur les migrants ill\u00e9gaux venant du nord. Le Canada a \u00e9t\u00e9 m\u00e9pris\u00e9, menac\u00e9 d&rsquo;annexion et a vu des d\u00e9cennies d&rsquo;amiti\u00e9 et d&rsquo;alliance pi\u00e9tin\u00e9es. Nous devons veiller \u00e0 ce que notre pays ne soit plus jamais vuln\u00e9rable aux caprices d&rsquo;une puissance \u00e9trang\u00e8re. \u00bb<\/p>\n\n\n\n<p>\u00ab Les Canadiens doivent se tenir debout, rester forts et rester unis.&nbsp;\u00bb<\/p>\n\n\n\n<p><em>Teamsters Canada repr\u00e9sente 135&nbsp;000 travailleurs au pays dans tous les secteurs d\u2019activit\u00e9.<\/em><\/p>\n\n\n\n<p class=\"has-text-align-center\">-30-<\/p>\n\n\n\n<p>Demandes des m\u00e9dias&nbsp;:<\/p>\n\n\n\n<p>Christopher Monette<br \/>Directeur des affaires publiques<br \/>Teamsters Canada<br \/>Cell\u00a0: 514-226-6002 <br \/><a href=\"mailto:cmonette@teamsters.ca\">cmonette@teamsters.ca<\/a><\/p>\n","protected":false},"excerpt":{"rendered":"<p>Teamsters Canada demande au gouvernement de ne pas baisser la garde Laval, le 4 f\u00e9vrier 2025 &#8211; Fran\u00e7ois Laporte, pr\u00e9sident national de Teamsters Canada, a \u00e9mis la d\u00e9claration suivante au sujet de la guerre commerciale entre les \u00c9tats-Unis et le Canada : \u00ab\u00a0 La d\u00e9claration de guerre \u00e9conomique de Donald Trump contre le Canada a [&hellip;]<\/p>\n","protected":false},"author":9,"featured_media":19003,"comment_status":"closed","ping_status":"closed","sticky":false,"template":"","format":"standard","meta":{"ngg_post_thumbnail":0,"mc4wp_mailchimp_campaign":[],"footnotes":""},"categories":[1128,1140,1114,1137],"tags":[],"class_list":{"0":"post-28165","1":"post","2":"type-post","3":"status-publish","4":"format-standard","5":"has-post-thumbnail","7":"category-autres","8":"category-canada-region-fr","9":"category-nouvelles","10":"category-region-fr"},"yoast_head":"<!-- This site is optimized with the Yoast SEO Premium plugin v25.5 (Yoast SEO v25.5) - https:\/\/yoast.com\/wordpress\/plugins\/seo\/ -->\n<title>D\u00e9claration de Teamsters Canada sur la guerre commerciale entre le Canada et les \u00c9tats-Unis | Teamsters Canada<\/title>\n<meta name=\"robots\" content=\"index, follow, max-snippet:-1, max-image-preview:large, max-video-preview:-1\" \/>\n<link rel=\"canonical\" href=\"https:\/\/teamsters.ca\/fr\/blog\/2025\/02\/04\/declaration-de-teamsters-canada-sur-la-guerre-commerciale-entre-le-canada-et-les-etats-unis\/\" \/>\n<meta property=\"og:locale\" content=\"fr_CA\" \/>\n<meta property=\"og:type\" content=\"article\" \/>\n<meta property=\"og:title\" content=\"D\u00e9claration de Teamsters Canada sur la guerre commerciale entre le Canada et les \u00c9tats-Unis\" \/>\n<meta property=\"og:description\" content=\"Teamsters Canada demande au gouvernement de ne pas baisser la garde Laval, le 4 f\u00e9vrier 2025 &#8211; Fran\u00e7ois Laporte, pr\u00e9sident national de Teamsters Canada, a \u00e9mis la d\u00e9claration suivante au sujet de la guerre commerciale entre les \u00c9tats-Unis et le Canada : \u00ab\u00a0 La d\u00e9claration de guerre \u00e9conomique de Donald Trump contre le Canada a [&hellip;]\" \/>\n<meta property=\"og:url\" content=\"https:\/\/teamsters.ca\/fr\/blog\/2025\/02\/04\/declaration-de-teamsters-canada-sur-la-guerre-commerciale-entre-le-canada-et-les-etats-unis\/\" \/>\n<meta property=\"og:site_name\" content=\"Teamsters Canada\" \/>\n<meta property=\"article:publisher\" content=\"https:\/\/www.facebook.com\/Teamsterscanada\/\" \/>\n<meta property=\"article:published_time\" content=\"2025-02-04T22:59:18+00:00\" \/>\n<meta property=\"article:modified_time\" content=\"2025-02-04T23:00:53+00:00\" \/>\n<meta property=\"og:image\" content=\"https:\/\/teamsters.ca\/wp-content\/uploads\/2020\/08\/Statement_aluminium3.png\" \/>\n\t<meta property=\"og:image:width\" content=\"1166\" \/>\n\t<meta property=\"og:image:height\" content=\"768\" \/>\n\t<meta property=\"og:image:type\" content=\"image\/png\" \/>\n<meta name=\"author\" content=\"communications\" \/>\n<meta name=\"twitter:card\" content=\"summary_large_image\" \/>\n<meta name=\"twitter:creator\" content=\"@TeamstersCanada\" \/>\n<meta name=\"twitter:site\" content=\"@TeamstersCanada\" \/>\n<meta name=\"twitter:label1\" content=\"\u00c9crit par\" \/>\n\t<meta name=\"twitter:data1\" content=\"communications\" \/>\n\t<meta name=\"twitter:label2\" content=\"Estimation du temps de lecture\" \/>\n\t<meta name=\"twitter:data2\" content=\"2 minutes\" \/>\n<script type=\"application\/ld+json\" class=\"yoast-schema-graph\">{\"@context\":\"https:\/\/schema.org\",\"@graph\":[{\"@type\":\"Article\",\"@id\":\"https:\/\/teamsters.ca\/fr\/blog\/2025\/02\/04\/declaration-de-teamsters-canada-sur-la-guerre-commerciale-entre-le-canada-et-les-etats-unis\/#article\",\"isPartOf\":{\"@id\":\"https:\/\/teamsters.ca\/fr\/blog\/2025\/02\/04\/declaration-de-teamsters-canada-sur-la-guerre-commerciale-entre-le-canada-et-les-etats-unis\/\"},\"author\":{\"name\":\"communications\",\"@id\":\"https:\/\/teamsters.ca\/fr\/#\/schema\/person\/16abb510b61e30ac94505e325f34ff0c\"},\"headline\":\"D\u00e9claration de Teamsters Canada sur la guerre commerciale entre le Canada et les \u00c9tats-Unis\",\"datePublished\":\"2025-02-04T22:59:18+00:00\",\"dateModified\":\"2025-02-04T23:00:53+00:00\",\"mainEntityOfPage\":{\"@id\":\"https:\/\/teamsters.ca\/fr\/blog\/2025\/02\/04\/declaration-de-teamsters-canada-sur-la-guerre-commerciale-entre-le-canada-et-les-etats-unis\/\"},\"wordCount\":396,\"publisher\":{\"@id\":\"https:\/\/teamsters.ca\/fr\/#organization\"},\"image\":{\"@id\":\"https:\/\/teamsters.ca\/fr\/blog\/2025\/02\/04\/declaration-de-teamsters-canada-sur-la-guerre-commerciale-entre-le-canada-et-les-etats-unis\/#primaryimage\"},\"thumbnailUrl\":\"https:\/\/teamsters.ca\/wp-content\/uploads\/2020\/08\/Statement_aluminium3.png\",\"articleSection\":[\"Autres\",\"Canada\",\"Nouvelles\",\"R\u00e9gion\"],\"inLanguage\":\"fr-CA\"},{\"@type\":\"WebPage\",\"@id\":\"https:\/\/teamsters.ca\/fr\/blog\/2025\/02\/04\/declaration-de-teamsters-canada-sur-la-guerre-commerciale-entre-le-canada-et-les-etats-unis\/\",\"url\":\"https:\/\/teamsters.ca\/fr\/blog\/2025\/02\/04\/declaration-de-teamsters-canada-sur-la-guerre-commerciale-entre-le-canada-et-les-etats-unis\/\",\"name\":\"D\u00e9claration de Teamsters Canada sur la guerre commerciale entre le Canada et les \u00c9tats-Unis | Teamsters Canada\",\"isPartOf\":{\"@id\":\"https:\/\/teamsters.ca\/fr\/#website\"},\"primaryImageOfPage\":{\"@id\":\"https:\/\/teamsters.ca\/fr\/blog\/2025\/02\/04\/declaration-de-teamsters-canada-sur-la-guerre-commerciale-entre-le-canada-et-les-etats-unis\/#primaryimage\"},\"image\":{\"@id\":\"https:\/\/teamsters.ca\/fr\/blog\/2025\/02\/04\/declaration-de-teamsters-canada-sur-la-guerre-commerciale-entre-le-canada-et-les-etats-unis\/#primaryimage\"},\"thumbnailUrl\":\"https:\/\/teamsters.ca\/wp-content\/uploads\/2020\/08\/Statement_aluminium3.png\",\"datePublished\":\"2025-02-04T22:59:18+00:00\",\"dateModified\":\"2025-02-04T23:00:53+00:00\",\"breadcrumb\":{\"@id\":\"https:\/\/teamsters.ca\/fr\/blog\/2025\/02\/04\/declaration-de-teamsters-canada-sur-la-guerre-commerciale-entre-le-canada-et-les-etats-unis\/#breadcrumb\"},\"inLanguage\":\"fr-CA\",\"potentialAction\":[{\"@type\":\"ReadAction\",\"target\":[\"https:\/\/teamsters.ca\/fr\/blog\/2025\/02\/04\/declaration-de-teamsters-canada-sur-la-guerre-commerciale-entre-le-canada-et-les-etats-unis\/\"]}]},{\"@type\":\"ImageObject\",\"inLanguage\":\"fr-CA\",\"@id\":\"https:\/\/teamsters.ca\/fr\/blog\/2025\/02\/04\/declaration-de-teamsters-canada-sur-la-guerre-commerciale-entre-le-canada-et-les-etats-unis\/#primaryimage\",\"url\":\"https:\/\/teamsters.ca\/wp-content\/uploads\/2020\/08\/Statement_aluminium3.png\",\"contentUrl\":\"https:\/\/teamsters.ca\/wp-content\/uploads\/2020\/08\/Statement_aluminium3.png\",\"width\":1166,\"height\":768},{\"@type\":\"BreadcrumbList\",\"@id\":\"https:\/\/teamsters.ca\/fr\/blog\/2025\/02\/04\/declaration-de-teamsters-canada-sur-la-guerre-commerciale-entre-le-canada-et-les-etats-unis\/#breadcrumb\",\"itemListElement\":[{\"@type\":\"ListItem\",\"position\":1,\"name\":\"Home\",\"item\":\"https:\/\/teamsters.ca\/fr\/\"},{\"@type\":\"ListItem\",\"position\":2,\"name\":\"D\u00e9claration de Teamsters Canada sur la guerre commerciale entre le Canada et les \u00c9tats-Unis\"}]},{\"@type\":\"WebSite\",\"@id\":\"https:\/\/teamsters.ca\/fr\/#website\",\"url\":\"https:\/\/teamsters.ca\/fr\/\",\"name\":\"Teamsters Canada\",\"description\":\"A Canadian union representing over 125 000 members\",\"publisher\":{\"@id\":\"https:\/\/teamsters.ca\/fr\/#organization\"},\"potentialAction\":[{\"@type\":\"SearchAction\",\"target\":{\"@type\":\"EntryPoint\",\"urlTemplate\":\"https:\/\/teamsters.ca\/fr\/?s={search_term_string}\"},\"query-input\":{\"@type\":\"PropertyValueSpecification\",\"valueRequired\":true,\"valueName\":\"search_term_string\"}}],\"inLanguage\":\"fr-CA\"},{\"@type\":\"Organization\",\"@id\":\"https:\/\/teamsters.ca\/fr\/#organization\",\"name\":\"Teamsters Canada\",\"url\":\"https:\/\/teamsters.ca\/fr\/\",\"logo\":{\"@type\":\"ImageObject\",\"inLanguage\":\"fr-CA\",\"@id\":\"https:\/\/teamsters.ca\/fr\/#\/schema\/logo\/image\/\",\"url\":\"https:\/\/teamsters.ca\/wp-content\/uploads\/2019\/08\/TeamstersCanada.png\",\"contentUrl\":\"https:\/\/teamsters.ca\/wp-content\/uploads\/2019\/08\/TeamstersCanada.png\",\"width\":545,\"height\":181,\"caption\":\"Teamsters Canada\"},\"image\":{\"@id\":\"https:\/\/teamsters.ca\/fr\/#\/schema\/logo\/image\/\"},\"sameAs\":[\"https:\/\/www.facebook.com\/Teamsterscanada\/\",\"https:\/\/x.com\/TeamstersCanada\"]},{\"@type\":\"Person\",\"@id\":\"https:\/\/teamsters.ca\/fr\/#\/schema\/person\/16abb510b61e30ac94505e325f34ff0c\",\"name\":\"communications\",\"image\":{\"@type\":\"ImageObject\",\"inLanguage\":\"fr-CA\",\"@id\":\"https:\/\/teamsters.ca\/fr\/#\/schema\/person\/image\/\",\"url\":\"https:\/\/secure.gravatar.com\/avatar\/707c37c6763af59d83f3b3dcebfff9d9d58ef9e062e2c9452a9dbb153c85d7ac?s=96&d=mm&r=g\",\"contentUrl\":\"https:\/\/secure.gravatar.com\/avatar\/707c37c6763af59d83f3b3dcebfff9d9d58ef9e062e2c9452a9dbb153c85d7ac?s=96&d=mm&r=g\",\"caption\":\"communications\"},\"url\":\"https:\/\/teamsters.ca\/fr\/blog\/author\/communications\/\"}]}<\/script>\n<!-- \/ Yoast SEO Premium plugin. -->","yoast_head_json":{"title":"D\u00e9claration de Teamsters Canada sur la guerre commerciale entre le Canada et les \u00c9tats-Unis | Teamsters Canada","robots":{"index":"index","follow":"follow","max-snippet":"max-snippet:-1","max-image-preview":"max-image-preview:large","max-video-preview":"max-video-preview:-1"},"canonical":"https:\/\/teamsters.ca\/fr\/blog\/2025\/02\/04\/declaration-de-teamsters-canada-sur-la-guerre-commerciale-entre-le-canada-et-les-etats-unis\/","og_locale":"fr_CA","og_type":"article","og_title":"D\u00e9claration de Teamsters Canada sur la guerre commerciale entre le Canada et les \u00c9tats-Unis","og_description":"Teamsters Canada demande au gouvernement de ne pas baisser la garde Laval, le 4 f\u00e9vrier 2025 &#8211; Fran\u00e7ois Laporte, pr\u00e9sident national de Teamsters Canada, a \u00e9mis la d\u00e9claration suivante au sujet de la guerre commerciale entre les \u00c9tats-Unis et le Canada : \u00ab\u00a0 La d\u00e9claration de guerre \u00e9conomique de Donald Trump contre le Canada a [&hellip;]","og_url":"https:\/\/teamsters.ca\/fr\/blog\/2025\/02\/04\/declaration-de-teamsters-canada-sur-la-guerre-commerciale-entre-le-canada-et-les-etats-unis\/","og_site_name":"Teamsters Canada","article_publisher":"https:\/\/www.facebook.com\/Teamsterscanada\/","article_published_time":"2025-02-04T22:59:18+00:00","article_modified_time":"2025-02-04T23:00:53+00:00","og_image":[{"width":1166,"height":768,"url":"https:\/\/teamsters.ca\/wp-content\/uploads\/2020\/08\/Statement_aluminium3.png","type":"image\/png"}],"author":"communications","twitter_card":"summary_large_image","twitter_creator":"@TeamstersCanada","twitter_site":"@TeamstersCanada","twitter_misc":{"\u00c9crit par":"communications","Estimation du temps de lecture":"2 minutes"},"schema":{"@context":"https:\/\/schema.org","@graph":[{"@type":"Article","@id":"https:\/\/teamsters.ca\/fr\/blog\/2025\/02\/04\/declaration-de-teamsters-canada-sur-la-guerre-commerciale-entre-le-canada-et-les-etats-unis\/#article","isPartOf":{"@id":"https:\/\/teamsters.ca\/fr\/blog\/2025\/02\/04\/declaration-de-teamsters-canada-sur-la-guerre-commerciale-entre-le-canada-et-les-etats-unis\/"},"author":{"name":"communications","@id":"https:\/\/teamsters.ca\/fr\/#\/schema\/person\/16abb510b61e30ac94505e325f34ff0c"},"headline":"D\u00e9claration de Teamsters Canada sur la guerre commerciale entre le Canada et les \u00c9tats-Unis","datePublished":"2025-02-04T22:59:18+00:00","dateModified":"2025-02-04T23:00:53+00:00","mainEntityOfPage":{"@id":"https:\/\/teamsters.ca\/fr\/blog\/2025\/02\/04\/declaration-de-teamsters-canada-sur-la-guerre-commerciale-entre-le-canada-et-les-etats-unis\/"},"wordCount":396,"publisher":{"@id":"https:\/\/teamsters.ca\/fr\/#organization"},"image":{"@id":"https:\/\/teamsters.ca\/fr\/blog\/2025\/02\/04\/declaration-de-teamsters-canada-sur-la-guerre-commerciale-entre-le-canada-et-les-etats-unis\/#primaryimage"},"thumbnailUrl":"https:\/\/teamsters.ca\/wp-content\/uploads\/2020\/08\/Statement_aluminium3.png","articleSection":["Autres","Canada","Nouvelles","R\u00e9gion"],"inLanguage":"fr-CA"},{"@type":"WebPage","@id":"https:\/\/teamsters.ca\/fr\/blog\/2025\/02\/04\/declaration-de-teamsters-canada-sur-la-guerre-commerciale-entre-le-canada-et-les-etats-unis\/","url":"https:\/\/teamsters.ca\/fr\/blog\/2025\/02\/04\/declaration-de-teamsters-canada-sur-la-guerre-commerciale-entre-le-canada-et-les-etats-unis\/","name":"D\u00e9claration de Teamsters Canada sur la guerre commerciale entre le Canada et les \u00c9tats-Unis | Teamsters Canada","isPartOf":{"@id":"https:\/\/teamsters.ca\/fr\/#website"},"primaryImageOfPage":{"@id":"https:\/\/teamsters.ca\/fr\/blog\/2025\/02\/04\/declaration-de-teamsters-canada-sur-la-guerre-commerciale-entre-le-canada-et-les-etats-unis\/#primaryimage"},"image":{"@id":"https:\/\/teamsters.ca\/fr\/blog\/2025\/02\/04\/declaration-de-teamsters-canada-sur-la-guerre-commerciale-entre-le-canada-et-les-etats-unis\/#primaryimage"},"thumbnailUrl":"https:\/\/teamsters.ca\/wp-content\/uploads\/2020\/08\/Statement_aluminium3.png","datePublished":"2025-02-04T22:59:18+00:00","dateModified":"2025-02-04T23:00:53+00:00","breadcrumb":{"@id":"https:\/\/teamsters.ca\/fr\/blog\/2025\/02\/04\/declaration-de-teamsters-canada-sur-la-guerre-commerciale-entre-le-canada-et-les-etats-unis\/#breadcrumb"},"inLanguage":"fr-CA","potentialAction":[{"@type":"ReadAction","target":["https:\/\/teamsters.ca\/fr\/blog\/2025\/02\/04\/declaration-de-teamsters-canada-sur-la-guerre-commerciale-entre-le-canada-et-les-etats-unis\/"]}]},{"@type":"ImageObject","inLanguage":"fr-CA","@id":"https:\/\/teamsters.ca\/fr\/blog\/2025\/02\/04\/declaration-de-teamsters-canada-sur-la-guerre-commerciale-entre-le-canada-et-les-etats-unis\/#primaryimage","url":"https:\/\/teamsters.ca\/wp-content\/uploads\/2020\/08\/Statement_aluminium3.png","contentUrl":"https:\/\/teamsters.ca\/wp-content\/uploads\/2020\/08\/Statement_aluminium3.png","width":1166,"height":768},{"@type":"BreadcrumbList","@id":"https:\/\/teamsters.ca\/fr\/blog\/2025\/02\/04\/declaration-de-teamsters-canada-sur-la-guerre-commerciale-entre-le-canada-et-les-etats-unis\/#breadcrumb","itemListElement":[{"@type":"ListItem","position":1,"name":"Home","item":"https:\/\/teamsters.ca\/fr\/"},{"@type":"ListItem","position":2,"name":"D\u00e9claration de Teamsters Canada sur la guerre commerciale entre le Canada et les \u00c9tats-Unis"}]},{"@type":"WebSite","@id":"https:\/\/teamsters.ca\/fr\/#website","url":"https:\/\/teamsters.ca\/fr\/","name":"Teamsters Canada","description":"A Canadian union representing over 125 000 members","publisher":{"@id":"https:\/\/teamsters.ca\/fr\/#organization"},"potentialAction":[{"@type":"SearchAction","target":{"@type":"EntryPoint","urlTemplate":"https:\/\/teamsters.ca\/fr\/?s={search_term_string}"},"query-input":{"@type":"PropertyValueSpecification","valueRequired":true,"valueName":"search_term_string"}}],"inLanguage":"fr-CA"},{"@type":"Organization","@id":"https:\/\/teamsters.ca\/fr\/#organization","name":"Teamsters Canada","url":"https:\/\/teamsters.ca\/fr\/","logo":{"@type":"ImageObject","inLanguage":"fr-CA","@id":"https:\/\/teamsters.ca\/fr\/#\/schema\/logo\/image\/","url":"https:\/\/teamsters.ca\/wp-content\/uploads\/2019\/08\/TeamstersCanada.png","contentUrl":"https:\/\/teamsters.ca\/wp-content\/uploads\/2019\/08\/TeamstersCanada.png","width":545,"height":181,"caption":"Teamsters Canada"},"image":{"@id":"https:\/\/teamsters.ca\/fr\/#\/schema\/logo\/image\/"},"sameAs":["https:\/\/www.facebook.com\/Teamsterscanada\/","https:\/\/x.com\/TeamstersCanada"]},{"@type":"Person","@id":"https:\/\/teamsters.ca\/fr\/#\/schema\/person\/16abb510b61e30ac94505e325f34ff0c","name":"communications","image":{"@type":"ImageObject","inLanguage":"fr-CA","@id":"https:\/\/teamsters.ca\/fr\/#\/schema\/person\/image\/","url":"https:\/\/secure.gravatar.com\/avatar\/707c37c6763af59d83f3b3dcebfff9d9d58ef9e062e2c9452a9dbb153c85d7ac?s=96&d=mm&r=g","contentUrl":"https:\/\/secure.gravatar.com\/avatar\/707c37c6763af59d83f3b3dcebfff9d9d58ef9e062e2c9452a9dbb153c85d7ac?s=96&d=mm&r=g","caption":"communications"},"url":"https:\/\/teamsters.ca\/fr\/blog\/author\/communications\/"}]}},"_links":{"self":[{"href":"https:\/\/teamsters.ca\/fr\/wp-json\/wp\/v2\/posts\/28165","targetHints":{"allow":["GET"]}}],"collection":[{"href":"https:\/\/teamsters.ca\/fr\/wp-json\/wp\/v2\/posts"}],"about":[{"href":"https:\/\/teamsters.ca\/fr\/wp-json\/wp\/v2\/types\/post"}],"author":[{"embeddable":true,"href":"https:\/\/teamsters.ca\/fr\/wp-json\/wp\/v2\/users\/9"}],"replies":[{"embeddable":true,"href":"https:\/\/teamsters.ca\/fr\/wp-json\/wp\/v2\/comments?post=28165"}],"version-history":[{"count":1,"href":"https:\/\/teamsters.ca\/fr\/wp-json\/wp\/v2\/posts\/28165\/revisions"}],"predecessor-version":[{"id":28166,"href":"https:\/\/teamsters.ca\/fr\/wp-json\/wp\/v2\/posts\/28165\/revisions\/28166"}],"wp:featuredmedia":[{"embeddable":true,"href":"https:\/\/teamsters.ca\/fr\/wp-json\/wp\/v2\/media\/19003"}],"wp:attachment":[{"href":"https:\/\/teamsters.ca\/fr\/wp-json\/wp\/v2\/media?parent=28165"}],"wp:term":[{"taxonomy":"category","embeddable":true,"href":"https:\/\/teamsters.ca\/fr\/wp-json\/wp\/v2\/categories?post=28165"},{"taxonomy":"post_tag","embeddable":true,"href":"https:\/\/teamsters.ca\/fr\/wp-json\/wp\/v2\/tags?post=28165"}],"curies":[{"name":"wp","href":"https:\/\/api.w.org\/{rel}","templated":true}]}}