{"id":2809,"date":"2005-12-12T08:01:32","date_gmt":"2005-12-12T13:01:32","guid":{"rendered":"http:\/\/teamsters.ca\/2005\/12\/air-canada-jazz-reunions-a-travers-les-pays\/"},"modified":"2019-06-27T20:39:57","modified_gmt":"2019-06-27T20:39:57","slug":"air-canada-jazz-reunions-a-travers-les-pays","status":"publish","type":"post","link":"https:\/\/teamsters.ca\/fr\/blog\/2005\/12\/12\/air-canada-jazz-reunions-a-travers-les-pays\/","title":{"rendered":"Air Canada Jazz : R\u00e9unions \u00e0 travers les pays"},"content":{"rendered":"<p>Destinataires : Tout le personnel navigant d\u2019Air Canada Jazz <\/p>\n<p> Exp\u00e9ditrice : Anne Dean, pr\u00e9sidente du conseil du personnel navigant des Teamsters <\/p>\n<p> Nous tiendrons des r\u00e9unions d\u2019un bout \u00e0 l\u2019autre du pays aux dates suivantes afin de discuter du r\u00e9examen des salaires et de rencontrer vos repr\u00e9sentants et l\u2019\u00e9quipe de n\u00e9gociation.<\/p>\n<ul>\n<li>Halifax, le 4 janvier 2006 <\/li>\n<li>Montr\u00e9al, le 5 janvier 2006<\/li>\n<li>Toronto, le 6 janvier 2006<\/li>\n<li>Vancouver, le 9 janvier 2006<\/li>\n<li>Calgary, le 10 janvier 2006<\/li>\n<\/ul>\n<p> Les endroits et les heures seront annonc\u00e9s ult\u00e9rieurement. <\/p>\n<p> Merci de votre appui soutenu. <\/p>\n","protected":false},"excerpt":{"rendered":"<p>Destinataires : Tout le personnel navigant d\u2019Air Canada Jazz Exp\u00e9ditrice : Anne Dean, pr\u00e9sidente du conseil du personnel navigant des Teamsters Nous tiendrons des r\u00e9unions d\u2019un bout \u00e0 l\u2019autre du pays aux dates suivantes afin de discuter du r\u00e9examen des salaires et de rencontrer vos repr\u00e9sentants et l\u2019\u00e9quipe de n\u00e9gociation. Halifax, le 4 janvier 2006 [&hellip;]<\/p>\n","protected":false},"author":8,"featured_media":0,"comment_status":"closed","ping_status":"closed","sticky":false,"template":"","format":"standard","meta":{"ngg_post_thumbnail":0,"mc4wp_mailchimp_campaign":[],"footnotes":""},"categories":[1114],"tags":[],"class_list":{"0":"post-2809","1":"post","2":"type-post","3":"status-publish","4":"format-standard","6":"category-nouvelles"},"yoast_head":"<!-- This site is optimized with the Yoast SEO Premium plugin v25.5 (Yoast SEO v25.5) - https:\/\/yoast.com\/wordpress\/plugins\/seo\/ -->\n<title>Air Canada Jazz : R\u00e9unions \u00e0 travers les pays | Teamsters Canada<\/title>\n<meta name=\"robots\" content=\"index, follow, max-snippet:-1, max-image-preview:large, max-video-preview:-1\" \/>\n<link rel=\"canonical\" href=\"https:\/\/teamsters.ca\/fr\/blog\/2005\/12\/12\/air-canada-jazz-reunions-a-travers-les-pays\/\" \/>\n<meta property=\"og:locale\" content=\"fr_CA\" \/>\n<meta property=\"og:type\" content=\"article\" \/>\n<meta property=\"og:title\" content=\"Air Canada Jazz : R\u00e9unions \u00e0 travers les pays\" \/>\n<meta property=\"og:description\" content=\"Destinataires : Tout le personnel navigant d\u2019Air Canada Jazz Exp\u00e9ditrice : Anne Dean, pr\u00e9sidente du conseil du personnel navigant des Teamsters Nous tiendrons des r\u00e9unions d\u2019un bout \u00e0 l\u2019autre du pays aux dates suivantes afin de discuter du r\u00e9examen des salaires et de rencontrer vos repr\u00e9sentants et l\u2019\u00e9quipe de n\u00e9gociation. Halifax, le 4 janvier 2006 [&hellip;]\" \/>\n<meta property=\"og:url\" content=\"https:\/\/teamsters.ca\/fr\/blog\/2005\/12\/12\/air-canada-jazz-reunions-a-travers-les-pays\/\" \/>\n<meta property=\"og:site_name\" content=\"Teamsters Canada\" \/>\n<meta property=\"article:publisher\" content=\"https:\/\/www.facebook.com\/Teamsterscanada\/\" \/>\n<meta property=\"article:published_time\" content=\"2005-12-12T13:01:32+00:00\" \/>\n<meta property=\"article:modified_time\" content=\"2019-06-27T20:39:57+00:00\" \/>\n<meta name=\"author\" content=\"St\u00e9phanie Meunier\" \/>\n<meta name=\"twitter:card\" content=\"summary_large_image\" \/>\n<meta name=\"twitter:creator\" content=\"@TeamstersCanada\" \/>\n<meta name=\"twitter:site\" content=\"@TeamstersCanada\" \/>\n<meta name=\"twitter:label1\" content=\"\u00c9crit par\" \/>\n\t<meta name=\"twitter:data1\" content=\"St\u00e9phanie Meunier\" \/>\n<script type=\"application\/ld+json\" class=\"yoast-schema-graph\">{\"@context\":\"https:\/\/schema.org\",\"@graph\":[{\"@type\":\"Article\",\"@id\":\"https:\/\/teamsters.ca\/fr\/blog\/2005\/12\/12\/air-canada-jazz-reunions-a-travers-les-pays\/#article\",\"isPartOf\":{\"@id\":\"https:\/\/teamsters.ca\/fr\/blog\/2005\/12\/12\/air-canada-jazz-reunions-a-travers-les-pays\/\"},\"author\":{\"name\":\"St\u00e9phanie Meunier\",\"@id\":\"https:\/\/teamsters.ca\/fr\/#\/schema\/person\/3e6ffefc39fe2f212400b7d8d0a4a0c1\"},\"headline\":\"Air Canada Jazz : R\u00e9unions \u00e0 travers les pays\",\"datePublished\":\"2005-12-12T13:01:32+00:00\",\"dateModified\":\"2019-06-27T20:39:57+00:00\",\"mainEntityOfPage\":{\"@id\":\"https:\/\/teamsters.ca\/fr\/blog\/2005\/12\/12\/air-canada-jazz-reunions-a-travers-les-pays\/\"},\"wordCount\":96,\"publisher\":{\"@id\":\"https:\/\/teamsters.ca\/fr\/#organization\"},\"articleSection\":[\"Nouvelles\"],\"inLanguage\":\"fr-CA\"},{\"@type\":\"WebPage\",\"@id\":\"https:\/\/teamsters.ca\/fr\/blog\/2005\/12\/12\/air-canada-jazz-reunions-a-travers-les-pays\/\",\"url\":\"https:\/\/teamsters.ca\/fr\/blog\/2005\/12\/12\/air-canada-jazz-reunions-a-travers-les-pays\/\",\"name\":\"Air Canada Jazz : R\u00e9unions \u00e0 travers les pays | Teamsters Canada\",\"isPartOf\":{\"@id\":\"https:\/\/teamsters.ca\/fr\/#website\"},\"datePublished\":\"2005-12-12T13:01:32+00:00\",\"dateModified\":\"2019-06-27T20:39:57+00:00\",\"breadcrumb\":{\"@id\":\"https:\/\/teamsters.ca\/fr\/blog\/2005\/12\/12\/air-canada-jazz-reunions-a-travers-les-pays\/#breadcrumb\"},\"inLanguage\":\"fr-CA\",\"potentialAction\":[{\"@type\":\"ReadAction\",\"target\":[\"https:\/\/teamsters.ca\/fr\/blog\/2005\/12\/12\/air-canada-jazz-reunions-a-travers-les-pays\/\"]}]},{\"@type\":\"BreadcrumbList\",\"@id\":\"https:\/\/teamsters.ca\/fr\/blog\/2005\/12\/12\/air-canada-jazz-reunions-a-travers-les-pays\/#breadcrumb\",\"itemListElement\":[{\"@type\":\"ListItem\",\"position\":1,\"name\":\"Home\",\"item\":\"https:\/\/teamsters.ca\/fr\/\"},{\"@type\":\"ListItem\",\"position\":2,\"name\":\"Air Canada Jazz : R\u00e9unions \u00e0 travers les pays\"}]},{\"@type\":\"WebSite\",\"@id\":\"https:\/\/teamsters.ca\/fr\/#website\",\"url\":\"https:\/\/teamsters.ca\/fr\/\",\"name\":\"Teamsters Canada\",\"description\":\"A Canadian union representing over 125 000 members\",\"publisher\":{\"@id\":\"https:\/\/teamsters.ca\/fr\/#organization\"},\"potentialAction\":[{\"@type\":\"SearchAction\",\"target\":{\"@type\":\"EntryPoint\",\"urlTemplate\":\"https:\/\/teamsters.ca\/fr\/?s={search_term_string}\"},\"query-input\":{\"@type\":\"PropertyValueSpecification\",\"valueRequired\":true,\"valueName\":\"search_term_string\"}}],\"inLanguage\":\"fr-CA\"},{\"@type\":\"Organization\",\"@id\":\"https:\/\/teamsters.ca\/fr\/#organization\",\"name\":\"Teamsters Canada\",\"url\":\"https:\/\/teamsters.ca\/fr\/\",\"logo\":{\"@type\":\"ImageObject\",\"inLanguage\":\"fr-CA\",\"@id\":\"https:\/\/teamsters.ca\/fr\/#\/schema\/logo\/image\/\",\"url\":\"https:\/\/teamsters.ca\/wp-content\/uploads\/2019\/08\/TeamstersCanada.png\",\"contentUrl\":\"https:\/\/teamsters.ca\/wp-content\/uploads\/2019\/08\/TeamstersCanada.png\",\"width\":545,\"height\":181,\"caption\":\"Teamsters Canada\"},\"image\":{\"@id\":\"https:\/\/teamsters.ca\/fr\/#\/schema\/logo\/image\/\"},\"sameAs\":[\"https:\/\/www.facebook.com\/Teamsterscanada\/\",\"https:\/\/x.com\/TeamstersCanada\"]},{\"@type\":\"Person\",\"@id\":\"https:\/\/teamsters.ca\/fr\/#\/schema\/person\/3e6ffefc39fe2f212400b7d8d0a4a0c1\",\"name\":\"St\u00e9phanie Meunier\",\"image\":{\"@type\":\"ImageObject\",\"inLanguage\":\"fr-CA\",\"@id\":\"https:\/\/teamsters.ca\/fr\/#\/schema\/person\/image\/\",\"url\":\"https:\/\/secure.gravatar.com\/avatar\/e4e8404e91ed71cb473fa2708849669810cf083c89825a3d2dd0d47dd6b2be77?s=96&d=mm&r=g\",\"contentUrl\":\"https:\/\/secure.gravatar.com\/avatar\/e4e8404e91ed71cb473fa2708849669810cf083c89825a3d2dd0d47dd6b2be77?s=96&d=mm&r=g\",\"caption\":\"St\u00e9phanie Meunier\"},\"url\":\"https:\/\/teamsters.ca\/fr\/blog\/author\/smeunier\/\"}]}<\/script>\n<!-- \/ Yoast SEO Premium plugin. -->","yoast_head_json":{"title":"Air Canada Jazz : R\u00e9unions \u00e0 travers les pays | Teamsters Canada","robots":{"index":"index","follow":"follow","max-snippet":"max-snippet:-1","max-image-preview":"max-image-preview:large","max-video-preview":"max-video-preview:-1"},"canonical":"https:\/\/teamsters.ca\/fr\/blog\/2005\/12\/12\/air-canada-jazz-reunions-a-travers-les-pays\/","og_locale":"fr_CA","og_type":"article","og_title":"Air Canada Jazz : R\u00e9unions \u00e0 travers les pays","og_description":"Destinataires : Tout le personnel navigant d\u2019Air Canada Jazz Exp\u00e9ditrice : Anne Dean, pr\u00e9sidente du conseil du personnel navigant des Teamsters Nous tiendrons des r\u00e9unions d\u2019un bout \u00e0 l\u2019autre du pays aux dates suivantes afin de discuter du r\u00e9examen des salaires et de rencontrer vos repr\u00e9sentants et l\u2019\u00e9quipe de n\u00e9gociation. Halifax, le 4 janvier 2006 [&hellip;]","og_url":"https:\/\/teamsters.ca\/fr\/blog\/2005\/12\/12\/air-canada-jazz-reunions-a-travers-les-pays\/","og_site_name":"Teamsters Canada","article_publisher":"https:\/\/www.facebook.com\/Teamsterscanada\/","article_published_time":"2005-12-12T13:01:32+00:00","article_modified_time":"2019-06-27T20:39:57+00:00","author":"St\u00e9phanie Meunier","twitter_card":"summary_large_image","twitter_creator":"@TeamstersCanada","twitter_site":"@TeamstersCanada","twitter_misc":{"\u00c9crit par":"St\u00e9phanie Meunier"},"schema":{"@context":"https:\/\/schema.org","@graph":[{"@type":"Article","@id":"https:\/\/teamsters.ca\/fr\/blog\/2005\/12\/12\/air-canada-jazz-reunions-a-travers-les-pays\/#article","isPartOf":{"@id":"https:\/\/teamsters.ca\/fr\/blog\/2005\/12\/12\/air-canada-jazz-reunions-a-travers-les-pays\/"},"author":{"name":"St\u00e9phanie Meunier","@id":"https:\/\/teamsters.ca\/fr\/#\/schema\/person\/3e6ffefc39fe2f212400b7d8d0a4a0c1"},"headline":"Air Canada Jazz : R\u00e9unions \u00e0 travers les pays","datePublished":"2005-12-12T13:01:32+00:00","dateModified":"2019-06-27T20:39:57+00:00","mainEntityOfPage":{"@id":"https:\/\/teamsters.ca\/fr\/blog\/2005\/12\/12\/air-canada-jazz-reunions-a-travers-les-pays\/"},"wordCount":96,"publisher":{"@id":"https:\/\/teamsters.ca\/fr\/#organization"},"articleSection":["Nouvelles"],"inLanguage":"fr-CA"},{"@type":"WebPage","@id":"https:\/\/teamsters.ca\/fr\/blog\/2005\/12\/12\/air-canada-jazz-reunions-a-travers-les-pays\/","url":"https:\/\/teamsters.ca\/fr\/blog\/2005\/12\/12\/air-canada-jazz-reunions-a-travers-les-pays\/","name":"Air Canada Jazz : R\u00e9unions \u00e0 travers les pays | Teamsters Canada","isPartOf":{"@id":"https:\/\/teamsters.ca\/fr\/#website"},"datePublished":"2005-12-12T13:01:32+00:00","dateModified":"2019-06-27T20:39:57+00:00","breadcrumb":{"@id":"https:\/\/teamsters.ca\/fr\/blog\/2005\/12\/12\/air-canada-jazz-reunions-a-travers-les-pays\/#breadcrumb"},"inLanguage":"fr-CA","potentialAction":[{"@type":"ReadAction","target":["https:\/\/teamsters.ca\/fr\/blog\/2005\/12\/12\/air-canada-jazz-reunions-a-travers-les-pays\/"]}]},{"@type":"BreadcrumbList","@id":"https:\/\/teamsters.ca\/fr\/blog\/2005\/12\/12\/air-canada-jazz-reunions-a-travers-les-pays\/#breadcrumb","itemListElement":[{"@type":"ListItem","position":1,"name":"Home","item":"https:\/\/teamsters.ca\/fr\/"},{"@type":"ListItem","position":2,"name":"Air Canada Jazz : R\u00e9unions \u00e0 travers les pays"}]},{"@type":"WebSite","@id":"https:\/\/teamsters.ca\/fr\/#website","url":"https:\/\/teamsters.ca\/fr\/","name":"Teamsters Canada","description":"A Canadian union representing over 125 000 members","publisher":{"@id":"https:\/\/teamsters.ca\/fr\/#organization"},"potentialAction":[{"@type":"SearchAction","target":{"@type":"EntryPoint","urlTemplate":"https:\/\/teamsters.ca\/fr\/?s={search_term_string}"},"query-input":{"@type":"PropertyValueSpecification","valueRequired":true,"valueName":"search_term_string"}}],"inLanguage":"fr-CA"},{"@type":"Organization","@id":"https:\/\/teamsters.ca\/fr\/#organization","name":"Teamsters Canada","url":"https:\/\/teamsters.ca\/fr\/","logo":{"@type":"ImageObject","inLanguage":"fr-CA","@id":"https:\/\/teamsters.ca\/fr\/#\/schema\/logo\/image\/","url":"https:\/\/teamsters.ca\/wp-content\/uploads\/2019\/08\/TeamstersCanada.png","contentUrl":"https:\/\/teamsters.ca\/wp-content\/uploads\/2019\/08\/TeamstersCanada.png","width":545,"height":181,"caption":"Teamsters Canada"},"image":{"@id":"https:\/\/teamsters.ca\/fr\/#\/schema\/logo\/image\/"},"sameAs":["https:\/\/www.facebook.com\/Teamsterscanada\/","https:\/\/x.com\/TeamstersCanada"]},{"@type":"Person","@id":"https:\/\/teamsters.ca\/fr\/#\/schema\/person\/3e6ffefc39fe2f212400b7d8d0a4a0c1","name":"St\u00e9phanie Meunier","image":{"@type":"ImageObject","inLanguage":"fr-CA","@id":"https:\/\/teamsters.ca\/fr\/#\/schema\/person\/image\/","url":"https:\/\/secure.gravatar.com\/avatar\/e4e8404e91ed71cb473fa2708849669810cf083c89825a3d2dd0d47dd6b2be77?s=96&d=mm&r=g","contentUrl":"https:\/\/secure.gravatar.com\/avatar\/e4e8404e91ed71cb473fa2708849669810cf083c89825a3d2dd0d47dd6b2be77?s=96&d=mm&r=g","caption":"St\u00e9phanie Meunier"},"url":"https:\/\/teamsters.ca\/fr\/blog\/author\/smeunier\/"}]}},"_links":{"self":[{"href":"https:\/\/teamsters.ca\/fr\/wp-json\/wp\/v2\/posts\/2809","targetHints":{"allow":["GET"]}}],"collection":[{"href":"https:\/\/teamsters.ca\/fr\/wp-json\/wp\/v2\/posts"}],"about":[{"href":"https:\/\/teamsters.ca\/fr\/wp-json\/wp\/v2\/types\/post"}],"author":[{"embeddable":true,"href":"https:\/\/teamsters.ca\/fr\/wp-json\/wp\/v2\/users\/8"}],"replies":[{"embeddable":true,"href":"https:\/\/teamsters.ca\/fr\/wp-json\/wp\/v2\/comments?post=2809"}],"version-history":[{"count":1,"href":"https:\/\/teamsters.ca\/fr\/wp-json\/wp\/v2\/posts\/2809\/revisions"}],"predecessor-version":[{"id":10850,"href":"https:\/\/teamsters.ca\/fr\/wp-json\/wp\/v2\/posts\/2809\/revisions\/10850"}],"wp:attachment":[{"href":"https:\/\/teamsters.ca\/fr\/wp-json\/wp\/v2\/media?parent=2809"}],"wp:term":[{"taxonomy":"category","embeddable":true,"href":"https:\/\/teamsters.ca\/fr\/wp-json\/wp\/v2\/categories?post=2809"},{"taxonomy":"post_tag","embeddable":true,"href":"https:\/\/teamsters.ca\/fr\/wp-json\/wp\/v2\/tags?post=2809"}],"curies":[{"name":"wp","href":"https:\/\/api.w.org\/{rel}","templated":true}]}}