{"id":2804,"date":"2006-05-29T13:48:11","date_gmt":"2006-05-29T17:48:11","guid":{"rendered":"http:\/\/teamsters.ca\/2006\/05\/rectifications-a-propos-de-la-note-sur-la-procedure-dappel-a-la-fin-des-vols-journaliers\/"},"modified":"2019-06-27T20:39:56","modified_gmt":"2019-06-27T20:39:56","slug":"rectifications-a-propos-de-la-note-sur-la-procedure-dappel-a-la-fin-des-vols-journaliers","status":"publish","type":"post","link":"https:\/\/teamsters.ca\/fr\/blog\/2006\/05\/29\/rectifications-a-propos-de-la-note-sur-la-procedure-dappel-a-la-fin-des-vols-journaliers\/","title":{"rendered":"Rectifications \u00e0 propos de la note sur la proc\u00e9dure d\u2019appel \u00e0 la fin des vols journaliers"},"content":{"rendered":"<p>Voici ce que vous auriez d\u00fb lire dans le bulletin d\u2019informations de mars \u00e0 la place de \u00ab Note sur la proc\u00e9dure d\u2019appel \u00e0 la fin des vols journaliers \u00bb : <\/p>\n<p> Note sur la proc\u00e9dure \u00e0 suivre pour les employ\u00e9(e)s qui ne se pr\u00e9sentent pas au travail pour cause de maladie : La compagnie a \u00e9mis une note demandant aux agentes et agents de bord de t\u00e9l\u00e9phoner \u00e0 leur pr\u00e9pos\u00e9(e) \u00e0 l\u2019affectation des \u00e9quipages et leur superviseur lorsqu\u2019ils ne viennent pas travailler pour cause de maladie. Nous avons demand\u00e9 \u00e0 la compagnie de rescinder cette note puisqu\u2019elle \u00e9tait contraire \u00e0 la convention collective, ce qu\u2019elle a accept\u00e9. Ceci signifie qu\u2019elle doit la republier puisque la convention collective n\u2019y \u00e9tait pas cit\u00e9e correctement. Elle n\u2019a toutefois pas accept\u00e9 de modifier la proc\u00e9dure. Les agentes et agents de bord doivent continuer \u00e0 t\u00e9l\u00e9phoner \u00e0 leur pr\u00e9pos\u00e9(e) \u00e0 l\u2019affectation des \u00e9quipages et leur superviseur lorsqu\u2019ils ne se pr\u00e9sentent pas au travail pour cause de maladie. <\/p>\n<p> Toutes mes excuses pour le malentendu.  <\/p>\n<p> Anne Dean<br \/> Pr\u00e9sidente du Conseil des agents de bord <\/p>\n","protected":false},"excerpt":{"rendered":"<p>Voici ce que vous auriez d\u00fb lire dans le bulletin d\u2019informations de mars \u00e0 la place de \u00ab Note sur la proc\u00e9dure d\u2019appel \u00e0 la fin des vols journaliers \u00bb : Note sur la proc\u00e9dure \u00e0 suivre pour les employ\u00e9(e)s qui ne se pr\u00e9sentent pas au travail pour cause de maladie : La compagnie a [&hellip;]<\/p>\n","protected":false},"author":8,"featured_media":0,"comment_status":"closed","ping_status":"closed","sticky":false,"template":"","format":"standard","meta":{"ngg_post_thumbnail":0,"mc4wp_mailchimp_campaign":[],"footnotes":""},"categories":[1114],"tags":[],"class_list":{"0":"post-2804","1":"post","2":"type-post","3":"status-publish","4":"format-standard","6":"category-nouvelles"},"yoast_head":"<!-- This site is optimized with the Yoast SEO Premium plugin v25.5 (Yoast SEO v25.5) - https:\/\/yoast.com\/wordpress\/plugins\/seo\/ -->\n<title>Rectifications \u00e0 propos de la note sur la proc\u00e9dure d\u2019appel \u00e0 la fin des vols journaliers | Teamsters Canada<\/title>\n<meta name=\"robots\" content=\"index, follow, max-snippet:-1, max-image-preview:large, max-video-preview:-1\" \/>\n<link rel=\"canonical\" href=\"https:\/\/teamsters.ca\/fr\/blog\/2006\/05\/29\/rectifications-a-propos-de-la-note-sur-la-procedure-dappel-a-la-fin-des-vols-journaliers\/\" \/>\n<meta property=\"og:locale\" content=\"fr_CA\" \/>\n<meta property=\"og:type\" content=\"article\" \/>\n<meta property=\"og:title\" content=\"Rectifications \u00e0 propos de la note sur la proc\u00e9dure d\u2019appel \u00e0 la fin des vols journaliers\" \/>\n<meta property=\"og:description\" content=\"Voici ce que vous auriez d\u00fb lire dans le bulletin d\u2019informations de mars \u00e0 la place de \u00ab Note sur la proc\u00e9dure d\u2019appel \u00e0 la fin des vols journaliers \u00bb : Note sur la proc\u00e9dure \u00e0 suivre pour les employ\u00e9(e)s qui ne se pr\u00e9sentent pas au travail pour cause de maladie : La compagnie a [&hellip;]\" \/>\n<meta property=\"og:url\" content=\"https:\/\/teamsters.ca\/fr\/blog\/2006\/05\/29\/rectifications-a-propos-de-la-note-sur-la-procedure-dappel-a-la-fin-des-vols-journaliers\/\" \/>\n<meta property=\"og:site_name\" content=\"Teamsters Canada\" \/>\n<meta property=\"article:publisher\" content=\"https:\/\/www.facebook.com\/Teamsterscanada\/\" \/>\n<meta property=\"article:published_time\" content=\"2006-05-29T17:48:11+00:00\" \/>\n<meta property=\"article:modified_time\" content=\"2019-06-27T20:39:56+00:00\" \/>\n<meta name=\"author\" content=\"St\u00e9phanie Meunier\" \/>\n<meta name=\"twitter:card\" content=\"summary_large_image\" \/>\n<meta name=\"twitter:creator\" content=\"@TeamstersCanada\" \/>\n<meta name=\"twitter:site\" content=\"@TeamstersCanada\" \/>\n<meta name=\"twitter:label1\" content=\"\u00c9crit par\" \/>\n\t<meta name=\"twitter:data1\" content=\"St\u00e9phanie Meunier\" \/>\n\t<meta name=\"twitter:label2\" content=\"Estimation du temps de lecture\" \/>\n\t<meta name=\"twitter:data2\" content=\"1 minute\" \/>\n<script type=\"application\/ld+json\" class=\"yoast-schema-graph\">{\"@context\":\"https:\/\/schema.org\",\"@graph\":[{\"@type\":\"Article\",\"@id\":\"https:\/\/teamsters.ca\/fr\/blog\/2006\/05\/29\/rectifications-a-propos-de-la-note-sur-la-procedure-dappel-a-la-fin-des-vols-journaliers\/#article\",\"isPartOf\":{\"@id\":\"https:\/\/teamsters.ca\/fr\/blog\/2006\/05\/29\/rectifications-a-propos-de-la-note-sur-la-procedure-dappel-a-la-fin-des-vols-journaliers\/\"},\"author\":{\"name\":\"St\u00e9phanie Meunier\",\"@id\":\"https:\/\/teamsters.ca\/fr\/#\/schema\/person\/3e6ffefc39fe2f212400b7d8d0a4a0c1\"},\"headline\":\"Rectifications \u00e0 propos de la note sur la proc\u00e9dure d\u2019appel \u00e0 la fin des vols journaliers\",\"datePublished\":\"2006-05-29T17:48:11+00:00\",\"dateModified\":\"2019-06-27T20:39:56+00:00\",\"mainEntityOfPage\":{\"@id\":\"https:\/\/teamsters.ca\/fr\/blog\/2006\/05\/29\/rectifications-a-propos-de-la-note-sur-la-procedure-dappel-a-la-fin-des-vols-journaliers\/\"},\"wordCount\":207,\"publisher\":{\"@id\":\"https:\/\/teamsters.ca\/fr\/#organization\"},\"articleSection\":[\"Nouvelles\"],\"inLanguage\":\"fr-CA\"},{\"@type\":\"WebPage\",\"@id\":\"https:\/\/teamsters.ca\/fr\/blog\/2006\/05\/29\/rectifications-a-propos-de-la-note-sur-la-procedure-dappel-a-la-fin-des-vols-journaliers\/\",\"url\":\"https:\/\/teamsters.ca\/fr\/blog\/2006\/05\/29\/rectifications-a-propos-de-la-note-sur-la-procedure-dappel-a-la-fin-des-vols-journaliers\/\",\"name\":\"Rectifications \u00e0 propos de la note sur la proc\u00e9dure d\u2019appel \u00e0 la fin des vols journaliers | Teamsters Canada\",\"isPartOf\":{\"@id\":\"https:\/\/teamsters.ca\/fr\/#website\"},\"datePublished\":\"2006-05-29T17:48:11+00:00\",\"dateModified\":\"2019-06-27T20:39:56+00:00\",\"breadcrumb\":{\"@id\":\"https:\/\/teamsters.ca\/fr\/blog\/2006\/05\/29\/rectifications-a-propos-de-la-note-sur-la-procedure-dappel-a-la-fin-des-vols-journaliers\/#breadcrumb\"},\"inLanguage\":\"fr-CA\",\"potentialAction\":[{\"@type\":\"ReadAction\",\"target\":[\"https:\/\/teamsters.ca\/fr\/blog\/2006\/05\/29\/rectifications-a-propos-de-la-note-sur-la-procedure-dappel-a-la-fin-des-vols-journaliers\/\"]}]},{\"@type\":\"BreadcrumbList\",\"@id\":\"https:\/\/teamsters.ca\/fr\/blog\/2006\/05\/29\/rectifications-a-propos-de-la-note-sur-la-procedure-dappel-a-la-fin-des-vols-journaliers\/#breadcrumb\",\"itemListElement\":[{\"@type\":\"ListItem\",\"position\":1,\"name\":\"Home\",\"item\":\"https:\/\/teamsters.ca\/fr\/\"},{\"@type\":\"ListItem\",\"position\":2,\"name\":\"Rectifications \u00e0 propos de la note sur la proc\u00e9dure d\u2019appel \u00e0 la fin des vols journaliers\"}]},{\"@type\":\"WebSite\",\"@id\":\"https:\/\/teamsters.ca\/fr\/#website\",\"url\":\"https:\/\/teamsters.ca\/fr\/\",\"name\":\"Teamsters Canada\",\"description\":\"A Canadian union representing over 125 000 members\",\"publisher\":{\"@id\":\"https:\/\/teamsters.ca\/fr\/#organization\"},\"potentialAction\":[{\"@type\":\"SearchAction\",\"target\":{\"@type\":\"EntryPoint\",\"urlTemplate\":\"https:\/\/teamsters.ca\/fr\/?s={search_term_string}\"},\"query-input\":{\"@type\":\"PropertyValueSpecification\",\"valueRequired\":true,\"valueName\":\"search_term_string\"}}],\"inLanguage\":\"fr-CA\"},{\"@type\":\"Organization\",\"@id\":\"https:\/\/teamsters.ca\/fr\/#organization\",\"name\":\"Teamsters Canada\",\"url\":\"https:\/\/teamsters.ca\/fr\/\",\"logo\":{\"@type\":\"ImageObject\",\"inLanguage\":\"fr-CA\",\"@id\":\"https:\/\/teamsters.ca\/fr\/#\/schema\/logo\/image\/\",\"url\":\"https:\/\/teamsters.ca\/wp-content\/uploads\/2019\/08\/TeamstersCanada.png\",\"contentUrl\":\"https:\/\/teamsters.ca\/wp-content\/uploads\/2019\/08\/TeamstersCanada.png\",\"width\":545,\"height\":181,\"caption\":\"Teamsters Canada\"},\"image\":{\"@id\":\"https:\/\/teamsters.ca\/fr\/#\/schema\/logo\/image\/\"},\"sameAs\":[\"https:\/\/www.facebook.com\/Teamsterscanada\/\",\"https:\/\/x.com\/TeamstersCanada\"]},{\"@type\":\"Person\",\"@id\":\"https:\/\/teamsters.ca\/fr\/#\/schema\/person\/3e6ffefc39fe2f212400b7d8d0a4a0c1\",\"name\":\"St\u00e9phanie Meunier\",\"image\":{\"@type\":\"ImageObject\",\"inLanguage\":\"fr-CA\",\"@id\":\"https:\/\/teamsters.ca\/fr\/#\/schema\/person\/image\/\",\"url\":\"https:\/\/secure.gravatar.com\/avatar\/e4e8404e91ed71cb473fa2708849669810cf083c89825a3d2dd0d47dd6b2be77?s=96&d=mm&r=g\",\"contentUrl\":\"https:\/\/secure.gravatar.com\/avatar\/e4e8404e91ed71cb473fa2708849669810cf083c89825a3d2dd0d47dd6b2be77?s=96&d=mm&r=g\",\"caption\":\"St\u00e9phanie Meunier\"},\"url\":\"https:\/\/teamsters.ca\/fr\/blog\/author\/smeunier\/\"}]}<\/script>\n<!-- \/ Yoast SEO Premium plugin. -->","yoast_head_json":{"title":"Rectifications \u00e0 propos de la note sur la proc\u00e9dure d\u2019appel \u00e0 la fin des vols journaliers | Teamsters Canada","robots":{"index":"index","follow":"follow","max-snippet":"max-snippet:-1","max-image-preview":"max-image-preview:large","max-video-preview":"max-video-preview:-1"},"canonical":"https:\/\/teamsters.ca\/fr\/blog\/2006\/05\/29\/rectifications-a-propos-de-la-note-sur-la-procedure-dappel-a-la-fin-des-vols-journaliers\/","og_locale":"fr_CA","og_type":"article","og_title":"Rectifications \u00e0 propos de la note sur la proc\u00e9dure d\u2019appel \u00e0 la fin des vols journaliers","og_description":"Voici ce que vous auriez d\u00fb lire dans le bulletin d\u2019informations de mars \u00e0 la place de \u00ab Note sur la proc\u00e9dure d\u2019appel \u00e0 la fin des vols journaliers \u00bb : Note sur la proc\u00e9dure \u00e0 suivre pour les employ\u00e9(e)s qui ne se pr\u00e9sentent pas au travail pour cause de maladie : La compagnie a [&hellip;]","og_url":"https:\/\/teamsters.ca\/fr\/blog\/2006\/05\/29\/rectifications-a-propos-de-la-note-sur-la-procedure-dappel-a-la-fin-des-vols-journaliers\/","og_site_name":"Teamsters Canada","article_publisher":"https:\/\/www.facebook.com\/Teamsterscanada\/","article_published_time":"2006-05-29T17:48:11+00:00","article_modified_time":"2019-06-27T20:39:56+00:00","author":"St\u00e9phanie Meunier","twitter_card":"summary_large_image","twitter_creator":"@TeamstersCanada","twitter_site":"@TeamstersCanada","twitter_misc":{"\u00c9crit par":"St\u00e9phanie Meunier","Estimation du temps de lecture":"1 minute"},"schema":{"@context":"https:\/\/schema.org","@graph":[{"@type":"Article","@id":"https:\/\/teamsters.ca\/fr\/blog\/2006\/05\/29\/rectifications-a-propos-de-la-note-sur-la-procedure-dappel-a-la-fin-des-vols-journaliers\/#article","isPartOf":{"@id":"https:\/\/teamsters.ca\/fr\/blog\/2006\/05\/29\/rectifications-a-propos-de-la-note-sur-la-procedure-dappel-a-la-fin-des-vols-journaliers\/"},"author":{"name":"St\u00e9phanie Meunier","@id":"https:\/\/teamsters.ca\/fr\/#\/schema\/person\/3e6ffefc39fe2f212400b7d8d0a4a0c1"},"headline":"Rectifications \u00e0 propos de la note sur la proc\u00e9dure d\u2019appel \u00e0 la fin des vols journaliers","datePublished":"2006-05-29T17:48:11+00:00","dateModified":"2019-06-27T20:39:56+00:00","mainEntityOfPage":{"@id":"https:\/\/teamsters.ca\/fr\/blog\/2006\/05\/29\/rectifications-a-propos-de-la-note-sur-la-procedure-dappel-a-la-fin-des-vols-journaliers\/"},"wordCount":207,"publisher":{"@id":"https:\/\/teamsters.ca\/fr\/#organization"},"articleSection":["Nouvelles"],"inLanguage":"fr-CA"},{"@type":"WebPage","@id":"https:\/\/teamsters.ca\/fr\/blog\/2006\/05\/29\/rectifications-a-propos-de-la-note-sur-la-procedure-dappel-a-la-fin-des-vols-journaliers\/","url":"https:\/\/teamsters.ca\/fr\/blog\/2006\/05\/29\/rectifications-a-propos-de-la-note-sur-la-procedure-dappel-a-la-fin-des-vols-journaliers\/","name":"Rectifications \u00e0 propos de la note sur la proc\u00e9dure d\u2019appel \u00e0 la fin des vols journaliers | Teamsters Canada","isPartOf":{"@id":"https:\/\/teamsters.ca\/fr\/#website"},"datePublished":"2006-05-29T17:48:11+00:00","dateModified":"2019-06-27T20:39:56+00:00","breadcrumb":{"@id":"https:\/\/teamsters.ca\/fr\/blog\/2006\/05\/29\/rectifications-a-propos-de-la-note-sur-la-procedure-dappel-a-la-fin-des-vols-journaliers\/#breadcrumb"},"inLanguage":"fr-CA","potentialAction":[{"@type":"ReadAction","target":["https:\/\/teamsters.ca\/fr\/blog\/2006\/05\/29\/rectifications-a-propos-de-la-note-sur-la-procedure-dappel-a-la-fin-des-vols-journaliers\/"]}]},{"@type":"BreadcrumbList","@id":"https:\/\/teamsters.ca\/fr\/blog\/2006\/05\/29\/rectifications-a-propos-de-la-note-sur-la-procedure-dappel-a-la-fin-des-vols-journaliers\/#breadcrumb","itemListElement":[{"@type":"ListItem","position":1,"name":"Home","item":"https:\/\/teamsters.ca\/fr\/"},{"@type":"ListItem","position":2,"name":"Rectifications \u00e0 propos de la note sur la proc\u00e9dure d\u2019appel \u00e0 la fin des vols journaliers"}]},{"@type":"WebSite","@id":"https:\/\/teamsters.ca\/fr\/#website","url":"https:\/\/teamsters.ca\/fr\/","name":"Teamsters Canada","description":"A Canadian union representing over 125 000 members","publisher":{"@id":"https:\/\/teamsters.ca\/fr\/#organization"},"potentialAction":[{"@type":"SearchAction","target":{"@type":"EntryPoint","urlTemplate":"https:\/\/teamsters.ca\/fr\/?s={search_term_string}"},"query-input":{"@type":"PropertyValueSpecification","valueRequired":true,"valueName":"search_term_string"}}],"inLanguage":"fr-CA"},{"@type":"Organization","@id":"https:\/\/teamsters.ca\/fr\/#organization","name":"Teamsters Canada","url":"https:\/\/teamsters.ca\/fr\/","logo":{"@type":"ImageObject","inLanguage":"fr-CA","@id":"https:\/\/teamsters.ca\/fr\/#\/schema\/logo\/image\/","url":"https:\/\/teamsters.ca\/wp-content\/uploads\/2019\/08\/TeamstersCanada.png","contentUrl":"https:\/\/teamsters.ca\/wp-content\/uploads\/2019\/08\/TeamstersCanada.png","width":545,"height":181,"caption":"Teamsters Canada"},"image":{"@id":"https:\/\/teamsters.ca\/fr\/#\/schema\/logo\/image\/"},"sameAs":["https:\/\/www.facebook.com\/Teamsterscanada\/","https:\/\/x.com\/TeamstersCanada"]},{"@type":"Person","@id":"https:\/\/teamsters.ca\/fr\/#\/schema\/person\/3e6ffefc39fe2f212400b7d8d0a4a0c1","name":"St\u00e9phanie Meunier","image":{"@type":"ImageObject","inLanguage":"fr-CA","@id":"https:\/\/teamsters.ca\/fr\/#\/schema\/person\/image\/","url":"https:\/\/secure.gravatar.com\/avatar\/e4e8404e91ed71cb473fa2708849669810cf083c89825a3d2dd0d47dd6b2be77?s=96&d=mm&r=g","contentUrl":"https:\/\/secure.gravatar.com\/avatar\/e4e8404e91ed71cb473fa2708849669810cf083c89825a3d2dd0d47dd6b2be77?s=96&d=mm&r=g","caption":"St\u00e9phanie Meunier"},"url":"https:\/\/teamsters.ca\/fr\/blog\/author\/smeunier\/"}]}},"_links":{"self":[{"href":"https:\/\/teamsters.ca\/fr\/wp-json\/wp\/v2\/posts\/2804","targetHints":{"allow":["GET"]}}],"collection":[{"href":"https:\/\/teamsters.ca\/fr\/wp-json\/wp\/v2\/posts"}],"about":[{"href":"https:\/\/teamsters.ca\/fr\/wp-json\/wp\/v2\/types\/post"}],"author":[{"embeddable":true,"href":"https:\/\/teamsters.ca\/fr\/wp-json\/wp\/v2\/users\/8"}],"replies":[{"embeddable":true,"href":"https:\/\/teamsters.ca\/fr\/wp-json\/wp\/v2\/comments?post=2804"}],"version-history":[{"count":1,"href":"https:\/\/teamsters.ca\/fr\/wp-json\/wp\/v2\/posts\/2804\/revisions"}],"predecessor-version":[{"id":10837,"href":"https:\/\/teamsters.ca\/fr\/wp-json\/wp\/v2\/posts\/2804\/revisions\/10837"}],"wp:attachment":[{"href":"https:\/\/teamsters.ca\/fr\/wp-json\/wp\/v2\/media?parent=2804"}],"wp:term":[{"taxonomy":"category","embeddable":true,"href":"https:\/\/teamsters.ca\/fr\/wp-json\/wp\/v2\/categories?post=2804"},{"taxonomy":"post_tag","embeddable":true,"href":"https:\/\/teamsters.ca\/fr\/wp-json\/wp\/v2\/tags?post=2804"}],"curies":[{"name":"wp","href":"https:\/\/api.w.org\/{rel}","templated":true}]}}