{"id":2799,"date":"2006-08-10T09:01:43","date_gmt":"2006-08-10T13:01:43","guid":{"rendered":"http:\/\/teamsters.ca\/2006\/08\/air-canada-jazz-journees-de-travail-non-prevues-a-lhoraire\/"},"modified":"2019-06-27T20:39:56","modified_gmt":"2019-06-27T20:39:56","slug":"air-canada-jazz-journees-de-travail-non-prevues-a-lhoraire","status":"publish","type":"post","link":"https:\/\/teamsters.ca\/fr\/blog\/2006\/08\/10\/air-canada-jazz-journees-de-travail-non-prevues-a-lhoraire\/","title":{"rendered":"Air Canada Jazz: Journ\u00e9es de travail non pr\u00e9vues \u00e0 l\u2019horaire"},"content":{"rendered":"<p>Voici une mise \u00e0 jour sur l\u2019application de suivi des journ\u00e9es de travail non pr\u00e9vues \u00e0 l\u2019horaire. Cette application a re\u00e7u un accueil tr\u00e8s positif, et une LA a donc \u00e9t\u00e9 sign\u00e9e pour autoriser sa mise en \u0153uvre. Il s\u2019agit d\u2019un processus Internet utilis\u00e9 pour communiquer avec des agents de bord ayant indiqu\u00e9 sur le site Internet qu\u2019ils sont pr\u00eats \u00e0 travailler pendant leurs journ\u00e9es de repos. Il remplace le syst\u00e8me sans appel actuel en vertu duquel vous faites conna\u00eetre vos disponibilit\u00e9s \u00e0 l\u2019employeur. <\/p>\n<p> Nous avons clairement laiss\u00e9 entendre \u00e0 la compagnie que vous avez le droit de refuser m\u00eame si vous vous \u00eates port\u00e9 volontaire pour travailler pendant vos journ\u00e9es de repos. Les agents de bord qui n\u2019ont pas acc\u00e8s \u00e0 un ordinateur n\u2019ont qu\u2019\u00e0 communiquer avec les pr\u00e9pos\u00e9s \u00e0 l\u2019affectation des \u00e9quipages pour les informer que vous aimeriez vous porter disponible pour travailler pendant une journ\u00e9e de repos. <\/p>\n<p> La lettre d&rsquo;entente sera affich\u00e9e dans toutes les salles d\u2019\u00e9quipage et sur le site Web des Teamsters. De plus, vous en recevrez tous une copie dans votre pigeonnier. <\/p>\n<p> Si vous avez des questions, n\u2019h\u00e9sitez pas \u00e0 communiquer avec le repr\u00e9sentant de votre base. <\/p>\n<p> <a href=\"http:\/\/www.teamsters.ca\/airline\/pdf\/LOU_August2006.pdf\" target=\"_blank\" rel=\"noopener noreferrer\">Lettre d&rsquo;entente >>><\/a><\/p>\n","protected":false},"excerpt":{"rendered":"<p>Voici une mise \u00e0 jour sur l\u2019application de suivi des journ\u00e9es de travail non pr\u00e9vues \u00e0 l\u2019horaire. Cette application a re\u00e7u un accueil tr\u00e8s positif, et une LA a donc \u00e9t\u00e9 sign\u00e9e pour autoriser sa mise en \u0153uvre. Il s\u2019agit d\u2019un processus Internet utilis\u00e9 pour communiquer avec des agents de bord ayant indiqu\u00e9 sur le [&hellip;]<\/p>\n","protected":false},"author":8,"featured_media":0,"comment_status":"closed","ping_status":"closed","sticky":false,"template":"","format":"standard","meta":{"ngg_post_thumbnail":0,"mc4wp_mailchimp_campaign":[],"footnotes":""},"categories":[1114],"tags":[],"class_list":{"0":"post-2799","1":"post","2":"type-post","3":"status-publish","4":"format-standard","6":"category-nouvelles"},"yoast_head":"<!-- This site is optimized with the Yoast SEO Premium plugin v25.5 (Yoast SEO v25.5) - https:\/\/yoast.com\/wordpress\/plugins\/seo\/ -->\n<title>Air Canada Jazz: Journ\u00e9es de travail non pr\u00e9vues \u00e0 l\u2019horaire | Teamsters Canada<\/title>\n<meta name=\"robots\" content=\"index, follow, max-snippet:-1, max-image-preview:large, max-video-preview:-1\" \/>\n<link rel=\"canonical\" href=\"https:\/\/teamsters.ca\/fr\/blog\/2006\/08\/10\/air-canada-jazz-journees-de-travail-non-prevues-a-lhoraire\/\" \/>\n<meta property=\"og:locale\" content=\"fr_CA\" \/>\n<meta property=\"og:type\" content=\"article\" \/>\n<meta property=\"og:title\" content=\"Air Canada Jazz: Journ\u00e9es de travail non pr\u00e9vues \u00e0 l\u2019horaire\" \/>\n<meta property=\"og:description\" content=\"Voici une mise \u00e0 jour sur l\u2019application de suivi des journ\u00e9es de travail non pr\u00e9vues \u00e0 l\u2019horaire. Cette application a re\u00e7u un accueil tr\u00e8s positif, et une LA a donc \u00e9t\u00e9 sign\u00e9e pour autoriser sa mise en \u0153uvre. Il s\u2019agit d\u2019un processus Internet utilis\u00e9 pour communiquer avec des agents de bord ayant indiqu\u00e9 sur le [&hellip;]\" \/>\n<meta property=\"og:url\" content=\"https:\/\/teamsters.ca\/fr\/blog\/2006\/08\/10\/air-canada-jazz-journees-de-travail-non-prevues-a-lhoraire\/\" \/>\n<meta property=\"og:site_name\" content=\"Teamsters Canada\" \/>\n<meta property=\"article:publisher\" content=\"https:\/\/www.facebook.com\/Teamsterscanada\/\" \/>\n<meta property=\"article:published_time\" content=\"2006-08-10T13:01:43+00:00\" \/>\n<meta property=\"article:modified_time\" content=\"2019-06-27T20:39:56+00:00\" \/>\n<meta name=\"author\" content=\"St\u00e9phanie Meunier\" \/>\n<meta name=\"twitter:card\" content=\"summary_large_image\" \/>\n<meta name=\"twitter:creator\" content=\"@TeamstersCanada\" \/>\n<meta name=\"twitter:site\" content=\"@TeamstersCanada\" \/>\n<meta name=\"twitter:label1\" content=\"\u00c9crit par\" \/>\n\t<meta name=\"twitter:data1\" content=\"St\u00e9phanie Meunier\" \/>\n\t<meta name=\"twitter:label2\" content=\"Estimation du temps de lecture\" \/>\n\t<meta name=\"twitter:data2\" content=\"1 minute\" \/>\n<script type=\"application\/ld+json\" class=\"yoast-schema-graph\">{\"@context\":\"https:\/\/schema.org\",\"@graph\":[{\"@type\":\"Article\",\"@id\":\"https:\/\/teamsters.ca\/fr\/blog\/2006\/08\/10\/air-canada-jazz-journees-de-travail-non-prevues-a-lhoraire\/#article\",\"isPartOf\":{\"@id\":\"https:\/\/teamsters.ca\/fr\/blog\/2006\/08\/10\/air-canada-jazz-journees-de-travail-non-prevues-a-lhoraire\/\"},\"author\":{\"name\":\"St\u00e9phanie Meunier\",\"@id\":\"https:\/\/teamsters.ca\/fr\/#\/schema\/person\/3e6ffefc39fe2f212400b7d8d0a4a0c1\"},\"headline\":\"Air Canada Jazz: Journ\u00e9es de travail non pr\u00e9vues \u00e0 l\u2019horaire\",\"datePublished\":\"2006-08-10T13:01:43+00:00\",\"dateModified\":\"2019-06-27T20:39:56+00:00\",\"mainEntityOfPage\":{\"@id\":\"https:\/\/teamsters.ca\/fr\/blog\/2006\/08\/10\/air-canada-jazz-journees-de-travail-non-prevues-a-lhoraire\/\"},\"wordCount\":229,\"publisher\":{\"@id\":\"https:\/\/teamsters.ca\/fr\/#organization\"},\"articleSection\":[\"Nouvelles\"],\"inLanguage\":\"fr-CA\"},{\"@type\":\"WebPage\",\"@id\":\"https:\/\/teamsters.ca\/fr\/blog\/2006\/08\/10\/air-canada-jazz-journees-de-travail-non-prevues-a-lhoraire\/\",\"url\":\"https:\/\/teamsters.ca\/fr\/blog\/2006\/08\/10\/air-canada-jazz-journees-de-travail-non-prevues-a-lhoraire\/\",\"name\":\"Air Canada Jazz: Journ\u00e9es de travail non pr\u00e9vues \u00e0 l\u2019horaire | Teamsters Canada\",\"isPartOf\":{\"@id\":\"https:\/\/teamsters.ca\/fr\/#website\"},\"datePublished\":\"2006-08-10T13:01:43+00:00\",\"dateModified\":\"2019-06-27T20:39:56+00:00\",\"breadcrumb\":{\"@id\":\"https:\/\/teamsters.ca\/fr\/blog\/2006\/08\/10\/air-canada-jazz-journees-de-travail-non-prevues-a-lhoraire\/#breadcrumb\"},\"inLanguage\":\"fr-CA\",\"potentialAction\":[{\"@type\":\"ReadAction\",\"target\":[\"https:\/\/teamsters.ca\/fr\/blog\/2006\/08\/10\/air-canada-jazz-journees-de-travail-non-prevues-a-lhoraire\/\"]}]},{\"@type\":\"BreadcrumbList\",\"@id\":\"https:\/\/teamsters.ca\/fr\/blog\/2006\/08\/10\/air-canada-jazz-journees-de-travail-non-prevues-a-lhoraire\/#breadcrumb\",\"itemListElement\":[{\"@type\":\"ListItem\",\"position\":1,\"name\":\"Home\",\"item\":\"https:\/\/teamsters.ca\/fr\/\"},{\"@type\":\"ListItem\",\"position\":2,\"name\":\"Air Canada Jazz: Journ\u00e9es de travail non pr\u00e9vues \u00e0 l\u2019horaire\"}]},{\"@type\":\"WebSite\",\"@id\":\"https:\/\/teamsters.ca\/fr\/#website\",\"url\":\"https:\/\/teamsters.ca\/fr\/\",\"name\":\"Teamsters Canada\",\"description\":\"A Canadian union representing over 125 000 members\",\"publisher\":{\"@id\":\"https:\/\/teamsters.ca\/fr\/#organization\"},\"potentialAction\":[{\"@type\":\"SearchAction\",\"target\":{\"@type\":\"EntryPoint\",\"urlTemplate\":\"https:\/\/teamsters.ca\/fr\/?s={search_term_string}\"},\"query-input\":{\"@type\":\"PropertyValueSpecification\",\"valueRequired\":true,\"valueName\":\"search_term_string\"}}],\"inLanguage\":\"fr-CA\"},{\"@type\":\"Organization\",\"@id\":\"https:\/\/teamsters.ca\/fr\/#organization\",\"name\":\"Teamsters Canada\",\"url\":\"https:\/\/teamsters.ca\/fr\/\",\"logo\":{\"@type\":\"ImageObject\",\"inLanguage\":\"fr-CA\",\"@id\":\"https:\/\/teamsters.ca\/fr\/#\/schema\/logo\/image\/\",\"url\":\"https:\/\/teamsters.ca\/wp-content\/uploads\/2019\/08\/TeamstersCanada.png\",\"contentUrl\":\"https:\/\/teamsters.ca\/wp-content\/uploads\/2019\/08\/TeamstersCanada.png\",\"width\":545,\"height\":181,\"caption\":\"Teamsters Canada\"},\"image\":{\"@id\":\"https:\/\/teamsters.ca\/fr\/#\/schema\/logo\/image\/\"},\"sameAs\":[\"https:\/\/www.facebook.com\/Teamsterscanada\/\",\"https:\/\/x.com\/TeamstersCanada\"]},{\"@type\":\"Person\",\"@id\":\"https:\/\/teamsters.ca\/fr\/#\/schema\/person\/3e6ffefc39fe2f212400b7d8d0a4a0c1\",\"name\":\"St\u00e9phanie Meunier\",\"image\":{\"@type\":\"ImageObject\",\"inLanguage\":\"fr-CA\",\"@id\":\"https:\/\/teamsters.ca\/fr\/#\/schema\/person\/image\/\",\"url\":\"https:\/\/secure.gravatar.com\/avatar\/e4e8404e91ed71cb473fa2708849669810cf083c89825a3d2dd0d47dd6b2be77?s=96&d=mm&r=g\",\"contentUrl\":\"https:\/\/secure.gravatar.com\/avatar\/e4e8404e91ed71cb473fa2708849669810cf083c89825a3d2dd0d47dd6b2be77?s=96&d=mm&r=g\",\"caption\":\"St\u00e9phanie Meunier\"},\"url\":\"https:\/\/teamsters.ca\/fr\/blog\/author\/smeunier\/\"}]}<\/script>\n<!-- \/ Yoast SEO Premium plugin. -->","yoast_head_json":{"title":"Air Canada Jazz: Journ\u00e9es de travail non pr\u00e9vues \u00e0 l\u2019horaire | Teamsters Canada","robots":{"index":"index","follow":"follow","max-snippet":"max-snippet:-1","max-image-preview":"max-image-preview:large","max-video-preview":"max-video-preview:-1"},"canonical":"https:\/\/teamsters.ca\/fr\/blog\/2006\/08\/10\/air-canada-jazz-journees-de-travail-non-prevues-a-lhoraire\/","og_locale":"fr_CA","og_type":"article","og_title":"Air Canada Jazz: Journ\u00e9es de travail non pr\u00e9vues \u00e0 l\u2019horaire","og_description":"Voici une mise \u00e0 jour sur l\u2019application de suivi des journ\u00e9es de travail non pr\u00e9vues \u00e0 l\u2019horaire. Cette application a re\u00e7u un accueil tr\u00e8s positif, et une LA a donc \u00e9t\u00e9 sign\u00e9e pour autoriser sa mise en \u0153uvre. Il s\u2019agit d\u2019un processus Internet utilis\u00e9 pour communiquer avec des agents de bord ayant indiqu\u00e9 sur le [&hellip;]","og_url":"https:\/\/teamsters.ca\/fr\/blog\/2006\/08\/10\/air-canada-jazz-journees-de-travail-non-prevues-a-lhoraire\/","og_site_name":"Teamsters Canada","article_publisher":"https:\/\/www.facebook.com\/Teamsterscanada\/","article_published_time":"2006-08-10T13:01:43+00:00","article_modified_time":"2019-06-27T20:39:56+00:00","author":"St\u00e9phanie Meunier","twitter_card":"summary_large_image","twitter_creator":"@TeamstersCanada","twitter_site":"@TeamstersCanada","twitter_misc":{"\u00c9crit par":"St\u00e9phanie Meunier","Estimation du temps de lecture":"1 minute"},"schema":{"@context":"https:\/\/schema.org","@graph":[{"@type":"Article","@id":"https:\/\/teamsters.ca\/fr\/blog\/2006\/08\/10\/air-canada-jazz-journees-de-travail-non-prevues-a-lhoraire\/#article","isPartOf":{"@id":"https:\/\/teamsters.ca\/fr\/blog\/2006\/08\/10\/air-canada-jazz-journees-de-travail-non-prevues-a-lhoraire\/"},"author":{"name":"St\u00e9phanie Meunier","@id":"https:\/\/teamsters.ca\/fr\/#\/schema\/person\/3e6ffefc39fe2f212400b7d8d0a4a0c1"},"headline":"Air Canada Jazz: Journ\u00e9es de travail non pr\u00e9vues \u00e0 l\u2019horaire","datePublished":"2006-08-10T13:01:43+00:00","dateModified":"2019-06-27T20:39:56+00:00","mainEntityOfPage":{"@id":"https:\/\/teamsters.ca\/fr\/blog\/2006\/08\/10\/air-canada-jazz-journees-de-travail-non-prevues-a-lhoraire\/"},"wordCount":229,"publisher":{"@id":"https:\/\/teamsters.ca\/fr\/#organization"},"articleSection":["Nouvelles"],"inLanguage":"fr-CA"},{"@type":"WebPage","@id":"https:\/\/teamsters.ca\/fr\/blog\/2006\/08\/10\/air-canada-jazz-journees-de-travail-non-prevues-a-lhoraire\/","url":"https:\/\/teamsters.ca\/fr\/blog\/2006\/08\/10\/air-canada-jazz-journees-de-travail-non-prevues-a-lhoraire\/","name":"Air Canada Jazz: Journ\u00e9es de travail non pr\u00e9vues \u00e0 l\u2019horaire | Teamsters Canada","isPartOf":{"@id":"https:\/\/teamsters.ca\/fr\/#website"},"datePublished":"2006-08-10T13:01:43+00:00","dateModified":"2019-06-27T20:39:56+00:00","breadcrumb":{"@id":"https:\/\/teamsters.ca\/fr\/blog\/2006\/08\/10\/air-canada-jazz-journees-de-travail-non-prevues-a-lhoraire\/#breadcrumb"},"inLanguage":"fr-CA","potentialAction":[{"@type":"ReadAction","target":["https:\/\/teamsters.ca\/fr\/blog\/2006\/08\/10\/air-canada-jazz-journees-de-travail-non-prevues-a-lhoraire\/"]}]},{"@type":"BreadcrumbList","@id":"https:\/\/teamsters.ca\/fr\/blog\/2006\/08\/10\/air-canada-jazz-journees-de-travail-non-prevues-a-lhoraire\/#breadcrumb","itemListElement":[{"@type":"ListItem","position":1,"name":"Home","item":"https:\/\/teamsters.ca\/fr\/"},{"@type":"ListItem","position":2,"name":"Air Canada Jazz: Journ\u00e9es de travail non pr\u00e9vues \u00e0 l\u2019horaire"}]},{"@type":"WebSite","@id":"https:\/\/teamsters.ca\/fr\/#website","url":"https:\/\/teamsters.ca\/fr\/","name":"Teamsters Canada","description":"A Canadian union representing over 125 000 members","publisher":{"@id":"https:\/\/teamsters.ca\/fr\/#organization"},"potentialAction":[{"@type":"SearchAction","target":{"@type":"EntryPoint","urlTemplate":"https:\/\/teamsters.ca\/fr\/?s={search_term_string}"},"query-input":{"@type":"PropertyValueSpecification","valueRequired":true,"valueName":"search_term_string"}}],"inLanguage":"fr-CA"},{"@type":"Organization","@id":"https:\/\/teamsters.ca\/fr\/#organization","name":"Teamsters Canada","url":"https:\/\/teamsters.ca\/fr\/","logo":{"@type":"ImageObject","inLanguage":"fr-CA","@id":"https:\/\/teamsters.ca\/fr\/#\/schema\/logo\/image\/","url":"https:\/\/teamsters.ca\/wp-content\/uploads\/2019\/08\/TeamstersCanada.png","contentUrl":"https:\/\/teamsters.ca\/wp-content\/uploads\/2019\/08\/TeamstersCanada.png","width":545,"height":181,"caption":"Teamsters Canada"},"image":{"@id":"https:\/\/teamsters.ca\/fr\/#\/schema\/logo\/image\/"},"sameAs":["https:\/\/www.facebook.com\/Teamsterscanada\/","https:\/\/x.com\/TeamstersCanada"]},{"@type":"Person","@id":"https:\/\/teamsters.ca\/fr\/#\/schema\/person\/3e6ffefc39fe2f212400b7d8d0a4a0c1","name":"St\u00e9phanie Meunier","image":{"@type":"ImageObject","inLanguage":"fr-CA","@id":"https:\/\/teamsters.ca\/fr\/#\/schema\/person\/image\/","url":"https:\/\/secure.gravatar.com\/avatar\/e4e8404e91ed71cb473fa2708849669810cf083c89825a3d2dd0d47dd6b2be77?s=96&d=mm&r=g","contentUrl":"https:\/\/secure.gravatar.com\/avatar\/e4e8404e91ed71cb473fa2708849669810cf083c89825a3d2dd0d47dd6b2be77?s=96&d=mm&r=g","caption":"St\u00e9phanie Meunier"},"url":"https:\/\/teamsters.ca\/fr\/blog\/author\/smeunier\/"}]}},"_links":{"self":[{"href":"https:\/\/teamsters.ca\/fr\/wp-json\/wp\/v2\/posts\/2799","targetHints":{"allow":["GET"]}}],"collection":[{"href":"https:\/\/teamsters.ca\/fr\/wp-json\/wp\/v2\/posts"}],"about":[{"href":"https:\/\/teamsters.ca\/fr\/wp-json\/wp\/v2\/types\/post"}],"author":[{"embeddable":true,"href":"https:\/\/teamsters.ca\/fr\/wp-json\/wp\/v2\/users\/8"}],"replies":[{"embeddable":true,"href":"https:\/\/teamsters.ca\/fr\/wp-json\/wp\/v2\/comments?post=2799"}],"version-history":[{"count":1,"href":"https:\/\/teamsters.ca\/fr\/wp-json\/wp\/v2\/posts\/2799\/revisions"}],"predecessor-version":[{"id":10828,"href":"https:\/\/teamsters.ca\/fr\/wp-json\/wp\/v2\/posts\/2799\/revisions\/10828"}],"wp:attachment":[{"href":"https:\/\/teamsters.ca\/fr\/wp-json\/wp\/v2\/media?parent=2799"}],"wp:term":[{"taxonomy":"category","embeddable":true,"href":"https:\/\/teamsters.ca\/fr\/wp-json\/wp\/v2\/categories?post=2799"},{"taxonomy":"post_tag","embeddable":true,"href":"https:\/\/teamsters.ca\/fr\/wp-json\/wp\/v2\/tags?post=2799"}],"curies":[{"name":"wp","href":"https:\/\/api.w.org\/{rel}","templated":true}]}}