{"id":2797,"date":"2006-08-25T17:33:37","date_gmt":"2006-08-25T21:33:37","guid":{"rendered":"http:\/\/teamsters.ca\/2006\/08\/funerailles-de-rejean-roy\/"},"modified":"2019-06-27T20:39:56","modified_gmt":"2019-06-27T20:39:56","slug":"funerailles-de-rejean-roy","status":"publish","type":"post","link":"https:\/\/teamsters.ca\/fr\/blog\/2006\/08\/25\/funerailles-de-rejean-roy\/","title":{"rendered":"Fun\u00e9railles de R\u00e9jean Roy"},"content":{"rendered":"<p>R\u00e9jean Roy sera expos\u00e9 de 14h \u00e0 17h et de 19h \u00e0 22h lundi le 28 ao\u00fbt au Salon Darche. Celui-ci est situ\u00e9 au 7679, boulevard Taschereau \u00e0 Brossard. <\/p>\n<p> Le service aura lieu le mardi 29 ao\u00fbt \u00e0 11h en l\u2019\u00c9glise de la Paroisse de la Nativit\u00e9 \u00e0 Laprairie. Elle situ\u00e9e au 155 Chemin St-Jean, Laprairie. Veuillez prendre note que le salon sera ouvert \u00e0 compter de 9h cette m\u00eame journ\u00e9e. <\/p>\n<p> Vous pouvez envoyer des fleurs, mais les dons \u00e0 la <b><a href=\"http:\/\/www2.maisonvictor-gadbois.com\/mvg\/\" target=\"_blank\" rel=\"noopener noreferrer\">Maison Victor-Gadbois<\/a> <\/b>seraient grandement appr\u00e9ci\u00e9s.<\/p>\n","protected":false},"excerpt":{"rendered":"<p>R\u00e9jean Roy sera expos\u00e9 de 14h \u00e0 17h et de 19h \u00e0 22h lundi le 28 ao\u00fbt au Salon Darche. Celui-ci est situ\u00e9 au 7679, boulevard Taschereau \u00e0 Brossard. Le service aura lieu le mardi 29 ao\u00fbt \u00e0 11h en l\u2019\u00c9glise de la Paroisse de la Nativit\u00e9 \u00e0 Laprairie. Elle situ\u00e9e au 155 Chemin St-Jean, [&hellip;]<\/p>\n","protected":false},"author":8,"featured_media":0,"comment_status":"closed","ping_status":"closed","sticky":false,"template":"","format":"standard","meta":{"ngg_post_thumbnail":0,"mc4wp_mailchimp_campaign":[],"footnotes":""},"categories":[1114],"tags":[],"class_list":{"0":"post-2797","1":"post","2":"type-post","3":"status-publish","4":"format-standard","6":"category-nouvelles"},"yoast_head":"<!-- This site is optimized with the Yoast SEO Premium plugin v25.5 (Yoast SEO v25.5) - https:\/\/yoast.com\/wordpress\/plugins\/seo\/ -->\n<title>Fun\u00e9railles de R\u00e9jean Roy | Teamsters Canada<\/title>\n<meta name=\"robots\" content=\"index, follow, max-snippet:-1, max-image-preview:large, max-video-preview:-1\" \/>\n<link rel=\"canonical\" href=\"https:\/\/teamsters.ca\/fr\/blog\/2006\/08\/25\/funerailles-de-rejean-roy\/\" \/>\n<meta property=\"og:locale\" content=\"fr_CA\" \/>\n<meta property=\"og:type\" content=\"article\" \/>\n<meta property=\"og:title\" content=\"Fun\u00e9railles de R\u00e9jean Roy\" \/>\n<meta property=\"og:description\" content=\"R\u00e9jean Roy sera expos\u00e9 de 14h \u00e0 17h et de 19h \u00e0 22h lundi le 28 ao\u00fbt au Salon Darche. Celui-ci est situ\u00e9 au 7679, boulevard Taschereau \u00e0 Brossard. Le service aura lieu le mardi 29 ao\u00fbt \u00e0 11h en l\u2019\u00c9glise de la Paroisse de la Nativit\u00e9 \u00e0 Laprairie. Elle situ\u00e9e au 155 Chemin St-Jean, [&hellip;]\" \/>\n<meta property=\"og:url\" content=\"https:\/\/teamsters.ca\/fr\/blog\/2006\/08\/25\/funerailles-de-rejean-roy\/\" \/>\n<meta property=\"og:site_name\" content=\"Teamsters Canada\" \/>\n<meta property=\"article:publisher\" content=\"https:\/\/www.facebook.com\/Teamsterscanada\/\" \/>\n<meta property=\"article:published_time\" content=\"2006-08-25T21:33:37+00:00\" \/>\n<meta property=\"article:modified_time\" content=\"2019-06-27T20:39:56+00:00\" \/>\n<meta name=\"author\" content=\"St\u00e9phanie Meunier\" \/>\n<meta name=\"twitter:card\" content=\"summary_large_image\" \/>\n<meta name=\"twitter:creator\" content=\"@TeamstersCanada\" \/>\n<meta name=\"twitter:site\" content=\"@TeamstersCanada\" \/>\n<meta name=\"twitter:label1\" content=\"\u00c9crit par\" \/>\n\t<meta name=\"twitter:data1\" content=\"St\u00e9phanie Meunier\" \/>\n<script type=\"application\/ld+json\" class=\"yoast-schema-graph\">{\"@context\":\"https:\/\/schema.org\",\"@graph\":[{\"@type\":\"Article\",\"@id\":\"https:\/\/teamsters.ca\/fr\/blog\/2006\/08\/25\/funerailles-de-rejean-roy\/#article\",\"isPartOf\":{\"@id\":\"https:\/\/teamsters.ca\/fr\/blog\/2006\/08\/25\/funerailles-de-rejean-roy\/\"},\"author\":{\"name\":\"St\u00e9phanie Meunier\",\"@id\":\"https:\/\/teamsters.ca\/fr\/#\/schema\/person\/3e6ffefc39fe2f212400b7d8d0a4a0c1\"},\"headline\":\"Fun\u00e9railles de R\u00e9jean Roy\",\"datePublished\":\"2006-08-25T21:33:37+00:00\",\"dateModified\":\"2019-06-27T20:39:56+00:00\",\"mainEntityOfPage\":{\"@id\":\"https:\/\/teamsters.ca\/fr\/blog\/2006\/08\/25\/funerailles-de-rejean-roy\/\"},\"wordCount\":90,\"publisher\":{\"@id\":\"https:\/\/teamsters.ca\/fr\/#organization\"},\"articleSection\":[\"Nouvelles\"],\"inLanguage\":\"fr-CA\"},{\"@type\":\"WebPage\",\"@id\":\"https:\/\/teamsters.ca\/fr\/blog\/2006\/08\/25\/funerailles-de-rejean-roy\/\",\"url\":\"https:\/\/teamsters.ca\/fr\/blog\/2006\/08\/25\/funerailles-de-rejean-roy\/\",\"name\":\"Fun\u00e9railles de R\u00e9jean Roy | Teamsters Canada\",\"isPartOf\":{\"@id\":\"https:\/\/teamsters.ca\/fr\/#website\"},\"datePublished\":\"2006-08-25T21:33:37+00:00\",\"dateModified\":\"2019-06-27T20:39:56+00:00\",\"breadcrumb\":{\"@id\":\"https:\/\/teamsters.ca\/fr\/blog\/2006\/08\/25\/funerailles-de-rejean-roy\/#breadcrumb\"},\"inLanguage\":\"fr-CA\",\"potentialAction\":[{\"@type\":\"ReadAction\",\"target\":[\"https:\/\/teamsters.ca\/fr\/blog\/2006\/08\/25\/funerailles-de-rejean-roy\/\"]}]},{\"@type\":\"BreadcrumbList\",\"@id\":\"https:\/\/teamsters.ca\/fr\/blog\/2006\/08\/25\/funerailles-de-rejean-roy\/#breadcrumb\",\"itemListElement\":[{\"@type\":\"ListItem\",\"position\":1,\"name\":\"Home\",\"item\":\"https:\/\/teamsters.ca\/fr\/\"},{\"@type\":\"ListItem\",\"position\":2,\"name\":\"Fun\u00e9railles de R\u00e9jean Roy\"}]},{\"@type\":\"WebSite\",\"@id\":\"https:\/\/teamsters.ca\/fr\/#website\",\"url\":\"https:\/\/teamsters.ca\/fr\/\",\"name\":\"Teamsters Canada\",\"description\":\"A Canadian union representing over 125 000 members\",\"publisher\":{\"@id\":\"https:\/\/teamsters.ca\/fr\/#organization\"},\"potentialAction\":[{\"@type\":\"SearchAction\",\"target\":{\"@type\":\"EntryPoint\",\"urlTemplate\":\"https:\/\/teamsters.ca\/fr\/?s={search_term_string}\"},\"query-input\":{\"@type\":\"PropertyValueSpecification\",\"valueRequired\":true,\"valueName\":\"search_term_string\"}}],\"inLanguage\":\"fr-CA\"},{\"@type\":\"Organization\",\"@id\":\"https:\/\/teamsters.ca\/fr\/#organization\",\"name\":\"Teamsters Canada\",\"url\":\"https:\/\/teamsters.ca\/fr\/\",\"logo\":{\"@type\":\"ImageObject\",\"inLanguage\":\"fr-CA\",\"@id\":\"https:\/\/teamsters.ca\/fr\/#\/schema\/logo\/image\/\",\"url\":\"https:\/\/teamsters.ca\/wp-content\/uploads\/2019\/08\/TeamstersCanada.png\",\"contentUrl\":\"https:\/\/teamsters.ca\/wp-content\/uploads\/2019\/08\/TeamstersCanada.png\",\"width\":545,\"height\":181,\"caption\":\"Teamsters Canada\"},\"image\":{\"@id\":\"https:\/\/teamsters.ca\/fr\/#\/schema\/logo\/image\/\"},\"sameAs\":[\"https:\/\/www.facebook.com\/Teamsterscanada\/\",\"https:\/\/x.com\/TeamstersCanada\"]},{\"@type\":\"Person\",\"@id\":\"https:\/\/teamsters.ca\/fr\/#\/schema\/person\/3e6ffefc39fe2f212400b7d8d0a4a0c1\",\"name\":\"St\u00e9phanie Meunier\",\"image\":{\"@type\":\"ImageObject\",\"inLanguage\":\"fr-CA\",\"@id\":\"https:\/\/teamsters.ca\/fr\/#\/schema\/person\/image\/\",\"url\":\"https:\/\/secure.gravatar.com\/avatar\/e4e8404e91ed71cb473fa2708849669810cf083c89825a3d2dd0d47dd6b2be77?s=96&d=mm&r=g\",\"contentUrl\":\"https:\/\/secure.gravatar.com\/avatar\/e4e8404e91ed71cb473fa2708849669810cf083c89825a3d2dd0d47dd6b2be77?s=96&d=mm&r=g\",\"caption\":\"St\u00e9phanie Meunier\"},\"url\":\"https:\/\/teamsters.ca\/fr\/blog\/author\/smeunier\/\"}]}<\/script>\n<!-- \/ Yoast SEO Premium plugin. -->","yoast_head_json":{"title":"Fun\u00e9railles de R\u00e9jean Roy | Teamsters Canada","robots":{"index":"index","follow":"follow","max-snippet":"max-snippet:-1","max-image-preview":"max-image-preview:large","max-video-preview":"max-video-preview:-1"},"canonical":"https:\/\/teamsters.ca\/fr\/blog\/2006\/08\/25\/funerailles-de-rejean-roy\/","og_locale":"fr_CA","og_type":"article","og_title":"Fun\u00e9railles de R\u00e9jean Roy","og_description":"R\u00e9jean Roy sera expos\u00e9 de 14h \u00e0 17h et de 19h \u00e0 22h lundi le 28 ao\u00fbt au Salon Darche. Celui-ci est situ\u00e9 au 7679, boulevard Taschereau \u00e0 Brossard. Le service aura lieu le mardi 29 ao\u00fbt \u00e0 11h en l\u2019\u00c9glise de la Paroisse de la Nativit\u00e9 \u00e0 Laprairie. Elle situ\u00e9e au 155 Chemin St-Jean, [&hellip;]","og_url":"https:\/\/teamsters.ca\/fr\/blog\/2006\/08\/25\/funerailles-de-rejean-roy\/","og_site_name":"Teamsters Canada","article_publisher":"https:\/\/www.facebook.com\/Teamsterscanada\/","article_published_time":"2006-08-25T21:33:37+00:00","article_modified_time":"2019-06-27T20:39:56+00:00","author":"St\u00e9phanie Meunier","twitter_card":"summary_large_image","twitter_creator":"@TeamstersCanada","twitter_site":"@TeamstersCanada","twitter_misc":{"\u00c9crit par":"St\u00e9phanie Meunier"},"schema":{"@context":"https:\/\/schema.org","@graph":[{"@type":"Article","@id":"https:\/\/teamsters.ca\/fr\/blog\/2006\/08\/25\/funerailles-de-rejean-roy\/#article","isPartOf":{"@id":"https:\/\/teamsters.ca\/fr\/blog\/2006\/08\/25\/funerailles-de-rejean-roy\/"},"author":{"name":"St\u00e9phanie Meunier","@id":"https:\/\/teamsters.ca\/fr\/#\/schema\/person\/3e6ffefc39fe2f212400b7d8d0a4a0c1"},"headline":"Fun\u00e9railles de R\u00e9jean Roy","datePublished":"2006-08-25T21:33:37+00:00","dateModified":"2019-06-27T20:39:56+00:00","mainEntityOfPage":{"@id":"https:\/\/teamsters.ca\/fr\/blog\/2006\/08\/25\/funerailles-de-rejean-roy\/"},"wordCount":90,"publisher":{"@id":"https:\/\/teamsters.ca\/fr\/#organization"},"articleSection":["Nouvelles"],"inLanguage":"fr-CA"},{"@type":"WebPage","@id":"https:\/\/teamsters.ca\/fr\/blog\/2006\/08\/25\/funerailles-de-rejean-roy\/","url":"https:\/\/teamsters.ca\/fr\/blog\/2006\/08\/25\/funerailles-de-rejean-roy\/","name":"Fun\u00e9railles de R\u00e9jean Roy | Teamsters Canada","isPartOf":{"@id":"https:\/\/teamsters.ca\/fr\/#website"},"datePublished":"2006-08-25T21:33:37+00:00","dateModified":"2019-06-27T20:39:56+00:00","breadcrumb":{"@id":"https:\/\/teamsters.ca\/fr\/blog\/2006\/08\/25\/funerailles-de-rejean-roy\/#breadcrumb"},"inLanguage":"fr-CA","potentialAction":[{"@type":"ReadAction","target":["https:\/\/teamsters.ca\/fr\/blog\/2006\/08\/25\/funerailles-de-rejean-roy\/"]}]},{"@type":"BreadcrumbList","@id":"https:\/\/teamsters.ca\/fr\/blog\/2006\/08\/25\/funerailles-de-rejean-roy\/#breadcrumb","itemListElement":[{"@type":"ListItem","position":1,"name":"Home","item":"https:\/\/teamsters.ca\/fr\/"},{"@type":"ListItem","position":2,"name":"Fun\u00e9railles de R\u00e9jean Roy"}]},{"@type":"WebSite","@id":"https:\/\/teamsters.ca\/fr\/#website","url":"https:\/\/teamsters.ca\/fr\/","name":"Teamsters Canada","description":"A Canadian union representing over 125 000 members","publisher":{"@id":"https:\/\/teamsters.ca\/fr\/#organization"},"potentialAction":[{"@type":"SearchAction","target":{"@type":"EntryPoint","urlTemplate":"https:\/\/teamsters.ca\/fr\/?s={search_term_string}"},"query-input":{"@type":"PropertyValueSpecification","valueRequired":true,"valueName":"search_term_string"}}],"inLanguage":"fr-CA"},{"@type":"Organization","@id":"https:\/\/teamsters.ca\/fr\/#organization","name":"Teamsters Canada","url":"https:\/\/teamsters.ca\/fr\/","logo":{"@type":"ImageObject","inLanguage":"fr-CA","@id":"https:\/\/teamsters.ca\/fr\/#\/schema\/logo\/image\/","url":"https:\/\/teamsters.ca\/wp-content\/uploads\/2019\/08\/TeamstersCanada.png","contentUrl":"https:\/\/teamsters.ca\/wp-content\/uploads\/2019\/08\/TeamstersCanada.png","width":545,"height":181,"caption":"Teamsters Canada"},"image":{"@id":"https:\/\/teamsters.ca\/fr\/#\/schema\/logo\/image\/"},"sameAs":["https:\/\/www.facebook.com\/Teamsterscanada\/","https:\/\/x.com\/TeamstersCanada"]},{"@type":"Person","@id":"https:\/\/teamsters.ca\/fr\/#\/schema\/person\/3e6ffefc39fe2f212400b7d8d0a4a0c1","name":"St\u00e9phanie Meunier","image":{"@type":"ImageObject","inLanguage":"fr-CA","@id":"https:\/\/teamsters.ca\/fr\/#\/schema\/person\/image\/","url":"https:\/\/secure.gravatar.com\/avatar\/e4e8404e91ed71cb473fa2708849669810cf083c89825a3d2dd0d47dd6b2be77?s=96&d=mm&r=g","contentUrl":"https:\/\/secure.gravatar.com\/avatar\/e4e8404e91ed71cb473fa2708849669810cf083c89825a3d2dd0d47dd6b2be77?s=96&d=mm&r=g","caption":"St\u00e9phanie Meunier"},"url":"https:\/\/teamsters.ca\/fr\/blog\/author\/smeunier\/"}]}},"_links":{"self":[{"href":"https:\/\/teamsters.ca\/fr\/wp-json\/wp\/v2\/posts\/2797","targetHints":{"allow":["GET"]}}],"collection":[{"href":"https:\/\/teamsters.ca\/fr\/wp-json\/wp\/v2\/posts"}],"about":[{"href":"https:\/\/teamsters.ca\/fr\/wp-json\/wp\/v2\/types\/post"}],"author":[{"embeddable":true,"href":"https:\/\/teamsters.ca\/fr\/wp-json\/wp\/v2\/users\/8"}],"replies":[{"embeddable":true,"href":"https:\/\/teamsters.ca\/fr\/wp-json\/wp\/v2\/comments?post=2797"}],"version-history":[{"count":1,"href":"https:\/\/teamsters.ca\/fr\/wp-json\/wp\/v2\/posts\/2797\/revisions"}],"predecessor-version":[{"id":10825,"href":"https:\/\/teamsters.ca\/fr\/wp-json\/wp\/v2\/posts\/2797\/revisions\/10825"}],"wp:attachment":[{"href":"https:\/\/teamsters.ca\/fr\/wp-json\/wp\/v2\/media?parent=2797"}],"wp:term":[{"taxonomy":"category","embeddable":true,"href":"https:\/\/teamsters.ca\/fr\/wp-json\/wp\/v2\/categories?post=2797"},{"taxonomy":"post_tag","embeddable":true,"href":"https:\/\/teamsters.ca\/fr\/wp-json\/wp\/v2\/tags?post=2797"}],"curies":[{"name":"wp","href":"https:\/\/api.w.org\/{rel}","templated":true}]}}