{"id":2795,"date":"2006-09-21T19:20:25","date_gmt":"2006-09-21T23:20:25","guid":{"rendered":"http:\/\/teamsters.ca\/2006\/09\/mise-a-jour-du-21-septembre-2006\/"},"modified":"2019-06-27T20:39:56","modified_gmt":"2019-06-27T20:39:56","slug":"mise-a-jour-du-21-septembre-2006","status":"publish","type":"post","link":"https:\/\/teamsters.ca\/fr\/blog\/2006\/09\/21\/mise-a-jour-du-21-septembre-2006\/","title":{"rendered":"Mise \u00e0 jour du 21 septembre 2006"},"content":{"rendered":"<p>Votre Conseil des agents de bord ainsi que nos agents d&rsquo;affaires ont rencontr\u00e9 l&rsquo;arbitre Michel Picher les 10 et 11 septembre \u00e0 Montr\u00e9al. Un r\u00e9sum\u00e9 de notre proposition vous a \u00e9t\u00e9 post\u00e9 \u00e0 votre domicile pour vous expliquer l&rsquo;approche que nous avons adopt\u00e9e durant les n\u00e9gociations salariales. Si vous n&rsquo;avez pas re\u00e7u ce r\u00e9sum\u00e9, vous pouvez le t\u00e9l\u00e9charger sur notre site Web.  Nous sommes actuellement en attente de sa d\u00e9cision. Une fois qu&rsquo;elle aura \u00e9t\u00e9 rendue, nous la ferons parvenir par la poste \u00e0 tous les agents de bord et elle sera \u00e9galement publi\u00e9e sur le site Web.  De plus, du 25 septembre au 2 octobre, les postes de repr\u00e9sentant(e) de base au Conseil des agents de bord seront affich\u00e9s dans les salles d&rsquo;\u00e9quipage de chaque base. Le mandat de ces postes est d&rsquo;une dur\u00e9e de trois ans.  Au cours de la derni\u00e8re semaine, nous avons \u00e9galement tenu notre r\u00e9union syndicale-patronale \u00e0 Montr\u00e9al. Elle s&rsquo;est av\u00e9r\u00e9e tr\u00e8s productive. Notre bulletin d&rsquo;information suivra prochainement et vous fournira de plus amples d\u00e9tails.  En toute solidarit\u00e9, Anne Dean Pr\u00e9sidente nationale du Conseil des agents de bord<\/p>\n","protected":false},"excerpt":{"rendered":"<p>Votre Conseil des agents de bord ainsi que nos agents d&rsquo;affaires ont rencontr\u00e9 l&rsquo;arbitre Michel Picher les 10 et 11 septembre \u00e0 Montr\u00e9al. Un r\u00e9sum\u00e9 de notre proposition vous a \u00e9t\u00e9 post\u00e9 \u00e0 votre domicile pour vous expliquer l&rsquo;approche que nous avons adopt\u00e9e durant les n\u00e9gociations salariales. Si vous n&rsquo;avez pas re\u00e7u ce r\u00e9sum\u00e9, vous [&hellip;]<\/p>\n","protected":false},"author":8,"featured_media":0,"comment_status":"closed","ping_status":"closed","sticky":false,"template":"","format":"standard","meta":{"ngg_post_thumbnail":0,"mc4wp_mailchimp_campaign":[],"footnotes":""},"categories":[1114],"tags":[],"class_list":{"0":"post-2795","1":"post","2":"type-post","3":"status-publish","4":"format-standard","6":"category-nouvelles"},"yoast_head":"<!-- This site is optimized with the Yoast SEO Premium plugin v25.5 (Yoast SEO v25.5) - https:\/\/yoast.com\/wordpress\/plugins\/seo\/ -->\n<title>Mise \u00e0 jour du 21 septembre 2006 | Teamsters Canada<\/title>\n<meta name=\"robots\" content=\"index, follow, max-snippet:-1, max-image-preview:large, max-video-preview:-1\" \/>\n<link rel=\"canonical\" href=\"https:\/\/teamsters.ca\/fr\/blog\/2006\/09\/21\/mise-a-jour-du-21-septembre-2006\/\" \/>\n<meta property=\"og:locale\" content=\"fr_CA\" \/>\n<meta property=\"og:type\" content=\"article\" \/>\n<meta property=\"og:title\" content=\"Mise \u00e0 jour du 21 septembre 2006\" \/>\n<meta property=\"og:description\" content=\"Votre Conseil des agents de bord ainsi que nos agents d&rsquo;affaires ont rencontr\u00e9 l&rsquo;arbitre Michel Picher les 10 et 11 septembre \u00e0 Montr\u00e9al. Un r\u00e9sum\u00e9 de notre proposition vous a \u00e9t\u00e9 post\u00e9 \u00e0 votre domicile pour vous expliquer l&rsquo;approche que nous avons adopt\u00e9e durant les n\u00e9gociations salariales. Si vous n&rsquo;avez pas re\u00e7u ce r\u00e9sum\u00e9, vous [&hellip;]\" \/>\n<meta property=\"og:url\" content=\"https:\/\/teamsters.ca\/fr\/blog\/2006\/09\/21\/mise-a-jour-du-21-septembre-2006\/\" \/>\n<meta property=\"og:site_name\" content=\"Teamsters Canada\" \/>\n<meta property=\"article:publisher\" content=\"https:\/\/www.facebook.com\/Teamsterscanada\/\" \/>\n<meta property=\"article:published_time\" content=\"2006-09-21T23:20:25+00:00\" \/>\n<meta property=\"article:modified_time\" content=\"2019-06-27T20:39:56+00:00\" \/>\n<meta name=\"author\" content=\"St\u00e9phanie Meunier\" \/>\n<meta name=\"twitter:card\" content=\"summary_large_image\" \/>\n<meta name=\"twitter:creator\" content=\"@TeamstersCanada\" \/>\n<meta name=\"twitter:site\" content=\"@TeamstersCanada\" \/>\n<meta name=\"twitter:label1\" content=\"\u00c9crit par\" \/>\n\t<meta name=\"twitter:data1\" content=\"St\u00e9phanie Meunier\" \/>\n\t<meta name=\"twitter:label2\" content=\"Estimation du temps de lecture\" \/>\n\t<meta name=\"twitter:data2\" content=\"1 minute\" \/>\n<script type=\"application\/ld+json\" class=\"yoast-schema-graph\">{\"@context\":\"https:\/\/schema.org\",\"@graph\":[{\"@type\":\"Article\",\"@id\":\"https:\/\/teamsters.ca\/fr\/blog\/2006\/09\/21\/mise-a-jour-du-21-septembre-2006\/#article\",\"isPartOf\":{\"@id\":\"https:\/\/teamsters.ca\/fr\/blog\/2006\/09\/21\/mise-a-jour-du-21-septembre-2006\/\"},\"author\":{\"name\":\"St\u00e9phanie Meunier\",\"@id\":\"https:\/\/teamsters.ca\/fr\/#\/schema\/person\/3e6ffefc39fe2f212400b7d8d0a4a0c1\"},\"headline\":\"Mise \u00e0 jour du 21 septembre 2006\",\"datePublished\":\"2006-09-21T23:20:25+00:00\",\"dateModified\":\"2019-06-27T20:39:56+00:00\",\"mainEntityOfPage\":{\"@id\":\"https:\/\/teamsters.ca\/fr\/blog\/2006\/09\/21\/mise-a-jour-du-21-septembre-2006\/\"},\"wordCount\":202,\"publisher\":{\"@id\":\"https:\/\/teamsters.ca\/fr\/#organization\"},\"articleSection\":[\"Nouvelles\"],\"inLanguage\":\"fr-CA\"},{\"@type\":\"WebPage\",\"@id\":\"https:\/\/teamsters.ca\/fr\/blog\/2006\/09\/21\/mise-a-jour-du-21-septembre-2006\/\",\"url\":\"https:\/\/teamsters.ca\/fr\/blog\/2006\/09\/21\/mise-a-jour-du-21-septembre-2006\/\",\"name\":\"Mise \u00e0 jour du 21 septembre 2006 | Teamsters Canada\",\"isPartOf\":{\"@id\":\"https:\/\/teamsters.ca\/fr\/#website\"},\"datePublished\":\"2006-09-21T23:20:25+00:00\",\"dateModified\":\"2019-06-27T20:39:56+00:00\",\"breadcrumb\":{\"@id\":\"https:\/\/teamsters.ca\/fr\/blog\/2006\/09\/21\/mise-a-jour-du-21-septembre-2006\/#breadcrumb\"},\"inLanguage\":\"fr-CA\",\"potentialAction\":[{\"@type\":\"ReadAction\",\"target\":[\"https:\/\/teamsters.ca\/fr\/blog\/2006\/09\/21\/mise-a-jour-du-21-septembre-2006\/\"]}]},{\"@type\":\"BreadcrumbList\",\"@id\":\"https:\/\/teamsters.ca\/fr\/blog\/2006\/09\/21\/mise-a-jour-du-21-septembre-2006\/#breadcrumb\",\"itemListElement\":[{\"@type\":\"ListItem\",\"position\":1,\"name\":\"Home\",\"item\":\"https:\/\/teamsters.ca\/fr\/\"},{\"@type\":\"ListItem\",\"position\":2,\"name\":\"Mise \u00e0 jour du 21 septembre 2006\"}]},{\"@type\":\"WebSite\",\"@id\":\"https:\/\/teamsters.ca\/fr\/#website\",\"url\":\"https:\/\/teamsters.ca\/fr\/\",\"name\":\"Teamsters Canada\",\"description\":\"A Canadian union representing over 125 000 members\",\"publisher\":{\"@id\":\"https:\/\/teamsters.ca\/fr\/#organization\"},\"potentialAction\":[{\"@type\":\"SearchAction\",\"target\":{\"@type\":\"EntryPoint\",\"urlTemplate\":\"https:\/\/teamsters.ca\/fr\/?s={search_term_string}\"},\"query-input\":{\"@type\":\"PropertyValueSpecification\",\"valueRequired\":true,\"valueName\":\"search_term_string\"}}],\"inLanguage\":\"fr-CA\"},{\"@type\":\"Organization\",\"@id\":\"https:\/\/teamsters.ca\/fr\/#organization\",\"name\":\"Teamsters Canada\",\"url\":\"https:\/\/teamsters.ca\/fr\/\",\"logo\":{\"@type\":\"ImageObject\",\"inLanguage\":\"fr-CA\",\"@id\":\"https:\/\/teamsters.ca\/fr\/#\/schema\/logo\/image\/\",\"url\":\"https:\/\/teamsters.ca\/wp-content\/uploads\/2019\/08\/TeamstersCanada.png\",\"contentUrl\":\"https:\/\/teamsters.ca\/wp-content\/uploads\/2019\/08\/TeamstersCanada.png\",\"width\":545,\"height\":181,\"caption\":\"Teamsters Canada\"},\"image\":{\"@id\":\"https:\/\/teamsters.ca\/fr\/#\/schema\/logo\/image\/\"},\"sameAs\":[\"https:\/\/www.facebook.com\/Teamsterscanada\/\",\"https:\/\/x.com\/TeamstersCanada\"]},{\"@type\":\"Person\",\"@id\":\"https:\/\/teamsters.ca\/fr\/#\/schema\/person\/3e6ffefc39fe2f212400b7d8d0a4a0c1\",\"name\":\"St\u00e9phanie Meunier\",\"image\":{\"@type\":\"ImageObject\",\"inLanguage\":\"fr-CA\",\"@id\":\"https:\/\/teamsters.ca\/fr\/#\/schema\/person\/image\/\",\"url\":\"https:\/\/secure.gravatar.com\/avatar\/e4e8404e91ed71cb473fa2708849669810cf083c89825a3d2dd0d47dd6b2be77?s=96&d=mm&r=g\",\"contentUrl\":\"https:\/\/secure.gravatar.com\/avatar\/e4e8404e91ed71cb473fa2708849669810cf083c89825a3d2dd0d47dd6b2be77?s=96&d=mm&r=g\",\"caption\":\"St\u00e9phanie Meunier\"},\"url\":\"https:\/\/teamsters.ca\/fr\/blog\/author\/smeunier\/\"}]}<\/script>\n<!-- \/ Yoast SEO Premium plugin. -->","yoast_head_json":{"title":"Mise \u00e0 jour du 21 septembre 2006 | Teamsters Canada","robots":{"index":"index","follow":"follow","max-snippet":"max-snippet:-1","max-image-preview":"max-image-preview:large","max-video-preview":"max-video-preview:-1"},"canonical":"https:\/\/teamsters.ca\/fr\/blog\/2006\/09\/21\/mise-a-jour-du-21-septembre-2006\/","og_locale":"fr_CA","og_type":"article","og_title":"Mise \u00e0 jour du 21 septembre 2006","og_description":"Votre Conseil des agents de bord ainsi que nos agents d&rsquo;affaires ont rencontr\u00e9 l&rsquo;arbitre Michel Picher les 10 et 11 septembre \u00e0 Montr\u00e9al. Un r\u00e9sum\u00e9 de notre proposition vous a \u00e9t\u00e9 post\u00e9 \u00e0 votre domicile pour vous expliquer l&rsquo;approche que nous avons adopt\u00e9e durant les n\u00e9gociations salariales. Si vous n&rsquo;avez pas re\u00e7u ce r\u00e9sum\u00e9, vous [&hellip;]","og_url":"https:\/\/teamsters.ca\/fr\/blog\/2006\/09\/21\/mise-a-jour-du-21-septembre-2006\/","og_site_name":"Teamsters Canada","article_publisher":"https:\/\/www.facebook.com\/Teamsterscanada\/","article_published_time":"2006-09-21T23:20:25+00:00","article_modified_time":"2019-06-27T20:39:56+00:00","author":"St\u00e9phanie Meunier","twitter_card":"summary_large_image","twitter_creator":"@TeamstersCanada","twitter_site":"@TeamstersCanada","twitter_misc":{"\u00c9crit par":"St\u00e9phanie Meunier","Estimation du temps de lecture":"1 minute"},"schema":{"@context":"https:\/\/schema.org","@graph":[{"@type":"Article","@id":"https:\/\/teamsters.ca\/fr\/blog\/2006\/09\/21\/mise-a-jour-du-21-septembre-2006\/#article","isPartOf":{"@id":"https:\/\/teamsters.ca\/fr\/blog\/2006\/09\/21\/mise-a-jour-du-21-septembre-2006\/"},"author":{"name":"St\u00e9phanie Meunier","@id":"https:\/\/teamsters.ca\/fr\/#\/schema\/person\/3e6ffefc39fe2f212400b7d8d0a4a0c1"},"headline":"Mise \u00e0 jour du 21 septembre 2006","datePublished":"2006-09-21T23:20:25+00:00","dateModified":"2019-06-27T20:39:56+00:00","mainEntityOfPage":{"@id":"https:\/\/teamsters.ca\/fr\/blog\/2006\/09\/21\/mise-a-jour-du-21-septembre-2006\/"},"wordCount":202,"publisher":{"@id":"https:\/\/teamsters.ca\/fr\/#organization"},"articleSection":["Nouvelles"],"inLanguage":"fr-CA"},{"@type":"WebPage","@id":"https:\/\/teamsters.ca\/fr\/blog\/2006\/09\/21\/mise-a-jour-du-21-septembre-2006\/","url":"https:\/\/teamsters.ca\/fr\/blog\/2006\/09\/21\/mise-a-jour-du-21-septembre-2006\/","name":"Mise \u00e0 jour du 21 septembre 2006 | Teamsters Canada","isPartOf":{"@id":"https:\/\/teamsters.ca\/fr\/#website"},"datePublished":"2006-09-21T23:20:25+00:00","dateModified":"2019-06-27T20:39:56+00:00","breadcrumb":{"@id":"https:\/\/teamsters.ca\/fr\/blog\/2006\/09\/21\/mise-a-jour-du-21-septembre-2006\/#breadcrumb"},"inLanguage":"fr-CA","potentialAction":[{"@type":"ReadAction","target":["https:\/\/teamsters.ca\/fr\/blog\/2006\/09\/21\/mise-a-jour-du-21-septembre-2006\/"]}]},{"@type":"BreadcrumbList","@id":"https:\/\/teamsters.ca\/fr\/blog\/2006\/09\/21\/mise-a-jour-du-21-septembre-2006\/#breadcrumb","itemListElement":[{"@type":"ListItem","position":1,"name":"Home","item":"https:\/\/teamsters.ca\/fr\/"},{"@type":"ListItem","position":2,"name":"Mise \u00e0 jour du 21 septembre 2006"}]},{"@type":"WebSite","@id":"https:\/\/teamsters.ca\/fr\/#website","url":"https:\/\/teamsters.ca\/fr\/","name":"Teamsters Canada","description":"A Canadian union representing over 125 000 members","publisher":{"@id":"https:\/\/teamsters.ca\/fr\/#organization"},"potentialAction":[{"@type":"SearchAction","target":{"@type":"EntryPoint","urlTemplate":"https:\/\/teamsters.ca\/fr\/?s={search_term_string}"},"query-input":{"@type":"PropertyValueSpecification","valueRequired":true,"valueName":"search_term_string"}}],"inLanguage":"fr-CA"},{"@type":"Organization","@id":"https:\/\/teamsters.ca\/fr\/#organization","name":"Teamsters Canada","url":"https:\/\/teamsters.ca\/fr\/","logo":{"@type":"ImageObject","inLanguage":"fr-CA","@id":"https:\/\/teamsters.ca\/fr\/#\/schema\/logo\/image\/","url":"https:\/\/teamsters.ca\/wp-content\/uploads\/2019\/08\/TeamstersCanada.png","contentUrl":"https:\/\/teamsters.ca\/wp-content\/uploads\/2019\/08\/TeamstersCanada.png","width":545,"height":181,"caption":"Teamsters Canada"},"image":{"@id":"https:\/\/teamsters.ca\/fr\/#\/schema\/logo\/image\/"},"sameAs":["https:\/\/www.facebook.com\/Teamsterscanada\/","https:\/\/x.com\/TeamstersCanada"]},{"@type":"Person","@id":"https:\/\/teamsters.ca\/fr\/#\/schema\/person\/3e6ffefc39fe2f212400b7d8d0a4a0c1","name":"St\u00e9phanie Meunier","image":{"@type":"ImageObject","inLanguage":"fr-CA","@id":"https:\/\/teamsters.ca\/fr\/#\/schema\/person\/image\/","url":"https:\/\/secure.gravatar.com\/avatar\/e4e8404e91ed71cb473fa2708849669810cf083c89825a3d2dd0d47dd6b2be77?s=96&d=mm&r=g","contentUrl":"https:\/\/secure.gravatar.com\/avatar\/e4e8404e91ed71cb473fa2708849669810cf083c89825a3d2dd0d47dd6b2be77?s=96&d=mm&r=g","caption":"St\u00e9phanie Meunier"},"url":"https:\/\/teamsters.ca\/fr\/blog\/author\/smeunier\/"}]}},"_links":{"self":[{"href":"https:\/\/teamsters.ca\/fr\/wp-json\/wp\/v2\/posts\/2795","targetHints":{"allow":["GET"]}}],"collection":[{"href":"https:\/\/teamsters.ca\/fr\/wp-json\/wp\/v2\/posts"}],"about":[{"href":"https:\/\/teamsters.ca\/fr\/wp-json\/wp\/v2\/types\/post"}],"author":[{"embeddable":true,"href":"https:\/\/teamsters.ca\/fr\/wp-json\/wp\/v2\/users\/8"}],"replies":[{"embeddable":true,"href":"https:\/\/teamsters.ca\/fr\/wp-json\/wp\/v2\/comments?post=2795"}],"version-history":[{"count":1,"href":"https:\/\/teamsters.ca\/fr\/wp-json\/wp\/v2\/posts\/2795\/revisions"}],"predecessor-version":[{"id":10821,"href":"https:\/\/teamsters.ca\/fr\/wp-json\/wp\/v2\/posts\/2795\/revisions\/10821"}],"wp:attachment":[{"href":"https:\/\/teamsters.ca\/fr\/wp-json\/wp\/v2\/media?parent=2795"}],"wp:term":[{"taxonomy":"category","embeddable":true,"href":"https:\/\/teamsters.ca\/fr\/wp-json\/wp\/v2\/categories?post=2795"},{"taxonomy":"post_tag","embeddable":true,"href":"https:\/\/teamsters.ca\/fr\/wp-json\/wp\/v2\/tags?post=2795"}],"curies":[{"name":"wp","href":"https:\/\/api.w.org\/{rel}","templated":true}]}}