{"id":2792,"date":"2006-10-23T09:20:55","date_gmt":"2006-10-23T13:20:55","guid":{"rendered":"http:\/\/teamsters.ca\/2006\/10\/journee-daction-pour-les-travailleurs-des-transports-le-9-novembre-2006\/"},"modified":"2019-06-27T20:39:56","modified_gmt":"2019-06-27T20:39:56","slug":"journee-daction-pour-les-travailleurs-des-transports-le-9-novembre-2006","status":"publish","type":"post","link":"https:\/\/teamsters.ca\/fr\/blog\/2006\/10\/23\/journee-daction-pour-les-travailleurs-des-transports-le-9-novembre-2006\/","title":{"rendered":"Journ\u00e9e d\u2019action pour les travailleurs des transports, le 9 novembre 2006"},"content":{"rendered":"<p>Teamsters Canada travaille \u00e9troitement avec le mouvement syndical international afin de renforcer ses succ\u00e8s ici au Canada et d\u2019aider ses confr\u00e8res et cons\u0153urs ailleurs dans le monde \u00e0 b\u00e9n\u00e9ficier de ce dont nous b\u00e9n\u00e9ficions, soit le droit de nous syndiquer et le droit de n\u00e9gocier collectivement en vue d\u2019am\u00e9liorer nos conditions de travail et nos salaires. Nous prendrons part \u00e0 la Journ\u00e9e d\u2019action sur les travailleurs de l&rsquo;industrie des transports du 9 novembre dans le cadre de notre engagement \u00e0 cet \u00e9gard. <\/p>\n<p> La F\u00e9d\u00e9ration internationale des ouvriers du transport de m\u00eame que ses sections de transports par route et d\u2019aviation civile travaillent ensemble en \u00e9troite collaboration depuis quelques ann\u00e9es afin d\u2019\u00e9laborer des cibles de recrutement aupr\u00e8s de transporteurs mondiaux tels que UPS, DHL, TNT et FedEx \u2013 des soci\u00e9t\u00e9s actives dans le tri, le transport ou la distribution de colis express. <\/p>\n<p> Les sections locales recevront sous peu des affiches et des feuillets qu\u2019elles seront appel\u00e9es \u00e0 installer sur les babillards de leur Section locale et des Teamsters dans leur milieu de travail. Cette ann\u00e9e, notre objectif est d\u2019informer les membres sur la FIOT et notre r\u00f4le au sein du mouvement syndical mondial en plus de les sensibiliser \u00e0 l\u2019importance de participer aux actions mondiales qui contribuent \u00e0 l\u2019atteinte de notre objectif, celui de recruter les syndiqu\u00e9s \u00e0 l\u2019\u00e9chelle locale. <\/p>\n<p> Le 9 novembre, Teamsters Canada rencontrera des d\u00e9put\u00e9s f\u00e9d\u00e9raux afin de discuter de la Journ\u00e9e d\u2019action et de faire valoir les obstacles auxquels les travailleurs sont confront\u00e9s lorsqu\u2019ils tentent de recruter d\u2019autres travailleurs dans nombre de pays. Notre message sera le suivant : nous avons lutt\u00e9 contre et stopp\u00e9 les tactiques antisyndicales et la violence dirig\u00e9es contre les travailleuses et travailleurs canadiens au cours de la premi\u00e8re moiti\u00e9 du 20e si\u00e8cle ici au pays, et nous m\u00e8nerons maintenant la m\u00eame lutte pour assurer les m\u00eames droits aux travailleurs partout dans le monde. <\/p>\n<p> <a href=\"http:\/\/www.teamsters.ca\/pdf\/itf\/itf_integ_poster_Fre.pdf\" target=\"_blank\" rel=\"noopener noreferrer\">Poster de la campagne >>><\/a> <\/p>\n<p> <a href=\"http:\/\/www.teamsters.ca\/pdf\/itf\/itf_integ_leaf_Fre.pdf\" target=\"_blank\" rel=\"noopener noreferrer\">Tract de la campagne >>><\/a> <\/p>\n<p> <img decoding=\"async\" src=\"http:\/\/www.teamsters.ca\/images\/logos\/integrator_FRA.gif\"> <\/p>\n<p> <a href=\"http:\/\/www.itfglobal.org\/campaigns\/integrators.cfm\" target=\"_blank\" rel=\"noopener noreferrer\">Site internet de l&rsquo;ITF (anglais)<\/a><\/p>\n","protected":false},"excerpt":{"rendered":"<p>Teamsters Canada travaille \u00e9troitement avec le mouvement syndical international afin de renforcer ses succ\u00e8s ici au Canada et d\u2019aider ses confr\u00e8res et cons\u0153urs ailleurs dans le monde \u00e0 b\u00e9n\u00e9ficier de ce dont nous b\u00e9n\u00e9ficions, soit le droit de nous syndiquer et le droit de n\u00e9gocier collectivement en vue d\u2019am\u00e9liorer nos conditions de travail et nos [&hellip;]<\/p>\n","protected":false},"author":8,"featured_media":0,"comment_status":"closed","ping_status":"closed","sticky":false,"template":"","format":"standard","meta":{"ngg_post_thumbnail":0,"mc4wp_mailchimp_campaign":[],"footnotes":""},"categories":[1114],"tags":[],"class_list":{"0":"post-2792","1":"post","2":"type-post","3":"status-publish","4":"format-standard","6":"category-nouvelles"},"yoast_head":"<!-- This site is optimized with the Yoast SEO Premium plugin v25.5 (Yoast SEO v25.5) - https:\/\/yoast.com\/wordpress\/plugins\/seo\/ -->\n<title>Journ\u00e9e d\u2019action pour les travailleurs des transports, le 9 novembre 2006 | Teamsters Canada<\/title>\n<meta name=\"robots\" content=\"index, follow, max-snippet:-1, max-image-preview:large, max-video-preview:-1\" \/>\n<link rel=\"canonical\" href=\"https:\/\/teamsters.ca\/fr\/blog\/2006\/10\/23\/journee-daction-pour-les-travailleurs-des-transports-le-9-novembre-2006\/\" \/>\n<meta property=\"og:locale\" content=\"fr_CA\" \/>\n<meta property=\"og:type\" content=\"article\" \/>\n<meta property=\"og:title\" content=\"Journ\u00e9e d\u2019action pour les travailleurs des transports, le 9 novembre 2006\" \/>\n<meta property=\"og:description\" content=\"Teamsters Canada travaille \u00e9troitement avec le mouvement syndical international afin de renforcer ses succ\u00e8s ici au Canada et d\u2019aider ses confr\u00e8res et cons\u0153urs ailleurs dans le monde \u00e0 b\u00e9n\u00e9ficier de ce dont nous b\u00e9n\u00e9ficions, soit le droit de nous syndiquer et le droit de n\u00e9gocier collectivement en vue d\u2019am\u00e9liorer nos conditions de travail et nos [&hellip;]\" \/>\n<meta property=\"og:url\" content=\"https:\/\/teamsters.ca\/fr\/blog\/2006\/10\/23\/journee-daction-pour-les-travailleurs-des-transports-le-9-novembre-2006\/\" \/>\n<meta property=\"og:site_name\" content=\"Teamsters Canada\" \/>\n<meta property=\"article:publisher\" content=\"https:\/\/www.facebook.com\/Teamsterscanada\/\" \/>\n<meta property=\"article:published_time\" content=\"2006-10-23T13:20:55+00:00\" \/>\n<meta property=\"article:modified_time\" content=\"2019-06-27T20:39:56+00:00\" \/>\n<meta property=\"og:image\" content=\"http:\/\/www.teamsters.ca\/images\/logos\/integrator_FRA.gif\" \/>\n<meta name=\"author\" content=\"St\u00e9phanie Meunier\" \/>\n<meta name=\"twitter:card\" content=\"summary_large_image\" \/>\n<meta name=\"twitter:creator\" content=\"@TeamstersCanada\" \/>\n<meta name=\"twitter:site\" content=\"@TeamstersCanada\" \/>\n<meta name=\"twitter:label1\" content=\"\u00c9crit par\" \/>\n\t<meta name=\"twitter:data1\" content=\"St\u00e9phanie Meunier\" \/>\n\t<meta name=\"twitter:label2\" content=\"Estimation du temps de lecture\" \/>\n\t<meta name=\"twitter:data2\" content=\"2 minutes\" \/>\n<script type=\"application\/ld+json\" class=\"yoast-schema-graph\">{\"@context\":\"https:\/\/schema.org\",\"@graph\":[{\"@type\":\"Article\",\"@id\":\"https:\/\/teamsters.ca\/fr\/blog\/2006\/10\/23\/journee-daction-pour-les-travailleurs-des-transports-le-9-novembre-2006\/#article\",\"isPartOf\":{\"@id\":\"https:\/\/teamsters.ca\/fr\/blog\/2006\/10\/23\/journee-daction-pour-les-travailleurs-des-transports-le-9-novembre-2006\/\"},\"author\":{\"name\":\"St\u00e9phanie Meunier\",\"@id\":\"https:\/\/teamsters.ca\/fr\/#\/schema\/person\/3e6ffefc39fe2f212400b7d8d0a4a0c1\"},\"headline\":\"Journ\u00e9e d\u2019action pour les travailleurs des transports, le 9 novembre 2006\",\"datePublished\":\"2006-10-23T13:20:55+00:00\",\"dateModified\":\"2019-06-27T20:39:56+00:00\",\"mainEntityOfPage\":{\"@id\":\"https:\/\/teamsters.ca\/fr\/blog\/2006\/10\/23\/journee-daction-pour-les-travailleurs-des-transports-le-9-novembre-2006\/\"},\"wordCount\":370,\"publisher\":{\"@id\":\"https:\/\/teamsters.ca\/fr\/#organization\"},\"image\":{\"@id\":\"https:\/\/teamsters.ca\/fr\/blog\/2006\/10\/23\/journee-daction-pour-les-travailleurs-des-transports-le-9-novembre-2006\/#primaryimage\"},\"thumbnailUrl\":\"http:\/\/www.teamsters.ca\/images\/logos\/integrator_FRA.gif\",\"articleSection\":[\"Nouvelles\"],\"inLanguage\":\"fr-CA\"},{\"@type\":\"WebPage\",\"@id\":\"https:\/\/teamsters.ca\/fr\/blog\/2006\/10\/23\/journee-daction-pour-les-travailleurs-des-transports-le-9-novembre-2006\/\",\"url\":\"https:\/\/teamsters.ca\/fr\/blog\/2006\/10\/23\/journee-daction-pour-les-travailleurs-des-transports-le-9-novembre-2006\/\",\"name\":\"Journ\u00e9e d\u2019action pour les travailleurs des transports, le 9 novembre 2006 | Teamsters Canada\",\"isPartOf\":{\"@id\":\"https:\/\/teamsters.ca\/fr\/#website\"},\"primaryImageOfPage\":{\"@id\":\"https:\/\/teamsters.ca\/fr\/blog\/2006\/10\/23\/journee-daction-pour-les-travailleurs-des-transports-le-9-novembre-2006\/#primaryimage\"},\"image\":{\"@id\":\"https:\/\/teamsters.ca\/fr\/blog\/2006\/10\/23\/journee-daction-pour-les-travailleurs-des-transports-le-9-novembre-2006\/#primaryimage\"},\"thumbnailUrl\":\"http:\/\/www.teamsters.ca\/images\/logos\/integrator_FRA.gif\",\"datePublished\":\"2006-10-23T13:20:55+00:00\",\"dateModified\":\"2019-06-27T20:39:56+00:00\",\"breadcrumb\":{\"@id\":\"https:\/\/teamsters.ca\/fr\/blog\/2006\/10\/23\/journee-daction-pour-les-travailleurs-des-transports-le-9-novembre-2006\/#breadcrumb\"},\"inLanguage\":\"fr-CA\",\"potentialAction\":[{\"@type\":\"ReadAction\",\"target\":[\"https:\/\/teamsters.ca\/fr\/blog\/2006\/10\/23\/journee-daction-pour-les-travailleurs-des-transports-le-9-novembre-2006\/\"]}]},{\"@type\":\"ImageObject\",\"inLanguage\":\"fr-CA\",\"@id\":\"https:\/\/teamsters.ca\/fr\/blog\/2006\/10\/23\/journee-daction-pour-les-travailleurs-des-transports-le-9-novembre-2006\/#primaryimage\",\"url\":\"http:\/\/www.teamsters.ca\/images\/logos\/integrator_FRA.gif\",\"contentUrl\":\"http:\/\/www.teamsters.ca\/images\/logos\/integrator_FRA.gif\"},{\"@type\":\"BreadcrumbList\",\"@id\":\"https:\/\/teamsters.ca\/fr\/blog\/2006\/10\/23\/journee-daction-pour-les-travailleurs-des-transports-le-9-novembre-2006\/#breadcrumb\",\"itemListElement\":[{\"@type\":\"ListItem\",\"position\":1,\"name\":\"Home\",\"item\":\"https:\/\/teamsters.ca\/fr\/\"},{\"@type\":\"ListItem\",\"position\":2,\"name\":\"Journ\u00e9e d\u2019action pour les travailleurs des transports, le 9 novembre 2006\"}]},{\"@type\":\"WebSite\",\"@id\":\"https:\/\/teamsters.ca\/fr\/#website\",\"url\":\"https:\/\/teamsters.ca\/fr\/\",\"name\":\"Teamsters Canada\",\"description\":\"A Canadian union representing over 125 000 members\",\"publisher\":{\"@id\":\"https:\/\/teamsters.ca\/fr\/#organization\"},\"potentialAction\":[{\"@type\":\"SearchAction\",\"target\":{\"@type\":\"EntryPoint\",\"urlTemplate\":\"https:\/\/teamsters.ca\/fr\/?s={search_term_string}\"},\"query-input\":{\"@type\":\"PropertyValueSpecification\",\"valueRequired\":true,\"valueName\":\"search_term_string\"}}],\"inLanguage\":\"fr-CA\"},{\"@type\":\"Organization\",\"@id\":\"https:\/\/teamsters.ca\/fr\/#organization\",\"name\":\"Teamsters Canada\",\"url\":\"https:\/\/teamsters.ca\/fr\/\",\"logo\":{\"@type\":\"ImageObject\",\"inLanguage\":\"fr-CA\",\"@id\":\"https:\/\/teamsters.ca\/fr\/#\/schema\/logo\/image\/\",\"url\":\"https:\/\/teamsters.ca\/wp-content\/uploads\/2019\/08\/TeamstersCanada.png\",\"contentUrl\":\"https:\/\/teamsters.ca\/wp-content\/uploads\/2019\/08\/TeamstersCanada.png\",\"width\":545,\"height\":181,\"caption\":\"Teamsters Canada\"},\"image\":{\"@id\":\"https:\/\/teamsters.ca\/fr\/#\/schema\/logo\/image\/\"},\"sameAs\":[\"https:\/\/www.facebook.com\/Teamsterscanada\/\",\"https:\/\/x.com\/TeamstersCanada\"]},{\"@type\":\"Person\",\"@id\":\"https:\/\/teamsters.ca\/fr\/#\/schema\/person\/3e6ffefc39fe2f212400b7d8d0a4a0c1\",\"name\":\"St\u00e9phanie Meunier\",\"image\":{\"@type\":\"ImageObject\",\"inLanguage\":\"fr-CA\",\"@id\":\"https:\/\/teamsters.ca\/fr\/#\/schema\/person\/image\/\",\"url\":\"https:\/\/secure.gravatar.com\/avatar\/e4e8404e91ed71cb473fa2708849669810cf083c89825a3d2dd0d47dd6b2be77?s=96&d=mm&r=g\",\"contentUrl\":\"https:\/\/secure.gravatar.com\/avatar\/e4e8404e91ed71cb473fa2708849669810cf083c89825a3d2dd0d47dd6b2be77?s=96&d=mm&r=g\",\"caption\":\"St\u00e9phanie Meunier\"},\"url\":\"https:\/\/teamsters.ca\/fr\/blog\/author\/smeunier\/\"}]}<\/script>\n<!-- \/ Yoast SEO Premium plugin. -->","yoast_head_json":{"title":"Journ\u00e9e d\u2019action pour les travailleurs des transports, le 9 novembre 2006 | Teamsters Canada","robots":{"index":"index","follow":"follow","max-snippet":"max-snippet:-1","max-image-preview":"max-image-preview:large","max-video-preview":"max-video-preview:-1"},"canonical":"https:\/\/teamsters.ca\/fr\/blog\/2006\/10\/23\/journee-daction-pour-les-travailleurs-des-transports-le-9-novembre-2006\/","og_locale":"fr_CA","og_type":"article","og_title":"Journ\u00e9e d\u2019action pour les travailleurs des transports, le 9 novembre 2006","og_description":"Teamsters Canada travaille \u00e9troitement avec le mouvement syndical international afin de renforcer ses succ\u00e8s ici au Canada et d\u2019aider ses confr\u00e8res et cons\u0153urs ailleurs dans le monde \u00e0 b\u00e9n\u00e9ficier de ce dont nous b\u00e9n\u00e9ficions, soit le droit de nous syndiquer et le droit de n\u00e9gocier collectivement en vue d\u2019am\u00e9liorer nos conditions de travail et nos [&hellip;]","og_url":"https:\/\/teamsters.ca\/fr\/blog\/2006\/10\/23\/journee-daction-pour-les-travailleurs-des-transports-le-9-novembre-2006\/","og_site_name":"Teamsters Canada","article_publisher":"https:\/\/www.facebook.com\/Teamsterscanada\/","article_published_time":"2006-10-23T13:20:55+00:00","article_modified_time":"2019-06-27T20:39:56+00:00","og_image":[{"url":"http:\/\/www.teamsters.ca\/images\/logos\/integrator_FRA.gif","type":"","width":"","height":""}],"author":"St\u00e9phanie Meunier","twitter_card":"summary_large_image","twitter_creator":"@TeamstersCanada","twitter_site":"@TeamstersCanada","twitter_misc":{"\u00c9crit par":"St\u00e9phanie Meunier","Estimation du temps de lecture":"2 minutes"},"schema":{"@context":"https:\/\/schema.org","@graph":[{"@type":"Article","@id":"https:\/\/teamsters.ca\/fr\/blog\/2006\/10\/23\/journee-daction-pour-les-travailleurs-des-transports-le-9-novembre-2006\/#article","isPartOf":{"@id":"https:\/\/teamsters.ca\/fr\/blog\/2006\/10\/23\/journee-daction-pour-les-travailleurs-des-transports-le-9-novembre-2006\/"},"author":{"name":"St\u00e9phanie Meunier","@id":"https:\/\/teamsters.ca\/fr\/#\/schema\/person\/3e6ffefc39fe2f212400b7d8d0a4a0c1"},"headline":"Journ\u00e9e d\u2019action pour les travailleurs des transports, le 9 novembre 2006","datePublished":"2006-10-23T13:20:55+00:00","dateModified":"2019-06-27T20:39:56+00:00","mainEntityOfPage":{"@id":"https:\/\/teamsters.ca\/fr\/blog\/2006\/10\/23\/journee-daction-pour-les-travailleurs-des-transports-le-9-novembre-2006\/"},"wordCount":370,"publisher":{"@id":"https:\/\/teamsters.ca\/fr\/#organization"},"image":{"@id":"https:\/\/teamsters.ca\/fr\/blog\/2006\/10\/23\/journee-daction-pour-les-travailleurs-des-transports-le-9-novembre-2006\/#primaryimage"},"thumbnailUrl":"http:\/\/www.teamsters.ca\/images\/logos\/integrator_FRA.gif","articleSection":["Nouvelles"],"inLanguage":"fr-CA"},{"@type":"WebPage","@id":"https:\/\/teamsters.ca\/fr\/blog\/2006\/10\/23\/journee-daction-pour-les-travailleurs-des-transports-le-9-novembre-2006\/","url":"https:\/\/teamsters.ca\/fr\/blog\/2006\/10\/23\/journee-daction-pour-les-travailleurs-des-transports-le-9-novembre-2006\/","name":"Journ\u00e9e d\u2019action pour les travailleurs des transports, le 9 novembre 2006 | Teamsters Canada","isPartOf":{"@id":"https:\/\/teamsters.ca\/fr\/#website"},"primaryImageOfPage":{"@id":"https:\/\/teamsters.ca\/fr\/blog\/2006\/10\/23\/journee-daction-pour-les-travailleurs-des-transports-le-9-novembre-2006\/#primaryimage"},"image":{"@id":"https:\/\/teamsters.ca\/fr\/blog\/2006\/10\/23\/journee-daction-pour-les-travailleurs-des-transports-le-9-novembre-2006\/#primaryimage"},"thumbnailUrl":"http:\/\/www.teamsters.ca\/images\/logos\/integrator_FRA.gif","datePublished":"2006-10-23T13:20:55+00:00","dateModified":"2019-06-27T20:39:56+00:00","breadcrumb":{"@id":"https:\/\/teamsters.ca\/fr\/blog\/2006\/10\/23\/journee-daction-pour-les-travailleurs-des-transports-le-9-novembre-2006\/#breadcrumb"},"inLanguage":"fr-CA","potentialAction":[{"@type":"ReadAction","target":["https:\/\/teamsters.ca\/fr\/blog\/2006\/10\/23\/journee-daction-pour-les-travailleurs-des-transports-le-9-novembre-2006\/"]}]},{"@type":"ImageObject","inLanguage":"fr-CA","@id":"https:\/\/teamsters.ca\/fr\/blog\/2006\/10\/23\/journee-daction-pour-les-travailleurs-des-transports-le-9-novembre-2006\/#primaryimage","url":"http:\/\/www.teamsters.ca\/images\/logos\/integrator_FRA.gif","contentUrl":"http:\/\/www.teamsters.ca\/images\/logos\/integrator_FRA.gif"},{"@type":"BreadcrumbList","@id":"https:\/\/teamsters.ca\/fr\/blog\/2006\/10\/23\/journee-daction-pour-les-travailleurs-des-transports-le-9-novembre-2006\/#breadcrumb","itemListElement":[{"@type":"ListItem","position":1,"name":"Home","item":"https:\/\/teamsters.ca\/fr\/"},{"@type":"ListItem","position":2,"name":"Journ\u00e9e d\u2019action pour les travailleurs des transports, le 9 novembre 2006"}]},{"@type":"WebSite","@id":"https:\/\/teamsters.ca\/fr\/#website","url":"https:\/\/teamsters.ca\/fr\/","name":"Teamsters Canada","description":"A Canadian union representing over 125 000 members","publisher":{"@id":"https:\/\/teamsters.ca\/fr\/#organization"},"potentialAction":[{"@type":"SearchAction","target":{"@type":"EntryPoint","urlTemplate":"https:\/\/teamsters.ca\/fr\/?s={search_term_string}"},"query-input":{"@type":"PropertyValueSpecification","valueRequired":true,"valueName":"search_term_string"}}],"inLanguage":"fr-CA"},{"@type":"Organization","@id":"https:\/\/teamsters.ca\/fr\/#organization","name":"Teamsters Canada","url":"https:\/\/teamsters.ca\/fr\/","logo":{"@type":"ImageObject","inLanguage":"fr-CA","@id":"https:\/\/teamsters.ca\/fr\/#\/schema\/logo\/image\/","url":"https:\/\/teamsters.ca\/wp-content\/uploads\/2019\/08\/TeamstersCanada.png","contentUrl":"https:\/\/teamsters.ca\/wp-content\/uploads\/2019\/08\/TeamstersCanada.png","width":545,"height":181,"caption":"Teamsters Canada"},"image":{"@id":"https:\/\/teamsters.ca\/fr\/#\/schema\/logo\/image\/"},"sameAs":["https:\/\/www.facebook.com\/Teamsterscanada\/","https:\/\/x.com\/TeamstersCanada"]},{"@type":"Person","@id":"https:\/\/teamsters.ca\/fr\/#\/schema\/person\/3e6ffefc39fe2f212400b7d8d0a4a0c1","name":"St\u00e9phanie Meunier","image":{"@type":"ImageObject","inLanguage":"fr-CA","@id":"https:\/\/teamsters.ca\/fr\/#\/schema\/person\/image\/","url":"https:\/\/secure.gravatar.com\/avatar\/e4e8404e91ed71cb473fa2708849669810cf083c89825a3d2dd0d47dd6b2be77?s=96&d=mm&r=g","contentUrl":"https:\/\/secure.gravatar.com\/avatar\/e4e8404e91ed71cb473fa2708849669810cf083c89825a3d2dd0d47dd6b2be77?s=96&d=mm&r=g","caption":"St\u00e9phanie Meunier"},"url":"https:\/\/teamsters.ca\/fr\/blog\/author\/smeunier\/"}]}},"_links":{"self":[{"href":"https:\/\/teamsters.ca\/fr\/wp-json\/wp\/v2\/posts\/2792","targetHints":{"allow":["GET"]}}],"collection":[{"href":"https:\/\/teamsters.ca\/fr\/wp-json\/wp\/v2\/posts"}],"about":[{"href":"https:\/\/teamsters.ca\/fr\/wp-json\/wp\/v2\/types\/post"}],"author":[{"embeddable":true,"href":"https:\/\/teamsters.ca\/fr\/wp-json\/wp\/v2\/users\/8"}],"replies":[{"embeddable":true,"href":"https:\/\/teamsters.ca\/fr\/wp-json\/wp\/v2\/comments?post=2792"}],"version-history":[{"count":1,"href":"https:\/\/teamsters.ca\/fr\/wp-json\/wp\/v2\/posts\/2792\/revisions"}],"predecessor-version":[{"id":10815,"href":"https:\/\/teamsters.ca\/fr\/wp-json\/wp\/v2\/posts\/2792\/revisions\/10815"}],"wp:attachment":[{"href":"https:\/\/teamsters.ca\/fr\/wp-json\/wp\/v2\/media?parent=2792"}],"wp:term":[{"taxonomy":"category","embeddable":true,"href":"https:\/\/teamsters.ca\/fr\/wp-json\/wp\/v2\/categories?post=2792"},{"taxonomy":"post_tag","embeddable":true,"href":"https:\/\/teamsters.ca\/fr\/wp-json\/wp\/v2\/tags?post=2792"}],"curies":[{"name":"wp","href":"https:\/\/api.w.org\/{rel}","templated":true}]}}